{"id":61097,"date":"2023-03-28T17:10:43","date_gmt":"2023-03-28T15:10:43","guid":{"rendered":"https:\/\/blog.brand-architecture.at\/2023\/03\/28\/greve-de-levg-linfrastructure-ne-doit-pas-etre-un-enjeu-pour-les-acteurs\/"},"modified":"2023-03-28T17:10:43","modified_gmt":"2023-03-28T15:10:43","slug":"greve-de-levg-linfrastructure-ne-doit-pas-etre-un-enjeu-pour-les-acteurs","status":"publish","type":"post","link":"https:\/\/loginfo24.com\/fr\/2023\/03\/28\/greve-de-levg-linfrastructure-ne-doit-pas-etre-un-enjeu-pour-les-acteurs\/","title":{"rendered":"Gr\u00e8ve de l&rsquo;EVG : l&rsquo;infrastructure ne doit pas \u00eatre un enjeu pour les acteurs"},"content":{"rendered":"<h5><strong>Lors de la derni\u00e8re journ\u00e9e de gr\u00e8ve, des entreprises ferroviaires non impliqu\u00e9es sont touch\u00e9es, bien qu&rsquo;elles n&rsquo;aient rien \u00e0 voir avec le conflit tarifaire entre l&rsquo;EVG et la Deutsche Bahn. Il est urgent que ces entreprises soient prot\u00e9g\u00e9es.<\/strong><\/h5>\n<p> (Berlin) Le transport ferroviaire de marchandises est \u00e9galement \u00e0 l&rsquo;arr\u00eat ce lundi en Allemagne. Ludolf Kerkeling, pr\u00e9sident des G\u00dcTERBAHNEN, a d\u00e9clar\u00e9 \u00e0 Berlin : \u00ab Cela n&rsquo;aurait pas \u00e9t\u00e9 n\u00e9cessaire et cela doit avoir des cons\u00e9quences sur la conception de la soci\u00e9t\u00e9 d&rsquo;infrastructure ferroviaire orient\u00e9e vers l&rsquo;int\u00e9r\u00eat g\u00e9n\u00e9ral. \u00bb Kerkeling a soulign\u00e9 que le syndicat EVG est principalement en n\u00e9gociations tarifaires controvers\u00e9es avec DB Cargo AG ou le groupe DB. Cela ne concerne en aucun cas l&rsquo;ensemble du march\u00e9 du transport ferroviaire de marchandises. Environ 60 % du transport ferroviaire de marchandises habituel concerne des entreprises non impliqu\u00e9es. Kerkeling : \u00ab La DB semble manifestement incapable de g\u00e9rer une infrastructure critique de mani\u00e8re s\u00e9rieuse. Alors que, par exemple, la soci\u00e9t\u00e9 des autoroutes GmbH fait valoir en justice la poursuite de l&rsquo;exploitation du tunnel Elbe de Hambourg dans le cadre de l&rsquo;A7, la DB Netz a annonc\u00e9 par anticipation vendredi qu&rsquo;elle ne prendrait m\u00eame plus de demandes de planification pour aujourd&rsquo;hui. Le cas normal \u2013 m\u00eame dans des secteurs qui ne g\u00e8rent pas d&rsquo;infrastructure critique \u2013 est un plan d&rsquo;urgence. Pour cela, la DB pourrait par exemple faire appel \u00e0 des fonctionnaires. \u00bb L&rsquo;EVG a \u00e9galement appel\u00e9 ses membres dans les centres d&rsquo;exploitation ainsi que dans les postes d&rsquo;aiguillage du r\u00e9seau ferroviaire d&rsquo;\u00c9tat \u00e0 faire gr\u00e8ve. Certaines entreprises de transport ont suspendu leur activit\u00e9 par pr\u00e9caution. Du point de vue des G\u00dcTERBAHNEN, cela ne constitue cependant en aucun cas un blanc-seing pour le comportement de la DB : elle contribue par sa passivit\u00e9 \u00e0 la mise hors service de fait des trafics non-DB. Kerkeling trouverait \u00ab int\u00e9ressant de voir si la DB Netz suspendrait \u00e9galement compl\u00e8tement ses op\u00e9rations en cas de gr\u00e8ve des concurrents \u2013 donc aussi pour DB Cargo. \u00bb<br \/>Photo : \u00a9 Die G\u00fcterbahnen<\/p>\n","protected":false},"excerpt":{"rendered":"<p>Lors de la derni\u00e8re journ\u00e9e de gr\u00e8ve, des entreprises ferroviaires non impliqu\u00e9es sont touch\u00e9es, bien qu&rsquo;elles n&rsquo;aient rien \u00e0 voir avec le conflit tarifaire entre l&rsquo;EVG<span class=\"excerpt-hellip\"> [\u2026]<\/span><\/p>\n","protected":false},"author":0,"featured_media":8299,"comment_status":"open","ping_status":"open","sticky":false,"template":"","format":"standard","meta":{"_acf_changed":false,"footnotes":""},"categories":[1557,1561],"tags":[],"class_list":["post-61097","post","type-post","status-publish","format-standard","has-post-thumbnail","hentry","category-forwarding-logistics","category-regions"],"acf":[],"yoast_head":"<!-- This site is optimized with the Yoast SEO plugin v27.3 - https:\/\/yoast.com\/product\/yoast-seo-wordpress\/ -->\n<title>Gr\u00e8ve de l&#039;EVG : l&#039;infrastructure ne doit pas \u00eatre un enjeu pour les acteurs - Loginfo24.<\/title>\n<meta name=\"robots\" content=\"index, follow, max-snippet:-1, max-image-preview:large, max-video-preview:-1\" \/>\n<link rel=\"canonical\" href=\"https:\/\/loginfo24.com\/fr\/2023\/03\/28\/greve-de-levg-linfrastructure-ne-doit-pas-etre-un-enjeu-pour-les-acteurs\/\" \/>\n<meta property=\"og:locale\" content=\"fr_FR\" \/>\n<meta property=\"og:type\" content=\"article\" \/>\n<meta property=\"og:title\" content=\"Gr\u00e8ve de l&#039;EVG : l&#039;infrastructure ne doit pas \u00eatre un enjeu pour les acteurs - Loginfo24.\" \/>\n<meta property=\"og:description\" content=\"Lors de la derni\u00e8re journ\u00e9e de gr\u00e8ve, des entreprises ferroviaires non impliqu\u00e9es sont touch\u00e9es, bien qu&rsquo;elles n&rsquo;aient rien \u00e0 voir avec le conflit tarifaire entre l&rsquo;EVG [\u2026]\" \/>\n<meta property=\"og:url\" content=\"https:\/\/loginfo24.com\/fr\/2023\/03\/28\/greve-de-levg-linfrastructure-ne-doit-pas-etre-un-enjeu-pour-les-acteurs\/\" \/>\n<meta property=\"og:site_name\" content=\"Loginfo24\" \/>\n<meta property=\"article:publisher\" content=\"https:\/\/www.facebook.com\/people\/Loginfo24\/100057360583332\/\" \/>\n<meta property=\"article:published_time\" content=\"2023-03-28T15:10:43+00:00\" \/>\n<meta property=\"og:image\" content=\"https:\/\/loginfo24.com\/wp-content\/uploads\/sites\/7\/2025\/12\/Die_Gueterbahnen_28.03.2023.jpg\" \/>\n\t<meta property=\"og:image:width\" content=\"1239\" \/>\n\t<meta property=\"og:image:height\" content=\"760\" \/>\n\t<meta property=\"og:image:type\" content=\"image\/jpeg\" \/>\n<meta name=\"twitter:card\" content=\"summary_large_image\" \/>\n<meta name=\"twitter:label1\" content=\"Dur\u00e9e de lecture estim\u00e9e\" \/>\n\t<meta name=\"twitter:data1\" content=\"2 minutes\" \/>\n<script type=\"application\/ld+json\" class=\"yoast-schema-graph\">{\"@context\":\"https:\\\/\\\/schema.org\",\"@graph\":[{\"@type\":\"Article\",\"@id\":\"https:\\\/\\\/loginfo24.com\\\/fr\\\/2023\\\/03\\\/28\\\/greve-de-levg-linfrastructure-ne-doit-pas-etre-un-enjeu-pour-les-acteurs\\\/#article\",\"isPartOf\":{\"@id\":\"https:\\\/\\\/loginfo24.com\\\/fr\\\/2023\\\/03\\\/28\\\/greve-de-levg-linfrastructure-ne-doit-pas-etre-un-enjeu-pour-les-acteurs\\\/\"},\"author\":{\"name\":\"\",\"@id\":\"\"},\"headline\":\"Gr\u00e8ve de l&rsquo;EVG : l&rsquo;infrastructure ne doit pas \u00eatre un enjeu pour les acteurs\",\"datePublished\":\"2023-03-28T15:10:43+00:00\",\"mainEntityOfPage\":{\"@id\":\"https:\\\/\\\/loginfo24.com\\\/fr\\\/2023\\\/03\\\/28\\\/greve-de-levg-linfrastructure-ne-doit-pas-etre-un-enjeu-pour-les-acteurs\\\/\"},\"wordCount\":383,\"commentCount\":0,\"publisher\":{\"@id\":\"https:\\\/\\\/loginfo24.com\\\/fr\\\/#organization\"},\"image\":{\"@id\":\"https:\\\/\\\/loginfo24.com\\\/fr\\\/2023\\\/03\\\/28\\\/greve-de-levg-linfrastructure-ne-doit-pas-etre-un-enjeu-pour-les-acteurs\\\/#primaryimage\"},\"thumbnailUrl\":\"https:\\\/\\\/loginfo24.com\\\/wp-content\\\/uploads\\\/sites\\\/7\\\/2025\\\/12\\\/Die_Gueterbahnen_28.03.2023.jpg\",\"articleSection\":[\"Forwarding &amp; Logistics\",\"Regions\"],\"inLanguage\":\"fr-FR\",\"potentialAction\":[{\"@type\":\"CommentAction\",\"name\":\"Comment\",\"target\":[\"https:\\\/\\\/loginfo24.com\\\/fr\\\/2023\\\/03\\\/28\\\/greve-de-levg-linfrastructure-ne-doit-pas-etre-un-enjeu-pour-les-acteurs\\\/#respond\"]}]},{\"@type\":\"WebPage\",\"@id\":\"https:\\\/\\\/loginfo24.com\\\/fr\\\/2023\\\/03\\\/28\\\/greve-de-levg-linfrastructure-ne-doit-pas-etre-un-enjeu-pour-les-acteurs\\\/\",\"url\":\"https:\\\/\\\/loginfo24.com\\\/fr\\\/2023\\\/03\\\/28\\\/greve-de-levg-linfrastructure-ne-doit-pas-etre-un-enjeu-pour-les-acteurs\\\/\",\"name\":\"Gr\u00e8ve de l'EVG : l'infrastructure ne doit pas \u00eatre un enjeu pour les acteurs - Loginfo24.\",\"isPartOf\":{\"@id\":\"https:\\\/\\\/loginfo24.com\\\/fr\\\/#website\"},\"primaryImageOfPage\":{\"@id\":\"https:\\\/\\\/loginfo24.com\\\/fr\\\/2023\\\/03\\\/28\\\/greve-de-levg-linfrastructure-ne-doit-pas-etre-un-enjeu-pour-les-acteurs\\\/#primaryimage\"},\"image\":{\"@id\":\"https:\\\/\\\/loginfo24.com\\\/fr\\\/2023\\\/03\\\/28\\\/greve-de-levg-linfrastructure-ne-doit-pas-etre-un-enjeu-pour-les-acteurs\\\/#primaryimage\"},\"thumbnailUrl\":\"https:\\\/\\\/loginfo24.com\\\/wp-content\\\/uploads\\\/sites\\\/7\\\/2025\\\/12\\\/Die_Gueterbahnen_28.03.2023.jpg\",\"datePublished\":\"2023-03-28T15:10:43+00:00\",\"breadcrumb\":{\"@id\":\"https:\\\/\\\/loginfo24.com\\\/fr\\\/2023\\\/03\\\/28\\\/greve-de-levg-linfrastructure-ne-doit-pas-etre-un-enjeu-pour-les-acteurs\\\/#breadcrumb\"},\"inLanguage\":\"fr-FR\",\"potentialAction\":[{\"@type\":\"ReadAction\",\"target\":[\"https:\\\/\\\/loginfo24.com\\\/fr\\\/2023\\\/03\\\/28\\\/greve-de-levg-linfrastructure-ne-doit-pas-etre-un-enjeu-pour-les-acteurs\\\/\"]}]},{\"@type\":\"ImageObject\",\"inLanguage\":\"fr-FR\",\"@id\":\"https:\\\/\\\/loginfo24.com\\\/fr\\\/2023\\\/03\\\/28\\\/greve-de-levg-linfrastructure-ne-doit-pas-etre-un-enjeu-pour-les-acteurs\\\/#primaryimage\",\"url\":\"https:\\\/\\\/loginfo24.com\\\/wp-content\\\/uploads\\\/sites\\\/7\\\/2025\\\/12\\\/Die_Gueterbahnen_28.03.2023.jpg\",\"contentUrl\":\"https:\\\/\\\/loginfo24.com\\\/wp-content\\\/uploads\\\/sites\\\/7\\\/2025\\\/12\\\/Die_Gueterbahnen_28.03.2023.jpg\",\"width\":1239,\"height\":760},{\"@type\":\"BreadcrumbList\",\"@id\":\"https:\\\/\\\/loginfo24.com\\\/fr\\\/2023\\\/03\\\/28\\\/greve-de-levg-linfrastructure-ne-doit-pas-etre-un-enjeu-pour-les-acteurs\\\/#breadcrumb\",\"itemListElement\":[{\"@type\":\"ListItem\",\"position\":1,\"name\":\"Startseite\",\"item\":\"https:\\\/\\\/loginfo24.com\\\/fr\\\/\"},{\"@type\":\"ListItem\",\"position\":2,\"name\":\"Gr\u00e8ve de l&rsquo;EVG : l&rsquo;infrastructure ne doit pas \u00eatre un enjeu pour les acteurs\"}]},{\"@type\":\"WebSite\",\"@id\":\"https:\\\/\\\/loginfo24.com\\\/fr\\\/#website\",\"url\":\"https:\\\/\\\/loginfo24.com\\\/fr\\\/\",\"name\":\"Loginfo24\",\"description\":\"Loginfo24 est la plateforme d\u00e9di\u00e9e \u00e0 la logistique et aux cha\u00eenes d&#039;approvisionnement qui fournit des informations 24 heures sur 24.\",\"publisher\":{\"@id\":\"https:\\\/\\\/loginfo24.com\\\/fr\\\/#organization\"},\"potentialAction\":[{\"@type\":\"SearchAction\",\"target\":{\"@type\":\"EntryPoint\",\"urlTemplate\":\"https:\\\/\\\/loginfo24.com\\\/fr\\\/?s={search_term_string}\"},\"query-input\":{\"@type\":\"PropertyValueSpecification\",\"valueRequired\":true,\"valueName\":\"search_term_string\"}}],\"inLanguage\":\"fr-FR\"},{\"@type\":\"Organization\",\"@id\":\"https:\\\/\\\/loginfo24.com\\\/fr\\\/#organization\",\"name\":\"Groupe Logismedia AG\",\"url\":\"https:\\\/\\\/loginfo24.com\\\/fr\\\/\",\"logo\":{\"@type\":\"ImageObject\",\"inLanguage\":\"fr-FR\",\"@id\":\"https:\\\/\\\/loginfo24.com\\\/fr\\\/#\\\/schema\\\/logo\\\/image\\\/\",\"url\":\"https:\\\/\\\/loginfo24.com\\\/wp-content\\\/uploads\\\/sites\\\/7\\\/2026\\\/01\\\/Logo_LogInfo24.png\",\"contentUrl\":\"https:\\\/\\\/loginfo24.com\\\/wp-content\\\/uploads\\\/sites\\\/7\\\/2026\\\/01\\\/Logo_LogInfo24.png\",\"width\":938,\"height\":351,\"caption\":\"Groupe Logismedia AG\"},\"image\":{\"@id\":\"https:\\\/\\\/loginfo24.com\\\/fr\\\/#\\\/schema\\\/logo\\\/image\\\/\"},\"sameAs\":[\"https:\\\/\\\/www.facebook.com\\\/people\\\/Loginfo24\\\/100057360583332\\\/\",\"https:\\\/\\\/www.linkedin.com\\\/company\\\/lofinfo24\\\/\"]}]}<\/script>\n<!-- \/ Yoast SEO plugin. -->","yoast_head_json":{"title":"Gr\u00e8ve de l'EVG : l'infrastructure ne doit pas \u00eatre un enjeu pour les acteurs - Loginfo24.","robots":{"index":"index","follow":"follow","max-snippet":"max-snippet:-1","max-image-preview":"max-image-preview:large","max-video-preview":"max-video-preview:-1"},"canonical":"https:\/\/loginfo24.com\/fr\/2023\/03\/28\/greve-de-levg-linfrastructure-ne-doit-pas-etre-un-enjeu-pour-les-acteurs\/","og_locale":"fr_FR","og_type":"article","og_title":"Gr\u00e8ve de l'EVG : l'infrastructure ne doit pas \u00eatre un enjeu pour les acteurs - Loginfo24.","og_description":"Lors de la derni\u00e8re journ\u00e9e de gr\u00e8ve, des entreprises ferroviaires non impliqu\u00e9es sont touch\u00e9es, bien qu&rsquo;elles n&rsquo;aient rien \u00e0 voir avec le conflit tarifaire entre l&rsquo;EVG [\u2026]","og_url":"https:\/\/loginfo24.com\/fr\/2023\/03\/28\/greve-de-levg-linfrastructure-ne-doit-pas-etre-un-enjeu-pour-les-acteurs\/","og_site_name":"Loginfo24","article_publisher":"https:\/\/www.facebook.com\/people\/Loginfo24\/100057360583332\/","article_published_time":"2023-03-28T15:10:43+00:00","og_image":[{"width":1239,"height":760,"url":"https:\/\/loginfo24.com\/wp-content\/uploads\/sites\/7\/2025\/12\/Die_Gueterbahnen_28.03.2023.jpg","type":"image\/jpeg"}],"twitter_card":"summary_large_image","twitter_misc":{"Dur\u00e9e de lecture estim\u00e9e":"2 minutes"},"schema":{"@context":"https:\/\/schema.org","@graph":[{"@type":"Article","@id":"https:\/\/loginfo24.com\/fr\/2023\/03\/28\/greve-de-levg-linfrastructure-ne-doit-pas-etre-un-enjeu-pour-les-acteurs\/#article","isPartOf":{"@id":"https:\/\/loginfo24.com\/fr\/2023\/03\/28\/greve-de-levg-linfrastructure-ne-doit-pas-etre-un-enjeu-pour-les-acteurs\/"},"author":{"name":"","@id":""},"headline":"Gr\u00e8ve de l&rsquo;EVG : l&rsquo;infrastructure ne doit pas \u00eatre un enjeu pour les acteurs","datePublished":"2023-03-28T15:10:43+00:00","mainEntityOfPage":{"@id":"https:\/\/loginfo24.com\/fr\/2023\/03\/28\/greve-de-levg-linfrastructure-ne-doit-pas-etre-un-enjeu-pour-les-acteurs\/"},"wordCount":383,"commentCount":0,"publisher":{"@id":"https:\/\/loginfo24.com\/fr\/#organization"},"image":{"@id":"https:\/\/loginfo24.com\/fr\/2023\/03\/28\/greve-de-levg-linfrastructure-ne-doit-pas-etre-un-enjeu-pour-les-acteurs\/#primaryimage"},"thumbnailUrl":"https:\/\/loginfo24.com\/wp-content\/uploads\/sites\/7\/2025\/12\/Die_Gueterbahnen_28.03.2023.jpg","articleSection":["Forwarding &amp; Logistics","Regions"],"inLanguage":"fr-FR","potentialAction":[{"@type":"CommentAction","name":"Comment","target":["https:\/\/loginfo24.com\/fr\/2023\/03\/28\/greve-de-levg-linfrastructure-ne-doit-pas-etre-un-enjeu-pour-les-acteurs\/#respond"]}]},{"@type":"WebPage","@id":"https:\/\/loginfo24.com\/fr\/2023\/03\/28\/greve-de-levg-linfrastructure-ne-doit-pas-etre-un-enjeu-pour-les-acteurs\/","url":"https:\/\/loginfo24.com\/fr\/2023\/03\/28\/greve-de-levg-linfrastructure-ne-doit-pas-etre-un-enjeu-pour-les-acteurs\/","name":"Gr\u00e8ve de l'EVG : l'infrastructure ne doit pas \u00eatre un enjeu pour les acteurs - Loginfo24.","isPartOf":{"@id":"https:\/\/loginfo24.com\/fr\/#website"},"primaryImageOfPage":{"@id":"https:\/\/loginfo24.com\/fr\/2023\/03\/28\/greve-de-levg-linfrastructure-ne-doit-pas-etre-un-enjeu-pour-les-acteurs\/#primaryimage"},"image":{"@id":"https:\/\/loginfo24.com\/fr\/2023\/03\/28\/greve-de-levg-linfrastructure-ne-doit-pas-etre-un-enjeu-pour-les-acteurs\/#primaryimage"},"thumbnailUrl":"https:\/\/loginfo24.com\/wp-content\/uploads\/sites\/7\/2025\/12\/Die_Gueterbahnen_28.03.2023.jpg","datePublished":"2023-03-28T15:10:43+00:00","breadcrumb":{"@id":"https:\/\/loginfo24.com\/fr\/2023\/03\/28\/greve-de-levg-linfrastructure-ne-doit-pas-etre-un-enjeu-pour-les-acteurs\/#breadcrumb"},"inLanguage":"fr-FR","potentialAction":[{"@type":"ReadAction","target":["https:\/\/loginfo24.com\/fr\/2023\/03\/28\/greve-de-levg-linfrastructure-ne-doit-pas-etre-un-enjeu-pour-les-acteurs\/"]}]},{"@type":"ImageObject","inLanguage":"fr-FR","@id":"https:\/\/loginfo24.com\/fr\/2023\/03\/28\/greve-de-levg-linfrastructure-ne-doit-pas-etre-un-enjeu-pour-les-acteurs\/#primaryimage","url":"https:\/\/loginfo24.com\/wp-content\/uploads\/sites\/7\/2025\/12\/Die_Gueterbahnen_28.03.2023.jpg","contentUrl":"https:\/\/loginfo24.com\/wp-content\/uploads\/sites\/7\/2025\/12\/Die_Gueterbahnen_28.03.2023.jpg","width":1239,"height":760},{"@type":"BreadcrumbList","@id":"https:\/\/loginfo24.com\/fr\/2023\/03\/28\/greve-de-levg-linfrastructure-ne-doit-pas-etre-un-enjeu-pour-les-acteurs\/#breadcrumb","itemListElement":[{"@type":"ListItem","position":1,"name":"Startseite","item":"https:\/\/loginfo24.com\/fr\/"},{"@type":"ListItem","position":2,"name":"Gr\u00e8ve de l&rsquo;EVG : l&rsquo;infrastructure ne doit pas \u00eatre un enjeu pour les acteurs"}]},{"@type":"WebSite","@id":"https:\/\/loginfo24.com\/fr\/#website","url":"https:\/\/loginfo24.com\/fr\/","name":"Loginfo24","description":"Loginfo24 est la plateforme d\u00e9di\u00e9e \u00e0 la logistique et aux cha\u00eenes d&#039;approvisionnement qui fournit des informations 24 heures sur 24.","publisher":{"@id":"https:\/\/loginfo24.com\/fr\/#organization"},"potentialAction":[{"@type":"SearchAction","target":{"@type":"EntryPoint","urlTemplate":"https:\/\/loginfo24.com\/fr\/?s={search_term_string}"},"query-input":{"@type":"PropertyValueSpecification","valueRequired":true,"valueName":"search_term_string"}}],"inLanguage":"fr-FR"},{"@type":"Organization","@id":"https:\/\/loginfo24.com\/fr\/#organization","name":"Groupe Logismedia AG","url":"https:\/\/loginfo24.com\/fr\/","logo":{"@type":"ImageObject","inLanguage":"fr-FR","@id":"https:\/\/loginfo24.com\/fr\/#\/schema\/logo\/image\/","url":"https:\/\/loginfo24.com\/wp-content\/uploads\/sites\/7\/2026\/01\/Logo_LogInfo24.png","contentUrl":"https:\/\/loginfo24.com\/wp-content\/uploads\/sites\/7\/2026\/01\/Logo_LogInfo24.png","width":938,"height":351,"caption":"Groupe Logismedia AG"},"image":{"@id":"https:\/\/loginfo24.com\/fr\/#\/schema\/logo\/image\/"},"sameAs":["https:\/\/www.facebook.com\/people\/Loginfo24\/100057360583332\/","https:\/\/www.linkedin.com\/company\/lofinfo24\/"]}]}},"_links":{"self":[{"href":"https:\/\/loginfo24.com\/fr\/wp-json\/wp\/v2\/posts\/61097","targetHints":{"allow":["GET"]}}],"collection":[{"href":"https:\/\/loginfo24.com\/fr\/wp-json\/wp\/v2\/posts"}],"about":[{"href":"https:\/\/loginfo24.com\/fr\/wp-json\/wp\/v2\/types\/post"}],"replies":[{"embeddable":true,"href":"https:\/\/loginfo24.com\/fr\/wp-json\/wp\/v2\/comments?post=61097"}],"version-history":[{"count":0,"href":"https:\/\/loginfo24.com\/fr\/wp-json\/wp\/v2\/posts\/61097\/revisions"}],"wp:featuredmedia":[{"embeddable":true,"href":"https:\/\/loginfo24.com\/fr\/wp-json\/wp\/v2\/media\/8299"}],"wp:attachment":[{"href":"https:\/\/loginfo24.com\/fr\/wp-json\/wp\/v2\/media?parent=61097"}],"wp:term":[{"taxonomy":"category","embeddable":true,"href":"https:\/\/loginfo24.com\/fr\/wp-json\/wp\/v2\/categories?post=61097"},{"taxonomy":"post_tag","embeddable":true,"href":"https:\/\/loginfo24.com\/fr\/wp-json\/wp\/v2\/tags?post=61097"}],"curies":[{"name":"wp","href":"https:\/\/api.w.org\/{rel}","templated":true}]}}