{"id":61061,"date":"2023-03-23T20:00:49","date_gmt":"2023-03-23T19:00:49","guid":{"rendered":"https:\/\/blog.brand-architecture.at\/2023\/03\/23\/le-transfert-du-transport-de-marchandises-a-travers-les-alpes-stagne\/"},"modified":"2023-03-23T20:00:49","modified_gmt":"2023-03-23T19:00:49","slug":"le-transfert-du-transport-de-marchandises-a-travers-les-alpes-stagne","status":"publish","type":"post","link":"https:\/\/loginfo24.com\/fr\/2023\/03\/23\/le-transfert-du-transport-de-marchandises-a-travers-les-alpes-stagne\/","title":{"rendered":"Le transfert du transport de marchandises \u00e0 travers les Alpes stagne"},"content":{"rendered":"<h5><strong>L&rsquo;ann\u00e9e derni\u00e8re, pratiquement autant de camions ont travers\u00e9 les Alpes suisses que l&rsquo;ann\u00e9e pr\u00e9c\u00e9dente. La part de march\u00e9 du rail est rest\u00e9e stable \u00e0 un niveau \u00e9lev\u00e9. C&rsquo;est ce que montre le nouveau rapport semestriel de l&rsquo;Office f\u00e9d\u00e9ral des transports (OFT).<\/strong><\/h5>\n<p>(Berne) L&rsquo;ach\u00e8vement des Nouvelles Transversales Ferroviaires Alpines (NEAT) et du corridor pour les transports de quatre m\u00e8tres de hauteur au niveau de l&rsquo;axe du Gothard en 2020 avait donn\u00e9 un coup de pouce au transfert du transport de marchandises transalpin. Depuis lors, la situation est rest\u00e9e largement stable. Le nombre de trajets de camions a l\u00e9g\u00e8rement diminu\u00e9 l&rsquo;ann\u00e9e derni\u00e8re, passant de 15 000 \u00e0 880 000. Comme les transports par rail ont \u00e9galement l\u00e9g\u00e8rement diminu\u00e9, leur part de march\u00e9 dans le transport de marchandises \u00e0 travers les Alpes est rest\u00e9e inchang\u00e9e \u00e0 73,9 % l&rsquo;ann\u00e9e derni\u00e8re.<\/p>\n<p><a href=\"https:\/\/www.catkin.eu\/produkte\/bbm\/\"><img loading=\"lazy\" decoding=\"async\" class=\"aligncenter wp-image-22749\" src=\"https:\/\/loginfo24.com\/wp-content\/uploads\/sites\/7\/2025\/12\/catkin_BBM_24.3.23.png-300x300.jpg\" alt=\"\" width=\"379\" height=\"379\" \/><\/a>La stagnation du transfert est probablement due principalement aux probl\u00e8mes accentu\u00e9s du rail dans le transport international nord-sud. L&rsquo;ann\u00e9e derni\u00e8re, la ligne principale \u00e0 travers l&rsquo;Allemagne a \u00e9t\u00e9 r\u00e9guli\u00e8rement interrompue ou surcharg\u00e9e. De plus, de nombreuses compagnies ferroviaires ont d\u00fb augmenter les prix de leurs offres en raison de la hausse des co\u00fbts de l&rsquo;\u00e9lectricit\u00e9 ferroviaire et des sillons.<\/p>\n<p>Le Conseil f\u00e9d\u00e9ral pr\u00e9sentera dans le cadre du prochain rapport sur le transfert \u00e0 l&rsquo;automne 2023 les mesures qu&rsquo;il souhaite mettre en \u0153uvre pour promouvoir davantage le transfert.<\/p>\n<p>Le rapport complet peut \u00eatre consult\u00e9 \u00e0 l&rsquo;adresse suivante :<\/p>\n<p><a href=\"https:\/\/www.newsd.admin.ch\/newsd\/message\/attachments\/76365.pdf\">https:\/\/www.newsd.admin.ch\/newsd\/message\/attachments\/76365.pdf<\/a><\/p>\n<p>Photo : \u00a9 Loginfo24 \/ Adobe Stock<\/p>\n","protected":false},"excerpt":{"rendered":"<p>L&rsquo;ann\u00e9e derni\u00e8re, pratiquement autant de camions ont travers\u00e9 les Alpes suisses que l&rsquo;ann\u00e9e pr\u00e9c\u00e9dente. La part de march\u00e9 du rail est rest\u00e9e stable \u00e0 un niveau<span class=\"excerpt-hellip\"> [\u2026]<\/span><\/p>\n","protected":false},"author":0,"featured_media":8320,"comment_status":"open","ping_status":"open","sticky":false,"template":"","format":"standard","meta":{"_acf_changed":false,"footnotes":""},"categories":[1557,1561],"tags":[],"class_list":["post-61061","post","type-post","status-publish","format-standard","has-post-thumbnail","hentry","category-forwarding-logistics","category-regions"],"acf":[],"yoast_head":"<!-- This site is optimized with the Yoast SEO plugin v27.3 - https:\/\/yoast.com\/product\/yoast-seo-wordpress\/ -->\n<title>Le transfert du transport de marchandises \u00e0 travers les Alpes stagne - Loginfo24.<\/title>\n<meta name=\"robots\" content=\"index, follow, max-snippet:-1, max-image-preview:large, max-video-preview:-1\" \/>\n<link rel=\"canonical\" href=\"https:\/\/loginfo24.com\/fr\/2023\/03\/23\/le-transfert-du-transport-de-marchandises-a-travers-les-alpes-stagne\/\" \/>\n<meta property=\"og:locale\" content=\"fr_FR\" \/>\n<meta property=\"og:type\" content=\"article\" \/>\n<meta property=\"og:title\" content=\"Le transfert du transport de marchandises \u00e0 travers les Alpes stagne - Loginfo24.\" \/>\n<meta property=\"og:description\" content=\"L&rsquo;ann\u00e9e derni\u00e8re, pratiquement autant de camions ont travers\u00e9 les Alpes suisses que l&rsquo;ann\u00e9e pr\u00e9c\u00e9dente. La part de march\u00e9 du rail est rest\u00e9e stable \u00e0 un niveau [\u2026]\" \/>\n<meta property=\"og:url\" content=\"https:\/\/loginfo24.com\/fr\/2023\/03\/23\/le-transfert-du-transport-de-marchandises-a-travers-les-alpes-stagne\/\" \/>\n<meta property=\"og:site_name\" content=\"Loginfo24\" \/>\n<meta property=\"article:publisher\" content=\"https:\/\/www.facebook.com\/people\/Loginfo24\/100057360583332\/\" \/>\n<meta property=\"article:published_time\" content=\"2023-03-23T19:00:49+00:00\" \/>\n<meta property=\"og:image\" content=\"https:\/\/loginfo24.com\/wp-content\/uploads\/sites\/7\/2025\/12\/BAV_23.03.2023.jpg\" \/>\n\t<meta property=\"og:image:width\" content=\"844\" \/>\n\t<meta property=\"og:image:height\" content=\"531\" \/>\n\t<meta property=\"og:image:type\" content=\"image\/jpeg\" \/>\n<meta name=\"twitter:card\" content=\"summary_large_image\" \/>\n<meta name=\"twitter:label1\" content=\"Dur\u00e9e de lecture estim\u00e9e\" \/>\n\t<meta name=\"twitter:data1\" content=\"1 minute\" \/>\n<script type=\"application\/ld+json\" class=\"yoast-schema-graph\">{\"@context\":\"https:\\\/\\\/schema.org\",\"@graph\":[{\"@type\":\"Article\",\"@id\":\"https:\\\/\\\/loginfo24.com\\\/fr\\\/2023\\\/03\\\/23\\\/le-transfert-du-transport-de-marchandises-a-travers-les-alpes-stagne\\\/#article\",\"isPartOf\":{\"@id\":\"https:\\\/\\\/loginfo24.com\\\/fr\\\/2023\\\/03\\\/23\\\/le-transfert-du-transport-de-marchandises-a-travers-les-alpes-stagne\\\/\"},\"author\":{\"name\":\"\",\"@id\":\"\"},\"headline\":\"Le transfert du transport de marchandises \u00e0 travers les Alpes stagne\",\"datePublished\":\"2023-03-23T19:00:49+00:00\",\"mainEntityOfPage\":{\"@id\":\"https:\\\/\\\/loginfo24.com\\\/fr\\\/2023\\\/03\\\/23\\\/le-transfert-du-transport-de-marchandises-a-travers-les-alpes-stagne\\\/\"},\"wordCount\":287,\"commentCount\":0,\"publisher\":{\"@id\":\"https:\\\/\\\/loginfo24.com\\\/fr\\\/#organization\"},\"image\":{\"@id\":\"https:\\\/\\\/loginfo24.com\\\/fr\\\/2023\\\/03\\\/23\\\/le-transfert-du-transport-de-marchandises-a-travers-les-alpes-stagne\\\/#primaryimage\"},\"thumbnailUrl\":\"https:\\\/\\\/loginfo24.com\\\/wp-content\\\/uploads\\\/sites\\\/7\\\/2025\\\/12\\\/BAV_23.03.2023.jpg\",\"articleSection\":[\"Forwarding &amp; Logistics\",\"Regions\"],\"inLanguage\":\"fr-FR\",\"potentialAction\":[{\"@type\":\"CommentAction\",\"name\":\"Comment\",\"target\":[\"https:\\\/\\\/loginfo24.com\\\/fr\\\/2023\\\/03\\\/23\\\/le-transfert-du-transport-de-marchandises-a-travers-les-alpes-stagne\\\/#respond\"]}]},{\"@type\":\"WebPage\",\"@id\":\"https:\\\/\\\/loginfo24.com\\\/fr\\\/2023\\\/03\\\/23\\\/le-transfert-du-transport-de-marchandises-a-travers-les-alpes-stagne\\\/\",\"url\":\"https:\\\/\\\/loginfo24.com\\\/fr\\\/2023\\\/03\\\/23\\\/le-transfert-du-transport-de-marchandises-a-travers-les-alpes-stagne\\\/\",\"name\":\"Le transfert du transport de marchandises \u00e0 travers les Alpes stagne - Loginfo24.\",\"isPartOf\":{\"@id\":\"https:\\\/\\\/loginfo24.com\\\/fr\\\/#website\"},\"primaryImageOfPage\":{\"@id\":\"https:\\\/\\\/loginfo24.com\\\/fr\\\/2023\\\/03\\\/23\\\/le-transfert-du-transport-de-marchandises-a-travers-les-alpes-stagne\\\/#primaryimage\"},\"image\":{\"@id\":\"https:\\\/\\\/loginfo24.com\\\/fr\\\/2023\\\/03\\\/23\\\/le-transfert-du-transport-de-marchandises-a-travers-les-alpes-stagne\\\/#primaryimage\"},\"thumbnailUrl\":\"https:\\\/\\\/loginfo24.com\\\/wp-content\\\/uploads\\\/sites\\\/7\\\/2025\\\/12\\\/BAV_23.03.2023.jpg\",\"datePublished\":\"2023-03-23T19:00:49+00:00\",\"breadcrumb\":{\"@id\":\"https:\\\/\\\/loginfo24.com\\\/fr\\\/2023\\\/03\\\/23\\\/le-transfert-du-transport-de-marchandises-a-travers-les-alpes-stagne\\\/#breadcrumb\"},\"inLanguage\":\"fr-FR\",\"potentialAction\":[{\"@type\":\"ReadAction\",\"target\":[\"https:\\\/\\\/loginfo24.com\\\/fr\\\/2023\\\/03\\\/23\\\/le-transfert-du-transport-de-marchandises-a-travers-les-alpes-stagne\\\/\"]}]},{\"@type\":\"ImageObject\",\"inLanguage\":\"fr-FR\",\"@id\":\"https:\\\/\\\/loginfo24.com\\\/fr\\\/2023\\\/03\\\/23\\\/le-transfert-du-transport-de-marchandises-a-travers-les-alpes-stagne\\\/#primaryimage\",\"url\":\"https:\\\/\\\/loginfo24.com\\\/wp-content\\\/uploads\\\/sites\\\/7\\\/2025\\\/12\\\/BAV_23.03.2023.jpg\",\"contentUrl\":\"https:\\\/\\\/loginfo24.com\\\/wp-content\\\/uploads\\\/sites\\\/7\\\/2025\\\/12\\\/BAV_23.03.2023.jpg\",\"width\":844,\"height\":531},{\"@type\":\"BreadcrumbList\",\"@id\":\"https:\\\/\\\/loginfo24.com\\\/fr\\\/2023\\\/03\\\/23\\\/le-transfert-du-transport-de-marchandises-a-travers-les-alpes-stagne\\\/#breadcrumb\",\"itemListElement\":[{\"@type\":\"ListItem\",\"position\":1,\"name\":\"Startseite\",\"item\":\"https:\\\/\\\/loginfo24.com\\\/fr\\\/\"},{\"@type\":\"ListItem\",\"position\":2,\"name\":\"Le transfert du transport de marchandises \u00e0 travers les Alpes stagne\"}]},{\"@type\":\"WebSite\",\"@id\":\"https:\\\/\\\/loginfo24.com\\\/fr\\\/#website\",\"url\":\"https:\\\/\\\/loginfo24.com\\\/fr\\\/\",\"name\":\"Loginfo24\",\"description\":\"Loginfo24 est la plateforme d\u00e9di\u00e9e \u00e0 la logistique et aux cha\u00eenes d&#039;approvisionnement qui fournit des informations 24 heures sur 24.\",\"publisher\":{\"@id\":\"https:\\\/\\\/loginfo24.com\\\/fr\\\/#organization\"},\"potentialAction\":[{\"@type\":\"SearchAction\",\"target\":{\"@type\":\"EntryPoint\",\"urlTemplate\":\"https:\\\/\\\/loginfo24.com\\\/fr\\\/?s={search_term_string}\"},\"query-input\":{\"@type\":\"PropertyValueSpecification\",\"valueRequired\":true,\"valueName\":\"search_term_string\"}}],\"inLanguage\":\"fr-FR\"},{\"@type\":\"Organization\",\"@id\":\"https:\\\/\\\/loginfo24.com\\\/fr\\\/#organization\",\"name\":\"Groupe Logismedia AG\",\"url\":\"https:\\\/\\\/loginfo24.com\\\/fr\\\/\",\"logo\":{\"@type\":\"ImageObject\",\"inLanguage\":\"fr-FR\",\"@id\":\"https:\\\/\\\/loginfo24.com\\\/fr\\\/#\\\/schema\\\/logo\\\/image\\\/\",\"url\":\"https:\\\/\\\/loginfo24.com\\\/wp-content\\\/uploads\\\/sites\\\/7\\\/2026\\\/01\\\/Logo_LogInfo24.png\",\"contentUrl\":\"https:\\\/\\\/loginfo24.com\\\/wp-content\\\/uploads\\\/sites\\\/7\\\/2026\\\/01\\\/Logo_LogInfo24.png\",\"width\":938,\"height\":351,\"caption\":\"Groupe Logismedia AG\"},\"image\":{\"@id\":\"https:\\\/\\\/loginfo24.com\\\/fr\\\/#\\\/schema\\\/logo\\\/image\\\/\"},\"sameAs\":[\"https:\\\/\\\/www.facebook.com\\\/people\\\/Loginfo24\\\/100057360583332\\\/\",\"https:\\\/\\\/www.linkedin.com\\\/company\\\/lofinfo24\\\/\"]}]}<\/script>\n<!-- \/ Yoast SEO plugin. -->","yoast_head_json":{"title":"Le transfert du transport de marchandises \u00e0 travers les Alpes stagne - Loginfo24.","robots":{"index":"index","follow":"follow","max-snippet":"max-snippet:-1","max-image-preview":"max-image-preview:large","max-video-preview":"max-video-preview:-1"},"canonical":"https:\/\/loginfo24.com\/fr\/2023\/03\/23\/le-transfert-du-transport-de-marchandises-a-travers-les-alpes-stagne\/","og_locale":"fr_FR","og_type":"article","og_title":"Le transfert du transport de marchandises \u00e0 travers les Alpes stagne - Loginfo24.","og_description":"L&rsquo;ann\u00e9e derni\u00e8re, pratiquement autant de camions ont travers\u00e9 les Alpes suisses que l&rsquo;ann\u00e9e pr\u00e9c\u00e9dente. La part de march\u00e9 du rail est rest\u00e9e stable \u00e0 un niveau [\u2026]","og_url":"https:\/\/loginfo24.com\/fr\/2023\/03\/23\/le-transfert-du-transport-de-marchandises-a-travers-les-alpes-stagne\/","og_site_name":"Loginfo24","article_publisher":"https:\/\/www.facebook.com\/people\/Loginfo24\/100057360583332\/","article_published_time":"2023-03-23T19:00:49+00:00","og_image":[{"width":844,"height":531,"url":"https:\/\/loginfo24.com\/wp-content\/uploads\/sites\/7\/2025\/12\/BAV_23.03.2023.jpg","type":"image\/jpeg"}],"twitter_card":"summary_large_image","twitter_misc":{"Dur\u00e9e de lecture estim\u00e9e":"1 minute"},"schema":{"@context":"https:\/\/schema.org","@graph":[{"@type":"Article","@id":"https:\/\/loginfo24.com\/fr\/2023\/03\/23\/le-transfert-du-transport-de-marchandises-a-travers-les-alpes-stagne\/#article","isPartOf":{"@id":"https:\/\/loginfo24.com\/fr\/2023\/03\/23\/le-transfert-du-transport-de-marchandises-a-travers-les-alpes-stagne\/"},"author":{"name":"","@id":""},"headline":"Le transfert du transport de marchandises \u00e0 travers les Alpes stagne","datePublished":"2023-03-23T19:00:49+00:00","mainEntityOfPage":{"@id":"https:\/\/loginfo24.com\/fr\/2023\/03\/23\/le-transfert-du-transport-de-marchandises-a-travers-les-alpes-stagne\/"},"wordCount":287,"commentCount":0,"publisher":{"@id":"https:\/\/loginfo24.com\/fr\/#organization"},"image":{"@id":"https:\/\/loginfo24.com\/fr\/2023\/03\/23\/le-transfert-du-transport-de-marchandises-a-travers-les-alpes-stagne\/#primaryimage"},"thumbnailUrl":"https:\/\/loginfo24.com\/wp-content\/uploads\/sites\/7\/2025\/12\/BAV_23.03.2023.jpg","articleSection":["Forwarding &amp; Logistics","Regions"],"inLanguage":"fr-FR","potentialAction":[{"@type":"CommentAction","name":"Comment","target":["https:\/\/loginfo24.com\/fr\/2023\/03\/23\/le-transfert-du-transport-de-marchandises-a-travers-les-alpes-stagne\/#respond"]}]},{"@type":"WebPage","@id":"https:\/\/loginfo24.com\/fr\/2023\/03\/23\/le-transfert-du-transport-de-marchandises-a-travers-les-alpes-stagne\/","url":"https:\/\/loginfo24.com\/fr\/2023\/03\/23\/le-transfert-du-transport-de-marchandises-a-travers-les-alpes-stagne\/","name":"Le transfert du transport de marchandises \u00e0 travers les Alpes stagne - Loginfo24.","isPartOf":{"@id":"https:\/\/loginfo24.com\/fr\/#website"},"primaryImageOfPage":{"@id":"https:\/\/loginfo24.com\/fr\/2023\/03\/23\/le-transfert-du-transport-de-marchandises-a-travers-les-alpes-stagne\/#primaryimage"},"image":{"@id":"https:\/\/loginfo24.com\/fr\/2023\/03\/23\/le-transfert-du-transport-de-marchandises-a-travers-les-alpes-stagne\/#primaryimage"},"thumbnailUrl":"https:\/\/loginfo24.com\/wp-content\/uploads\/sites\/7\/2025\/12\/BAV_23.03.2023.jpg","datePublished":"2023-03-23T19:00:49+00:00","breadcrumb":{"@id":"https:\/\/loginfo24.com\/fr\/2023\/03\/23\/le-transfert-du-transport-de-marchandises-a-travers-les-alpes-stagne\/#breadcrumb"},"inLanguage":"fr-FR","potentialAction":[{"@type":"ReadAction","target":["https:\/\/loginfo24.com\/fr\/2023\/03\/23\/le-transfert-du-transport-de-marchandises-a-travers-les-alpes-stagne\/"]}]},{"@type":"ImageObject","inLanguage":"fr-FR","@id":"https:\/\/loginfo24.com\/fr\/2023\/03\/23\/le-transfert-du-transport-de-marchandises-a-travers-les-alpes-stagne\/#primaryimage","url":"https:\/\/loginfo24.com\/wp-content\/uploads\/sites\/7\/2025\/12\/BAV_23.03.2023.jpg","contentUrl":"https:\/\/loginfo24.com\/wp-content\/uploads\/sites\/7\/2025\/12\/BAV_23.03.2023.jpg","width":844,"height":531},{"@type":"BreadcrumbList","@id":"https:\/\/loginfo24.com\/fr\/2023\/03\/23\/le-transfert-du-transport-de-marchandises-a-travers-les-alpes-stagne\/#breadcrumb","itemListElement":[{"@type":"ListItem","position":1,"name":"Startseite","item":"https:\/\/loginfo24.com\/fr\/"},{"@type":"ListItem","position":2,"name":"Le transfert du transport de marchandises \u00e0 travers les Alpes stagne"}]},{"@type":"WebSite","@id":"https:\/\/loginfo24.com\/fr\/#website","url":"https:\/\/loginfo24.com\/fr\/","name":"Loginfo24","description":"Loginfo24 est la plateforme d\u00e9di\u00e9e \u00e0 la logistique et aux cha\u00eenes d&#039;approvisionnement qui fournit des informations 24 heures sur 24.","publisher":{"@id":"https:\/\/loginfo24.com\/fr\/#organization"},"potentialAction":[{"@type":"SearchAction","target":{"@type":"EntryPoint","urlTemplate":"https:\/\/loginfo24.com\/fr\/?s={search_term_string}"},"query-input":{"@type":"PropertyValueSpecification","valueRequired":true,"valueName":"search_term_string"}}],"inLanguage":"fr-FR"},{"@type":"Organization","@id":"https:\/\/loginfo24.com\/fr\/#organization","name":"Groupe Logismedia AG","url":"https:\/\/loginfo24.com\/fr\/","logo":{"@type":"ImageObject","inLanguage":"fr-FR","@id":"https:\/\/loginfo24.com\/fr\/#\/schema\/logo\/image\/","url":"https:\/\/loginfo24.com\/wp-content\/uploads\/sites\/7\/2026\/01\/Logo_LogInfo24.png","contentUrl":"https:\/\/loginfo24.com\/wp-content\/uploads\/sites\/7\/2026\/01\/Logo_LogInfo24.png","width":938,"height":351,"caption":"Groupe Logismedia AG"},"image":{"@id":"https:\/\/loginfo24.com\/fr\/#\/schema\/logo\/image\/"},"sameAs":["https:\/\/www.facebook.com\/people\/Loginfo24\/100057360583332\/","https:\/\/www.linkedin.com\/company\/lofinfo24\/"]}]}},"_links":{"self":[{"href":"https:\/\/loginfo24.com\/fr\/wp-json\/wp\/v2\/posts\/61061","targetHints":{"allow":["GET"]}}],"collection":[{"href":"https:\/\/loginfo24.com\/fr\/wp-json\/wp\/v2\/posts"}],"about":[{"href":"https:\/\/loginfo24.com\/fr\/wp-json\/wp\/v2\/types\/post"}],"replies":[{"embeddable":true,"href":"https:\/\/loginfo24.com\/fr\/wp-json\/wp\/v2\/comments?post=61061"}],"version-history":[{"count":0,"href":"https:\/\/loginfo24.com\/fr\/wp-json\/wp\/v2\/posts\/61061\/revisions"}],"wp:featuredmedia":[{"embeddable":true,"href":"https:\/\/loginfo24.com\/fr\/wp-json\/wp\/v2\/media\/8320"}],"wp:attachment":[{"href":"https:\/\/loginfo24.com\/fr\/wp-json\/wp\/v2\/media?parent=61061"}],"wp:term":[{"taxonomy":"category","embeddable":true,"href":"https:\/\/loginfo24.com\/fr\/wp-json\/wp\/v2\/categories?post=61061"},{"taxonomy":"post_tag","embeddable":true,"href":"https:\/\/loginfo24.com\/fr\/wp-json\/wp\/v2\/tags?post=61061"}],"curies":[{"name":"wp","href":"https:\/\/api.w.org\/{rel}","templated":true}]}}