{"id":60711,"date":"2023-02-26T15:39:01","date_gmt":"2023-02-26T14:39:01","guid":{"rendered":"https:\/\/blog.brand-architecture.at\/2023\/02\/26\/le-fabricant-de-vehicules-refrigeres-kiesling-celebre-son-50e-anniversaire\/"},"modified":"2023-02-26T15:39:01","modified_gmt":"2023-02-26T14:39:01","slug":"le-fabricant-de-vehicules-refrigeres-kiesling-celebre-son-50e-anniversaire","status":"publish","type":"post","link":"https:\/\/loginfo24.com\/fr\/2023\/02\/26\/le-fabricant-de-vehicules-refrigeres-kiesling-celebre-son-50e-anniversaire\/","title":{"rendered":"Le fabricant de v\u00e9hicules r\u00e9frig\u00e9r\u00e9s Kiesling c\u00e9l\u00e8bre son 50e anniversaire"},"content":{"rendered":"<h5>La soci\u00e9t\u00e9 Kiesling Fahrzeugbau GmbH, fournisseur sp\u00e9cialis\u00e9 de superstructures r\u00e9frig\u00e9r\u00e9es pour camions, a cette ann\u00e9e double raison de c\u00e9l\u00e9brer : l&rsquo;entreprise a \u00e9t\u00e9 fond\u00e9e en 1973 et f\u00eate cette ann\u00e9e son 50e anniversaire. 50 ans apr\u00e8s la fondation par Herwig Kiesling senior, le petit-fils du fondateur de l&rsquo;entreprise prend la direction de l&rsquo;entreprise familiale. Niklas Kiesling continuera \u00e0 mener l&rsquo;entreprise vers un avenir num\u00e9rique, \u00e9lectrifi\u00e9 et durable.<\/h5>\n<p>(Dornstadt) \u00ab D&rsquo;autres parlent - nous livrons \u00bb avec ce slogan, Kiesling a commenc\u00e9 en 1973 \u00e0 vendre des v\u00e9hicules r\u00e9frig\u00e9r\u00e9s. Des v\u00e9hicules r\u00e9frig\u00e9r\u00e9s pr\u00eats \u00e0 l&#8217;emploi \u00e9taient alors disponibles et offraient des solutions de transport rapides. Les clients ont appr\u00e9ci\u00e9 ce service. Pour la demande croissante de v\u00e9hicules r\u00e9frig\u00e9r\u00e9s dans divers secteurs, Kiesling a toujours propos\u00e9 la solution appropri\u00e9e. En plus de la disponibilit\u00e9 rapide, les v\u00e9hicules r\u00e9frig\u00e9r\u00e9s Kiesling \u00e9taient d\u00e8s le d\u00e9but \u00e9galement connus pour leur bonne stabilit\u00e9 et leur haute qualit\u00e9.<\/p>\n<p>Depuis 1990, Peter Kiesling a dirig\u00e9 l&rsquo;entreprise. Pendant cette p\u00e9riode, tous les domaines ont \u00e9t\u00e9 \u00e9largis, le hall de production a \u00e9t\u00e9 agrandi et la production a \u00e9t\u00e9 progressivement d\u00e9velopp\u00e9e. Actuellement, plus de 10 000 m\u00b2 sont utilis\u00e9s pour produire des superstructures \u00ab made in Germany \u00bb dans deux installations de mousse.<\/p>\n<h5>Succ\u00e8s avec des produits innovants<\/h5>\n<p>Avec des produits innovants, Kiesling a connu du succ\u00e8s, par exemple avec la paroi de s\u00e9paration Cool Slide\u00ae. Ce syst\u00e8me minimise les pertes de froid et permet de r\u00e9aliser des \u00e9conomies importantes sur la consommation de carburant. Dans de nombreux parcs de v\u00e9hicules r\u00e9frig\u00e9r\u00e9s, le syst\u00e8me s&rsquo;est \u00e9tabli comme standard. Lors de nouveaux d\u00e9veloppements de produits, l&rsquo;aspect environnemental a toujours \u00e9t\u00e9 pris en compte et des mat\u00e9riaux durables et robustes ont \u00e9t\u00e9 privil\u00e9gi\u00e9s.<\/p>\n<p><img loading=\"lazy\" decoding=\"async\" class=\"wp-image-22538 size-full\" src=\"https:\/\/loginfo24.com\/wp-content\/uploads\/sites\/7\/2025\/12\/Kiesling_26.2.23-1.jpg\" alt=\"\" width=\"1054\" height=\"729\" \/> Peter Kiesling (g.) remet la direction du fabricant de v\u00e9hicules r\u00e9frig\u00e9r\u00e9s Kiesling \u00e0 Niklas Kiesling (d.)<\/caption>\n<p>Les superstructures FIP produites par Kiesling peuvent \u00e9galement \u00eatre recycl\u00e9es \u00e0 la fin de leur longue dur\u00e9e d&rsquo;utilisation. Ce sont les premi\u00e8res superstructures r\u00e9frig\u00e9r\u00e9es recyclables qui peuvent afficher un taux de recyclage certifi\u00e9 par le T\u00dcV. Les v\u00e9hicules r\u00e9frig\u00e9r\u00e9s Kiesling ont \u00e9t\u00e9 continuellement et durablement d\u00e9velopp\u00e9s. D\u00e8s 2010, l&rsquo;entreprise a investi dans des installations photovolta\u00efques et produit depuis quelques ann\u00e9es plus d&rsquo;\u00e9lectricit\u00e9 qu&rsquo;elle n&rsquo;en consomme au total. En 2020, il a \u00e9t\u00e9 possible de produire pour la premi\u00e8re fois de mani\u00e8re climatiquement neutre (selon les normes Scope 1 et 2). Le degr\u00e9 d&rsquo;autarcie pour l&rsquo;entreprise de production est actuellement renforc\u00e9, par exemple par la construction de syst\u00e8mes de stockage d&rsquo;\u00e9lectricit\u00e9.<\/p>\n<h5>S\u00e9curisation des 120 emplois<\/h5>\n<p>Avec Niklas Kiesling, la prochaine g\u00e9n\u00e9ration prend d\u00e9sormais ses responsabilit\u00e9s et assure la continuit\u00e9 de l&rsquo;entreprise familiale. Clients, employ\u00e9s et partenaires peuvent ainsi continuer \u00e0 compter sur un partenaire fiable et innovant. La transformation num\u00e9rique, la durabilit\u00e9 de la production et des produits ainsi que d&rsquo;autres optimisations des processus figurent en t\u00eate de l&rsquo;agenda. Cela doit permettre \u00e0 long terme de fournir aux clients des v\u00e9hicules r\u00e9frig\u00e9r\u00e9s \u00ab made in Germany \u00bb et de s\u00e9curiser les emplois d&rsquo;environ 120 employ\u00e9s.<\/p>\n<p>Photos : \u00a9 Kiesling<\/p>\n","protected":false},"excerpt":{"rendered":"<p>La soci\u00e9t\u00e9 Kiesling Fahrzeugbau GmbH, fournisseur sp\u00e9cialis\u00e9 de superstructures r\u00e9frig\u00e9r\u00e9es pour camions, a cette ann\u00e9e double raison de c\u00e9l\u00e9brer : l&rsquo;entreprise a \u00e9t\u00e9 fond\u00e9e en 1973<span class=\"excerpt-hellip\"> [\u2026]<\/span><\/p>\n","protected":false},"author":0,"featured_media":8453,"comment_status":"open","ping_status":"open","sticky":false,"template":"","format":"standard","meta":{"_acf_changed":false,"footnotes":""},"categories":[1665,1557,1561],"tags":[],"class_list":["post-60711","post","type-post","status-publish","format-standard","has-post-thumbnail","hentry","category-categories","category-forwarding-logistics","category-regions"],"acf":[],"yoast_head":"<!-- This site is optimized with the Yoast SEO plugin v27.3 - https:\/\/yoast.com\/product\/yoast-seo-wordpress\/ -->\n<title>Le fabricant de v\u00e9hicules r\u00e9frig\u00e9r\u00e9s Kiesling c\u00e9l\u00e8bre son 50e anniversaire - Loginfo24.<\/title>\n<meta name=\"robots\" content=\"index, follow, max-snippet:-1, max-image-preview:large, max-video-preview:-1\" \/>\n<link rel=\"canonical\" href=\"https:\/\/loginfo24.com\/fr\/2023\/02\/26\/le-fabricant-de-vehicules-refrigeres-kiesling-celebre-son-50e-anniversaire\/\" \/>\n<meta property=\"og:locale\" content=\"fr_FR\" \/>\n<meta property=\"og:type\" content=\"article\" \/>\n<meta property=\"og:title\" content=\"Le fabricant de v\u00e9hicules r\u00e9frig\u00e9r\u00e9s Kiesling c\u00e9l\u00e8bre son 50e anniversaire - Loginfo24.\" \/>\n<meta property=\"og:description\" content=\"La soci\u00e9t\u00e9 Kiesling Fahrzeugbau GmbH, fournisseur sp\u00e9cialis\u00e9 de superstructures r\u00e9frig\u00e9r\u00e9es pour camions, a cette ann\u00e9e double raison de c\u00e9l\u00e9brer : l&rsquo;entreprise a \u00e9t\u00e9 fond\u00e9e en 1973 [\u2026]\" \/>\n<meta property=\"og:url\" content=\"https:\/\/loginfo24.com\/fr\/2023\/02\/26\/le-fabricant-de-vehicules-refrigeres-kiesling-celebre-son-50e-anniversaire\/\" \/>\n<meta property=\"og:site_name\" content=\"Loginfo24\" \/>\n<meta property=\"article:publisher\" content=\"https:\/\/www.facebook.com\/people\/Loginfo24\/100057360583332\/\" \/>\n<meta property=\"article:published_time\" content=\"2023-02-26T14:39:01+00:00\" \/>\n<meta property=\"og:image\" content=\"https:\/\/loginfo24.com\/wp-content\/uploads\/sites\/7\/2025\/12\/Kiesling_26.2.23_2.jpg\" \/>\n\t<meta property=\"og:image:width\" content=\"1291\" \/>\n\t<meta property=\"og:image:height\" content=\"971\" \/>\n\t<meta property=\"og:image:type\" content=\"image\/jpeg\" \/>\n<meta name=\"twitter:card\" content=\"summary_large_image\" \/>\n<meta name=\"twitter:label1\" content=\"Dur\u00e9e de lecture estim\u00e9e\" \/>\n\t<meta name=\"twitter:data1\" content=\"3 minutes\" \/>\n<script type=\"application\/ld+json\" class=\"yoast-schema-graph\">{\"@context\":\"https:\\\/\\\/schema.org\",\"@graph\":[{\"@type\":\"Article\",\"@id\":\"https:\\\/\\\/loginfo24.com\\\/fr\\\/2023\\\/02\\\/26\\\/le-fabricant-de-vehicules-refrigeres-kiesling-celebre-son-50e-anniversaire\\\/#article\",\"isPartOf\":{\"@id\":\"https:\\\/\\\/loginfo24.com\\\/fr\\\/2023\\\/02\\\/26\\\/le-fabricant-de-vehicules-refrigeres-kiesling-celebre-son-50e-anniversaire\\\/\"},\"author\":{\"name\":\"\",\"@id\":\"\"},\"headline\":\"Le fabricant de v\u00e9hicules r\u00e9frig\u00e9r\u00e9s Kiesling c\u00e9l\u00e8bre son 50e anniversaire\",\"datePublished\":\"2023-02-26T14:39:01+00:00\",\"mainEntityOfPage\":{\"@id\":\"https:\\\/\\\/loginfo24.com\\\/fr\\\/2023\\\/02\\\/26\\\/le-fabricant-de-vehicules-refrigeres-kiesling-celebre-son-50e-anniversaire\\\/\"},\"wordCount\":599,\"commentCount\":0,\"publisher\":{\"@id\":\"https:\\\/\\\/loginfo24.com\\\/fr\\\/#organization\"},\"image\":{\"@id\":\"https:\\\/\\\/loginfo24.com\\\/fr\\\/2023\\\/02\\\/26\\\/le-fabricant-de-vehicules-refrigeres-kiesling-celebre-son-50e-anniversaire\\\/#primaryimage\"},\"thumbnailUrl\":\"https:\\\/\\\/loginfo24.com\\\/wp-content\\\/uploads\\\/sites\\\/7\\\/2025\\\/12\\\/Kiesling_26.2.23_2.jpg\",\"articleSection\":[\"Categories\",\"Forwarding &amp; Logistics\",\"Regions\"],\"inLanguage\":\"fr-FR\",\"potentialAction\":[{\"@type\":\"CommentAction\",\"name\":\"Comment\",\"target\":[\"https:\\\/\\\/loginfo24.com\\\/fr\\\/2023\\\/02\\\/26\\\/le-fabricant-de-vehicules-refrigeres-kiesling-celebre-son-50e-anniversaire\\\/#respond\"]}]},{\"@type\":\"WebPage\",\"@id\":\"https:\\\/\\\/loginfo24.com\\\/fr\\\/2023\\\/02\\\/26\\\/le-fabricant-de-vehicules-refrigeres-kiesling-celebre-son-50e-anniversaire\\\/\",\"url\":\"https:\\\/\\\/loginfo24.com\\\/fr\\\/2023\\\/02\\\/26\\\/le-fabricant-de-vehicules-refrigeres-kiesling-celebre-son-50e-anniversaire\\\/\",\"name\":\"Le fabricant de v\u00e9hicules r\u00e9frig\u00e9r\u00e9s Kiesling c\u00e9l\u00e8bre son 50e anniversaire - Loginfo24.\",\"isPartOf\":{\"@id\":\"https:\\\/\\\/loginfo24.com\\\/fr\\\/#website\"},\"primaryImageOfPage\":{\"@id\":\"https:\\\/\\\/loginfo24.com\\\/fr\\\/2023\\\/02\\\/26\\\/le-fabricant-de-vehicules-refrigeres-kiesling-celebre-son-50e-anniversaire\\\/#primaryimage\"},\"image\":{\"@id\":\"https:\\\/\\\/loginfo24.com\\\/fr\\\/2023\\\/02\\\/26\\\/le-fabricant-de-vehicules-refrigeres-kiesling-celebre-son-50e-anniversaire\\\/#primaryimage\"},\"thumbnailUrl\":\"https:\\\/\\\/loginfo24.com\\\/wp-content\\\/uploads\\\/sites\\\/7\\\/2025\\\/12\\\/Kiesling_26.2.23_2.jpg\",\"datePublished\":\"2023-02-26T14:39:01+00:00\",\"breadcrumb\":{\"@id\":\"https:\\\/\\\/loginfo24.com\\\/fr\\\/2023\\\/02\\\/26\\\/le-fabricant-de-vehicules-refrigeres-kiesling-celebre-son-50e-anniversaire\\\/#breadcrumb\"},\"inLanguage\":\"fr-FR\",\"potentialAction\":[{\"@type\":\"ReadAction\",\"target\":[\"https:\\\/\\\/loginfo24.com\\\/fr\\\/2023\\\/02\\\/26\\\/le-fabricant-de-vehicules-refrigeres-kiesling-celebre-son-50e-anniversaire\\\/\"]}]},{\"@type\":\"ImageObject\",\"inLanguage\":\"fr-FR\",\"@id\":\"https:\\\/\\\/loginfo24.com\\\/fr\\\/2023\\\/02\\\/26\\\/le-fabricant-de-vehicules-refrigeres-kiesling-celebre-son-50e-anniversaire\\\/#primaryimage\",\"url\":\"https:\\\/\\\/loginfo24.com\\\/wp-content\\\/uploads\\\/sites\\\/7\\\/2025\\\/12\\\/Kiesling_26.2.23_2.jpg\",\"contentUrl\":\"https:\\\/\\\/loginfo24.com\\\/wp-content\\\/uploads\\\/sites\\\/7\\\/2025\\\/12\\\/Kiesling_26.2.23_2.jpg\",\"width\":1291,\"height\":971},{\"@type\":\"BreadcrumbList\",\"@id\":\"https:\\\/\\\/loginfo24.com\\\/fr\\\/2023\\\/02\\\/26\\\/le-fabricant-de-vehicules-refrigeres-kiesling-celebre-son-50e-anniversaire\\\/#breadcrumb\",\"itemListElement\":[{\"@type\":\"ListItem\",\"position\":1,\"name\":\"Startseite\",\"item\":\"https:\\\/\\\/loginfo24.com\\\/fr\\\/\"},{\"@type\":\"ListItem\",\"position\":2,\"name\":\"Le fabricant de v\u00e9hicules r\u00e9frig\u00e9r\u00e9s Kiesling c\u00e9l\u00e8bre son 50e anniversaire\"}]},{\"@type\":\"WebSite\",\"@id\":\"https:\\\/\\\/loginfo24.com\\\/fr\\\/#website\",\"url\":\"https:\\\/\\\/loginfo24.com\\\/fr\\\/\",\"name\":\"Loginfo24\",\"description\":\"Loginfo24 est la plateforme d\u00e9di\u00e9e \u00e0 la logistique et aux cha\u00eenes d&#039;approvisionnement qui fournit des informations 24 heures sur 24.\",\"publisher\":{\"@id\":\"https:\\\/\\\/loginfo24.com\\\/fr\\\/#organization\"},\"potentialAction\":[{\"@type\":\"SearchAction\",\"target\":{\"@type\":\"EntryPoint\",\"urlTemplate\":\"https:\\\/\\\/loginfo24.com\\\/fr\\\/?s={search_term_string}\"},\"query-input\":{\"@type\":\"PropertyValueSpecification\",\"valueRequired\":true,\"valueName\":\"search_term_string\"}}],\"inLanguage\":\"fr-FR\"},{\"@type\":\"Organization\",\"@id\":\"https:\\\/\\\/loginfo24.com\\\/fr\\\/#organization\",\"name\":\"Groupe Logismedia AG\",\"url\":\"https:\\\/\\\/loginfo24.com\\\/fr\\\/\",\"logo\":{\"@type\":\"ImageObject\",\"inLanguage\":\"fr-FR\",\"@id\":\"https:\\\/\\\/loginfo24.com\\\/fr\\\/#\\\/schema\\\/logo\\\/image\\\/\",\"url\":\"https:\\\/\\\/loginfo24.com\\\/wp-content\\\/uploads\\\/sites\\\/7\\\/2026\\\/01\\\/Logo_LogInfo24.png\",\"contentUrl\":\"https:\\\/\\\/loginfo24.com\\\/wp-content\\\/uploads\\\/sites\\\/7\\\/2026\\\/01\\\/Logo_LogInfo24.png\",\"width\":938,\"height\":351,\"caption\":\"Groupe Logismedia AG\"},\"image\":{\"@id\":\"https:\\\/\\\/loginfo24.com\\\/fr\\\/#\\\/schema\\\/logo\\\/image\\\/\"},\"sameAs\":[\"https:\\\/\\\/www.facebook.com\\\/people\\\/Loginfo24\\\/100057360583332\\\/\",\"https:\\\/\\\/www.linkedin.com\\\/company\\\/lofinfo24\\\/\"]}]}<\/script>\n<!-- \/ Yoast SEO plugin. -->","yoast_head_json":{"title":"Le fabricant de v\u00e9hicules r\u00e9frig\u00e9r\u00e9s Kiesling c\u00e9l\u00e8bre son 50e anniversaire - Loginfo24.","robots":{"index":"index","follow":"follow","max-snippet":"max-snippet:-1","max-image-preview":"max-image-preview:large","max-video-preview":"max-video-preview:-1"},"canonical":"https:\/\/loginfo24.com\/fr\/2023\/02\/26\/le-fabricant-de-vehicules-refrigeres-kiesling-celebre-son-50e-anniversaire\/","og_locale":"fr_FR","og_type":"article","og_title":"Le fabricant de v\u00e9hicules r\u00e9frig\u00e9r\u00e9s Kiesling c\u00e9l\u00e8bre son 50e anniversaire - Loginfo24.","og_description":"La soci\u00e9t\u00e9 Kiesling Fahrzeugbau GmbH, fournisseur sp\u00e9cialis\u00e9 de superstructures r\u00e9frig\u00e9r\u00e9es pour camions, a cette ann\u00e9e double raison de c\u00e9l\u00e9brer : l&rsquo;entreprise a \u00e9t\u00e9 fond\u00e9e en 1973 [\u2026]","og_url":"https:\/\/loginfo24.com\/fr\/2023\/02\/26\/le-fabricant-de-vehicules-refrigeres-kiesling-celebre-son-50e-anniversaire\/","og_site_name":"Loginfo24","article_publisher":"https:\/\/www.facebook.com\/people\/Loginfo24\/100057360583332\/","article_published_time":"2023-02-26T14:39:01+00:00","og_image":[{"width":1291,"height":971,"url":"https:\/\/loginfo24.com\/wp-content\/uploads\/sites\/7\/2025\/12\/Kiesling_26.2.23_2.jpg","type":"image\/jpeg"}],"twitter_card":"summary_large_image","twitter_misc":{"Dur\u00e9e de lecture estim\u00e9e":"3 minutes"},"schema":{"@context":"https:\/\/schema.org","@graph":[{"@type":"Article","@id":"https:\/\/loginfo24.com\/fr\/2023\/02\/26\/le-fabricant-de-vehicules-refrigeres-kiesling-celebre-son-50e-anniversaire\/#article","isPartOf":{"@id":"https:\/\/loginfo24.com\/fr\/2023\/02\/26\/le-fabricant-de-vehicules-refrigeres-kiesling-celebre-son-50e-anniversaire\/"},"author":{"name":"","@id":""},"headline":"Le fabricant de v\u00e9hicules r\u00e9frig\u00e9r\u00e9s Kiesling c\u00e9l\u00e8bre son 50e anniversaire","datePublished":"2023-02-26T14:39:01+00:00","mainEntityOfPage":{"@id":"https:\/\/loginfo24.com\/fr\/2023\/02\/26\/le-fabricant-de-vehicules-refrigeres-kiesling-celebre-son-50e-anniversaire\/"},"wordCount":599,"commentCount":0,"publisher":{"@id":"https:\/\/loginfo24.com\/fr\/#organization"},"image":{"@id":"https:\/\/loginfo24.com\/fr\/2023\/02\/26\/le-fabricant-de-vehicules-refrigeres-kiesling-celebre-son-50e-anniversaire\/#primaryimage"},"thumbnailUrl":"https:\/\/loginfo24.com\/wp-content\/uploads\/sites\/7\/2025\/12\/Kiesling_26.2.23_2.jpg","articleSection":["Categories","Forwarding &amp; Logistics","Regions"],"inLanguage":"fr-FR","potentialAction":[{"@type":"CommentAction","name":"Comment","target":["https:\/\/loginfo24.com\/fr\/2023\/02\/26\/le-fabricant-de-vehicules-refrigeres-kiesling-celebre-son-50e-anniversaire\/#respond"]}]},{"@type":"WebPage","@id":"https:\/\/loginfo24.com\/fr\/2023\/02\/26\/le-fabricant-de-vehicules-refrigeres-kiesling-celebre-son-50e-anniversaire\/","url":"https:\/\/loginfo24.com\/fr\/2023\/02\/26\/le-fabricant-de-vehicules-refrigeres-kiesling-celebre-son-50e-anniversaire\/","name":"Le fabricant de v\u00e9hicules r\u00e9frig\u00e9r\u00e9s Kiesling c\u00e9l\u00e8bre son 50e anniversaire - Loginfo24.","isPartOf":{"@id":"https:\/\/loginfo24.com\/fr\/#website"},"primaryImageOfPage":{"@id":"https:\/\/loginfo24.com\/fr\/2023\/02\/26\/le-fabricant-de-vehicules-refrigeres-kiesling-celebre-son-50e-anniversaire\/#primaryimage"},"image":{"@id":"https:\/\/loginfo24.com\/fr\/2023\/02\/26\/le-fabricant-de-vehicules-refrigeres-kiesling-celebre-son-50e-anniversaire\/#primaryimage"},"thumbnailUrl":"https:\/\/loginfo24.com\/wp-content\/uploads\/sites\/7\/2025\/12\/Kiesling_26.2.23_2.jpg","datePublished":"2023-02-26T14:39:01+00:00","breadcrumb":{"@id":"https:\/\/loginfo24.com\/fr\/2023\/02\/26\/le-fabricant-de-vehicules-refrigeres-kiesling-celebre-son-50e-anniversaire\/#breadcrumb"},"inLanguage":"fr-FR","potentialAction":[{"@type":"ReadAction","target":["https:\/\/loginfo24.com\/fr\/2023\/02\/26\/le-fabricant-de-vehicules-refrigeres-kiesling-celebre-son-50e-anniversaire\/"]}]},{"@type":"ImageObject","inLanguage":"fr-FR","@id":"https:\/\/loginfo24.com\/fr\/2023\/02\/26\/le-fabricant-de-vehicules-refrigeres-kiesling-celebre-son-50e-anniversaire\/#primaryimage","url":"https:\/\/loginfo24.com\/wp-content\/uploads\/sites\/7\/2025\/12\/Kiesling_26.2.23_2.jpg","contentUrl":"https:\/\/loginfo24.com\/wp-content\/uploads\/sites\/7\/2025\/12\/Kiesling_26.2.23_2.jpg","width":1291,"height":971},{"@type":"BreadcrumbList","@id":"https:\/\/loginfo24.com\/fr\/2023\/02\/26\/le-fabricant-de-vehicules-refrigeres-kiesling-celebre-son-50e-anniversaire\/#breadcrumb","itemListElement":[{"@type":"ListItem","position":1,"name":"Startseite","item":"https:\/\/loginfo24.com\/fr\/"},{"@type":"ListItem","position":2,"name":"Le fabricant de v\u00e9hicules r\u00e9frig\u00e9r\u00e9s Kiesling c\u00e9l\u00e8bre son 50e anniversaire"}]},{"@type":"WebSite","@id":"https:\/\/loginfo24.com\/fr\/#website","url":"https:\/\/loginfo24.com\/fr\/","name":"Loginfo24","description":"Loginfo24 est la plateforme d\u00e9di\u00e9e \u00e0 la logistique et aux cha\u00eenes d&#039;approvisionnement qui fournit des informations 24 heures sur 24.","publisher":{"@id":"https:\/\/loginfo24.com\/fr\/#organization"},"potentialAction":[{"@type":"SearchAction","target":{"@type":"EntryPoint","urlTemplate":"https:\/\/loginfo24.com\/fr\/?s={search_term_string}"},"query-input":{"@type":"PropertyValueSpecification","valueRequired":true,"valueName":"search_term_string"}}],"inLanguage":"fr-FR"},{"@type":"Organization","@id":"https:\/\/loginfo24.com\/fr\/#organization","name":"Groupe Logismedia AG","url":"https:\/\/loginfo24.com\/fr\/","logo":{"@type":"ImageObject","inLanguage":"fr-FR","@id":"https:\/\/loginfo24.com\/fr\/#\/schema\/logo\/image\/","url":"https:\/\/loginfo24.com\/wp-content\/uploads\/sites\/7\/2026\/01\/Logo_LogInfo24.png","contentUrl":"https:\/\/loginfo24.com\/wp-content\/uploads\/sites\/7\/2026\/01\/Logo_LogInfo24.png","width":938,"height":351,"caption":"Groupe Logismedia AG"},"image":{"@id":"https:\/\/loginfo24.com\/fr\/#\/schema\/logo\/image\/"},"sameAs":["https:\/\/www.facebook.com\/people\/Loginfo24\/100057360583332\/","https:\/\/www.linkedin.com\/company\/lofinfo24\/"]}]}},"_links":{"self":[{"href":"https:\/\/loginfo24.com\/fr\/wp-json\/wp\/v2\/posts\/60711","targetHints":{"allow":["GET"]}}],"collection":[{"href":"https:\/\/loginfo24.com\/fr\/wp-json\/wp\/v2\/posts"}],"about":[{"href":"https:\/\/loginfo24.com\/fr\/wp-json\/wp\/v2\/types\/post"}],"replies":[{"embeddable":true,"href":"https:\/\/loginfo24.com\/fr\/wp-json\/wp\/v2\/comments?post=60711"}],"version-history":[{"count":0,"href":"https:\/\/loginfo24.com\/fr\/wp-json\/wp\/v2\/posts\/60711\/revisions"}],"wp:featuredmedia":[{"embeddable":true,"href":"https:\/\/loginfo24.com\/fr\/wp-json\/wp\/v2\/media\/8453"}],"wp:attachment":[{"href":"https:\/\/loginfo24.com\/fr\/wp-json\/wp\/v2\/media?parent=60711"}],"wp:term":[{"taxonomy":"category","embeddable":true,"href":"https:\/\/loginfo24.com\/fr\/wp-json\/wp\/v2\/categories?post=60711"},{"taxonomy":"post_tag","embeddable":true,"href":"https:\/\/loginfo24.com\/fr\/wp-json\/wp\/v2\/tags?post=60711"}],"curies":[{"name":"wp","href":"https:\/\/api.w.org\/{rel}","templated":true}]}}