{"id":60466,"date":"2023-02-07T13:28:12","date_gmt":"2023-02-07T12:28:12","guid":{"rendered":"https:\/\/blog.brand-architecture.at\/2023\/02\/07\/jurgen-albersmann-devient-pdg-du-groupe-contargo\/"},"modified":"2023-02-07T13:28:12","modified_gmt":"2023-02-07T12:28:12","slug":"jurgen-albersmann-devient-pdg-du-groupe-contargo","status":"publish","type":"post","link":"https:\/\/loginfo24.com\/fr\/2023\/02\/07\/jurgen-albersmann-devient-pdg-du-groupe-contargo\/","title":{"rendered":"J\u00fcrgen Albersmann devient PDG du groupe Contargo"},"content":{"rendered":"<h5><strong>Le groupe Contargo r\u00e9organise sa structure de direction afin d&rsquo;organiser des offres de transport intermodal de mani\u00e8re plus connect\u00e9e et durable \u00e0 l&rsquo;avenir. J\u00fcrgen Albersmann devient le nouveau pr\u00e9sident de Contargo. Marcel Hulsker, Thomas L\u00f6ffler et Uwe Storch font \u00e9galement partie de l&rsquo;\u00e9quipe de direction.<\/strong><\/h5>\n<p>(Duisbourg) Apr\u00e8s une ann\u00e9e commerciale 2022 difficile, l&rsquo;entreprise pr\u00e9pare maintenant l&rsquo;avenir. Afin de continuer \u00e0 cro\u00eetre le long des corridors de transport europ\u00e9ens et de cr\u00e9er des perspectives pertinentes pour les employ\u00e9s, le groupe Contargo a d\u00e9cid\u00e9 d&rsquo;adapter sa structure organisationnelle \u00e0 partir du 1er mars 2023. La structure, qui sera alors plus fonctionnelle, devrait \u00e9galement b\u00e9n\u00e9ficier \u00e0 la client\u00e8le. Entre autres, Contargo pr\u00e9voit d&rsquo;am\u00e9liorer l&rsquo;interaction entre les services de transport et de terminal et d&rsquo;harmoniser ses processus dans l&rsquo;ensemble du r\u00e9seau. La nouvelle structure organisationnelle doit \u00e9galement servir \u00e0 une num\u00e9risation et une automatisation rapides de l&rsquo;entreprise.<\/p>\n<p>Le conseil d&rsquo;administration a nomm\u00e9 J\u00fcrgen Albersmann nouveau pr\u00e9sident de la direction de Contargo. \u00ab\u00a0Nous sommes ravis de savoir qu&rsquo;\u00e0 partir de mars 2023, une personnalit\u00e9 de direction extr\u00eamement comp\u00e9tente et exp\u00e9riment\u00e9e sera \u00e0 la t\u00eate de notre entreprise en pleine croissance\u00a0\u00bb, d\u00e9clare Andreas St\u00f6ckli, membre du conseil d&rsquo;administration de Rhenus SE &amp; Co. KG. \u00ab\u00a0En raison de ses presque dix ann\u00e9es en tant que directeur g\u00e9n\u00e9ral chez Contargo, J\u00fcrgen Albersmann conna\u00eet parfaitement l&rsquo;entreprise. De plus, il apporte environ 25 ans d&rsquo;exp\u00e9rience dans le domaine de la logistique et est donc un expert du march\u00e9.\u00a0\u00bb <\/p>\n<h5>Des ann\u00e9es d&rsquo;exp\u00e9rience<\/h5>\n<p>J\u00fcrgen Albersmann dirigera le groupe Contargo avec les trois membres de la direction Marcel Hulsker, Thomas L\u00f6ffler et Uwe Storch et sera responsable du d\u00e9veloppement durable des trois unit\u00e9s organisationnelles fonctionnelles : Transport, R\u00e9seau de terminaux et Services. Originaire de Westphalie, il a obtenu son dipl\u00f4me en \u00e9conomie \u00e0 l&rsquo;Universit\u00e9 de M\u00fcnster en 1997. En 2008, il a termin\u00e9 un Executive Master of Business Administration en logistique \u00e0 l&rsquo;Universit\u00e9 de Saint-Gall. J\u00fcrgen Albersmann apporte plusieurs ann\u00e9es d&rsquo;exp\u00e9rience dans des postes de direction dans les domaines de la logistique, du transport ferroviaire de marchandises et de la logistique portuaire.<\/p>\n<p>Photo : \u00a9 Contargo \/ L\u00e9gende de l&rsquo;image :<em> J\u00fcrgen Albersmann<\/em><\/p>\n","protected":false},"excerpt":{"rendered":"<p>Le groupe Contargo r\u00e9organise sa structure de direction afin d&rsquo;organiser des offres de transport intermodal de mani\u00e8re plus connect\u00e9e et durable \u00e0 l&rsquo;avenir. J\u00fcrgen Albersmann devient<span class=\"excerpt-hellip\"> [\u2026]<\/span><\/p>\n","protected":false},"author":0,"featured_media":8549,"comment_status":"open","ping_status":"open","sticky":false,"template":"","format":"standard","meta":{"_acf_changed":false,"footnotes":""},"categories":[1557,1561,1559],"tags":[],"class_list":["post-60466","post","type-post","status-publish","format-standard","has-post-thumbnail","hentry","category-forwarding-logistics","category-regions","category-shipping-ports"],"acf":[],"yoast_head":"<!-- This site is optimized with the Yoast SEO plugin v27.3 - https:\/\/yoast.com\/product\/yoast-seo-wordpress\/ -->\n<title>J\u00fcrgen Albersmann devient PDG du groupe Contargo - Loginfo24.<\/title>\n<meta name=\"robots\" content=\"index, follow, max-snippet:-1, max-image-preview:large, max-video-preview:-1\" \/>\n<link rel=\"canonical\" href=\"https:\/\/loginfo24.com\/fr\/2023\/02\/07\/jurgen-albersmann-devient-pdg-du-groupe-contargo\/\" \/>\n<meta property=\"og:locale\" content=\"fr_FR\" \/>\n<meta property=\"og:type\" content=\"article\" \/>\n<meta property=\"og:title\" content=\"J\u00fcrgen Albersmann devient PDG du groupe Contargo - Loginfo24.\" \/>\n<meta property=\"og:description\" content=\"Le groupe Contargo r\u00e9organise sa structure de direction afin d&rsquo;organiser des offres de transport intermodal de mani\u00e8re plus connect\u00e9e et durable \u00e0 l&rsquo;avenir. J\u00fcrgen Albersmann devient [\u2026]\" \/>\n<meta property=\"og:url\" content=\"https:\/\/loginfo24.com\/fr\/2023\/02\/07\/jurgen-albersmann-devient-pdg-du-groupe-contargo\/\" \/>\n<meta property=\"og:site_name\" content=\"Loginfo24\" \/>\n<meta property=\"article:publisher\" content=\"https:\/\/www.facebook.com\/people\/Loginfo24\/100057360583332\/\" \/>\n<meta property=\"article:published_time\" content=\"2023-02-07T12:28:12+00:00\" \/>\n<meta property=\"og:image\" content=\"https:\/\/loginfo24.com\/wp-content\/uploads\/sites\/7\/2025\/12\/Contargo_7.2.23.jpg\" \/>\n\t<meta property=\"og:image:width\" content=\"1264\" \/>\n\t<meta property=\"og:image:height\" content=\"971\" \/>\n\t<meta property=\"og:image:type\" content=\"image\/jpeg\" \/>\n<meta name=\"twitter:card\" content=\"summary_large_image\" \/>\n<meta name=\"twitter:label1\" content=\"Dur\u00e9e de lecture estim\u00e9e\" \/>\n\t<meta name=\"twitter:data1\" content=\"2 minutes\" \/>\n<script type=\"application\/ld+json\" class=\"yoast-schema-graph\">{\"@context\":\"https:\\\/\\\/schema.org\",\"@graph\":[{\"@type\":\"Article\",\"@id\":\"https:\\\/\\\/loginfo24.com\\\/fr\\\/2023\\\/02\\\/07\\\/jurgen-albersmann-devient-pdg-du-groupe-contargo\\\/#article\",\"isPartOf\":{\"@id\":\"https:\\\/\\\/loginfo24.com\\\/fr\\\/2023\\\/02\\\/07\\\/jurgen-albersmann-devient-pdg-du-groupe-contargo\\\/\"},\"author\":{\"name\":\"\",\"@id\":\"\"},\"headline\":\"J\u00fcrgen Albersmann devient PDG du groupe Contargo\",\"datePublished\":\"2023-02-07T12:28:12+00:00\",\"mainEntityOfPage\":{\"@id\":\"https:\\\/\\\/loginfo24.com\\\/fr\\\/2023\\\/02\\\/07\\\/jurgen-albersmann-devient-pdg-du-groupe-contargo\\\/\"},\"wordCount\":409,\"commentCount\":0,\"publisher\":{\"@id\":\"https:\\\/\\\/loginfo24.com\\\/fr\\\/#organization\"},\"image\":{\"@id\":\"https:\\\/\\\/loginfo24.com\\\/fr\\\/2023\\\/02\\\/07\\\/jurgen-albersmann-devient-pdg-du-groupe-contargo\\\/#primaryimage\"},\"thumbnailUrl\":\"https:\\\/\\\/loginfo24.com\\\/wp-content\\\/uploads\\\/sites\\\/7\\\/2025\\\/12\\\/Contargo_7.2.23.jpg\",\"articleSection\":[\"Forwarding &amp; Logistics\",\"Regions\",\"Shipping &amp; Ports\"],\"inLanguage\":\"fr-FR\",\"potentialAction\":[{\"@type\":\"CommentAction\",\"name\":\"Comment\",\"target\":[\"https:\\\/\\\/loginfo24.com\\\/fr\\\/2023\\\/02\\\/07\\\/jurgen-albersmann-devient-pdg-du-groupe-contargo\\\/#respond\"]}]},{\"@type\":\"WebPage\",\"@id\":\"https:\\\/\\\/loginfo24.com\\\/fr\\\/2023\\\/02\\\/07\\\/jurgen-albersmann-devient-pdg-du-groupe-contargo\\\/\",\"url\":\"https:\\\/\\\/loginfo24.com\\\/fr\\\/2023\\\/02\\\/07\\\/jurgen-albersmann-devient-pdg-du-groupe-contargo\\\/\",\"name\":\"J\u00fcrgen Albersmann devient PDG du groupe Contargo - Loginfo24.\",\"isPartOf\":{\"@id\":\"https:\\\/\\\/loginfo24.com\\\/fr\\\/#website\"},\"primaryImageOfPage\":{\"@id\":\"https:\\\/\\\/loginfo24.com\\\/fr\\\/2023\\\/02\\\/07\\\/jurgen-albersmann-devient-pdg-du-groupe-contargo\\\/#primaryimage\"},\"image\":{\"@id\":\"https:\\\/\\\/loginfo24.com\\\/fr\\\/2023\\\/02\\\/07\\\/jurgen-albersmann-devient-pdg-du-groupe-contargo\\\/#primaryimage\"},\"thumbnailUrl\":\"https:\\\/\\\/loginfo24.com\\\/wp-content\\\/uploads\\\/sites\\\/7\\\/2025\\\/12\\\/Contargo_7.2.23.jpg\",\"datePublished\":\"2023-02-07T12:28:12+00:00\",\"breadcrumb\":{\"@id\":\"https:\\\/\\\/loginfo24.com\\\/fr\\\/2023\\\/02\\\/07\\\/jurgen-albersmann-devient-pdg-du-groupe-contargo\\\/#breadcrumb\"},\"inLanguage\":\"fr-FR\",\"potentialAction\":[{\"@type\":\"ReadAction\",\"target\":[\"https:\\\/\\\/loginfo24.com\\\/fr\\\/2023\\\/02\\\/07\\\/jurgen-albersmann-devient-pdg-du-groupe-contargo\\\/\"]}]},{\"@type\":\"ImageObject\",\"inLanguage\":\"fr-FR\",\"@id\":\"https:\\\/\\\/loginfo24.com\\\/fr\\\/2023\\\/02\\\/07\\\/jurgen-albersmann-devient-pdg-du-groupe-contargo\\\/#primaryimage\",\"url\":\"https:\\\/\\\/loginfo24.com\\\/wp-content\\\/uploads\\\/sites\\\/7\\\/2025\\\/12\\\/Contargo_7.2.23.jpg\",\"contentUrl\":\"https:\\\/\\\/loginfo24.com\\\/wp-content\\\/uploads\\\/sites\\\/7\\\/2025\\\/12\\\/Contargo_7.2.23.jpg\",\"width\":1264,\"height\":971},{\"@type\":\"BreadcrumbList\",\"@id\":\"https:\\\/\\\/loginfo24.com\\\/fr\\\/2023\\\/02\\\/07\\\/jurgen-albersmann-devient-pdg-du-groupe-contargo\\\/#breadcrumb\",\"itemListElement\":[{\"@type\":\"ListItem\",\"position\":1,\"name\":\"Startseite\",\"item\":\"https:\\\/\\\/loginfo24.com\\\/fr\\\/\"},{\"@type\":\"ListItem\",\"position\":2,\"name\":\"J\u00fcrgen Albersmann devient PDG du groupe Contargo\"}]},{\"@type\":\"WebSite\",\"@id\":\"https:\\\/\\\/loginfo24.com\\\/fr\\\/#website\",\"url\":\"https:\\\/\\\/loginfo24.com\\\/fr\\\/\",\"name\":\"Loginfo24\",\"description\":\"Loginfo24 est la plateforme d\u00e9di\u00e9e \u00e0 la logistique et aux cha\u00eenes d&#039;approvisionnement qui fournit des informations 24 heures sur 24.\",\"publisher\":{\"@id\":\"https:\\\/\\\/loginfo24.com\\\/fr\\\/#organization\"},\"potentialAction\":[{\"@type\":\"SearchAction\",\"target\":{\"@type\":\"EntryPoint\",\"urlTemplate\":\"https:\\\/\\\/loginfo24.com\\\/fr\\\/?s={search_term_string}\"},\"query-input\":{\"@type\":\"PropertyValueSpecification\",\"valueRequired\":true,\"valueName\":\"search_term_string\"}}],\"inLanguage\":\"fr-FR\"},{\"@type\":\"Organization\",\"@id\":\"https:\\\/\\\/loginfo24.com\\\/fr\\\/#organization\",\"name\":\"Groupe Logismedia AG\",\"url\":\"https:\\\/\\\/loginfo24.com\\\/fr\\\/\",\"logo\":{\"@type\":\"ImageObject\",\"inLanguage\":\"fr-FR\",\"@id\":\"https:\\\/\\\/loginfo24.com\\\/fr\\\/#\\\/schema\\\/logo\\\/image\\\/\",\"url\":\"https:\\\/\\\/loginfo24.com\\\/wp-content\\\/uploads\\\/sites\\\/7\\\/2026\\\/01\\\/Logo_LogInfo24.png\",\"contentUrl\":\"https:\\\/\\\/loginfo24.com\\\/wp-content\\\/uploads\\\/sites\\\/7\\\/2026\\\/01\\\/Logo_LogInfo24.png\",\"width\":938,\"height\":351,\"caption\":\"Groupe Logismedia AG\"},\"image\":{\"@id\":\"https:\\\/\\\/loginfo24.com\\\/fr\\\/#\\\/schema\\\/logo\\\/image\\\/\"},\"sameAs\":[\"https:\\\/\\\/www.facebook.com\\\/people\\\/Loginfo24\\\/100057360583332\\\/\",\"https:\\\/\\\/www.linkedin.com\\\/company\\\/lofinfo24\\\/\"]}]}<\/script>\n<!-- \/ Yoast SEO plugin. -->","yoast_head_json":{"title":"J\u00fcrgen Albersmann devient PDG du groupe Contargo - Loginfo24.","robots":{"index":"index","follow":"follow","max-snippet":"max-snippet:-1","max-image-preview":"max-image-preview:large","max-video-preview":"max-video-preview:-1"},"canonical":"https:\/\/loginfo24.com\/fr\/2023\/02\/07\/jurgen-albersmann-devient-pdg-du-groupe-contargo\/","og_locale":"fr_FR","og_type":"article","og_title":"J\u00fcrgen Albersmann devient PDG du groupe Contargo - Loginfo24.","og_description":"Le groupe Contargo r\u00e9organise sa structure de direction afin d&rsquo;organiser des offres de transport intermodal de mani\u00e8re plus connect\u00e9e et durable \u00e0 l&rsquo;avenir. J\u00fcrgen Albersmann devient [\u2026]","og_url":"https:\/\/loginfo24.com\/fr\/2023\/02\/07\/jurgen-albersmann-devient-pdg-du-groupe-contargo\/","og_site_name":"Loginfo24","article_publisher":"https:\/\/www.facebook.com\/people\/Loginfo24\/100057360583332\/","article_published_time":"2023-02-07T12:28:12+00:00","og_image":[{"width":1264,"height":971,"url":"https:\/\/loginfo24.com\/wp-content\/uploads\/sites\/7\/2025\/12\/Contargo_7.2.23.jpg","type":"image\/jpeg"}],"twitter_card":"summary_large_image","twitter_misc":{"Dur\u00e9e de lecture estim\u00e9e":"2 minutes"},"schema":{"@context":"https:\/\/schema.org","@graph":[{"@type":"Article","@id":"https:\/\/loginfo24.com\/fr\/2023\/02\/07\/jurgen-albersmann-devient-pdg-du-groupe-contargo\/#article","isPartOf":{"@id":"https:\/\/loginfo24.com\/fr\/2023\/02\/07\/jurgen-albersmann-devient-pdg-du-groupe-contargo\/"},"author":{"name":"","@id":""},"headline":"J\u00fcrgen Albersmann devient PDG du groupe Contargo","datePublished":"2023-02-07T12:28:12+00:00","mainEntityOfPage":{"@id":"https:\/\/loginfo24.com\/fr\/2023\/02\/07\/jurgen-albersmann-devient-pdg-du-groupe-contargo\/"},"wordCount":409,"commentCount":0,"publisher":{"@id":"https:\/\/loginfo24.com\/fr\/#organization"},"image":{"@id":"https:\/\/loginfo24.com\/fr\/2023\/02\/07\/jurgen-albersmann-devient-pdg-du-groupe-contargo\/#primaryimage"},"thumbnailUrl":"https:\/\/loginfo24.com\/wp-content\/uploads\/sites\/7\/2025\/12\/Contargo_7.2.23.jpg","articleSection":["Forwarding &amp; Logistics","Regions","Shipping &amp; Ports"],"inLanguage":"fr-FR","potentialAction":[{"@type":"CommentAction","name":"Comment","target":["https:\/\/loginfo24.com\/fr\/2023\/02\/07\/jurgen-albersmann-devient-pdg-du-groupe-contargo\/#respond"]}]},{"@type":"WebPage","@id":"https:\/\/loginfo24.com\/fr\/2023\/02\/07\/jurgen-albersmann-devient-pdg-du-groupe-contargo\/","url":"https:\/\/loginfo24.com\/fr\/2023\/02\/07\/jurgen-albersmann-devient-pdg-du-groupe-contargo\/","name":"J\u00fcrgen Albersmann devient PDG du groupe Contargo - Loginfo24.","isPartOf":{"@id":"https:\/\/loginfo24.com\/fr\/#website"},"primaryImageOfPage":{"@id":"https:\/\/loginfo24.com\/fr\/2023\/02\/07\/jurgen-albersmann-devient-pdg-du-groupe-contargo\/#primaryimage"},"image":{"@id":"https:\/\/loginfo24.com\/fr\/2023\/02\/07\/jurgen-albersmann-devient-pdg-du-groupe-contargo\/#primaryimage"},"thumbnailUrl":"https:\/\/loginfo24.com\/wp-content\/uploads\/sites\/7\/2025\/12\/Contargo_7.2.23.jpg","datePublished":"2023-02-07T12:28:12+00:00","breadcrumb":{"@id":"https:\/\/loginfo24.com\/fr\/2023\/02\/07\/jurgen-albersmann-devient-pdg-du-groupe-contargo\/#breadcrumb"},"inLanguage":"fr-FR","potentialAction":[{"@type":"ReadAction","target":["https:\/\/loginfo24.com\/fr\/2023\/02\/07\/jurgen-albersmann-devient-pdg-du-groupe-contargo\/"]}]},{"@type":"ImageObject","inLanguage":"fr-FR","@id":"https:\/\/loginfo24.com\/fr\/2023\/02\/07\/jurgen-albersmann-devient-pdg-du-groupe-contargo\/#primaryimage","url":"https:\/\/loginfo24.com\/wp-content\/uploads\/sites\/7\/2025\/12\/Contargo_7.2.23.jpg","contentUrl":"https:\/\/loginfo24.com\/wp-content\/uploads\/sites\/7\/2025\/12\/Contargo_7.2.23.jpg","width":1264,"height":971},{"@type":"BreadcrumbList","@id":"https:\/\/loginfo24.com\/fr\/2023\/02\/07\/jurgen-albersmann-devient-pdg-du-groupe-contargo\/#breadcrumb","itemListElement":[{"@type":"ListItem","position":1,"name":"Startseite","item":"https:\/\/loginfo24.com\/fr\/"},{"@type":"ListItem","position":2,"name":"J\u00fcrgen Albersmann devient PDG du groupe Contargo"}]},{"@type":"WebSite","@id":"https:\/\/loginfo24.com\/fr\/#website","url":"https:\/\/loginfo24.com\/fr\/","name":"Loginfo24","description":"Loginfo24 est la plateforme d\u00e9di\u00e9e \u00e0 la logistique et aux cha\u00eenes d&#039;approvisionnement qui fournit des informations 24 heures sur 24.","publisher":{"@id":"https:\/\/loginfo24.com\/fr\/#organization"},"potentialAction":[{"@type":"SearchAction","target":{"@type":"EntryPoint","urlTemplate":"https:\/\/loginfo24.com\/fr\/?s={search_term_string}"},"query-input":{"@type":"PropertyValueSpecification","valueRequired":true,"valueName":"search_term_string"}}],"inLanguage":"fr-FR"},{"@type":"Organization","@id":"https:\/\/loginfo24.com\/fr\/#organization","name":"Groupe Logismedia AG","url":"https:\/\/loginfo24.com\/fr\/","logo":{"@type":"ImageObject","inLanguage":"fr-FR","@id":"https:\/\/loginfo24.com\/fr\/#\/schema\/logo\/image\/","url":"https:\/\/loginfo24.com\/wp-content\/uploads\/sites\/7\/2026\/01\/Logo_LogInfo24.png","contentUrl":"https:\/\/loginfo24.com\/wp-content\/uploads\/sites\/7\/2026\/01\/Logo_LogInfo24.png","width":938,"height":351,"caption":"Groupe Logismedia AG"},"image":{"@id":"https:\/\/loginfo24.com\/fr\/#\/schema\/logo\/image\/"},"sameAs":["https:\/\/www.facebook.com\/people\/Loginfo24\/100057360583332\/","https:\/\/www.linkedin.com\/company\/lofinfo24\/"]}]}},"_links":{"self":[{"href":"https:\/\/loginfo24.com\/fr\/wp-json\/wp\/v2\/posts\/60466","targetHints":{"allow":["GET"]}}],"collection":[{"href":"https:\/\/loginfo24.com\/fr\/wp-json\/wp\/v2\/posts"}],"about":[{"href":"https:\/\/loginfo24.com\/fr\/wp-json\/wp\/v2\/types\/post"}],"replies":[{"embeddable":true,"href":"https:\/\/loginfo24.com\/fr\/wp-json\/wp\/v2\/comments?post=60466"}],"version-history":[{"count":0,"href":"https:\/\/loginfo24.com\/fr\/wp-json\/wp\/v2\/posts\/60466\/revisions"}],"wp:featuredmedia":[{"embeddable":true,"href":"https:\/\/loginfo24.com\/fr\/wp-json\/wp\/v2\/media\/8549"}],"wp:attachment":[{"href":"https:\/\/loginfo24.com\/fr\/wp-json\/wp\/v2\/media?parent=60466"}],"wp:term":[{"taxonomy":"category","embeddable":true,"href":"https:\/\/loginfo24.com\/fr\/wp-json\/wp\/v2\/categories?post=60466"},{"taxonomy":"post_tag","embeddable":true,"href":"https:\/\/loginfo24.com\/fr\/wp-json\/wp\/v2\/tags?post=60466"}],"curies":[{"name":"wp","href":"https:\/\/api.w.org\/{rel}","templated":true}]}}