{"id":60452,"date":"2023-02-03T16:04:22","date_gmt":"2023-02-03T15:04:22","guid":{"rendered":"https:\/\/blog.brand-architecture.at\/2023\/02\/03\/16-forum-bme-vdv-sur-le-transport-ferroviaire-de-marchandises-sest-termine-a-berlin\/"},"modified":"2023-02-03T16:04:22","modified_gmt":"2023-02-03T15:04:22","slug":"16-forum-bme-vdv-sur-le-transport-ferroviaire-de-marchandises-sest-termine-a-berlin","status":"publish","type":"post","link":"https:\/\/loginfo24.com\/fr\/2023\/02\/03\/16-forum-bme-vdv-sur-le-transport-ferroviaire-de-marchandises-sest-termine-a-berlin\/","title":{"rendered":"16. Forum BME-\/VDV sur le transport ferroviaire de marchandises s&rsquo;est termin\u00e9 \u00e0 Berlin"},"content":{"rendered":"<h5>Le transport ferroviaire de marchandises (SGV) en Allemagne est en concurrence rude avec d&rsquo;autres modes de transport. Pour atteindre les 25 % de part de march\u00e9 exig\u00e9s par le contrat de coalition du gouvernement f\u00e9d\u00e9ral d&rsquo;ici 2030, les exp\u00e9diteurs et les prestataires de services doivent travailler encore plus \u00e9troitement avec la politique.<\/h5>\n<p>(Eschborn\/Berlin) Cela est \u00e9galement vrai en ce qui concerne la r\u00e9alisation r\u00e9ussie des ambitieux objectifs climatiques, conclut le 16e Forum BME-\/VDV sur le transport ferroviaire de marchandises, qui s&rsquo;est termin\u00e9 jeudi (2 f\u00e9vrier 2023) \u00e0 Berlin. L&rsquo;\u00e9v\u00e9nement \u00e9tait enti\u00e8rement ax\u00e9 sur le renforcement du mode de transport ferroviaire. D&rsquo;autres sujets de cette manifestation professionnelle de deux jours, qui a rassembl\u00e9 plus de 200 participants, comprenaient notamment des concepts de transfert intelligents pour des marchandises l\u00e9g\u00e8res et rapides ainsi que des solutions num\u00e9riques dans le domaine du SGV et du KV.<\/p>\n<p>\u00ab Le rail est le mode de transport terrestre le plus respectueux de l&rsquo;environnement. \u00c0 une \u00e9poque o\u00f9 le changement climatique occupe une grande partie des gens et des entreprises - ne serait-ce que pour atteindre les objectifs climatiques - c&rsquo;est le plus grand atout du SGV \u00bb, a soulign\u00e9 Carsten Knauer, responsable de la section Logistique \/ consultant des groupes sp\u00e9cialis\u00e9s de l&rsquo;Association f\u00e9d\u00e9rale de la gestion des mat\u00e9riaux, des achats et de la logistique e.V. (BME), jeudi apr\u00e8s la conclusion de cette ann\u00e9e du Forum BME-\/VDV \u00e0 Berlin. Cependant, selon lui, il reste des progr\u00e8s \u00e0 faire en mati\u00e8re de num\u00e9risation, de transparence et de collaboration. Les donn\u00e9es existantes doivent \u00eatre \u00e9chang\u00e9es de mani\u00e8re ouverte et sans ruptures. Ce n&rsquo;est qu&rsquo;ainsi qu&rsquo;une am\u00e9lioration de la fiabilit\u00e9 et de la ponctualit\u00e9 peut \u00eatre r\u00e9alis\u00e9e. Knauer : \u00ab Le congr\u00e8s BME-VDV a montr\u00e9 qu&rsquo;une coop\u00e9ration entre les diff\u00e9rents acteurs - des exp\u00e9diteurs aux entreprises ferroviaires en passant par les op\u00e9rateurs de terminaux et les entreprises de transport - est tout \u00e0 fait possible. Il est souhaitable que lors des prochains congr\u00e8s, la politique soit \u00e0 nouveau impliqu\u00e9e et prenne en compte directement les suggestions du secteur. \u00bb<\/p>\n<h5>Un soutien politique restera n\u00e9cessaire<\/h5>\n<p>Le vice-pr\u00e9sident de l&rsquo;Association des entreprises de transport allemandes (VDV), Joachim Berends, a soulign\u00e9 que \u00ab nous avons toujours besoin d&rsquo;un soutien politique. Cela est vrai pour l&rsquo;am\u00e9lioration des conditions de concurrence par rapport \u00e0 la route et pour le financement. L&rsquo;acc\u00e9l\u00e9ration de la planification et de la construction reste en t\u00eate de l&rsquo;agenda. Nous avons eu un bon processus avec toutes les parties prenantes dans le programme d&rsquo;acc\u00e9l\u00e9ration du rail. Celui-ci est maintenant au point mort, car le gouvernement f\u00e9d\u00e9ral n&rsquo;est pas d&rsquo;accord sur la priorisation dans la l\u00e9gislation. Ce n&rsquo;est pas bon, car nous avons besoin de la loi d&rsquo;acc\u00e9l\u00e9ration tr\u00e8s rapidement pour renforcer et d\u00e9velopper le r\u00e9seau ferroviaire. En ce qui concerne le financement, plusieurs mesures de soutien sont \u00e9galement sur la table du gouvernement f\u00e9d\u00e9ral, qui doivent \u00eatre mises en \u0153uvre. Avant tout, la directive sur le soutien au transport de wagons individuels. \u00bb<\/p>\n<p>Les plus de 200 exp\u00e9diteurs participants de tous les secteurs industriels et commerciaux, ainsi que des prestataires de services dans le domaine ferroviaire, des entreprises de transport ferroviaire (EVU) et des entreprises de transport ferroviaire ont utilis\u00e9 le forum de cette ann\u00e9e pour \u00e9changer des solutions intelligentes pour le d\u00e9veloppement et l&rsquo;expansion efficaces de voies de transport durables \u00e0 l&rsquo;aide du rail.<\/p>\n<h5>Plus de 50 trains par semaine<\/h5>\n<p>Ainsi, Dr. Christoph Hempsch, responsable de la durabilit\u00e9 Post &amp; Paket Deutschland du groupe Deutsche Post DHL, a inform\u00e9 dans sa pr\u00e9sentation que \u00ab l&rsquo;expansion du transport de marchandises rapide et l\u00e9ger est un \u00e9l\u00e9ment essentiel de la strat\u00e9gie de durabilit\u00e9 \u00bb de son entreprise. Selon lui, le rail est \u00ab une solution respectueuse du climat pour le transport interr\u00e9gional de colis \u00bb. Plus de 50 trains sont utilis\u00e9s chaque semaine ; dans les semaines pr\u00e9c\u00e9dant No\u00ebl, il y en avait m\u00eame plus de 70. D\u00e9j\u00e0 six pour cent de tous les colis DHL sont transport\u00e9s par rail, selon Hempsch - principalement sur de longues relations de transport. Le rail est \u00ab surtout le week-end une tr\u00e8s bonne alternative au camion, permettant aux conducteurs de camions de respecter leurs temps de repos hebdomadaires \u00bb. Hempsch a \u00e9galement d\u00e9clar\u00e9 que \u00ab le transfert de transports sensibles au temps vers le rail doit offrir un rapport \u00e9quilibr\u00e9 entre les opportunit\u00e9s (r\u00e9duction des \u00e9missions, capacit\u00e9 de transport le dimanche, perception positive des clients) et les risques (fiabilit\u00e9, ponctualit\u00e9, flexibilit\u00e9 en cas de fluctuations de volume) \u00bb. Il a finalement reconnu que \u00ab les transports ferroviaires dans notre r\u00e9seau entra\u00eenent des dur\u00e9es de transport nettement plus longues par rapport au transport routier \u00bb. <\/p>\n<p>Pour Gerhard Oswald, associ\u00e9 g\u00e9rant de Gomultimodal GmbH, le rail est un \u00e9l\u00e9ment fort dans le d\u00e9veloppement et la mise en \u0153uvre de concepts de transport durables. Pour atteindre les ambitieux objectifs climatiques, le transfert des transports de camions vers le transport combin\u00e9 respectueux de l&rsquo;environnement est un levier important, a soulign\u00e9 Oswald dans sa pr\u00e9sentation. Pour les exp\u00e9diteurs, le KV repr\u00e9sente la solution id\u00e9ale pour atteindre les objectifs internes de r\u00e9duction des \u00e9missions de CO\u2082. Le succ\u00e8s des projets Gomultimodal \u00ab Ready for Rail \u00bb et \u00ab Moovment \u00bb doit \u00eatre mesur\u00e9 principalement en tonnes de CO\u2082 \u00e9vit\u00e9es, plut\u00f4t qu&rsquo;en euros. L&rsquo;objectif majeur est d&rsquo;\u00e9viter un million de tonnes par an.<\/p>\n<h5>Le transport combin\u00e9 repr\u00e9sente plus de 30 pour cent<\/h5>\n<p>Michail Stahlhut, PDG de Hupac, un op\u00e9rateur de r\u00e9seau dans le transport intermodal en Europe, a plaid\u00e9 dans sa d\u00e9claration en faveur du transport combin\u00e9 (KV). Il a rappel\u00e9 que plus de 30 % du march\u00e9 ferroviaire en Allemagne provient du KV. Il est convaincu que le KV sera le moteur de croissance dans le partage modal, m\u00eame si des lacunes dans l&rsquo;infrastructure entra\u00eenent actuellement des effets disruptifs sur la qualit\u00e9 et la capacit\u00e9. Stahlhut a appel\u00e9 \u00e0 un coup de performance de la communaut\u00e9 ferroviaire. \u00ab Le syst\u00e8me ferroviaire doit r\u00e9aliser plus avec le m\u00eame nombre de trains. Il est donc prioritaire d&rsquo;augmenter la longueur des trains \u00e0 740 m\u00e8tres \u00bb, a d\u00e9clar\u00e9 Stahlhut. Le KV est \u00ab la pointe de la r\u00e9duction des \u00e9missions de CO2. Il faut une forte exigence de performance et une r\u00e9duction du gaspillage \u00e0 tous les niveaux. Pour cela, nous devons d&rsquo;abord utiliser ce que nous avons et ensuite \u00e9galement augmenter la capacit\u00e9 du paysage des terminaux. \u00bb<\/p>\n<p>Photo : \u00a9 Peter-Paul Weiler\/BMV<\/p>\n","protected":false},"excerpt":{"rendered":"<p>Le transport ferroviaire de marchandises (SGV) en Allemagne est en concurrence rude avec d&rsquo;autres modes de transport. Pour atteindre les 25 % de part de march\u00e9<span class=\"excerpt-hellip\"> [\u2026]<\/span><\/p>\n","protected":false},"author":0,"featured_media":8559,"comment_status":"open","ping_status":"open","sticky":false,"template":"","format":"standard","meta":{"_acf_changed":false,"footnotes":""},"categories":[1557,1561],"tags":[],"class_list":["post-60452","post","type-post","status-publish","format-standard","has-post-thumbnail","hentry","category-forwarding-logistics","category-regions"],"acf":[],"yoast_head":"<!-- This site is optimized with the Yoast SEO plugin v27.3 - https:\/\/yoast.com\/product\/yoast-seo-wordpress\/ -->\n<title>16. Forum BME-\/VDV sur le transport ferroviaire de marchandises s&#039;est termin\u00e9 \u00e0 Berlin - Loginfo24.<\/title>\n<meta name=\"robots\" content=\"index, follow, max-snippet:-1, max-image-preview:large, max-video-preview:-1\" \/>\n<link rel=\"canonical\" href=\"https:\/\/loginfo24.com\/fr\/2023\/02\/03\/16-forum-bme-vdv-sur-le-transport-ferroviaire-de-marchandises-sest-termine-a-berlin\/\" \/>\n<meta property=\"og:locale\" content=\"fr_FR\" \/>\n<meta property=\"og:type\" content=\"article\" \/>\n<meta property=\"og:title\" content=\"16. Forum BME-\/VDV sur le transport ferroviaire de marchandises s&#039;est termin\u00e9 \u00e0 Berlin - Loginfo24.\" \/>\n<meta property=\"og:description\" content=\"Le transport ferroviaire de marchandises (SGV) en Allemagne est en concurrence rude avec d&rsquo;autres modes de transport. Pour atteindre les 25 % de part de march\u00e9 [\u2026]\" \/>\n<meta property=\"og:url\" content=\"https:\/\/loginfo24.com\/fr\/2023\/02\/03\/16-forum-bme-vdv-sur-le-transport-ferroviaire-de-marchandises-sest-termine-a-berlin\/\" \/>\n<meta property=\"og:site_name\" content=\"Loginfo24\" \/>\n<meta property=\"article:publisher\" content=\"https:\/\/www.facebook.com\/people\/Loginfo24\/100057360583332\/\" \/>\n<meta property=\"article:published_time\" content=\"2023-02-03T15:04:22+00:00\" \/>\n<meta property=\"og:image\" content=\"https:\/\/loginfo24.com\/wp-content\/uploads\/sites\/7\/2025\/12\/BME_3.2.23.jpg\" \/>\n\t<meta property=\"og:image:width\" content=\"1242\" \/>\n\t<meta property=\"og:image:height\" content=\"776\" \/>\n\t<meta property=\"og:image:type\" content=\"image\/jpeg\" \/>\n<meta name=\"twitter:card\" content=\"summary_large_image\" \/>\n<meta name=\"twitter:label1\" content=\"Dur\u00e9e de lecture estim\u00e9e\" \/>\n\t<meta name=\"twitter:data1\" content=\"6 minutes\" \/>\n<script type=\"application\/ld+json\" class=\"yoast-schema-graph\">{\"@context\":\"https:\\\/\\\/schema.org\",\"@graph\":[{\"@type\":\"Article\",\"@id\":\"https:\\\/\\\/loginfo24.com\\\/fr\\\/2023\\\/02\\\/03\\\/16-forum-bme-vdv-sur-le-transport-ferroviaire-de-marchandises-sest-termine-a-berlin\\\/#article\",\"isPartOf\":{\"@id\":\"https:\\\/\\\/loginfo24.com\\\/fr\\\/2023\\\/02\\\/03\\\/16-forum-bme-vdv-sur-le-transport-ferroviaire-de-marchandises-sest-termine-a-berlin\\\/\"},\"author\":{\"name\":\"\",\"@id\":\"\"},\"headline\":\"16. Forum BME-\\\/VDV sur le transport ferroviaire de marchandises s&rsquo;est termin\u00e9 \u00e0 Berlin\",\"datePublished\":\"2023-02-03T15:04:22+00:00\",\"mainEntityOfPage\":{\"@id\":\"https:\\\/\\\/loginfo24.com\\\/fr\\\/2023\\\/02\\\/03\\\/16-forum-bme-vdv-sur-le-transport-ferroviaire-de-marchandises-sest-termine-a-berlin\\\/\"},\"wordCount\":1155,\"commentCount\":0,\"publisher\":{\"@id\":\"https:\\\/\\\/loginfo24.com\\\/fr\\\/#organization\"},\"image\":{\"@id\":\"https:\\\/\\\/loginfo24.com\\\/fr\\\/2023\\\/02\\\/03\\\/16-forum-bme-vdv-sur-le-transport-ferroviaire-de-marchandises-sest-termine-a-berlin\\\/#primaryimage\"},\"thumbnailUrl\":\"https:\\\/\\\/loginfo24.com\\\/wp-content\\\/uploads\\\/sites\\\/7\\\/2025\\\/12\\\/BME_3.2.23.jpg\",\"articleSection\":[\"Forwarding &amp; Logistics\",\"Regions\"],\"inLanguage\":\"fr-FR\",\"potentialAction\":[{\"@type\":\"CommentAction\",\"name\":\"Comment\",\"target\":[\"https:\\\/\\\/loginfo24.com\\\/fr\\\/2023\\\/02\\\/03\\\/16-forum-bme-vdv-sur-le-transport-ferroviaire-de-marchandises-sest-termine-a-berlin\\\/#respond\"]}]},{\"@type\":\"WebPage\",\"@id\":\"https:\\\/\\\/loginfo24.com\\\/fr\\\/2023\\\/02\\\/03\\\/16-forum-bme-vdv-sur-le-transport-ferroviaire-de-marchandises-sest-termine-a-berlin\\\/\",\"url\":\"https:\\\/\\\/loginfo24.com\\\/fr\\\/2023\\\/02\\\/03\\\/16-forum-bme-vdv-sur-le-transport-ferroviaire-de-marchandises-sest-termine-a-berlin\\\/\",\"name\":\"16. Forum BME-\\\/VDV sur le transport ferroviaire de marchandises s'est termin\u00e9 \u00e0 Berlin - Loginfo24.\",\"isPartOf\":{\"@id\":\"https:\\\/\\\/loginfo24.com\\\/fr\\\/#website\"},\"primaryImageOfPage\":{\"@id\":\"https:\\\/\\\/loginfo24.com\\\/fr\\\/2023\\\/02\\\/03\\\/16-forum-bme-vdv-sur-le-transport-ferroviaire-de-marchandises-sest-termine-a-berlin\\\/#primaryimage\"},\"image\":{\"@id\":\"https:\\\/\\\/loginfo24.com\\\/fr\\\/2023\\\/02\\\/03\\\/16-forum-bme-vdv-sur-le-transport-ferroviaire-de-marchandises-sest-termine-a-berlin\\\/#primaryimage\"},\"thumbnailUrl\":\"https:\\\/\\\/loginfo24.com\\\/wp-content\\\/uploads\\\/sites\\\/7\\\/2025\\\/12\\\/BME_3.2.23.jpg\",\"datePublished\":\"2023-02-03T15:04:22+00:00\",\"breadcrumb\":{\"@id\":\"https:\\\/\\\/loginfo24.com\\\/fr\\\/2023\\\/02\\\/03\\\/16-forum-bme-vdv-sur-le-transport-ferroviaire-de-marchandises-sest-termine-a-berlin\\\/#breadcrumb\"},\"inLanguage\":\"fr-FR\",\"potentialAction\":[{\"@type\":\"ReadAction\",\"target\":[\"https:\\\/\\\/loginfo24.com\\\/fr\\\/2023\\\/02\\\/03\\\/16-forum-bme-vdv-sur-le-transport-ferroviaire-de-marchandises-sest-termine-a-berlin\\\/\"]}]},{\"@type\":\"ImageObject\",\"inLanguage\":\"fr-FR\",\"@id\":\"https:\\\/\\\/loginfo24.com\\\/fr\\\/2023\\\/02\\\/03\\\/16-forum-bme-vdv-sur-le-transport-ferroviaire-de-marchandises-sest-termine-a-berlin\\\/#primaryimage\",\"url\":\"https:\\\/\\\/loginfo24.com\\\/wp-content\\\/uploads\\\/sites\\\/7\\\/2025\\\/12\\\/BME_3.2.23.jpg\",\"contentUrl\":\"https:\\\/\\\/loginfo24.com\\\/wp-content\\\/uploads\\\/sites\\\/7\\\/2025\\\/12\\\/BME_3.2.23.jpg\",\"width\":1242,\"height\":776},{\"@type\":\"BreadcrumbList\",\"@id\":\"https:\\\/\\\/loginfo24.com\\\/fr\\\/2023\\\/02\\\/03\\\/16-forum-bme-vdv-sur-le-transport-ferroviaire-de-marchandises-sest-termine-a-berlin\\\/#breadcrumb\",\"itemListElement\":[{\"@type\":\"ListItem\",\"position\":1,\"name\":\"Startseite\",\"item\":\"https:\\\/\\\/loginfo24.com\\\/fr\\\/\"},{\"@type\":\"ListItem\",\"position\":2,\"name\":\"16. Forum BME-\\\/VDV sur le transport ferroviaire de marchandises s&rsquo;est termin\u00e9 \u00e0 Berlin\"}]},{\"@type\":\"WebSite\",\"@id\":\"https:\\\/\\\/loginfo24.com\\\/fr\\\/#website\",\"url\":\"https:\\\/\\\/loginfo24.com\\\/fr\\\/\",\"name\":\"Loginfo24\",\"description\":\"Loginfo24 est la plateforme d\u00e9di\u00e9e \u00e0 la logistique et aux cha\u00eenes d&#039;approvisionnement qui fournit des informations 24 heures sur 24.\",\"publisher\":{\"@id\":\"https:\\\/\\\/loginfo24.com\\\/fr\\\/#organization\"},\"potentialAction\":[{\"@type\":\"SearchAction\",\"target\":{\"@type\":\"EntryPoint\",\"urlTemplate\":\"https:\\\/\\\/loginfo24.com\\\/fr\\\/?s={search_term_string}\"},\"query-input\":{\"@type\":\"PropertyValueSpecification\",\"valueRequired\":true,\"valueName\":\"search_term_string\"}}],\"inLanguage\":\"fr-FR\"},{\"@type\":\"Organization\",\"@id\":\"https:\\\/\\\/loginfo24.com\\\/fr\\\/#organization\",\"name\":\"Groupe Logismedia AG\",\"url\":\"https:\\\/\\\/loginfo24.com\\\/fr\\\/\",\"logo\":{\"@type\":\"ImageObject\",\"inLanguage\":\"fr-FR\",\"@id\":\"https:\\\/\\\/loginfo24.com\\\/fr\\\/#\\\/schema\\\/logo\\\/image\\\/\",\"url\":\"https:\\\/\\\/loginfo24.com\\\/wp-content\\\/uploads\\\/sites\\\/7\\\/2026\\\/01\\\/Logo_LogInfo24.png\",\"contentUrl\":\"https:\\\/\\\/loginfo24.com\\\/wp-content\\\/uploads\\\/sites\\\/7\\\/2026\\\/01\\\/Logo_LogInfo24.png\",\"width\":938,\"height\":351,\"caption\":\"Groupe Logismedia AG\"},\"image\":{\"@id\":\"https:\\\/\\\/loginfo24.com\\\/fr\\\/#\\\/schema\\\/logo\\\/image\\\/\"},\"sameAs\":[\"https:\\\/\\\/www.facebook.com\\\/people\\\/Loginfo24\\\/100057360583332\\\/\",\"https:\\\/\\\/www.linkedin.com\\\/company\\\/lofinfo24\\\/\"]}]}<\/script>\n<!-- \/ Yoast SEO plugin. -->","yoast_head_json":{"title":"16. Forum BME-\/VDV sur le transport ferroviaire de marchandises s'est termin\u00e9 \u00e0 Berlin - Loginfo24.","robots":{"index":"index","follow":"follow","max-snippet":"max-snippet:-1","max-image-preview":"max-image-preview:large","max-video-preview":"max-video-preview:-1"},"canonical":"https:\/\/loginfo24.com\/fr\/2023\/02\/03\/16-forum-bme-vdv-sur-le-transport-ferroviaire-de-marchandises-sest-termine-a-berlin\/","og_locale":"fr_FR","og_type":"article","og_title":"16. Forum BME-\/VDV sur le transport ferroviaire de marchandises s'est termin\u00e9 \u00e0 Berlin - Loginfo24.","og_description":"Le transport ferroviaire de marchandises (SGV) en Allemagne est en concurrence rude avec d&rsquo;autres modes de transport. Pour atteindre les 25 % de part de march\u00e9 [\u2026]","og_url":"https:\/\/loginfo24.com\/fr\/2023\/02\/03\/16-forum-bme-vdv-sur-le-transport-ferroviaire-de-marchandises-sest-termine-a-berlin\/","og_site_name":"Loginfo24","article_publisher":"https:\/\/www.facebook.com\/people\/Loginfo24\/100057360583332\/","article_published_time":"2023-02-03T15:04:22+00:00","og_image":[{"width":1242,"height":776,"url":"https:\/\/loginfo24.com\/wp-content\/uploads\/sites\/7\/2025\/12\/BME_3.2.23.jpg","type":"image\/jpeg"}],"twitter_card":"summary_large_image","twitter_misc":{"Dur\u00e9e de lecture estim\u00e9e":"6 minutes"},"schema":{"@context":"https:\/\/schema.org","@graph":[{"@type":"Article","@id":"https:\/\/loginfo24.com\/fr\/2023\/02\/03\/16-forum-bme-vdv-sur-le-transport-ferroviaire-de-marchandises-sest-termine-a-berlin\/#article","isPartOf":{"@id":"https:\/\/loginfo24.com\/fr\/2023\/02\/03\/16-forum-bme-vdv-sur-le-transport-ferroviaire-de-marchandises-sest-termine-a-berlin\/"},"author":{"name":"","@id":""},"headline":"16. Forum BME-\/VDV sur le transport ferroviaire de marchandises s&rsquo;est termin\u00e9 \u00e0 Berlin","datePublished":"2023-02-03T15:04:22+00:00","mainEntityOfPage":{"@id":"https:\/\/loginfo24.com\/fr\/2023\/02\/03\/16-forum-bme-vdv-sur-le-transport-ferroviaire-de-marchandises-sest-termine-a-berlin\/"},"wordCount":1155,"commentCount":0,"publisher":{"@id":"https:\/\/loginfo24.com\/fr\/#organization"},"image":{"@id":"https:\/\/loginfo24.com\/fr\/2023\/02\/03\/16-forum-bme-vdv-sur-le-transport-ferroviaire-de-marchandises-sest-termine-a-berlin\/#primaryimage"},"thumbnailUrl":"https:\/\/loginfo24.com\/wp-content\/uploads\/sites\/7\/2025\/12\/BME_3.2.23.jpg","articleSection":["Forwarding &amp; Logistics","Regions"],"inLanguage":"fr-FR","potentialAction":[{"@type":"CommentAction","name":"Comment","target":["https:\/\/loginfo24.com\/fr\/2023\/02\/03\/16-forum-bme-vdv-sur-le-transport-ferroviaire-de-marchandises-sest-termine-a-berlin\/#respond"]}]},{"@type":"WebPage","@id":"https:\/\/loginfo24.com\/fr\/2023\/02\/03\/16-forum-bme-vdv-sur-le-transport-ferroviaire-de-marchandises-sest-termine-a-berlin\/","url":"https:\/\/loginfo24.com\/fr\/2023\/02\/03\/16-forum-bme-vdv-sur-le-transport-ferroviaire-de-marchandises-sest-termine-a-berlin\/","name":"16. Forum BME-\/VDV sur le transport ferroviaire de marchandises s'est termin\u00e9 \u00e0 Berlin - Loginfo24.","isPartOf":{"@id":"https:\/\/loginfo24.com\/fr\/#website"},"primaryImageOfPage":{"@id":"https:\/\/loginfo24.com\/fr\/2023\/02\/03\/16-forum-bme-vdv-sur-le-transport-ferroviaire-de-marchandises-sest-termine-a-berlin\/#primaryimage"},"image":{"@id":"https:\/\/loginfo24.com\/fr\/2023\/02\/03\/16-forum-bme-vdv-sur-le-transport-ferroviaire-de-marchandises-sest-termine-a-berlin\/#primaryimage"},"thumbnailUrl":"https:\/\/loginfo24.com\/wp-content\/uploads\/sites\/7\/2025\/12\/BME_3.2.23.jpg","datePublished":"2023-02-03T15:04:22+00:00","breadcrumb":{"@id":"https:\/\/loginfo24.com\/fr\/2023\/02\/03\/16-forum-bme-vdv-sur-le-transport-ferroviaire-de-marchandises-sest-termine-a-berlin\/#breadcrumb"},"inLanguage":"fr-FR","potentialAction":[{"@type":"ReadAction","target":["https:\/\/loginfo24.com\/fr\/2023\/02\/03\/16-forum-bme-vdv-sur-le-transport-ferroviaire-de-marchandises-sest-termine-a-berlin\/"]}]},{"@type":"ImageObject","inLanguage":"fr-FR","@id":"https:\/\/loginfo24.com\/fr\/2023\/02\/03\/16-forum-bme-vdv-sur-le-transport-ferroviaire-de-marchandises-sest-termine-a-berlin\/#primaryimage","url":"https:\/\/loginfo24.com\/wp-content\/uploads\/sites\/7\/2025\/12\/BME_3.2.23.jpg","contentUrl":"https:\/\/loginfo24.com\/wp-content\/uploads\/sites\/7\/2025\/12\/BME_3.2.23.jpg","width":1242,"height":776},{"@type":"BreadcrumbList","@id":"https:\/\/loginfo24.com\/fr\/2023\/02\/03\/16-forum-bme-vdv-sur-le-transport-ferroviaire-de-marchandises-sest-termine-a-berlin\/#breadcrumb","itemListElement":[{"@type":"ListItem","position":1,"name":"Startseite","item":"https:\/\/loginfo24.com\/fr\/"},{"@type":"ListItem","position":2,"name":"16. Forum BME-\/VDV sur le transport ferroviaire de marchandises s&rsquo;est termin\u00e9 \u00e0 Berlin"}]},{"@type":"WebSite","@id":"https:\/\/loginfo24.com\/fr\/#website","url":"https:\/\/loginfo24.com\/fr\/","name":"Loginfo24","description":"Loginfo24 est la plateforme d\u00e9di\u00e9e \u00e0 la logistique et aux cha\u00eenes d&#039;approvisionnement qui fournit des informations 24 heures sur 24.","publisher":{"@id":"https:\/\/loginfo24.com\/fr\/#organization"},"potentialAction":[{"@type":"SearchAction","target":{"@type":"EntryPoint","urlTemplate":"https:\/\/loginfo24.com\/fr\/?s={search_term_string}"},"query-input":{"@type":"PropertyValueSpecification","valueRequired":true,"valueName":"search_term_string"}}],"inLanguage":"fr-FR"},{"@type":"Organization","@id":"https:\/\/loginfo24.com\/fr\/#organization","name":"Groupe Logismedia AG","url":"https:\/\/loginfo24.com\/fr\/","logo":{"@type":"ImageObject","inLanguage":"fr-FR","@id":"https:\/\/loginfo24.com\/fr\/#\/schema\/logo\/image\/","url":"https:\/\/loginfo24.com\/wp-content\/uploads\/sites\/7\/2026\/01\/Logo_LogInfo24.png","contentUrl":"https:\/\/loginfo24.com\/wp-content\/uploads\/sites\/7\/2026\/01\/Logo_LogInfo24.png","width":938,"height":351,"caption":"Groupe Logismedia AG"},"image":{"@id":"https:\/\/loginfo24.com\/fr\/#\/schema\/logo\/image\/"},"sameAs":["https:\/\/www.facebook.com\/people\/Loginfo24\/100057360583332\/","https:\/\/www.linkedin.com\/company\/lofinfo24\/"]}]}},"_links":{"self":[{"href":"https:\/\/loginfo24.com\/fr\/wp-json\/wp\/v2\/posts\/60452","targetHints":{"allow":["GET"]}}],"collection":[{"href":"https:\/\/loginfo24.com\/fr\/wp-json\/wp\/v2\/posts"}],"about":[{"href":"https:\/\/loginfo24.com\/fr\/wp-json\/wp\/v2\/types\/post"}],"replies":[{"embeddable":true,"href":"https:\/\/loginfo24.com\/fr\/wp-json\/wp\/v2\/comments?post=60452"}],"version-history":[{"count":0,"href":"https:\/\/loginfo24.com\/fr\/wp-json\/wp\/v2\/posts\/60452\/revisions"}],"wp:featuredmedia":[{"embeddable":true,"href":"https:\/\/loginfo24.com\/fr\/wp-json\/wp\/v2\/media\/8559"}],"wp:attachment":[{"href":"https:\/\/loginfo24.com\/fr\/wp-json\/wp\/v2\/media?parent=60452"}],"wp:term":[{"taxonomy":"category","embeddable":true,"href":"https:\/\/loginfo24.com\/fr\/wp-json\/wp\/v2\/categories?post=60452"},{"taxonomy":"post_tag","embeddable":true,"href":"https:\/\/loginfo24.com\/fr\/wp-json\/wp\/v2\/tags?post=60452"}],"curies":[{"name":"wp","href":"https:\/\/api.w.org\/{rel}","templated":true}]}}