{"id":60129,"date":"2023-01-10T19:45:17","date_gmt":"2023-01-10T18:45:17","guid":{"rendered":"https:\/\/blog.brand-architecture.at\/2023\/01\/10\/xstaff-renforce-son-equipe-dirigeante-avec-stephan-schiller\/"},"modified":"2023-01-10T19:45:17","modified_gmt":"2023-01-10T18:45:17","slug":"xstaff-renforce-son-equipe-dirigeante-avec-stephan-schiller","status":"publish","type":"post","link":"https:\/\/loginfo24.com\/fr\/2023\/01\/10\/xstaff-renforce-son-equipe-dirigeante-avec-stephan-schiller\/","title":{"rendered":"XSTAFF renforce son \u00e9quipe dirigeante avec Stephan Schiller"},"content":{"rendered":"<h5><strong>\u00c0 compter du 16 janvier 2023, Stephan Schiller sera le nouveau directeur g\u00e9n\u00e9ral et associ\u00e9 de XSTAFF GmbH. \u00c2g\u00e9 de 52 ans, ancien directeur g\u00e9n\u00e9ral de Hermes Europe GmbH et PDG de Hermes International, il dirigera d\u00e9sormais l&rsquo;entreprise aux c\u00f4t\u00e9s du fondateur Bodo Knop et d&rsquo;Antonios Rigalos, directeur de la croissance de XSTAFF.<\/strong><\/h5>\n<p>(D\u00fcsseldorf) Avec l&rsquo;engagement de Schiller, le prestataire logistique bas\u00e9 \u00e0 D\u00fcsseldorf envoie un signal clair pour l&rsquo;orientation future de l&rsquo;entreprise. \u00ab Avec Stephan Schiller, nous avons pu recruter une personnalit\u00e9 de leadership qui apporte non seulement un grand savoir-faire et une expertise \u00e9lev\u00e9e, mais qui partage \u00e9galement notre vision d&rsquo;un mod\u00e8le commercial coop\u00e9ratif. Cela cr\u00e9e des conditions id\u00e9ales pour continuer \u00e0 poursuivre la trajectoire de croissance de XSTAFF \u00bb, se r\u00e9jouit Bodo Knop, pr\u00e9sident du conseil d&rsquo;administration de XSTAFF GmbH, de ce renforcement de renom.<\/p>\n<h5><strong>\u00c0 l&rsquo;aise sur les march\u00e9s mondiaux<\/strong><\/h5>\n<p>Schiller est actif dans le secteur de la logistique depuis plus de 30 ans et a connu presque toutes les dimensions de la logistique durant cette p\u00e9riode. Cela inclut la gestion op\u00e9rationnelle \u00e0 travers tous les modes de transport, le d\u00e9veloppement de r\u00e9seaux de partenaires mondiaux ainsi que le d\u00e9veloppement de solutions de commerce \u00e9lectronique. La construction et le positionnement de Hermes en tant que logisticien de la cha\u00eene d&rsquo;approvisionnement et l&rsquo;int\u00e9gration du mod\u00e8le commercial dans la logistique d&rsquo;approvisionnement du groupe Otto sont principalement attribuables \u00e0 Schiller. Ainsi, Schiller a occup\u00e9 des postes en tant que transporteur, prestataire de services et BCO au cours de sa carri\u00e8re. \u00ab Cette connaissance des diff\u00e9rentes situations d&rsquo;int\u00e9r\u00eat et des lignes de conflit est utile, surtout lorsqu&rsquo;il s&rsquo;agit de conseiller avec succ\u00e8s les membres de XSTAFF et de d\u00e9velopper des valeurs ajout\u00e9es. \u00bb De toute fa\u00e7on, le natif de Hambourg voit ses forces principalement dans le d\u00e9veloppement et l&rsquo;\u00e9tablissement \u00e0 long terme d&rsquo;unit\u00e9s commerciales performantes.<\/p>\n<blockquote><p>\u00ab Concevoir, construire, structurer et cr\u00e9er de la valeur : c&rsquo;est mon ADN et certainement l&rsquo;une des raisons pour lesquelles j&rsquo;ai choisi une jeune entreprise en pleine croissance comme XSTAFF. L&rsquo;id\u00e9e commerciale qui sous-tend l&rsquo;entreprise me fascine et rec\u00e8le encore d&rsquo;\u00e9normes possibilit\u00e9s au-del\u00e0 de ce qui a \u00e9t\u00e9 accompli jusqu&rsquo;\u00e0 pr\u00e9sent. Cela n\u00e9cessite non seulement une croissance g\u00e9ographique et produit suppl\u00e9mentaire, mais aussi le d\u00e9veloppement et l&rsquo;am\u00e9lioration des comp\u00e9tences strat\u00e9giques. Notre objectif doit \u00eatre de devenir le partenaire strat\u00e9gique le plus important pour nos BCO et le point de contact central pour toutes les questions li\u00e9es \u00e0 la logistique. Ainsi, nous cr\u00e9ons des valeurs ajout\u00e9es dont tous les acteurs b\u00e9n\u00e9ficient. \u00bb<\/p><\/blockquote>\n<p>Photo : \u00a9 XSTAFF GmbH \/ <strong><em>L\u00e9gende de l&rsquo;image :<\/em><\/strong><em> Stephan Schiller, nouveau directeur g\u00e9n\u00e9ral et associ\u00e9 de XSTAFF GmbH<\/em><\/p>\n","protected":false},"excerpt":{"rendered":"<p>\u00c0 compter du 16 janvier 2023, Stephan Schiller sera le nouveau directeur g\u00e9n\u00e9ral et associ\u00e9 de XSTAFF GmbH. \u00c2g\u00e9 de 52 ans, ancien directeur g\u00e9n\u00e9ral de<span class=\"excerpt-hellip\"> [\u2026]<\/span><\/p>\n","protected":false},"author":0,"featured_media":8713,"comment_status":"open","ping_status":"open","sticky":false,"template":"","format":"standard","meta":{"_acf_changed":false,"footnotes":""},"categories":[1665,1557,1561],"tags":[],"class_list":["post-60129","post","type-post","status-publish","format-standard","has-post-thumbnail","hentry","category-categories","category-forwarding-logistics","category-regions"],"acf":[],"yoast_head":"<!-- This site is optimized with the Yoast SEO plugin v27.3 - https:\/\/yoast.com\/product\/yoast-seo-wordpress\/ -->\n<title>XSTAFF renforce son \u00e9quipe dirigeante avec Stephan Schiller - Loginfo24.<\/title>\n<meta name=\"robots\" content=\"index, follow, max-snippet:-1, max-image-preview:large, max-video-preview:-1\" \/>\n<link rel=\"canonical\" href=\"https:\/\/loginfo24.com\/fr\/2023\/01\/10\/xstaff-renforce-son-equipe-dirigeante-avec-stephan-schiller\/\" \/>\n<meta property=\"og:locale\" content=\"fr_FR\" \/>\n<meta property=\"og:type\" content=\"article\" \/>\n<meta property=\"og:title\" content=\"XSTAFF renforce son \u00e9quipe dirigeante avec Stephan Schiller - Loginfo24.\" \/>\n<meta property=\"og:description\" content=\"\u00c0 compter du 16 janvier 2023, Stephan Schiller sera le nouveau directeur g\u00e9n\u00e9ral et associ\u00e9 de XSTAFF GmbH. \u00c2g\u00e9 de 52 ans, ancien directeur g\u00e9n\u00e9ral de [\u2026]\" \/>\n<meta property=\"og:url\" content=\"https:\/\/loginfo24.com\/fr\/2023\/01\/10\/xstaff-renforce-son-equipe-dirigeante-avec-stephan-schiller\/\" \/>\n<meta property=\"og:site_name\" content=\"Loginfo24\" \/>\n<meta property=\"article:publisher\" content=\"https:\/\/www.facebook.com\/people\/Loginfo24\/100057360583332\/\" \/>\n<meta property=\"article:published_time\" content=\"2023-01-10T18:45:17+00:00\" \/>\n<meta property=\"og:image\" content=\"https:\/\/loginfo24.com\/wp-content\/uploads\/sites\/7\/2025\/12\/XSTAFF_10.01.2023.jpg\" \/>\n\t<meta property=\"og:image:width\" content=\"993\" \/>\n\t<meta property=\"og:image:height\" content=\"604\" \/>\n\t<meta property=\"og:image:type\" content=\"image\/jpeg\" \/>\n<meta name=\"twitter:card\" content=\"summary_large_image\" \/>\n<meta name=\"twitter:label1\" content=\"Dur\u00e9e de lecture estim\u00e9e\" \/>\n\t<meta name=\"twitter:data1\" content=\"2 minutes\" \/>\n<script type=\"application\/ld+json\" class=\"yoast-schema-graph\">{\"@context\":\"https:\\\/\\\/schema.org\",\"@graph\":[{\"@type\":\"Article\",\"@id\":\"https:\\\/\\\/loginfo24.com\\\/fr\\\/2023\\\/01\\\/10\\\/xstaff-renforce-son-equipe-dirigeante-avec-stephan-schiller\\\/#article\",\"isPartOf\":{\"@id\":\"https:\\\/\\\/loginfo24.com\\\/fr\\\/2023\\\/01\\\/10\\\/xstaff-renforce-son-equipe-dirigeante-avec-stephan-schiller\\\/\"},\"author\":{\"name\":\"\",\"@id\":\"\"},\"headline\":\"XSTAFF renforce son \u00e9quipe dirigeante avec Stephan Schiller\",\"datePublished\":\"2023-01-10T18:45:17+00:00\",\"mainEntityOfPage\":{\"@id\":\"https:\\\/\\\/loginfo24.com\\\/fr\\\/2023\\\/01\\\/10\\\/xstaff-renforce-son-equipe-dirigeante-avec-stephan-schiller\\\/\"},\"wordCount\":501,\"commentCount\":0,\"publisher\":{\"@id\":\"https:\\\/\\\/loginfo24.com\\\/fr\\\/#organization\"},\"image\":{\"@id\":\"https:\\\/\\\/loginfo24.com\\\/fr\\\/2023\\\/01\\\/10\\\/xstaff-renforce-son-equipe-dirigeante-avec-stephan-schiller\\\/#primaryimage\"},\"thumbnailUrl\":\"https:\\\/\\\/loginfo24.com\\\/wp-content\\\/uploads\\\/sites\\\/7\\\/2025\\\/12\\\/XSTAFF_10.01.2023.jpg\",\"articleSection\":[\"Categories\",\"Forwarding &amp; Logistics\",\"Regions\"],\"inLanguage\":\"fr-FR\",\"potentialAction\":[{\"@type\":\"CommentAction\",\"name\":\"Comment\",\"target\":[\"https:\\\/\\\/loginfo24.com\\\/fr\\\/2023\\\/01\\\/10\\\/xstaff-renforce-son-equipe-dirigeante-avec-stephan-schiller\\\/#respond\"]}]},{\"@type\":\"WebPage\",\"@id\":\"https:\\\/\\\/loginfo24.com\\\/fr\\\/2023\\\/01\\\/10\\\/xstaff-renforce-son-equipe-dirigeante-avec-stephan-schiller\\\/\",\"url\":\"https:\\\/\\\/loginfo24.com\\\/fr\\\/2023\\\/01\\\/10\\\/xstaff-renforce-son-equipe-dirigeante-avec-stephan-schiller\\\/\",\"name\":\"XSTAFF renforce son \u00e9quipe dirigeante avec Stephan Schiller - Loginfo24.\",\"isPartOf\":{\"@id\":\"https:\\\/\\\/loginfo24.com\\\/fr\\\/#website\"},\"primaryImageOfPage\":{\"@id\":\"https:\\\/\\\/loginfo24.com\\\/fr\\\/2023\\\/01\\\/10\\\/xstaff-renforce-son-equipe-dirigeante-avec-stephan-schiller\\\/#primaryimage\"},\"image\":{\"@id\":\"https:\\\/\\\/loginfo24.com\\\/fr\\\/2023\\\/01\\\/10\\\/xstaff-renforce-son-equipe-dirigeante-avec-stephan-schiller\\\/#primaryimage\"},\"thumbnailUrl\":\"https:\\\/\\\/loginfo24.com\\\/wp-content\\\/uploads\\\/sites\\\/7\\\/2025\\\/12\\\/XSTAFF_10.01.2023.jpg\",\"datePublished\":\"2023-01-10T18:45:17+00:00\",\"breadcrumb\":{\"@id\":\"https:\\\/\\\/loginfo24.com\\\/fr\\\/2023\\\/01\\\/10\\\/xstaff-renforce-son-equipe-dirigeante-avec-stephan-schiller\\\/#breadcrumb\"},\"inLanguage\":\"fr-FR\",\"potentialAction\":[{\"@type\":\"ReadAction\",\"target\":[\"https:\\\/\\\/loginfo24.com\\\/fr\\\/2023\\\/01\\\/10\\\/xstaff-renforce-son-equipe-dirigeante-avec-stephan-schiller\\\/\"]}]},{\"@type\":\"ImageObject\",\"inLanguage\":\"fr-FR\",\"@id\":\"https:\\\/\\\/loginfo24.com\\\/fr\\\/2023\\\/01\\\/10\\\/xstaff-renforce-son-equipe-dirigeante-avec-stephan-schiller\\\/#primaryimage\",\"url\":\"https:\\\/\\\/loginfo24.com\\\/wp-content\\\/uploads\\\/sites\\\/7\\\/2025\\\/12\\\/XSTAFF_10.01.2023.jpg\",\"contentUrl\":\"https:\\\/\\\/loginfo24.com\\\/wp-content\\\/uploads\\\/sites\\\/7\\\/2025\\\/12\\\/XSTAFF_10.01.2023.jpg\",\"width\":993,\"height\":604},{\"@type\":\"BreadcrumbList\",\"@id\":\"https:\\\/\\\/loginfo24.com\\\/fr\\\/2023\\\/01\\\/10\\\/xstaff-renforce-son-equipe-dirigeante-avec-stephan-schiller\\\/#breadcrumb\",\"itemListElement\":[{\"@type\":\"ListItem\",\"position\":1,\"name\":\"Startseite\",\"item\":\"https:\\\/\\\/loginfo24.com\\\/fr\\\/\"},{\"@type\":\"ListItem\",\"position\":2,\"name\":\"XSTAFF renforce son \u00e9quipe dirigeante avec Stephan Schiller\"}]},{\"@type\":\"WebSite\",\"@id\":\"https:\\\/\\\/loginfo24.com\\\/fr\\\/#website\",\"url\":\"https:\\\/\\\/loginfo24.com\\\/fr\\\/\",\"name\":\"Loginfo24\",\"description\":\"Loginfo24 est la plateforme d\u00e9di\u00e9e \u00e0 la logistique et aux cha\u00eenes d&#039;approvisionnement qui fournit des informations 24 heures sur 24.\",\"publisher\":{\"@id\":\"https:\\\/\\\/loginfo24.com\\\/fr\\\/#organization\"},\"potentialAction\":[{\"@type\":\"SearchAction\",\"target\":{\"@type\":\"EntryPoint\",\"urlTemplate\":\"https:\\\/\\\/loginfo24.com\\\/fr\\\/?s={search_term_string}\"},\"query-input\":{\"@type\":\"PropertyValueSpecification\",\"valueRequired\":true,\"valueName\":\"search_term_string\"}}],\"inLanguage\":\"fr-FR\"},{\"@type\":\"Organization\",\"@id\":\"https:\\\/\\\/loginfo24.com\\\/fr\\\/#organization\",\"name\":\"Groupe Logismedia AG\",\"url\":\"https:\\\/\\\/loginfo24.com\\\/fr\\\/\",\"logo\":{\"@type\":\"ImageObject\",\"inLanguage\":\"fr-FR\",\"@id\":\"https:\\\/\\\/loginfo24.com\\\/fr\\\/#\\\/schema\\\/logo\\\/image\\\/\",\"url\":\"https:\\\/\\\/loginfo24.com\\\/wp-content\\\/uploads\\\/sites\\\/7\\\/2026\\\/01\\\/Logo_LogInfo24.png\",\"contentUrl\":\"https:\\\/\\\/loginfo24.com\\\/wp-content\\\/uploads\\\/sites\\\/7\\\/2026\\\/01\\\/Logo_LogInfo24.png\",\"width\":938,\"height\":351,\"caption\":\"Groupe Logismedia AG\"},\"image\":{\"@id\":\"https:\\\/\\\/loginfo24.com\\\/fr\\\/#\\\/schema\\\/logo\\\/image\\\/\"},\"sameAs\":[\"https:\\\/\\\/www.facebook.com\\\/people\\\/Loginfo24\\\/100057360583332\\\/\",\"https:\\\/\\\/www.linkedin.com\\\/company\\\/lofinfo24\\\/\"]}]}<\/script>\n<!-- \/ Yoast SEO plugin. -->","yoast_head_json":{"title":"XSTAFF renforce son \u00e9quipe dirigeante avec Stephan Schiller - Loginfo24.","robots":{"index":"index","follow":"follow","max-snippet":"max-snippet:-1","max-image-preview":"max-image-preview:large","max-video-preview":"max-video-preview:-1"},"canonical":"https:\/\/loginfo24.com\/fr\/2023\/01\/10\/xstaff-renforce-son-equipe-dirigeante-avec-stephan-schiller\/","og_locale":"fr_FR","og_type":"article","og_title":"XSTAFF renforce son \u00e9quipe dirigeante avec Stephan Schiller - Loginfo24.","og_description":"\u00c0 compter du 16 janvier 2023, Stephan Schiller sera le nouveau directeur g\u00e9n\u00e9ral et associ\u00e9 de XSTAFF GmbH. \u00c2g\u00e9 de 52 ans, ancien directeur g\u00e9n\u00e9ral de [\u2026]","og_url":"https:\/\/loginfo24.com\/fr\/2023\/01\/10\/xstaff-renforce-son-equipe-dirigeante-avec-stephan-schiller\/","og_site_name":"Loginfo24","article_publisher":"https:\/\/www.facebook.com\/people\/Loginfo24\/100057360583332\/","article_published_time":"2023-01-10T18:45:17+00:00","og_image":[{"width":993,"height":604,"url":"https:\/\/loginfo24.com\/wp-content\/uploads\/sites\/7\/2025\/12\/XSTAFF_10.01.2023.jpg","type":"image\/jpeg"}],"twitter_card":"summary_large_image","twitter_misc":{"Dur\u00e9e de lecture estim\u00e9e":"2 minutes"},"schema":{"@context":"https:\/\/schema.org","@graph":[{"@type":"Article","@id":"https:\/\/loginfo24.com\/fr\/2023\/01\/10\/xstaff-renforce-son-equipe-dirigeante-avec-stephan-schiller\/#article","isPartOf":{"@id":"https:\/\/loginfo24.com\/fr\/2023\/01\/10\/xstaff-renforce-son-equipe-dirigeante-avec-stephan-schiller\/"},"author":{"name":"","@id":""},"headline":"XSTAFF renforce son \u00e9quipe dirigeante avec Stephan Schiller","datePublished":"2023-01-10T18:45:17+00:00","mainEntityOfPage":{"@id":"https:\/\/loginfo24.com\/fr\/2023\/01\/10\/xstaff-renforce-son-equipe-dirigeante-avec-stephan-schiller\/"},"wordCount":501,"commentCount":0,"publisher":{"@id":"https:\/\/loginfo24.com\/fr\/#organization"},"image":{"@id":"https:\/\/loginfo24.com\/fr\/2023\/01\/10\/xstaff-renforce-son-equipe-dirigeante-avec-stephan-schiller\/#primaryimage"},"thumbnailUrl":"https:\/\/loginfo24.com\/wp-content\/uploads\/sites\/7\/2025\/12\/XSTAFF_10.01.2023.jpg","articleSection":["Categories","Forwarding &amp; Logistics","Regions"],"inLanguage":"fr-FR","potentialAction":[{"@type":"CommentAction","name":"Comment","target":["https:\/\/loginfo24.com\/fr\/2023\/01\/10\/xstaff-renforce-son-equipe-dirigeante-avec-stephan-schiller\/#respond"]}]},{"@type":"WebPage","@id":"https:\/\/loginfo24.com\/fr\/2023\/01\/10\/xstaff-renforce-son-equipe-dirigeante-avec-stephan-schiller\/","url":"https:\/\/loginfo24.com\/fr\/2023\/01\/10\/xstaff-renforce-son-equipe-dirigeante-avec-stephan-schiller\/","name":"XSTAFF renforce son \u00e9quipe dirigeante avec Stephan Schiller - Loginfo24.","isPartOf":{"@id":"https:\/\/loginfo24.com\/fr\/#website"},"primaryImageOfPage":{"@id":"https:\/\/loginfo24.com\/fr\/2023\/01\/10\/xstaff-renforce-son-equipe-dirigeante-avec-stephan-schiller\/#primaryimage"},"image":{"@id":"https:\/\/loginfo24.com\/fr\/2023\/01\/10\/xstaff-renforce-son-equipe-dirigeante-avec-stephan-schiller\/#primaryimage"},"thumbnailUrl":"https:\/\/loginfo24.com\/wp-content\/uploads\/sites\/7\/2025\/12\/XSTAFF_10.01.2023.jpg","datePublished":"2023-01-10T18:45:17+00:00","breadcrumb":{"@id":"https:\/\/loginfo24.com\/fr\/2023\/01\/10\/xstaff-renforce-son-equipe-dirigeante-avec-stephan-schiller\/#breadcrumb"},"inLanguage":"fr-FR","potentialAction":[{"@type":"ReadAction","target":["https:\/\/loginfo24.com\/fr\/2023\/01\/10\/xstaff-renforce-son-equipe-dirigeante-avec-stephan-schiller\/"]}]},{"@type":"ImageObject","inLanguage":"fr-FR","@id":"https:\/\/loginfo24.com\/fr\/2023\/01\/10\/xstaff-renforce-son-equipe-dirigeante-avec-stephan-schiller\/#primaryimage","url":"https:\/\/loginfo24.com\/wp-content\/uploads\/sites\/7\/2025\/12\/XSTAFF_10.01.2023.jpg","contentUrl":"https:\/\/loginfo24.com\/wp-content\/uploads\/sites\/7\/2025\/12\/XSTAFF_10.01.2023.jpg","width":993,"height":604},{"@type":"BreadcrumbList","@id":"https:\/\/loginfo24.com\/fr\/2023\/01\/10\/xstaff-renforce-son-equipe-dirigeante-avec-stephan-schiller\/#breadcrumb","itemListElement":[{"@type":"ListItem","position":1,"name":"Startseite","item":"https:\/\/loginfo24.com\/fr\/"},{"@type":"ListItem","position":2,"name":"XSTAFF renforce son \u00e9quipe dirigeante avec Stephan Schiller"}]},{"@type":"WebSite","@id":"https:\/\/loginfo24.com\/fr\/#website","url":"https:\/\/loginfo24.com\/fr\/","name":"Loginfo24","description":"Loginfo24 est la plateforme d\u00e9di\u00e9e \u00e0 la logistique et aux cha\u00eenes d&#039;approvisionnement qui fournit des informations 24 heures sur 24.","publisher":{"@id":"https:\/\/loginfo24.com\/fr\/#organization"},"potentialAction":[{"@type":"SearchAction","target":{"@type":"EntryPoint","urlTemplate":"https:\/\/loginfo24.com\/fr\/?s={search_term_string}"},"query-input":{"@type":"PropertyValueSpecification","valueRequired":true,"valueName":"search_term_string"}}],"inLanguage":"fr-FR"},{"@type":"Organization","@id":"https:\/\/loginfo24.com\/fr\/#organization","name":"Groupe Logismedia AG","url":"https:\/\/loginfo24.com\/fr\/","logo":{"@type":"ImageObject","inLanguage":"fr-FR","@id":"https:\/\/loginfo24.com\/fr\/#\/schema\/logo\/image\/","url":"https:\/\/loginfo24.com\/wp-content\/uploads\/sites\/7\/2026\/01\/Logo_LogInfo24.png","contentUrl":"https:\/\/loginfo24.com\/wp-content\/uploads\/sites\/7\/2026\/01\/Logo_LogInfo24.png","width":938,"height":351,"caption":"Groupe Logismedia AG"},"image":{"@id":"https:\/\/loginfo24.com\/fr\/#\/schema\/logo\/image\/"},"sameAs":["https:\/\/www.facebook.com\/people\/Loginfo24\/100057360583332\/","https:\/\/www.linkedin.com\/company\/lofinfo24\/"]}]}},"_links":{"self":[{"href":"https:\/\/loginfo24.com\/fr\/wp-json\/wp\/v2\/posts\/60129","targetHints":{"allow":["GET"]}}],"collection":[{"href":"https:\/\/loginfo24.com\/fr\/wp-json\/wp\/v2\/posts"}],"about":[{"href":"https:\/\/loginfo24.com\/fr\/wp-json\/wp\/v2\/types\/post"}],"replies":[{"embeddable":true,"href":"https:\/\/loginfo24.com\/fr\/wp-json\/wp\/v2\/comments?post=60129"}],"version-history":[{"count":0,"href":"https:\/\/loginfo24.com\/fr\/wp-json\/wp\/v2\/posts\/60129\/revisions"}],"wp:featuredmedia":[{"embeddable":true,"href":"https:\/\/loginfo24.com\/fr\/wp-json\/wp\/v2\/media\/8713"}],"wp:attachment":[{"href":"https:\/\/loginfo24.com\/fr\/wp-json\/wp\/v2\/media?parent=60129"}],"wp:term":[{"taxonomy":"category","embeddable":true,"href":"https:\/\/loginfo24.com\/fr\/wp-json\/wp\/v2\/categories?post=60129"},{"taxonomy":"post_tag","embeddable":true,"href":"https:\/\/loginfo24.com\/fr\/wp-json\/wp\/v2\/tags?post=60129"}],"curies":[{"name":"wp","href":"https:\/\/api.w.org\/{rel}","templated":true}]}}