{"id":60075,"date":"2022-12-21T13:48:00","date_gmt":"2022-12-21T12:48:00","guid":{"rendered":"https:\/\/blog.brand-architecture.at\/2022\/12\/21\/hupac-prend-en-charge-lexploitation-du-terminal-de-cologne-nord-de-la-hgk\/"},"modified":"2022-12-21T13:48:00","modified_gmt":"2022-12-21T12:48:00","slug":"hupac-prend-en-charge-lexploitation-du-terminal-de-cologne-nord-de-la-hgk","status":"publish","type":"post","link":"https:\/\/loginfo24.com\/fr\/2022\/12\/21\/hupac-prend-en-charge-lexploitation-du-terminal-de-cologne-nord-de-la-hgk\/","title":{"rendered":"Hupac prend en charge l&rsquo;exploitation du terminal de Cologne-Nord de la HGK"},"content":{"rendered":"<h5>Le terminal de Cologne Nord (TKN) de H\u00e4fen und G\u00fcterverkehr K\u00f6ln AG (HGK) sera exploit\u00e9 par le groupe Hupac \u00e0 partir du 1er janvier 2023. Cela r\u00e9sulte de l&rsquo;appel d&rsquo;offres lanc\u00e9 par la HGK en juin 2022, o\u00f9 Hupac SA a remport\u00e9 le contrat en novembre 2022.<\/h5>\n<p>(K\u00f6ln\/Chiasso) \u00ab Nous sommes tr\u00e8s heureux qu&rsquo;une entreprise renomm\u00e9e comme le groupe Hupac ait remport\u00e9 l&rsquo;appel d&rsquo;offres pour l&rsquo;exploitation du terminal \u00e0 conteneurs. En effet, pour la HGK, le terminal de Cologne Nord joue \u00e9galement un r\u00f4le strat\u00e9gique important en ce qui concerne notre zone industrielle et logistique innovante FU- SION COLOGNE, qui est en cours de d\u00e9veloppement \u00e0 proximit\u00e9 \u00bb, explique Uwe Wedig, PDG du groupe HGK.<\/p>\n<p>Le groupe Hupac exploite de nombreux terminaux en Europe, soit en propre, soit en collaboration avec des partenaires, et apporte une large exp\u00e9rience dans ce domaine. \u00ab Les terminaux sont une ressource strat\u00e9gique pour le transfert modal et sont particuli\u00e8rement importants dans des zones urbaines comme la r\u00e9gion Rhin\/Ruhr \u00bb, d\u00e9clare Michail Stahlhut, PDG de Hupac. \u00ab Nous investissons dans des ressources et des syst\u00e8mes intelligents pour maximiser la performance \u00e0 l&rsquo;interface entre la route et le rail. \u00bb<\/p>\n<h5><a href=\"https:\/\/www.kombinierterverkehr.eu\/\"><img loading=\"lazy\" decoding=\"async\" class=\"wp-image-22090 size-medium aligncenter\" src=\"https:\/\/loginfo24.com\/wp-content\/uploads\/sites\/7\/2025\/12\/Textbanner_catkin_Quadrat_Sep-2022-300x300.jpg\" alt=\"\" width=\"300\" height=\"300\" \/><\/a><\/h5>\n<h5>Emplacement avantageux \u00e0 Cologne-Niehl<\/h5>\n<p>Le terminal bimodal de Cologne Nord est id\u00e9alement situ\u00e9 \u00e0 proximit\u00e9 de la sortie d&rsquo;autoroute Cologne Niehl (A 1 \/ A 57) et est directement reli\u00e9 au port de Cologne-Niehl par rail. Il dispose d&rsquo;une superficie de 152 000 m\u00b2 avec cinq voies de transbordement et trois grues portiques. Jusqu&rsquo;\u00e0 dix trains peuvent \u00eatre charg\u00e9s et d\u00e9charg\u00e9s par jour \u00e0 l&rsquo;entr\u00e9e et \u00e0 la sortie. \u00ab Nous sommes impatients de relever ce nouveau d\u00e9fi que nous allons surmonter ensemble avec l&rsquo;\u00e9quipe exp\u00e9riment\u00e9e du terminal \u00bb, d\u00e9clare Sascha Altenau, directeur g\u00e9n\u00e9ral de la filiale Hupac Combiconnect K\u00f6ln Nord GmbH, \u00ab nous accueillons d\u00e9j\u00e0 tous les clients existants et nouveaux du terminal. \u00bb<\/p>\n<h5>Coordination avec les partenaires et les clients<\/h5>\n<p>L&rsquo;appel d&rsquo;offres pour l&rsquo;exploitation du KV est prescrit par la directive sur la promotion des installations de transbordement du transport combin\u00e9 des entreprises non f\u00e9d\u00e9rales. Avant que le transfert ne soit effectu\u00e9 le 1er janvier 2023, tous les processus organisationnels et administratifs seront coordonn\u00e9s avec les clients et les partenaires. Gr\u00e2ce au transfert de bail et d&rsquo;exploitation, un transfert d&rsquo;entreprise au sens de l&rsquo;article 613 a du BGB se produit pour les employ\u00e9s actuels. Les relations de travail existantes seront transf\u00e9r\u00e9es de mani\u00e8re juridiquement s\u00e9curis\u00e9e \u00e0 la future Combiconnect K\u00f6ln Nord GmbH.<\/p>\n<p>Photos : \u00a9 HGK<\/p>\n","protected":false},"excerpt":{"rendered":"<p>Le terminal de Cologne Nord (TKN) de H\u00e4fen und G\u00fcterverkehr K\u00f6ln AG (HGK) sera exploit\u00e9 par le groupe Hupac \u00e0 partir du 1er janvier 2023. Cela<span class=\"excerpt-hellip\"> [\u2026]<\/span><\/p>\n","protected":false},"author":0,"featured_media":8738,"comment_status":"open","ping_status":"open","sticky":false,"template":"","format":"standard","meta":{"_acf_changed":false,"footnotes":""},"categories":[1557,1561],"tags":[],"class_list":["post-60075","post","type-post","status-publish","format-standard","has-post-thumbnail","hentry","category-forwarding-logistics","category-regions"],"acf":[],"yoast_head":"<!-- This site is optimized with the Yoast SEO plugin v27.3 - https:\/\/yoast.com\/product\/yoast-seo-wordpress\/ -->\n<title>Hupac prend en charge l&#039;exploitation du terminal de Cologne-Nord de la HGK - Loginfo24.<\/title>\n<meta name=\"robots\" content=\"index, follow, max-snippet:-1, max-image-preview:large, max-video-preview:-1\" \/>\n<link rel=\"canonical\" href=\"https:\/\/loginfo24.com\/fr\/2022\/12\/21\/hupac-prend-en-charge-lexploitation-du-terminal-de-cologne-nord-de-la-hgk\/\" \/>\n<meta property=\"og:locale\" content=\"fr_FR\" \/>\n<meta property=\"og:type\" content=\"article\" \/>\n<meta property=\"og:title\" content=\"Hupac prend en charge l&#039;exploitation du terminal de Cologne-Nord de la HGK - Loginfo24.\" \/>\n<meta property=\"og:description\" content=\"Le terminal de Cologne Nord (TKN) de H\u00e4fen und G\u00fcterverkehr K\u00f6ln AG (HGK) sera exploit\u00e9 par le groupe Hupac \u00e0 partir du 1er janvier 2023. Cela [\u2026]\" \/>\n<meta property=\"og:url\" content=\"https:\/\/loginfo24.com\/fr\/2022\/12\/21\/hupac-prend-en-charge-lexploitation-du-terminal-de-cologne-nord-de-la-hgk\/\" \/>\n<meta property=\"og:site_name\" content=\"Loginfo24\" \/>\n<meta property=\"article:publisher\" content=\"https:\/\/www.facebook.com\/people\/Loginfo24\/100057360583332\/\" \/>\n<meta property=\"article:published_time\" content=\"2022-12-21T12:48:00+00:00\" \/>\n<meta property=\"og:image\" content=\"https:\/\/loginfo24.com\/wp-content\/uploads\/sites\/7\/2025\/12\/HGK_21.12.22_2.jpg\" \/>\n\t<meta property=\"og:image:width\" content=\"1319\" \/>\n\t<meta property=\"og:image:height\" content=\"847\" \/>\n\t<meta property=\"og:image:type\" content=\"image\/jpeg\" \/>\n<meta name=\"twitter:card\" content=\"summary_large_image\" \/>\n<meta name=\"twitter:label1\" content=\"Dur\u00e9e de lecture estim\u00e9e\" \/>\n\t<meta name=\"twitter:data1\" content=\"2 minutes\" \/>\n<script type=\"application\/ld+json\" class=\"yoast-schema-graph\">{\"@context\":\"https:\\\/\\\/schema.org\",\"@graph\":[{\"@type\":\"Article\",\"@id\":\"https:\\\/\\\/loginfo24.com\\\/fr\\\/2022\\\/12\\\/21\\\/hupac-prend-en-charge-lexploitation-du-terminal-de-cologne-nord-de-la-hgk\\\/#article\",\"isPartOf\":{\"@id\":\"https:\\\/\\\/loginfo24.com\\\/fr\\\/2022\\\/12\\\/21\\\/hupac-prend-en-charge-lexploitation-du-terminal-de-cologne-nord-de-la-hgk\\\/\"},\"author\":{\"name\":\"\",\"@id\":\"\"},\"headline\":\"Hupac prend en charge l&rsquo;exploitation du terminal de Cologne-Nord de la HGK\",\"datePublished\":\"2022-12-21T12:48:00+00:00\",\"mainEntityOfPage\":{\"@id\":\"https:\\\/\\\/loginfo24.com\\\/fr\\\/2022\\\/12\\\/21\\\/hupac-prend-en-charge-lexploitation-du-terminal-de-cologne-nord-de-la-hgk\\\/\"},\"wordCount\":453,\"commentCount\":0,\"publisher\":{\"@id\":\"https:\\\/\\\/loginfo24.com\\\/fr\\\/#organization\"},\"image\":{\"@id\":\"https:\\\/\\\/loginfo24.com\\\/fr\\\/2022\\\/12\\\/21\\\/hupac-prend-en-charge-lexploitation-du-terminal-de-cologne-nord-de-la-hgk\\\/#primaryimage\"},\"thumbnailUrl\":\"https:\\\/\\\/loginfo24.com\\\/wp-content\\\/uploads\\\/sites\\\/7\\\/2025\\\/12\\\/HGK_21.12.22_2.jpg\",\"articleSection\":[\"Forwarding &amp; Logistics\",\"Regions\"],\"inLanguage\":\"fr-FR\",\"potentialAction\":[{\"@type\":\"CommentAction\",\"name\":\"Comment\",\"target\":[\"https:\\\/\\\/loginfo24.com\\\/fr\\\/2022\\\/12\\\/21\\\/hupac-prend-en-charge-lexploitation-du-terminal-de-cologne-nord-de-la-hgk\\\/#respond\"]}]},{\"@type\":\"WebPage\",\"@id\":\"https:\\\/\\\/loginfo24.com\\\/fr\\\/2022\\\/12\\\/21\\\/hupac-prend-en-charge-lexploitation-du-terminal-de-cologne-nord-de-la-hgk\\\/\",\"url\":\"https:\\\/\\\/loginfo24.com\\\/fr\\\/2022\\\/12\\\/21\\\/hupac-prend-en-charge-lexploitation-du-terminal-de-cologne-nord-de-la-hgk\\\/\",\"name\":\"Hupac prend en charge l'exploitation du terminal de Cologne-Nord de la HGK - Loginfo24.\",\"isPartOf\":{\"@id\":\"https:\\\/\\\/loginfo24.com\\\/fr\\\/#website\"},\"primaryImageOfPage\":{\"@id\":\"https:\\\/\\\/loginfo24.com\\\/fr\\\/2022\\\/12\\\/21\\\/hupac-prend-en-charge-lexploitation-du-terminal-de-cologne-nord-de-la-hgk\\\/#primaryimage\"},\"image\":{\"@id\":\"https:\\\/\\\/loginfo24.com\\\/fr\\\/2022\\\/12\\\/21\\\/hupac-prend-en-charge-lexploitation-du-terminal-de-cologne-nord-de-la-hgk\\\/#primaryimage\"},\"thumbnailUrl\":\"https:\\\/\\\/loginfo24.com\\\/wp-content\\\/uploads\\\/sites\\\/7\\\/2025\\\/12\\\/HGK_21.12.22_2.jpg\",\"datePublished\":\"2022-12-21T12:48:00+00:00\",\"breadcrumb\":{\"@id\":\"https:\\\/\\\/loginfo24.com\\\/fr\\\/2022\\\/12\\\/21\\\/hupac-prend-en-charge-lexploitation-du-terminal-de-cologne-nord-de-la-hgk\\\/#breadcrumb\"},\"inLanguage\":\"fr-FR\",\"potentialAction\":[{\"@type\":\"ReadAction\",\"target\":[\"https:\\\/\\\/loginfo24.com\\\/fr\\\/2022\\\/12\\\/21\\\/hupac-prend-en-charge-lexploitation-du-terminal-de-cologne-nord-de-la-hgk\\\/\"]}]},{\"@type\":\"ImageObject\",\"inLanguage\":\"fr-FR\",\"@id\":\"https:\\\/\\\/loginfo24.com\\\/fr\\\/2022\\\/12\\\/21\\\/hupac-prend-en-charge-lexploitation-du-terminal-de-cologne-nord-de-la-hgk\\\/#primaryimage\",\"url\":\"https:\\\/\\\/loginfo24.com\\\/wp-content\\\/uploads\\\/sites\\\/7\\\/2025\\\/12\\\/HGK_21.12.22_2.jpg\",\"contentUrl\":\"https:\\\/\\\/loginfo24.com\\\/wp-content\\\/uploads\\\/sites\\\/7\\\/2025\\\/12\\\/HGK_21.12.22_2.jpg\",\"width\":1319,\"height\":847},{\"@type\":\"BreadcrumbList\",\"@id\":\"https:\\\/\\\/loginfo24.com\\\/fr\\\/2022\\\/12\\\/21\\\/hupac-prend-en-charge-lexploitation-du-terminal-de-cologne-nord-de-la-hgk\\\/#breadcrumb\",\"itemListElement\":[{\"@type\":\"ListItem\",\"position\":1,\"name\":\"Startseite\",\"item\":\"https:\\\/\\\/loginfo24.com\\\/fr\\\/\"},{\"@type\":\"ListItem\",\"position\":2,\"name\":\"Hupac prend en charge l&rsquo;exploitation du terminal de Cologne-Nord de la HGK\"}]},{\"@type\":\"WebSite\",\"@id\":\"https:\\\/\\\/loginfo24.com\\\/fr\\\/#website\",\"url\":\"https:\\\/\\\/loginfo24.com\\\/fr\\\/\",\"name\":\"Loginfo24\",\"description\":\"Loginfo24 est la plateforme d\u00e9di\u00e9e \u00e0 la logistique et aux cha\u00eenes d&#039;approvisionnement qui fournit des informations 24 heures sur 24.\",\"publisher\":{\"@id\":\"https:\\\/\\\/loginfo24.com\\\/fr\\\/#organization\"},\"potentialAction\":[{\"@type\":\"SearchAction\",\"target\":{\"@type\":\"EntryPoint\",\"urlTemplate\":\"https:\\\/\\\/loginfo24.com\\\/fr\\\/?s={search_term_string}\"},\"query-input\":{\"@type\":\"PropertyValueSpecification\",\"valueRequired\":true,\"valueName\":\"search_term_string\"}}],\"inLanguage\":\"fr-FR\"},{\"@type\":\"Organization\",\"@id\":\"https:\\\/\\\/loginfo24.com\\\/fr\\\/#organization\",\"name\":\"Groupe Logismedia AG\",\"url\":\"https:\\\/\\\/loginfo24.com\\\/fr\\\/\",\"logo\":{\"@type\":\"ImageObject\",\"inLanguage\":\"fr-FR\",\"@id\":\"https:\\\/\\\/loginfo24.com\\\/fr\\\/#\\\/schema\\\/logo\\\/image\\\/\",\"url\":\"https:\\\/\\\/loginfo24.com\\\/wp-content\\\/uploads\\\/sites\\\/7\\\/2026\\\/01\\\/Logo_LogInfo24.png\",\"contentUrl\":\"https:\\\/\\\/loginfo24.com\\\/wp-content\\\/uploads\\\/sites\\\/7\\\/2026\\\/01\\\/Logo_LogInfo24.png\",\"width\":938,\"height\":351,\"caption\":\"Groupe Logismedia AG\"},\"image\":{\"@id\":\"https:\\\/\\\/loginfo24.com\\\/fr\\\/#\\\/schema\\\/logo\\\/image\\\/\"},\"sameAs\":[\"https:\\\/\\\/www.facebook.com\\\/people\\\/Loginfo24\\\/100057360583332\\\/\",\"https:\\\/\\\/www.linkedin.com\\\/company\\\/lofinfo24\\\/\"]}]}<\/script>\n<!-- \/ Yoast SEO plugin. -->","yoast_head_json":{"title":"Hupac prend en charge l'exploitation du terminal de Cologne-Nord de la HGK - Loginfo24.","robots":{"index":"index","follow":"follow","max-snippet":"max-snippet:-1","max-image-preview":"max-image-preview:large","max-video-preview":"max-video-preview:-1"},"canonical":"https:\/\/loginfo24.com\/fr\/2022\/12\/21\/hupac-prend-en-charge-lexploitation-du-terminal-de-cologne-nord-de-la-hgk\/","og_locale":"fr_FR","og_type":"article","og_title":"Hupac prend en charge l'exploitation du terminal de Cologne-Nord de la HGK - Loginfo24.","og_description":"Le terminal de Cologne Nord (TKN) de H\u00e4fen und G\u00fcterverkehr K\u00f6ln AG (HGK) sera exploit\u00e9 par le groupe Hupac \u00e0 partir du 1er janvier 2023. Cela [\u2026]","og_url":"https:\/\/loginfo24.com\/fr\/2022\/12\/21\/hupac-prend-en-charge-lexploitation-du-terminal-de-cologne-nord-de-la-hgk\/","og_site_name":"Loginfo24","article_publisher":"https:\/\/www.facebook.com\/people\/Loginfo24\/100057360583332\/","article_published_time":"2022-12-21T12:48:00+00:00","og_image":[{"width":1319,"height":847,"url":"https:\/\/loginfo24.com\/wp-content\/uploads\/sites\/7\/2025\/12\/HGK_21.12.22_2.jpg","type":"image\/jpeg"}],"twitter_card":"summary_large_image","twitter_misc":{"Dur\u00e9e de lecture estim\u00e9e":"2 minutes"},"schema":{"@context":"https:\/\/schema.org","@graph":[{"@type":"Article","@id":"https:\/\/loginfo24.com\/fr\/2022\/12\/21\/hupac-prend-en-charge-lexploitation-du-terminal-de-cologne-nord-de-la-hgk\/#article","isPartOf":{"@id":"https:\/\/loginfo24.com\/fr\/2022\/12\/21\/hupac-prend-en-charge-lexploitation-du-terminal-de-cologne-nord-de-la-hgk\/"},"author":{"name":"","@id":""},"headline":"Hupac prend en charge l&rsquo;exploitation du terminal de Cologne-Nord de la HGK","datePublished":"2022-12-21T12:48:00+00:00","mainEntityOfPage":{"@id":"https:\/\/loginfo24.com\/fr\/2022\/12\/21\/hupac-prend-en-charge-lexploitation-du-terminal-de-cologne-nord-de-la-hgk\/"},"wordCount":453,"commentCount":0,"publisher":{"@id":"https:\/\/loginfo24.com\/fr\/#organization"},"image":{"@id":"https:\/\/loginfo24.com\/fr\/2022\/12\/21\/hupac-prend-en-charge-lexploitation-du-terminal-de-cologne-nord-de-la-hgk\/#primaryimage"},"thumbnailUrl":"https:\/\/loginfo24.com\/wp-content\/uploads\/sites\/7\/2025\/12\/HGK_21.12.22_2.jpg","articleSection":["Forwarding &amp; Logistics","Regions"],"inLanguage":"fr-FR","potentialAction":[{"@type":"CommentAction","name":"Comment","target":["https:\/\/loginfo24.com\/fr\/2022\/12\/21\/hupac-prend-en-charge-lexploitation-du-terminal-de-cologne-nord-de-la-hgk\/#respond"]}]},{"@type":"WebPage","@id":"https:\/\/loginfo24.com\/fr\/2022\/12\/21\/hupac-prend-en-charge-lexploitation-du-terminal-de-cologne-nord-de-la-hgk\/","url":"https:\/\/loginfo24.com\/fr\/2022\/12\/21\/hupac-prend-en-charge-lexploitation-du-terminal-de-cologne-nord-de-la-hgk\/","name":"Hupac prend en charge l'exploitation du terminal de Cologne-Nord de la HGK - Loginfo24.","isPartOf":{"@id":"https:\/\/loginfo24.com\/fr\/#website"},"primaryImageOfPage":{"@id":"https:\/\/loginfo24.com\/fr\/2022\/12\/21\/hupac-prend-en-charge-lexploitation-du-terminal-de-cologne-nord-de-la-hgk\/#primaryimage"},"image":{"@id":"https:\/\/loginfo24.com\/fr\/2022\/12\/21\/hupac-prend-en-charge-lexploitation-du-terminal-de-cologne-nord-de-la-hgk\/#primaryimage"},"thumbnailUrl":"https:\/\/loginfo24.com\/wp-content\/uploads\/sites\/7\/2025\/12\/HGK_21.12.22_2.jpg","datePublished":"2022-12-21T12:48:00+00:00","breadcrumb":{"@id":"https:\/\/loginfo24.com\/fr\/2022\/12\/21\/hupac-prend-en-charge-lexploitation-du-terminal-de-cologne-nord-de-la-hgk\/#breadcrumb"},"inLanguage":"fr-FR","potentialAction":[{"@type":"ReadAction","target":["https:\/\/loginfo24.com\/fr\/2022\/12\/21\/hupac-prend-en-charge-lexploitation-du-terminal-de-cologne-nord-de-la-hgk\/"]}]},{"@type":"ImageObject","inLanguage":"fr-FR","@id":"https:\/\/loginfo24.com\/fr\/2022\/12\/21\/hupac-prend-en-charge-lexploitation-du-terminal-de-cologne-nord-de-la-hgk\/#primaryimage","url":"https:\/\/loginfo24.com\/wp-content\/uploads\/sites\/7\/2025\/12\/HGK_21.12.22_2.jpg","contentUrl":"https:\/\/loginfo24.com\/wp-content\/uploads\/sites\/7\/2025\/12\/HGK_21.12.22_2.jpg","width":1319,"height":847},{"@type":"BreadcrumbList","@id":"https:\/\/loginfo24.com\/fr\/2022\/12\/21\/hupac-prend-en-charge-lexploitation-du-terminal-de-cologne-nord-de-la-hgk\/#breadcrumb","itemListElement":[{"@type":"ListItem","position":1,"name":"Startseite","item":"https:\/\/loginfo24.com\/fr\/"},{"@type":"ListItem","position":2,"name":"Hupac prend en charge l&rsquo;exploitation du terminal de Cologne-Nord de la HGK"}]},{"@type":"WebSite","@id":"https:\/\/loginfo24.com\/fr\/#website","url":"https:\/\/loginfo24.com\/fr\/","name":"Loginfo24","description":"Loginfo24 est la plateforme d\u00e9di\u00e9e \u00e0 la logistique et aux cha\u00eenes d&#039;approvisionnement qui fournit des informations 24 heures sur 24.","publisher":{"@id":"https:\/\/loginfo24.com\/fr\/#organization"},"potentialAction":[{"@type":"SearchAction","target":{"@type":"EntryPoint","urlTemplate":"https:\/\/loginfo24.com\/fr\/?s={search_term_string}"},"query-input":{"@type":"PropertyValueSpecification","valueRequired":true,"valueName":"search_term_string"}}],"inLanguage":"fr-FR"},{"@type":"Organization","@id":"https:\/\/loginfo24.com\/fr\/#organization","name":"Groupe Logismedia AG","url":"https:\/\/loginfo24.com\/fr\/","logo":{"@type":"ImageObject","inLanguage":"fr-FR","@id":"https:\/\/loginfo24.com\/fr\/#\/schema\/logo\/image\/","url":"https:\/\/loginfo24.com\/wp-content\/uploads\/sites\/7\/2026\/01\/Logo_LogInfo24.png","contentUrl":"https:\/\/loginfo24.com\/wp-content\/uploads\/sites\/7\/2026\/01\/Logo_LogInfo24.png","width":938,"height":351,"caption":"Groupe Logismedia AG"},"image":{"@id":"https:\/\/loginfo24.com\/fr\/#\/schema\/logo\/image\/"},"sameAs":["https:\/\/www.facebook.com\/people\/Loginfo24\/100057360583332\/","https:\/\/www.linkedin.com\/company\/lofinfo24\/"]}]}},"_links":{"self":[{"href":"https:\/\/loginfo24.com\/fr\/wp-json\/wp\/v2\/posts\/60075","targetHints":{"allow":["GET"]}}],"collection":[{"href":"https:\/\/loginfo24.com\/fr\/wp-json\/wp\/v2\/posts"}],"about":[{"href":"https:\/\/loginfo24.com\/fr\/wp-json\/wp\/v2\/types\/post"}],"replies":[{"embeddable":true,"href":"https:\/\/loginfo24.com\/fr\/wp-json\/wp\/v2\/comments?post=60075"}],"version-history":[{"count":0,"href":"https:\/\/loginfo24.com\/fr\/wp-json\/wp\/v2\/posts\/60075\/revisions"}],"wp:featuredmedia":[{"embeddable":true,"href":"https:\/\/loginfo24.com\/fr\/wp-json\/wp\/v2\/media\/8738"}],"wp:attachment":[{"href":"https:\/\/loginfo24.com\/fr\/wp-json\/wp\/v2\/media?parent=60075"}],"wp:term":[{"taxonomy":"category","embeddable":true,"href":"https:\/\/loginfo24.com\/fr\/wp-json\/wp\/v2\/categories?post=60075"},{"taxonomy":"post_tag","embeddable":true,"href":"https:\/\/loginfo24.com\/fr\/wp-json\/wp\/v2\/tags?post=60075"}],"curies":[{"name":"wp","href":"https:\/\/api.w.org\/{rel}","templated":true}]}}