{"id":59749,"date":"2022-12-06T14:25:47","date_gmt":"2022-12-06T13:25:47","guid":{"rendered":"https:\/\/blog.brand-architecture.at\/2022\/12\/06\/les-vehicules-electriques-de-la-poste-filtrent-avec-succes-lair-de-graz\/"},"modified":"2022-12-06T14:25:47","modified_gmt":"2022-12-06T13:25:47","slug":"les-vehicules-electriques-de-la-poste-filtrent-avec-succes-lair-de-graz","status":"publish","type":"post","link":"https:\/\/loginfo24.com\/fr\/2022\/12\/06\/les-vehicules-electriques-de-la-poste-filtrent-avec-succes-lair-de-graz\/","title":{"rendered":"Les v\u00e9hicules \u00e9lectriques de la Poste filtrent avec succ\u00e8s l&rsquo;air de Graz"},"content":{"rendered":"<h5><strong>Depuis fin ao\u00fbt, la Poste autrichienne utilise deux Mercedes-Benz eSprinter \u00e0 Graz, qui non seulement livrent des colis, des lettres, des envois publicitaires et des m\u00e9dias imprim\u00e9s, mais filtrent \u00e9galement les \u00e9missions de particules fines de l&rsquo;air pendant la livraison. Cela est rendu possible gr\u00e2ce \u00e0 l&rsquo;installation de filtres \u00e0 particules fines optimis\u00e9s \u00e0 l&rsquo;avant des v\u00e9hicules, qui, en combinaison avec les aspirateurs d\u00e9j\u00e0 pr\u00e9sents dans les v\u00e9hicules, filtrent les particules fines de l&rsquo;air. Apr\u00e8s un test de trois mois et 6 395 kilom\u00e8tres parcourus, les r\u00e9sultats de Mercedes-Benz Vans, des experts en filtration de MANN+HUMMEL et de la Poste autrichienne ont \u00e9t\u00e9 pr\u00e9sent\u00e9s.<\/strong><\/h5>\n<p>(Graz) D\u00e9j\u00e0 apr\u00e8s quelques semaines, il appara\u00eet que l&rsquo;utilisation des filtres dans les deux v\u00e9hicules \u00e9lectriques est un cas d&rsquo;application pratique, les filtres \u00e9tant intacts et sans d\u00e9formation. Depuis ao\u00fbt, environ 6 400 milligrammes de poussi\u00e8re ont \u00e9t\u00e9 filtr\u00e9s de l&rsquo;air lors d&rsquo;environ 60 jours d&rsquo;utilisation.<\/p>\n<p>\u00ab Avec le &lsquo;filtre \u00e0 particules fines&rsquo;, nous avons \u00e9tabli de nouvelles normes pour une logistique durable sur le dernier kilom\u00e8tre. Mercedes-Benz et la Poste autrichienne ont montr\u00e9 de mani\u00e8re impressionnante \u00e0 Graz ce qui est d\u00e9j\u00e0 possible aujourd&rsquo;hui dans la mobilit\u00e9 \u00e9lectrique, lorsque les fabricants automobiles et les logisticiens verts tirent dans le m\u00eame sens. Nous continuerons \u00e0 soutenir ces d\u00e9veloppements et \u00e0 les prendre en compte lors de l&rsquo;acquisition de notre flotte \u00e9lectrique \u00e0 l&rsquo;avenir \u00bb, explique Peter Umundum, directeur g\u00e9n\u00e9ral des colis et de la logistique, Poste autrichienne AG.<\/p>\n<p>\u00ab La durabilit\u00e9 est fermement ancr\u00e9e dans la strat\u00e9gie de Mercedes-Benz Vans. Notre objectif est de ne pas seulement parler de durabilit\u00e9, mais de la rendre tangible dans nos produits. Nous avons r\u00e9ussi cela avec notre v\u00e9hicule technologique Mercedes-Benz SUSTAINEER et le filtre \u00e0 particules fines int\u00e9gr\u00e9. Nous sommes tr\u00e8s heureux de pouvoir faire avancer cette innovation durable en collaboration avec la Poste autrichienne et MANN+HUMMEL dans notre projet pilote et de pouvoir recueillir des informations importantes \u00bb, d\u00e9clare Marcel Minter, directeur senior de la strat\u00e9gie produit et commerciale, Mercedes-Benz Vans, Mercedes-Benz AG.<\/p>\n<p>\u00ab Depuis plus de 80 ans, chez MANN+HUMMEL, nous s\u00e9parons l&rsquo;utile du nuisible. Nous sommes fiers de soutenir un projet aussi ambitieux avec notre savoir-faire en filtration et de contribuer \u00e0 un air plus pur \u00e0 Graz \u00bb, d\u00e9clare Markus Kolczyk, vice-pr\u00e9sident de l&rsquo;ing\u00e9nierie mondiale des \u00e9quipements d&rsquo;origine, MANN+HUMMEL GmbH.<\/p>\n<p><em><img loading=\"lazy\" decoding=\"async\" class=\"alignnone wp-image-21899 size-large\" src=\"https:\/\/loginfo24.com\/wp-content\/uploads\/sites\/7\/2025\/12\/Post_AT1_06.12.2022.jpg\" alt=\"\" width=\"1024\" height=\"674\" \/><\/em><\/p>\n<p><em>(de g. \u00e0 d.) : Marcel Minter, directeur senior de la strat\u00e9gie produit et commerciale, Mercedes-Benz Vans, Mercedes-Benz AG, Peter Umundum, directeur g\u00e9n\u00e9ral des colis et de la logistique, Poste autrichienne AG, Markus Kolczyk, vice-pr\u00e9sident de l&rsquo;ing\u00e9nierie mondiale des \u00e9quipements d&rsquo;origine, MANN+HUMMEL GmbH (\u00a9 Poste autrichienne AG)<\/em><\/p>\n<h5><strong>Les v\u00e9hicules de la Poste contribuent \u00e0 une meilleure qualit\u00e9 de l&rsquo;air<\/strong><\/h5>\n<p>Gr\u00e2ce \u00e0 l&rsquo;utilisation des filtres dans les deux v\u00e9hicules \u00e9lectriques, les particules fines sont filtr\u00e9es \u00e0 proximit\u00e9 de leur source, c&rsquo;est-\u00e0-dire l\u00e0 o\u00f9 les \u00e9missions de particules fines se produisent. M\u00eame pendant les op\u00e9rations de chargement dans le centre logistique, les deux v\u00e9hicules peuvent filtrer les particules fines et les absorber de l&rsquo;air ambiant.<\/p>\n<p>De cette mani\u00e8re, les v\u00e9hicules apportent une contribution active \u00e0 l&rsquo;am\u00e9lioration de la qualit\u00e9 de l&rsquo;air. Dans le cadre de l&rsquo;exploitation quotidienne, il a \u00e9t\u00e9 d\u00e9montr\u00e9 que les filtres fonctionnent sans restrictions et capturent efficacement les particules fines pendant la conduite. En plus de la durabilit\u00e9 des filtres, les impacts sur les v\u00e9hicules sont \u00e9galement analys\u00e9s dans le cadre du projet pilote. Des mesures de perte de pression ont confirm\u00e9 la durabilit\u00e9 des filtres et un \u00e9tat de charge de 15 % a \u00e9t\u00e9 constat\u00e9. Jusqu&rsquo;\u00e0 pr\u00e9sent, il n&rsquo;y a pas de restrictions dans l&rsquo;exploitation et pour recueillir d&rsquo;autres informations, le projet pilote se poursuivra jusqu&rsquo;\u00e0 mi-2023.<\/p>\n<h5><strong>Les v\u00e9hicules de livraison sont devenus des filtres mobiles \u00e0 particules fines<\/strong><\/h5>\n<p>Depuis plus d&rsquo;un an, la livraison \u00e0 Graz se fait \u00e0 100 % de mani\u00e8re \u00e9lectrique, avec plus de 300 v\u00e9hicules \u00e9lectriques en service chaque jour. Pour le projet pilote, deux eSprinter de la Poste ont \u00e9t\u00e9 \u00e9quip\u00e9s de filtres sp\u00e9ciaux pour r\u00e9duire les \u00e9missions de particules fines. Les v\u00e9hicules sont \u00e9galement dot\u00e9s d&rsquo;un capteur de particules fines, qui mesure la concentration de particules fines dans l&rsquo;air et peut ajuster la performance de filtration en cons\u00e9quence. Cela permet m\u00eame d&rsquo;utiliser les v\u00e9hicules comme stations de mesure mobiles. Les \u00e9l\u00e9ments filtrants peuvent \u00eatre retir\u00e9s et remplac\u00e9s lors du service annuel.<\/p>\n<p><em><img loading=\"lazy\" decoding=\"async\" class=\"alignnone wp-image-21900 size-large\" src=\"https:\/\/loginfo24.com\/wp-content\/uploads\/sites\/7\/2025\/12\/Post_AT2_06.12.2022.jpg\" alt=\"\" width=\"1024\" height=\"690\" \/><\/em><\/p>\n<p><em>Les filtres \u00e0 particules fines install\u00e9s \u00e0 l&rsquo;avant des v\u00e9hicules d&rsquo;essai - \u00e0 gauche dans un \u00e9tat neuf, \u00e0 droite apr\u00e8s 60 jours d&rsquo;utilisation (\u00a9 Mercedes-Benz AG)<\/em><\/p>\n<p>Les deux v\u00e9hicules circulent dans le centre-ville de Graz depuis fin ao\u00fbt et effectuent leurs itin\u00e9raires en alternance hebdomadaire, afin de d\u00e9terminer des valeurs repr\u00e9sentatives de la concentration de particules fines \u00e0 l&rsquo;aide des capteurs de particules fines install\u00e9s. Les v\u00e9hicules d&rsquo;essai sont reconnaissables par des autocollants lat\u00e9raux portant l&rsquo;inscription \u00ab Nous livrons de l&rsquo;air filtr\u00e9 \u00bb.<\/p>\n<p>Le projet a \u00e9t\u00e9 accompagn\u00e9 scientifiquement par l&rsquo;Institut pour la technologie de l&rsquo;\u00e9nergie et de l&rsquo;environnement (IUTA) \u00e0 Duisbourg, en Allemagne. La v\u00e9rification r\u00e9guli\u00e8re des filtres sur place a \u00e9t\u00e9 effectu\u00e9e par Mercedes-Benz Vans et MANN+HUMMEL.<\/p>\n<p>Photo : \u00a9 Mercedes-Benz AG \/ <strong><em>L\u00e9gende de l&rsquo;image :<\/em><\/strong><em> Lors d&rsquo;environ 60 jours d&rsquo;utilisation, les v\u00e9hicules \u00e9lectriques de la Poste ont filtr\u00e9 des particules fines de l&rsquo;air de Graz.<\/em><\/p>\n","protected":false},"excerpt":{"rendered":"<p>Depuis fin ao\u00fbt, la Poste autrichienne utilise deux Mercedes-Benz eSprinter \u00e0 Graz, qui non seulement livrent des colis, des lettres, des envois publicitaires et des m\u00e9dias<span class=\"excerpt-hellip\"> [\u2026]<\/span><\/p>\n","protected":false},"author":0,"featured_media":8855,"comment_status":"open","ping_status":"open","sticky":false,"template":"","format":"standard","meta":{"_acf_changed":false,"footnotes":""},"categories":[1665,1557,1561],"tags":[],"class_list":["post-59749","post","type-post","status-publish","format-standard","has-post-thumbnail","hentry","category-categories","category-forwarding-logistics","category-regions"],"acf":[],"yoast_head":"<!-- This site is optimized with the Yoast SEO plugin v27.3 - https:\/\/yoast.com\/product\/yoast-seo-wordpress\/ -->\n<title>Les v\u00e9hicules \u00e9lectriques de la Poste filtrent avec succ\u00e8s l&#039;air de Graz - Loginfo24.<\/title>\n<meta name=\"robots\" content=\"index, follow, max-snippet:-1, max-image-preview:large, max-video-preview:-1\" \/>\n<link rel=\"canonical\" href=\"https:\/\/loginfo24.com\/fr\/2022\/12\/06\/les-vehicules-electriques-de-la-poste-filtrent-avec-succes-lair-de-graz\/\" \/>\n<meta property=\"og:locale\" content=\"fr_FR\" \/>\n<meta property=\"og:type\" content=\"article\" \/>\n<meta property=\"og:title\" content=\"Les v\u00e9hicules \u00e9lectriques de la Poste filtrent avec succ\u00e8s l&#039;air de Graz - Loginfo24.\" \/>\n<meta property=\"og:description\" content=\"Depuis fin ao\u00fbt, la Poste autrichienne utilise deux Mercedes-Benz eSprinter \u00e0 Graz, qui non seulement livrent des colis, des lettres, des envois publicitaires et des m\u00e9dias [\u2026]\" \/>\n<meta property=\"og:url\" content=\"https:\/\/loginfo24.com\/fr\/2022\/12\/06\/les-vehicules-electriques-de-la-poste-filtrent-avec-succes-lair-de-graz\/\" \/>\n<meta property=\"og:site_name\" content=\"Loginfo24\" \/>\n<meta property=\"article:publisher\" content=\"https:\/\/www.facebook.com\/people\/Loginfo24\/100057360583332\/\" \/>\n<meta property=\"article:published_time\" content=\"2022-12-06T13:25:47+00:00\" \/>\n<meta property=\"og:image\" content=\"https:\/\/loginfo24.com\/wp-content\/uploads\/sites\/7\/2025\/12\/Post_AT_06.12.2022.jpg\" \/>\n\t<meta property=\"og:image:width\" content=\"1474\" \/>\n\t<meta property=\"og:image:height\" content=\"855\" \/>\n\t<meta property=\"og:image:type\" content=\"image\/jpeg\" \/>\n<meta name=\"twitter:card\" content=\"summary_large_image\" \/>\n<meta name=\"twitter:label1\" content=\"Dur\u00e9e de lecture estim\u00e9e\" \/>\n\t<meta name=\"twitter:data1\" content=\"5 minutes\" \/>\n<script type=\"application\/ld+json\" class=\"yoast-schema-graph\">{\"@context\":\"https:\\\/\\\/schema.org\",\"@graph\":[{\"@type\":\"Article\",\"@id\":\"https:\\\/\\\/loginfo24.com\\\/fr\\\/2022\\\/12\\\/06\\\/les-vehicules-electriques-de-la-poste-filtrent-avec-succes-lair-de-graz\\\/#article\",\"isPartOf\":{\"@id\":\"https:\\\/\\\/loginfo24.com\\\/fr\\\/2022\\\/12\\\/06\\\/les-vehicules-electriques-de-la-poste-filtrent-avec-succes-lair-de-graz\\\/\"},\"author\":{\"name\":\"\",\"@id\":\"\"},\"headline\":\"Les v\u00e9hicules \u00e9lectriques de la Poste filtrent avec succ\u00e8s l&rsquo;air de Graz\",\"datePublished\":\"2022-12-06T13:25:47+00:00\",\"mainEntityOfPage\":{\"@id\":\"https:\\\/\\\/loginfo24.com\\\/fr\\\/2022\\\/12\\\/06\\\/les-vehicules-electriques-de-la-poste-filtrent-avec-succes-lair-de-graz\\\/\"},\"wordCount\":970,\"commentCount\":0,\"publisher\":{\"@id\":\"https:\\\/\\\/loginfo24.com\\\/fr\\\/#organization\"},\"image\":{\"@id\":\"https:\\\/\\\/loginfo24.com\\\/fr\\\/2022\\\/12\\\/06\\\/les-vehicules-electriques-de-la-poste-filtrent-avec-succes-lair-de-graz\\\/#primaryimage\"},\"thumbnailUrl\":\"https:\\\/\\\/loginfo24.com\\\/wp-content\\\/uploads\\\/sites\\\/7\\\/2025\\\/12\\\/Post_AT_06.12.2022.jpg\",\"articleSection\":[\"Categories\",\"Forwarding &amp; Logistics\",\"Regions\"],\"inLanguage\":\"fr-FR\",\"potentialAction\":[{\"@type\":\"CommentAction\",\"name\":\"Comment\",\"target\":[\"https:\\\/\\\/loginfo24.com\\\/fr\\\/2022\\\/12\\\/06\\\/les-vehicules-electriques-de-la-poste-filtrent-avec-succes-lair-de-graz\\\/#respond\"]}]},{\"@type\":\"WebPage\",\"@id\":\"https:\\\/\\\/loginfo24.com\\\/fr\\\/2022\\\/12\\\/06\\\/les-vehicules-electriques-de-la-poste-filtrent-avec-succes-lair-de-graz\\\/\",\"url\":\"https:\\\/\\\/loginfo24.com\\\/fr\\\/2022\\\/12\\\/06\\\/les-vehicules-electriques-de-la-poste-filtrent-avec-succes-lair-de-graz\\\/\",\"name\":\"Les v\u00e9hicules \u00e9lectriques de la Poste filtrent avec succ\u00e8s l'air de Graz - Loginfo24.\",\"isPartOf\":{\"@id\":\"https:\\\/\\\/loginfo24.com\\\/fr\\\/#website\"},\"primaryImageOfPage\":{\"@id\":\"https:\\\/\\\/loginfo24.com\\\/fr\\\/2022\\\/12\\\/06\\\/les-vehicules-electriques-de-la-poste-filtrent-avec-succes-lair-de-graz\\\/#primaryimage\"},\"image\":{\"@id\":\"https:\\\/\\\/loginfo24.com\\\/fr\\\/2022\\\/12\\\/06\\\/les-vehicules-electriques-de-la-poste-filtrent-avec-succes-lair-de-graz\\\/#primaryimage\"},\"thumbnailUrl\":\"https:\\\/\\\/loginfo24.com\\\/wp-content\\\/uploads\\\/sites\\\/7\\\/2025\\\/12\\\/Post_AT_06.12.2022.jpg\",\"datePublished\":\"2022-12-06T13:25:47+00:00\",\"breadcrumb\":{\"@id\":\"https:\\\/\\\/loginfo24.com\\\/fr\\\/2022\\\/12\\\/06\\\/les-vehicules-electriques-de-la-poste-filtrent-avec-succes-lair-de-graz\\\/#breadcrumb\"},\"inLanguage\":\"fr-FR\",\"potentialAction\":[{\"@type\":\"ReadAction\",\"target\":[\"https:\\\/\\\/loginfo24.com\\\/fr\\\/2022\\\/12\\\/06\\\/les-vehicules-electriques-de-la-poste-filtrent-avec-succes-lair-de-graz\\\/\"]}]},{\"@type\":\"ImageObject\",\"inLanguage\":\"fr-FR\",\"@id\":\"https:\\\/\\\/loginfo24.com\\\/fr\\\/2022\\\/12\\\/06\\\/les-vehicules-electriques-de-la-poste-filtrent-avec-succes-lair-de-graz\\\/#primaryimage\",\"url\":\"https:\\\/\\\/loginfo24.com\\\/wp-content\\\/uploads\\\/sites\\\/7\\\/2025\\\/12\\\/Post_AT_06.12.2022.jpg\",\"contentUrl\":\"https:\\\/\\\/loginfo24.com\\\/wp-content\\\/uploads\\\/sites\\\/7\\\/2025\\\/12\\\/Post_AT_06.12.2022.jpg\",\"width\":1474,\"height\":855},{\"@type\":\"BreadcrumbList\",\"@id\":\"https:\\\/\\\/loginfo24.com\\\/fr\\\/2022\\\/12\\\/06\\\/les-vehicules-electriques-de-la-poste-filtrent-avec-succes-lair-de-graz\\\/#breadcrumb\",\"itemListElement\":[{\"@type\":\"ListItem\",\"position\":1,\"name\":\"Startseite\",\"item\":\"https:\\\/\\\/loginfo24.com\\\/fr\\\/\"},{\"@type\":\"ListItem\",\"position\":2,\"name\":\"Les v\u00e9hicules \u00e9lectriques de la Poste filtrent avec succ\u00e8s l&rsquo;air de Graz\"}]},{\"@type\":\"WebSite\",\"@id\":\"https:\\\/\\\/loginfo24.com\\\/fr\\\/#website\",\"url\":\"https:\\\/\\\/loginfo24.com\\\/fr\\\/\",\"name\":\"Loginfo24\",\"description\":\"Loginfo24 est la plateforme d\u00e9di\u00e9e \u00e0 la logistique et aux cha\u00eenes d&#039;approvisionnement qui fournit des informations 24 heures sur 24.\",\"publisher\":{\"@id\":\"https:\\\/\\\/loginfo24.com\\\/fr\\\/#organization\"},\"potentialAction\":[{\"@type\":\"SearchAction\",\"target\":{\"@type\":\"EntryPoint\",\"urlTemplate\":\"https:\\\/\\\/loginfo24.com\\\/fr\\\/?s={search_term_string}\"},\"query-input\":{\"@type\":\"PropertyValueSpecification\",\"valueRequired\":true,\"valueName\":\"search_term_string\"}}],\"inLanguage\":\"fr-FR\"},{\"@type\":\"Organization\",\"@id\":\"https:\\\/\\\/loginfo24.com\\\/fr\\\/#organization\",\"name\":\"Groupe Logismedia AG\",\"url\":\"https:\\\/\\\/loginfo24.com\\\/fr\\\/\",\"logo\":{\"@type\":\"ImageObject\",\"inLanguage\":\"fr-FR\",\"@id\":\"https:\\\/\\\/loginfo24.com\\\/fr\\\/#\\\/schema\\\/logo\\\/image\\\/\",\"url\":\"https:\\\/\\\/loginfo24.com\\\/wp-content\\\/uploads\\\/sites\\\/7\\\/2026\\\/01\\\/Logo_LogInfo24.png\",\"contentUrl\":\"https:\\\/\\\/loginfo24.com\\\/wp-content\\\/uploads\\\/sites\\\/7\\\/2026\\\/01\\\/Logo_LogInfo24.png\",\"width\":938,\"height\":351,\"caption\":\"Groupe Logismedia AG\"},\"image\":{\"@id\":\"https:\\\/\\\/loginfo24.com\\\/fr\\\/#\\\/schema\\\/logo\\\/image\\\/\"},\"sameAs\":[\"https:\\\/\\\/www.facebook.com\\\/people\\\/Loginfo24\\\/100057360583332\\\/\",\"https:\\\/\\\/www.linkedin.com\\\/company\\\/lofinfo24\\\/\"]}]}<\/script>\n<!-- \/ Yoast SEO plugin. -->","yoast_head_json":{"title":"Les v\u00e9hicules \u00e9lectriques de la Poste filtrent avec succ\u00e8s l'air de Graz - Loginfo24.","robots":{"index":"index","follow":"follow","max-snippet":"max-snippet:-1","max-image-preview":"max-image-preview:large","max-video-preview":"max-video-preview:-1"},"canonical":"https:\/\/loginfo24.com\/fr\/2022\/12\/06\/les-vehicules-electriques-de-la-poste-filtrent-avec-succes-lair-de-graz\/","og_locale":"fr_FR","og_type":"article","og_title":"Les v\u00e9hicules \u00e9lectriques de la Poste filtrent avec succ\u00e8s l'air de Graz - Loginfo24.","og_description":"Depuis fin ao\u00fbt, la Poste autrichienne utilise deux Mercedes-Benz eSprinter \u00e0 Graz, qui non seulement livrent des colis, des lettres, des envois publicitaires et des m\u00e9dias [\u2026]","og_url":"https:\/\/loginfo24.com\/fr\/2022\/12\/06\/les-vehicules-electriques-de-la-poste-filtrent-avec-succes-lair-de-graz\/","og_site_name":"Loginfo24","article_publisher":"https:\/\/www.facebook.com\/people\/Loginfo24\/100057360583332\/","article_published_time":"2022-12-06T13:25:47+00:00","og_image":[{"width":1474,"height":855,"url":"https:\/\/loginfo24.com\/wp-content\/uploads\/sites\/7\/2025\/12\/Post_AT_06.12.2022.jpg","type":"image\/jpeg"}],"twitter_card":"summary_large_image","twitter_misc":{"Dur\u00e9e de lecture estim\u00e9e":"5 minutes"},"schema":{"@context":"https:\/\/schema.org","@graph":[{"@type":"Article","@id":"https:\/\/loginfo24.com\/fr\/2022\/12\/06\/les-vehicules-electriques-de-la-poste-filtrent-avec-succes-lair-de-graz\/#article","isPartOf":{"@id":"https:\/\/loginfo24.com\/fr\/2022\/12\/06\/les-vehicules-electriques-de-la-poste-filtrent-avec-succes-lair-de-graz\/"},"author":{"name":"","@id":""},"headline":"Les v\u00e9hicules \u00e9lectriques de la Poste filtrent avec succ\u00e8s l&rsquo;air de Graz","datePublished":"2022-12-06T13:25:47+00:00","mainEntityOfPage":{"@id":"https:\/\/loginfo24.com\/fr\/2022\/12\/06\/les-vehicules-electriques-de-la-poste-filtrent-avec-succes-lair-de-graz\/"},"wordCount":970,"commentCount":0,"publisher":{"@id":"https:\/\/loginfo24.com\/fr\/#organization"},"image":{"@id":"https:\/\/loginfo24.com\/fr\/2022\/12\/06\/les-vehicules-electriques-de-la-poste-filtrent-avec-succes-lair-de-graz\/#primaryimage"},"thumbnailUrl":"https:\/\/loginfo24.com\/wp-content\/uploads\/sites\/7\/2025\/12\/Post_AT_06.12.2022.jpg","articleSection":["Categories","Forwarding &amp; Logistics","Regions"],"inLanguage":"fr-FR","potentialAction":[{"@type":"CommentAction","name":"Comment","target":["https:\/\/loginfo24.com\/fr\/2022\/12\/06\/les-vehicules-electriques-de-la-poste-filtrent-avec-succes-lair-de-graz\/#respond"]}]},{"@type":"WebPage","@id":"https:\/\/loginfo24.com\/fr\/2022\/12\/06\/les-vehicules-electriques-de-la-poste-filtrent-avec-succes-lair-de-graz\/","url":"https:\/\/loginfo24.com\/fr\/2022\/12\/06\/les-vehicules-electriques-de-la-poste-filtrent-avec-succes-lair-de-graz\/","name":"Les v\u00e9hicules \u00e9lectriques de la Poste filtrent avec succ\u00e8s l'air de Graz - Loginfo24.","isPartOf":{"@id":"https:\/\/loginfo24.com\/fr\/#website"},"primaryImageOfPage":{"@id":"https:\/\/loginfo24.com\/fr\/2022\/12\/06\/les-vehicules-electriques-de-la-poste-filtrent-avec-succes-lair-de-graz\/#primaryimage"},"image":{"@id":"https:\/\/loginfo24.com\/fr\/2022\/12\/06\/les-vehicules-electriques-de-la-poste-filtrent-avec-succes-lair-de-graz\/#primaryimage"},"thumbnailUrl":"https:\/\/loginfo24.com\/wp-content\/uploads\/sites\/7\/2025\/12\/Post_AT_06.12.2022.jpg","datePublished":"2022-12-06T13:25:47+00:00","breadcrumb":{"@id":"https:\/\/loginfo24.com\/fr\/2022\/12\/06\/les-vehicules-electriques-de-la-poste-filtrent-avec-succes-lair-de-graz\/#breadcrumb"},"inLanguage":"fr-FR","potentialAction":[{"@type":"ReadAction","target":["https:\/\/loginfo24.com\/fr\/2022\/12\/06\/les-vehicules-electriques-de-la-poste-filtrent-avec-succes-lair-de-graz\/"]}]},{"@type":"ImageObject","inLanguage":"fr-FR","@id":"https:\/\/loginfo24.com\/fr\/2022\/12\/06\/les-vehicules-electriques-de-la-poste-filtrent-avec-succes-lair-de-graz\/#primaryimage","url":"https:\/\/loginfo24.com\/wp-content\/uploads\/sites\/7\/2025\/12\/Post_AT_06.12.2022.jpg","contentUrl":"https:\/\/loginfo24.com\/wp-content\/uploads\/sites\/7\/2025\/12\/Post_AT_06.12.2022.jpg","width":1474,"height":855},{"@type":"BreadcrumbList","@id":"https:\/\/loginfo24.com\/fr\/2022\/12\/06\/les-vehicules-electriques-de-la-poste-filtrent-avec-succes-lair-de-graz\/#breadcrumb","itemListElement":[{"@type":"ListItem","position":1,"name":"Startseite","item":"https:\/\/loginfo24.com\/fr\/"},{"@type":"ListItem","position":2,"name":"Les v\u00e9hicules \u00e9lectriques de la Poste filtrent avec succ\u00e8s l&rsquo;air de Graz"}]},{"@type":"WebSite","@id":"https:\/\/loginfo24.com\/fr\/#website","url":"https:\/\/loginfo24.com\/fr\/","name":"Loginfo24","description":"Loginfo24 est la plateforme d\u00e9di\u00e9e \u00e0 la logistique et aux cha\u00eenes d&#039;approvisionnement qui fournit des informations 24 heures sur 24.","publisher":{"@id":"https:\/\/loginfo24.com\/fr\/#organization"},"potentialAction":[{"@type":"SearchAction","target":{"@type":"EntryPoint","urlTemplate":"https:\/\/loginfo24.com\/fr\/?s={search_term_string}"},"query-input":{"@type":"PropertyValueSpecification","valueRequired":true,"valueName":"search_term_string"}}],"inLanguage":"fr-FR"},{"@type":"Organization","@id":"https:\/\/loginfo24.com\/fr\/#organization","name":"Groupe Logismedia AG","url":"https:\/\/loginfo24.com\/fr\/","logo":{"@type":"ImageObject","inLanguage":"fr-FR","@id":"https:\/\/loginfo24.com\/fr\/#\/schema\/logo\/image\/","url":"https:\/\/loginfo24.com\/wp-content\/uploads\/sites\/7\/2026\/01\/Logo_LogInfo24.png","contentUrl":"https:\/\/loginfo24.com\/wp-content\/uploads\/sites\/7\/2026\/01\/Logo_LogInfo24.png","width":938,"height":351,"caption":"Groupe Logismedia AG"},"image":{"@id":"https:\/\/loginfo24.com\/fr\/#\/schema\/logo\/image\/"},"sameAs":["https:\/\/www.facebook.com\/people\/Loginfo24\/100057360583332\/","https:\/\/www.linkedin.com\/company\/lofinfo24\/"]}]}},"_links":{"self":[{"href":"https:\/\/loginfo24.com\/fr\/wp-json\/wp\/v2\/posts\/59749","targetHints":{"allow":["GET"]}}],"collection":[{"href":"https:\/\/loginfo24.com\/fr\/wp-json\/wp\/v2\/posts"}],"about":[{"href":"https:\/\/loginfo24.com\/fr\/wp-json\/wp\/v2\/types\/post"}],"replies":[{"embeddable":true,"href":"https:\/\/loginfo24.com\/fr\/wp-json\/wp\/v2\/comments?post=59749"}],"version-history":[{"count":0,"href":"https:\/\/loginfo24.com\/fr\/wp-json\/wp\/v2\/posts\/59749\/revisions"}],"wp:featuredmedia":[{"embeddable":true,"href":"https:\/\/loginfo24.com\/fr\/wp-json\/wp\/v2\/media\/8855"}],"wp:attachment":[{"href":"https:\/\/loginfo24.com\/fr\/wp-json\/wp\/v2\/media?parent=59749"}],"wp:term":[{"taxonomy":"category","embeddable":true,"href":"https:\/\/loginfo24.com\/fr\/wp-json\/wp\/v2\/categories?post=59749"},{"taxonomy":"post_tag","embeddable":true,"href":"https:\/\/loginfo24.com\/fr\/wp-json\/wp\/v2\/tags?post=59749"}],"curies":[{"name":"wp","href":"https:\/\/api.w.org\/{rel}","templated":true}]}}