{"id":59737,"date":"2022-12-05T19:50:37","date_gmt":"2022-12-05T18:50:37","guid":{"rendered":"https:\/\/blog.brand-architecture.at\/2022\/12\/05\/ford-pro-et-deutsche-post-dhl-group-annoncent-un-nouveau-partenariat\/"},"modified":"2022-12-05T19:50:37","modified_gmt":"2022-12-05T18:50:37","slug":"ford-pro-et-deutsche-post-dhl-group-annoncent-un-nouveau-partenariat","status":"publish","type":"post","link":"https:\/\/loginfo24.com\/fr\/2022\/12\/05\/ford-pro-et-deutsche-post-dhl-group-annoncent-un-nouveau-partenariat\/","title":{"rendered":"Ford Pro et Deutsche Post DHL Group annoncent un nouveau partenariat"},"content":{"rendered":"<h5><strong>Ford Pro et Deutsche Post DHL Group ont r\u00e9cemment sign\u00e9 une lettre d&rsquo;intention pour acc\u00e9l\u00e9rer l&rsquo;utilisation des fourgonnettes \u00e9lectriques dans le cadre de leurs op\u00e9rations logistiques mondiales. Cela souligne l&rsquo;engagement des deux entreprises \u00e0 offrir des services durables\/verts.<\/strong><\/h5>\n<p>(Bonn\/Cologne) Ford Pro \u00e9quipera Deutsche Post DHL Group de plus de 2 000 fourgonnettes \u00e9lectriques dans le monde d&rsquo;ici la fin de 2023, afin de renforcer leur position de leader dans l&rsquo;utilisation de fourgonnettes \u00e9lectriques pour le dernier kilom\u00e8tre \u00e0 l&rsquo;\u00e9chelle mondiale. Cela souligne la collaboration pr\u00e9vue entre les deux partenaires. Conform\u00e9ment aux objectifs de z\u00e9ro \u00e9mission des deux organisations, l&rsquo;accord sign\u00e9 comprend un ensemble complet de solutions pour l&rsquo;exploitation de la flotte \u00e9lectrique, y compris l&rsquo;acc\u00e8s au logiciel de t\u00e9l\u00e9matique E-connect\u00e9 et aux solutions de recharge de Ford Pro, afin de r\u00e9duire les co\u00fbts d&rsquo;exploitation et d&rsquo;optimiser l&rsquo;efficacit\u00e9.<\/p>\n<h5>Ford s&rsquo;est fix\u00e9 pour objectif de rendre toutes ses ventes de v\u00e9hicules sans \u00e9missions d&rsquo;ici 2035 et d&rsquo;atteindre la neutralit\u00e9 carbone dans ses usines europ\u00e9ennes, dans la logistique et chez ses fournisseurs d&rsquo;ici 2050 au plus tard.<\/h5>\n<p>Deutsche Post DHL Group, le principal fournisseur de logistique au monde, s&rsquo;est engag\u00e9 \u00e0 renforcer des op\u00e9rations propres pour la protection du climat et investira 7 milliards d&rsquo;euros au cours de cette d\u00e9cennie pour atteindre une logistique \u00e0 z\u00e9ro \u00e9mission nette. Deutsche Post DHL Group vise un taux de 60 % de v\u00e9hicules \u00e9lectriques d&rsquo;ici 2030 pour les op\u00e9rations de collecte et de livraison climatiquement neutres. L&rsquo;entreprise s&rsquo;appuie \u00e9galement sur le nouveau E-Transit1 de Ford Pro.<\/p>\n<p><img loading=\"lazy\" decoding=\"async\" class=\"alignnone wp-image-21872 size-full\" src=\"https:\/\/loginfo24.com\/wp-content\/uploads\/sites\/7\/2025\/12\/DHL1_05.12.2022.jpg\" alt=\"\" width=\"695\" height=\"427\" \/><\/p>\n<p>\u00ab\u00a0Ford Pro et Deutsche Post DHL Group partagent la vision d&rsquo;une plus grande durabilit\u00e9 et l&rsquo;engagement envers des solutions \u00e9lectrifi\u00e9es. Cet accord est une \u00e9tape importante vers des millions de livraisons effectu\u00e9es avec des fourgonnettes \u00e9lectriques dans le monde entier. Le E-Transit est le v\u00e9hicule \u00e9lectrique le plus vendu en Am\u00e9rique du Nord et, depuis juin, \u00e9galement le plus vendu dans son segment en Europe. Cela signifie que le fourgon enti\u00e8rement \u00e9lectrique de 2 tonnes progresse d\u00e9j\u00e0 consid\u00e9rablement pour soutenir ces ambitions\u00a0\u00bb, a d\u00e9clar\u00e9 Hans Schep, directeur g\u00e9n\u00e9ral de Ford Pro, Europe.<\/p>\n<p>\u00ab\u00a0L&rsquo;\u00e9lectrification de la logistique du dernier kilom\u00e8tre est un pilier essentiel de la d\u00e9carbonisation de nos op\u00e9rations. L&rsquo;int\u00e9gration du nouveau Ford E-Transit dans notre flotte mondiale d&rsquo;environ 27 000 fourgonnettes \u00e9lectriques renforce notre capacit\u00e9 \u00e0 offrir des services de livraison respectueux de l&rsquo;environnement dans le monde entier. En unissant nos forces et en tenant compte de nos exigences logistiques sp\u00e9cifiques, nous continuerons \u00e0 am\u00e9liorer la qualit\u00e9 du service et l&rsquo;efficacit\u00e9 op\u00e9rationnelle\u00a0\u00bb, a d\u00e9clar\u00e9 Anna Spinelli, directrice des achats et responsable de la mobilit\u00e9, Deutsche Post DHL Group.<\/p>\n<p><img loading=\"lazy\" decoding=\"async\" class=\"alignnone wp-image-21873 size-full\" src=\"https:\/\/loginfo24.com\/wp-content\/uploads\/sites\/7\/2025\/12\/DHL2_05.12.2022.jpg\" alt=\"\" width=\"788\" height=\"442\" \/><\/p>\n<p>Ford Pro a d\u00e9j\u00e0 livr\u00e9 les premiers E-Transits dans le cadre de l&rsquo;accord, qui rejoindront la flotte \u00e9lectrique de Deutsche Post DHL Group et seront utilis\u00e9s pour les livraisons du dernier kilom\u00e8tre dans plusieurs pays du monde.2 Le volume de commandes se concentre sur les fourgonnettes E-Transit, con\u00e7ues pour le traitement des envois express en Am\u00e9rique et en Europe. Les v\u00e9hicules seront int\u00e9gr\u00e9s \u00e0 la flotte de Deutsche Post DHL Group pendant la p\u00e9riode la plus charg\u00e9e de l&rsquo;ann\u00e9e, permettant d\u00e9j\u00e0 une livraison plus durable aux clients pendant la haute saison. De plus, l&rsquo;achat de v\u00e9hicules de livraison de colis \u00e9lectriques avec une carrosserie sur mesure pour la livraison en milieu urbain en Allemagne a \u00e9t\u00e9 finalis\u00e9. Environ 800 de ces fourgonnettes \u00e9lectriques seront en service en Allemagne d&rsquo;ici la fin de 2023.<\/p>\n<p>La lettre d&rsquo;intention sign\u00e9e par Ford et Deutsche Post DHL Group permettra aux deux entreprises de faire progresser le d\u00e9veloppement commun de futurs produits ainsi que de nouvelles offres de services num\u00e9riques et de solutions de recharge. Ford Pro offre non seulement un acc\u00e8s anticip\u00e9 \u00e0 des id\u00e9es innovantes, mais permet \u00e9galement \u00e0 Deutsche Post DHL Group d&rsquo;acc\u00e9der \u00e0 des v\u00e9hicules d&rsquo;essai et \u00e0 des services de surveillance des v\u00e9hicules, alors que les deux entreprises examinent l&rsquo;\u00e9largissement de leur collaboration \u00e0 un nombre croissant de march\u00e9s dans le monde.<\/p>\n<p>Photo : \u00a9 Deutsch Post DHL<\/p>\n","protected":false},"excerpt":{"rendered":"<p>Ford Pro et Deutsche Post DHL Group ont r\u00e9cemment sign\u00e9 une lettre d&rsquo;intention pour acc\u00e9l\u00e9rer l&rsquo;utilisation des fourgonnettes \u00e9lectriques dans le cadre de leurs op\u00e9rations logistiques<span class=\"excerpt-hellip\"> [\u2026]<\/span><\/p>\n","protected":false},"author":0,"featured_media":8864,"comment_status":"open","ping_status":"open","sticky":false,"template":"","format":"standard","meta":{"_acf_changed":false,"footnotes":""},"categories":[1665,1557,1561],"tags":[],"class_list":["post-59737","post","type-post","status-publish","format-standard","has-post-thumbnail","hentry","category-categories","category-forwarding-logistics","category-regions"],"acf":[],"yoast_head":"<!-- This site is optimized with the Yoast SEO plugin v27.3 - https:\/\/yoast.com\/product\/yoast-seo-wordpress\/ -->\n<title>Ford Pro et Deutsche Post DHL Group annoncent un nouveau partenariat - Loginfo24.<\/title>\n<meta name=\"robots\" content=\"index, follow, max-snippet:-1, max-image-preview:large, max-video-preview:-1\" \/>\n<link rel=\"canonical\" href=\"https:\/\/loginfo24.com\/fr\/2022\/12\/05\/ford-pro-et-deutsche-post-dhl-group-annoncent-un-nouveau-partenariat\/\" \/>\n<meta property=\"og:locale\" content=\"fr_FR\" \/>\n<meta property=\"og:type\" content=\"article\" \/>\n<meta property=\"og:title\" content=\"Ford Pro et Deutsche Post DHL Group annoncent un nouveau partenariat - Loginfo24.\" \/>\n<meta property=\"og:description\" content=\"Ford Pro et Deutsche Post DHL Group ont r\u00e9cemment sign\u00e9 une lettre d&rsquo;intention pour acc\u00e9l\u00e9rer l&rsquo;utilisation des fourgonnettes \u00e9lectriques dans le cadre de leurs op\u00e9rations logistiques [\u2026]\" \/>\n<meta property=\"og:url\" content=\"https:\/\/loginfo24.com\/fr\/2022\/12\/05\/ford-pro-et-deutsche-post-dhl-group-annoncent-un-nouveau-partenariat\/\" \/>\n<meta property=\"og:site_name\" content=\"Loginfo24\" \/>\n<meta property=\"article:publisher\" content=\"https:\/\/www.facebook.com\/people\/Loginfo24\/100057360583332\/\" \/>\n<meta property=\"article:published_time\" content=\"2022-12-05T18:50:37+00:00\" \/>\n<meta property=\"og:image\" content=\"https:\/\/loginfo24.com\/wp-content\/uploads\/sites\/7\/2025\/12\/DHL_05.12.2022.jpg\" \/>\n\t<meta property=\"og:image:width\" content=\"793\" \/>\n\t<meta property=\"og:image:height\" content=\"444\" \/>\n\t<meta property=\"og:image:type\" content=\"image\/jpeg\" \/>\n<meta name=\"twitter:card\" content=\"summary_large_image\" \/>\n<meta name=\"twitter:label1\" content=\"Dur\u00e9e de lecture estim\u00e9e\" \/>\n\t<meta name=\"twitter:data1\" content=\"3 minutes\" \/>\n<script type=\"application\/ld+json\" class=\"yoast-schema-graph\">{\"@context\":\"https:\\\/\\\/schema.org\",\"@graph\":[{\"@type\":\"Article\",\"@id\":\"https:\\\/\\\/loginfo24.com\\\/fr\\\/2022\\\/12\\\/05\\\/ford-pro-et-deutsche-post-dhl-group-annoncent-un-nouveau-partenariat\\\/#article\",\"isPartOf\":{\"@id\":\"https:\\\/\\\/loginfo24.com\\\/fr\\\/2022\\\/12\\\/05\\\/ford-pro-et-deutsche-post-dhl-group-annoncent-un-nouveau-partenariat\\\/\"},\"author\":{\"name\":\"\",\"@id\":\"\"},\"headline\":\"Ford Pro et Deutsche Post DHL Group annoncent un nouveau partenariat\",\"datePublished\":\"2022-12-05T18:50:37+00:00\",\"mainEntityOfPage\":{\"@id\":\"https:\\\/\\\/loginfo24.com\\\/fr\\\/2022\\\/12\\\/05\\\/ford-pro-et-deutsche-post-dhl-group-annoncent-un-nouveau-partenariat\\\/\"},\"wordCount\":738,\"commentCount\":0,\"publisher\":{\"@id\":\"https:\\\/\\\/loginfo24.com\\\/fr\\\/#organization\"},\"image\":{\"@id\":\"https:\\\/\\\/loginfo24.com\\\/fr\\\/2022\\\/12\\\/05\\\/ford-pro-et-deutsche-post-dhl-group-annoncent-un-nouveau-partenariat\\\/#primaryimage\"},\"thumbnailUrl\":\"https:\\\/\\\/loginfo24.com\\\/wp-content\\\/uploads\\\/sites\\\/7\\\/2025\\\/12\\\/DHL_05.12.2022.jpg\",\"articleSection\":[\"Categories\",\"Forwarding &amp; Logistics\",\"Regions\"],\"inLanguage\":\"fr-FR\",\"potentialAction\":[{\"@type\":\"CommentAction\",\"name\":\"Comment\",\"target\":[\"https:\\\/\\\/loginfo24.com\\\/fr\\\/2022\\\/12\\\/05\\\/ford-pro-et-deutsche-post-dhl-group-annoncent-un-nouveau-partenariat\\\/#respond\"]}]},{\"@type\":\"WebPage\",\"@id\":\"https:\\\/\\\/loginfo24.com\\\/fr\\\/2022\\\/12\\\/05\\\/ford-pro-et-deutsche-post-dhl-group-annoncent-un-nouveau-partenariat\\\/\",\"url\":\"https:\\\/\\\/loginfo24.com\\\/fr\\\/2022\\\/12\\\/05\\\/ford-pro-et-deutsche-post-dhl-group-annoncent-un-nouveau-partenariat\\\/\",\"name\":\"Ford Pro et Deutsche Post DHL Group annoncent un nouveau partenariat - Loginfo24.\",\"isPartOf\":{\"@id\":\"https:\\\/\\\/loginfo24.com\\\/fr\\\/#website\"},\"primaryImageOfPage\":{\"@id\":\"https:\\\/\\\/loginfo24.com\\\/fr\\\/2022\\\/12\\\/05\\\/ford-pro-et-deutsche-post-dhl-group-annoncent-un-nouveau-partenariat\\\/#primaryimage\"},\"image\":{\"@id\":\"https:\\\/\\\/loginfo24.com\\\/fr\\\/2022\\\/12\\\/05\\\/ford-pro-et-deutsche-post-dhl-group-annoncent-un-nouveau-partenariat\\\/#primaryimage\"},\"thumbnailUrl\":\"https:\\\/\\\/loginfo24.com\\\/wp-content\\\/uploads\\\/sites\\\/7\\\/2025\\\/12\\\/DHL_05.12.2022.jpg\",\"datePublished\":\"2022-12-05T18:50:37+00:00\",\"breadcrumb\":{\"@id\":\"https:\\\/\\\/loginfo24.com\\\/fr\\\/2022\\\/12\\\/05\\\/ford-pro-et-deutsche-post-dhl-group-annoncent-un-nouveau-partenariat\\\/#breadcrumb\"},\"inLanguage\":\"fr-FR\",\"potentialAction\":[{\"@type\":\"ReadAction\",\"target\":[\"https:\\\/\\\/loginfo24.com\\\/fr\\\/2022\\\/12\\\/05\\\/ford-pro-et-deutsche-post-dhl-group-annoncent-un-nouveau-partenariat\\\/\"]}]},{\"@type\":\"ImageObject\",\"inLanguage\":\"fr-FR\",\"@id\":\"https:\\\/\\\/loginfo24.com\\\/fr\\\/2022\\\/12\\\/05\\\/ford-pro-et-deutsche-post-dhl-group-annoncent-un-nouveau-partenariat\\\/#primaryimage\",\"url\":\"https:\\\/\\\/loginfo24.com\\\/wp-content\\\/uploads\\\/sites\\\/7\\\/2025\\\/12\\\/DHL_05.12.2022.jpg\",\"contentUrl\":\"https:\\\/\\\/loginfo24.com\\\/wp-content\\\/uploads\\\/sites\\\/7\\\/2025\\\/12\\\/DHL_05.12.2022.jpg\",\"width\":793,\"height\":444},{\"@type\":\"BreadcrumbList\",\"@id\":\"https:\\\/\\\/loginfo24.com\\\/fr\\\/2022\\\/12\\\/05\\\/ford-pro-et-deutsche-post-dhl-group-annoncent-un-nouveau-partenariat\\\/#breadcrumb\",\"itemListElement\":[{\"@type\":\"ListItem\",\"position\":1,\"name\":\"Startseite\",\"item\":\"https:\\\/\\\/loginfo24.com\\\/fr\\\/\"},{\"@type\":\"ListItem\",\"position\":2,\"name\":\"Ford Pro et Deutsche Post DHL Group annoncent un nouveau partenariat\"}]},{\"@type\":\"WebSite\",\"@id\":\"https:\\\/\\\/loginfo24.com\\\/fr\\\/#website\",\"url\":\"https:\\\/\\\/loginfo24.com\\\/fr\\\/\",\"name\":\"Loginfo24\",\"description\":\"Loginfo24 est la plateforme d\u00e9di\u00e9e \u00e0 la logistique et aux cha\u00eenes d&#039;approvisionnement qui fournit des informations 24 heures sur 24.\",\"publisher\":{\"@id\":\"https:\\\/\\\/loginfo24.com\\\/fr\\\/#organization\"},\"potentialAction\":[{\"@type\":\"SearchAction\",\"target\":{\"@type\":\"EntryPoint\",\"urlTemplate\":\"https:\\\/\\\/loginfo24.com\\\/fr\\\/?s={search_term_string}\"},\"query-input\":{\"@type\":\"PropertyValueSpecification\",\"valueRequired\":true,\"valueName\":\"search_term_string\"}}],\"inLanguage\":\"fr-FR\"},{\"@type\":\"Organization\",\"@id\":\"https:\\\/\\\/loginfo24.com\\\/fr\\\/#organization\",\"name\":\"Groupe Logismedia AG\",\"url\":\"https:\\\/\\\/loginfo24.com\\\/fr\\\/\",\"logo\":{\"@type\":\"ImageObject\",\"inLanguage\":\"fr-FR\",\"@id\":\"https:\\\/\\\/loginfo24.com\\\/fr\\\/#\\\/schema\\\/logo\\\/image\\\/\",\"url\":\"https:\\\/\\\/loginfo24.com\\\/wp-content\\\/uploads\\\/sites\\\/7\\\/2026\\\/01\\\/Logo_LogInfo24.png\",\"contentUrl\":\"https:\\\/\\\/loginfo24.com\\\/wp-content\\\/uploads\\\/sites\\\/7\\\/2026\\\/01\\\/Logo_LogInfo24.png\",\"width\":938,\"height\":351,\"caption\":\"Groupe Logismedia AG\"},\"image\":{\"@id\":\"https:\\\/\\\/loginfo24.com\\\/fr\\\/#\\\/schema\\\/logo\\\/image\\\/\"},\"sameAs\":[\"https:\\\/\\\/www.facebook.com\\\/people\\\/Loginfo24\\\/100057360583332\\\/\",\"https:\\\/\\\/www.linkedin.com\\\/company\\\/lofinfo24\\\/\"]}]}<\/script>\n<!-- \/ Yoast SEO plugin. -->","yoast_head_json":{"title":"Ford Pro et Deutsche Post DHL Group annoncent un nouveau partenariat - Loginfo24.","robots":{"index":"index","follow":"follow","max-snippet":"max-snippet:-1","max-image-preview":"max-image-preview:large","max-video-preview":"max-video-preview:-1"},"canonical":"https:\/\/loginfo24.com\/fr\/2022\/12\/05\/ford-pro-et-deutsche-post-dhl-group-annoncent-un-nouveau-partenariat\/","og_locale":"fr_FR","og_type":"article","og_title":"Ford Pro et Deutsche Post DHL Group annoncent un nouveau partenariat - Loginfo24.","og_description":"Ford Pro et Deutsche Post DHL Group ont r\u00e9cemment sign\u00e9 une lettre d&rsquo;intention pour acc\u00e9l\u00e9rer l&rsquo;utilisation des fourgonnettes \u00e9lectriques dans le cadre de leurs op\u00e9rations logistiques [\u2026]","og_url":"https:\/\/loginfo24.com\/fr\/2022\/12\/05\/ford-pro-et-deutsche-post-dhl-group-annoncent-un-nouveau-partenariat\/","og_site_name":"Loginfo24","article_publisher":"https:\/\/www.facebook.com\/people\/Loginfo24\/100057360583332\/","article_published_time":"2022-12-05T18:50:37+00:00","og_image":[{"width":793,"height":444,"url":"https:\/\/loginfo24.com\/wp-content\/uploads\/sites\/7\/2025\/12\/DHL_05.12.2022.jpg","type":"image\/jpeg"}],"twitter_card":"summary_large_image","twitter_misc":{"Dur\u00e9e de lecture estim\u00e9e":"3 minutes"},"schema":{"@context":"https:\/\/schema.org","@graph":[{"@type":"Article","@id":"https:\/\/loginfo24.com\/fr\/2022\/12\/05\/ford-pro-et-deutsche-post-dhl-group-annoncent-un-nouveau-partenariat\/#article","isPartOf":{"@id":"https:\/\/loginfo24.com\/fr\/2022\/12\/05\/ford-pro-et-deutsche-post-dhl-group-annoncent-un-nouveau-partenariat\/"},"author":{"name":"","@id":""},"headline":"Ford Pro et Deutsche Post DHL Group annoncent un nouveau partenariat","datePublished":"2022-12-05T18:50:37+00:00","mainEntityOfPage":{"@id":"https:\/\/loginfo24.com\/fr\/2022\/12\/05\/ford-pro-et-deutsche-post-dhl-group-annoncent-un-nouveau-partenariat\/"},"wordCount":738,"commentCount":0,"publisher":{"@id":"https:\/\/loginfo24.com\/fr\/#organization"},"image":{"@id":"https:\/\/loginfo24.com\/fr\/2022\/12\/05\/ford-pro-et-deutsche-post-dhl-group-annoncent-un-nouveau-partenariat\/#primaryimage"},"thumbnailUrl":"https:\/\/loginfo24.com\/wp-content\/uploads\/sites\/7\/2025\/12\/DHL_05.12.2022.jpg","articleSection":["Categories","Forwarding &amp; Logistics","Regions"],"inLanguage":"fr-FR","potentialAction":[{"@type":"CommentAction","name":"Comment","target":["https:\/\/loginfo24.com\/fr\/2022\/12\/05\/ford-pro-et-deutsche-post-dhl-group-annoncent-un-nouveau-partenariat\/#respond"]}]},{"@type":"WebPage","@id":"https:\/\/loginfo24.com\/fr\/2022\/12\/05\/ford-pro-et-deutsche-post-dhl-group-annoncent-un-nouveau-partenariat\/","url":"https:\/\/loginfo24.com\/fr\/2022\/12\/05\/ford-pro-et-deutsche-post-dhl-group-annoncent-un-nouveau-partenariat\/","name":"Ford Pro et Deutsche Post DHL Group annoncent un nouveau partenariat - Loginfo24.","isPartOf":{"@id":"https:\/\/loginfo24.com\/fr\/#website"},"primaryImageOfPage":{"@id":"https:\/\/loginfo24.com\/fr\/2022\/12\/05\/ford-pro-et-deutsche-post-dhl-group-annoncent-un-nouveau-partenariat\/#primaryimage"},"image":{"@id":"https:\/\/loginfo24.com\/fr\/2022\/12\/05\/ford-pro-et-deutsche-post-dhl-group-annoncent-un-nouveau-partenariat\/#primaryimage"},"thumbnailUrl":"https:\/\/loginfo24.com\/wp-content\/uploads\/sites\/7\/2025\/12\/DHL_05.12.2022.jpg","datePublished":"2022-12-05T18:50:37+00:00","breadcrumb":{"@id":"https:\/\/loginfo24.com\/fr\/2022\/12\/05\/ford-pro-et-deutsche-post-dhl-group-annoncent-un-nouveau-partenariat\/#breadcrumb"},"inLanguage":"fr-FR","potentialAction":[{"@type":"ReadAction","target":["https:\/\/loginfo24.com\/fr\/2022\/12\/05\/ford-pro-et-deutsche-post-dhl-group-annoncent-un-nouveau-partenariat\/"]}]},{"@type":"ImageObject","inLanguage":"fr-FR","@id":"https:\/\/loginfo24.com\/fr\/2022\/12\/05\/ford-pro-et-deutsche-post-dhl-group-annoncent-un-nouveau-partenariat\/#primaryimage","url":"https:\/\/loginfo24.com\/wp-content\/uploads\/sites\/7\/2025\/12\/DHL_05.12.2022.jpg","contentUrl":"https:\/\/loginfo24.com\/wp-content\/uploads\/sites\/7\/2025\/12\/DHL_05.12.2022.jpg","width":793,"height":444},{"@type":"BreadcrumbList","@id":"https:\/\/loginfo24.com\/fr\/2022\/12\/05\/ford-pro-et-deutsche-post-dhl-group-annoncent-un-nouveau-partenariat\/#breadcrumb","itemListElement":[{"@type":"ListItem","position":1,"name":"Startseite","item":"https:\/\/loginfo24.com\/fr\/"},{"@type":"ListItem","position":2,"name":"Ford Pro et Deutsche Post DHL Group annoncent un nouveau partenariat"}]},{"@type":"WebSite","@id":"https:\/\/loginfo24.com\/fr\/#website","url":"https:\/\/loginfo24.com\/fr\/","name":"Loginfo24","description":"Loginfo24 est la plateforme d\u00e9di\u00e9e \u00e0 la logistique et aux cha\u00eenes d&#039;approvisionnement qui fournit des informations 24 heures sur 24.","publisher":{"@id":"https:\/\/loginfo24.com\/fr\/#organization"},"potentialAction":[{"@type":"SearchAction","target":{"@type":"EntryPoint","urlTemplate":"https:\/\/loginfo24.com\/fr\/?s={search_term_string}"},"query-input":{"@type":"PropertyValueSpecification","valueRequired":true,"valueName":"search_term_string"}}],"inLanguage":"fr-FR"},{"@type":"Organization","@id":"https:\/\/loginfo24.com\/fr\/#organization","name":"Groupe Logismedia AG","url":"https:\/\/loginfo24.com\/fr\/","logo":{"@type":"ImageObject","inLanguage":"fr-FR","@id":"https:\/\/loginfo24.com\/fr\/#\/schema\/logo\/image\/","url":"https:\/\/loginfo24.com\/wp-content\/uploads\/sites\/7\/2026\/01\/Logo_LogInfo24.png","contentUrl":"https:\/\/loginfo24.com\/wp-content\/uploads\/sites\/7\/2026\/01\/Logo_LogInfo24.png","width":938,"height":351,"caption":"Groupe Logismedia AG"},"image":{"@id":"https:\/\/loginfo24.com\/fr\/#\/schema\/logo\/image\/"},"sameAs":["https:\/\/www.facebook.com\/people\/Loginfo24\/100057360583332\/","https:\/\/www.linkedin.com\/company\/lofinfo24\/"]}]}},"_links":{"self":[{"href":"https:\/\/loginfo24.com\/fr\/wp-json\/wp\/v2\/posts\/59737","targetHints":{"allow":["GET"]}}],"collection":[{"href":"https:\/\/loginfo24.com\/fr\/wp-json\/wp\/v2\/posts"}],"about":[{"href":"https:\/\/loginfo24.com\/fr\/wp-json\/wp\/v2\/types\/post"}],"replies":[{"embeddable":true,"href":"https:\/\/loginfo24.com\/fr\/wp-json\/wp\/v2\/comments?post=59737"}],"version-history":[{"count":0,"href":"https:\/\/loginfo24.com\/fr\/wp-json\/wp\/v2\/posts\/59737\/revisions"}],"wp:featuredmedia":[{"embeddable":true,"href":"https:\/\/loginfo24.com\/fr\/wp-json\/wp\/v2\/media\/8864"}],"wp:attachment":[{"href":"https:\/\/loginfo24.com\/fr\/wp-json\/wp\/v2\/media?parent=59737"}],"wp:term":[{"taxonomy":"category","embeddable":true,"href":"https:\/\/loginfo24.com\/fr\/wp-json\/wp\/v2\/categories?post=59737"},{"taxonomy":"post_tag","embeddable":true,"href":"https:\/\/loginfo24.com\/fr\/wp-json\/wp\/v2\/tags?post=59737"}],"curies":[{"name":"wp","href":"https:\/\/api.w.org\/{rel}","templated":true}]}}