{"id":59659,"date":"2022-12-01T12:24:25","date_gmt":"2022-12-01T11:24:25","guid":{"rendered":"https:\/\/blog.brand-architecture.at\/2022\/12\/01\/elsen-logistique-et-zf-depuis-20-ans-sur-le-site-de-koblenz\/"},"modified":"2022-12-01T12:24:25","modified_gmt":"2022-12-01T11:24:25","slug":"elsen-logistique-et-zf-depuis-20-ans-sur-le-site-de-koblenz","status":"publish","type":"post","link":"https:\/\/loginfo24.com\/fr\/2022\/12\/01\/elsen-logistique-et-zf-depuis-20-ans-sur-le-site-de-koblenz\/","title":{"rendered":"ELSEN Logistique et ZF depuis 20 ans sur le site de Koblenz"},"content":{"rendered":"<h5>Le 10 juin 2002, ELSEN Logistik GmbH \u00e0 M\u00fclheim-K\u00e4rlich pr\u00e8s de Koblenz a trait\u00e9 la premi\u00e8re r\u00e9ception de marchandises pour le fournisseur automobile ZF, alors TRW Lucas Automotive : un transport sp\u00e9cial en provenance de France. Jusqu&rsquo;\u00e0 ce moment-l\u00e0, le prestataire logistique full-service d&rsquo;aujourd&rsquo;hui agissait uniquement en tant que transporteur. Avec la commande du client automobile international, le saut vers la logistique a \u00e9t\u00e9 r\u00e9alis\u00e9. Cette ann\u00e9e, les deux entreprises c\u00e9l\u00e8brent le 20e anniversaire de leur partenariat.<\/h5>\n<p>(M\u00fchlheim-K\u00e4rlich) \u00ab La commande de ZF a \u00e9t\u00e9 pour nous un jalon important pour deux raisons. \u00c0 l&rsquo;\u00e9poque, nous avons remport\u00e9 non seulement le premier contrat d&rsquo;intralogistique par le biais d&rsquo;un appel d&rsquo;offres, mais nous avons \u00e9galement \u00e9tabli un partenariat particulier qui est toujours couronn\u00e9 de succ\u00e8s aujourd&rsquo;hui \u00bb, d\u00e9clare Peter Dennert, directeur g\u00e9n\u00e9ral d&rsquo;ELSEN Logistik GmbH. \u00c0 M\u00fclheim-K\u00e4rlich pr\u00e8s de Koblenz, le premier site op\u00e9rationnel de logistique pour ZF (alors TRW) a \u00e9t\u00e9 ouvert en 2002 avec 28 employ\u00e9s, qui g\u00e9raient une surface de 2 500 m\u00b2 en trois \u00e9quipes et approvisionnaient la production sur le site du client \u00e0 Koblenz.<\/p>\n<p>Commen\u00e7ant par des activit\u00e9s logistiques classiques telles que la r\u00e9ception de marchandises, la pr\u00e9paration de commandes et les transports vers la production, ELSEN prend aujourd&rsquo;hui en charge non seulement une grande partie des processus intralogistiques, mais \u00e9galement des services \u00e0 valeur ajout\u00e9e hautement sp\u00e9cialis\u00e9s pour le client. Les contr\u00f4les de qualit\u00e9 tels que les tests microscopiques et d&rsquo;\u00e9tanch\u00e9it\u00e9 \u00e0 l&rsquo;air, la gestion des emballages et des conteneurs ainsi que la gestion des r\u00e9clamations \u00e0 la r\u00e9ception des marchandises sont effectu\u00e9s \u00e0 Carl-Spaeter-Stra\u00dfe 4 dans la zone industrielle de Koblenz. ELSEN s&rsquo;est install\u00e9 en 2009, lorsque l&rsquo;activit\u00e9 a \u00e9t\u00e9 \u00e9tendue, directement \u00e0 c\u00f4t\u00e9 de l&rsquo;usine du client sur une surface logistique de 8 500 m\u00b2. L&rsquo;usine de production \u00e0 Koblenz produit des syst\u00e8mes de freinage et de stabilit\u00e9 de conduite et d\u00e9veloppe sous responsabilit\u00e9 mondiale des syst\u00e8mes de freinage m\u00e9caniques et \u00e9lectroniques ainsi que des syst\u00e8mes d&rsquo;assistance au conducteur.<\/p>\n<h5>Approvisionnement de la production en deux heures<\/h5>\n<p>L&rsquo;approvisionnement de la production de ZF s&rsquo;effectue en deux heures. Pour cela, des trains de transport cadenc\u00e9s d&rsquo;ELSEN approvisionnent les lignes de production de l&rsquo;usine avec en moyenne 2 100 commandes par jour. Depuis 20 ans, ZF fait d\u00e9j\u00e0 confiance \u00e0 ELSEN en tant que partenaire logistique. \u00ab Nous sommes fiers de maintenir un partenariat aussi long avec ZF, d&rsquo;autant plus que, comme c&rsquo;est souvent le cas dans l&rsquo;industrie automobile, nous devons r\u00e9guli\u00e8rement nous soumettre \u00e0 des \u00e9valuations et des r\u00e9visions de prix \u00bb, d\u00e9clare Dennert.<\/p>\n<p>Andreas Brune, directeur de l&rsquo;usine et directeur g\u00e9n\u00e9ral de ZF Active Safety GmbH sur le site de Koblenz : \u00ab Gr\u00e2ce \u00e0 la d\u00e9cision strat\u00e9gique de confier une partie de la cha\u00eene logistique \u00e0 ELSEN, nous avons pu nous concentrer pleinement sur notre c\u0153ur de m\u00e9tier. Chez ELSEN, nous savons qu&rsquo;une forte affinit\u00e9 pour les processus rencontre un savoir-faire logistique approfondi. De plus, ils se distinguent par leur flexibilit\u00e9 et, depuis toujours, par un bon rapport qualit\u00e9-prix. Enfin, nous appr\u00e9cions le partenariat tr\u00e8s confiant avec l&rsquo;\u00e9quipe. \u00bb<\/p>\n<h5>Pr\u00e9sent \u00e0 diff\u00e9rents autres sites<\/h5>\n<p>En plus de la r\u00e9gion de Koblenz, ELSEN est \u00e9galement pr\u00e9sent \u00e0 Wittlich, Nuremberg, Schw\u00e4bisch Hall, F\u00fcrstenwalde pr\u00e8s de Berlin ainsi qu&rsquo;\u00e0 Erfurt. Des entreprises telles que le constructeur de machines BOMAG, le fournisseur de si\u00e8ges d&rsquo;avion haut de gamme Recaro Aircraft Seating et le fournisseur automobile Musashi font confiance \u00e0 ELSEN. En plus de la logistique contractuelle et des transports, ELSEN propose \u00e9galement des conseils logistiques ainsi que des services de personnel.<\/p>\n<p>Photo : \u00a9 ELSEN \/ <em><strong>L\u00e9gende de l&rsquo;image<\/strong> (de g. \u00e0 d.) : Thomas Welter (Directeur des op\u00e9rations r\u00e9gionales ELSEN Logistik GmbH), Markus Jansen (Responsable logistique ZF), Andreas Brune (Directeur g\u00e9n\u00e9ral de ZF Active Safety GmbH) et Peter Dennert (Directeur g\u00e9n\u00e9ral d&rsquo;ELSEN Logistik GmbH)<\/em><\/p>\n","protected":false},"excerpt":{"rendered":"<p>Le 10 juin 2002, ELSEN Logistik GmbH \u00e0 M\u00fclheim-K\u00e4rlich pr\u00e8s de Koblenz a trait\u00e9 la premi\u00e8re r\u00e9ception de marchandises pour le fournisseur automobile ZF, alors TRW<span class=\"excerpt-hellip\"> [\u2026]<\/span><\/p>\n","protected":false},"author":0,"featured_media":8892,"comment_status":"open","ping_status":"open","sticky":false,"template":"","format":"standard","meta":{"_acf_changed":false,"footnotes":""},"categories":[1557,1560,1561],"tags":[],"class_list":["post-59659","post","type-post","status-publish","format-standard","has-post-thumbnail","hentry","category-forwarding-logistics","category-intralogistics","category-regions"],"acf":[],"yoast_head":"<!-- This site is optimized with the Yoast SEO plugin v27.3 - https:\/\/yoast.com\/product\/yoast-seo-wordpress\/ -->\n<title>ELSEN Logistique et ZF depuis 20 ans sur le site de Koblenz - Loginfo24.<\/title>\n<meta name=\"robots\" content=\"index, follow, max-snippet:-1, max-image-preview:large, max-video-preview:-1\" \/>\n<link rel=\"canonical\" href=\"https:\/\/loginfo24.com\/fr\/2022\/12\/01\/elsen-logistique-et-zf-depuis-20-ans-sur-le-site-de-koblenz\/\" \/>\n<meta property=\"og:locale\" content=\"fr_FR\" \/>\n<meta property=\"og:type\" content=\"article\" \/>\n<meta property=\"og:title\" content=\"ELSEN Logistique et ZF depuis 20 ans sur le site de Koblenz - Loginfo24.\" \/>\n<meta property=\"og:description\" content=\"Le 10 juin 2002, ELSEN Logistik GmbH \u00e0 M\u00fclheim-K\u00e4rlich pr\u00e8s de Koblenz a trait\u00e9 la premi\u00e8re r\u00e9ception de marchandises pour le fournisseur automobile ZF, alors TRW [\u2026]\" \/>\n<meta property=\"og:url\" content=\"https:\/\/loginfo24.com\/fr\/2022\/12\/01\/elsen-logistique-et-zf-depuis-20-ans-sur-le-site-de-koblenz\/\" \/>\n<meta property=\"og:site_name\" content=\"Loginfo24\" \/>\n<meta property=\"article:publisher\" content=\"https:\/\/www.facebook.com\/people\/Loginfo24\/100057360583332\/\" \/>\n<meta property=\"article:published_time\" content=\"2022-12-01T11:24:25+00:00\" \/>\n<meta property=\"og:image\" content=\"https:\/\/loginfo24.com\/wp-content\/uploads\/sites\/7\/2025\/12\/Elsen_1.12.22.jpg\" \/>\n\t<meta property=\"og:image:width\" content=\"1440\" \/>\n\t<meta property=\"og:image:height\" content=\"897\" \/>\n\t<meta property=\"og:image:type\" content=\"image\/jpeg\" \/>\n<meta name=\"twitter:card\" content=\"summary_large_image\" \/>\n<meta name=\"twitter:label1\" content=\"Dur\u00e9e de lecture estim\u00e9e\" \/>\n\t<meta name=\"twitter:data1\" content=\"3 minutes\" \/>\n<script type=\"application\/ld+json\" class=\"yoast-schema-graph\">{\"@context\":\"https:\\\/\\\/schema.org\",\"@graph\":[{\"@type\":\"Article\",\"@id\":\"https:\\\/\\\/loginfo24.com\\\/fr\\\/2022\\\/12\\\/01\\\/elsen-logistique-et-zf-depuis-20-ans-sur-le-site-de-koblenz\\\/#article\",\"isPartOf\":{\"@id\":\"https:\\\/\\\/loginfo24.com\\\/fr\\\/2022\\\/12\\\/01\\\/elsen-logistique-et-zf-depuis-20-ans-sur-le-site-de-koblenz\\\/\"},\"author\":{\"name\":\"\",\"@id\":\"\"},\"headline\":\"ELSEN Logistique et ZF depuis 20 ans sur le site de Koblenz\",\"datePublished\":\"2022-12-01T11:24:25+00:00\",\"mainEntityOfPage\":{\"@id\":\"https:\\\/\\\/loginfo24.com\\\/fr\\\/2022\\\/12\\\/01\\\/elsen-logistique-et-zf-depuis-20-ans-sur-le-site-de-koblenz\\\/\"},\"wordCount\":699,\"commentCount\":0,\"publisher\":{\"@id\":\"https:\\\/\\\/loginfo24.com\\\/fr\\\/#organization\"},\"image\":{\"@id\":\"https:\\\/\\\/loginfo24.com\\\/fr\\\/2022\\\/12\\\/01\\\/elsen-logistique-et-zf-depuis-20-ans-sur-le-site-de-koblenz\\\/#primaryimage\"},\"thumbnailUrl\":\"https:\\\/\\\/loginfo24.com\\\/wp-content\\\/uploads\\\/sites\\\/7\\\/2025\\\/12\\\/Elsen_1.12.22.jpg\",\"articleSection\":[\"Forwarding &amp; Logistics\",\"Intralogistics\",\"Regions\"],\"inLanguage\":\"fr-FR\",\"potentialAction\":[{\"@type\":\"CommentAction\",\"name\":\"Comment\",\"target\":[\"https:\\\/\\\/loginfo24.com\\\/fr\\\/2022\\\/12\\\/01\\\/elsen-logistique-et-zf-depuis-20-ans-sur-le-site-de-koblenz\\\/#respond\"]}]},{\"@type\":\"WebPage\",\"@id\":\"https:\\\/\\\/loginfo24.com\\\/fr\\\/2022\\\/12\\\/01\\\/elsen-logistique-et-zf-depuis-20-ans-sur-le-site-de-koblenz\\\/\",\"url\":\"https:\\\/\\\/loginfo24.com\\\/fr\\\/2022\\\/12\\\/01\\\/elsen-logistique-et-zf-depuis-20-ans-sur-le-site-de-koblenz\\\/\",\"name\":\"ELSEN Logistique et ZF depuis 20 ans sur le site de Koblenz - Loginfo24.\",\"isPartOf\":{\"@id\":\"https:\\\/\\\/loginfo24.com\\\/fr\\\/#website\"},\"primaryImageOfPage\":{\"@id\":\"https:\\\/\\\/loginfo24.com\\\/fr\\\/2022\\\/12\\\/01\\\/elsen-logistique-et-zf-depuis-20-ans-sur-le-site-de-koblenz\\\/#primaryimage\"},\"image\":{\"@id\":\"https:\\\/\\\/loginfo24.com\\\/fr\\\/2022\\\/12\\\/01\\\/elsen-logistique-et-zf-depuis-20-ans-sur-le-site-de-koblenz\\\/#primaryimage\"},\"thumbnailUrl\":\"https:\\\/\\\/loginfo24.com\\\/wp-content\\\/uploads\\\/sites\\\/7\\\/2025\\\/12\\\/Elsen_1.12.22.jpg\",\"datePublished\":\"2022-12-01T11:24:25+00:00\",\"breadcrumb\":{\"@id\":\"https:\\\/\\\/loginfo24.com\\\/fr\\\/2022\\\/12\\\/01\\\/elsen-logistique-et-zf-depuis-20-ans-sur-le-site-de-koblenz\\\/#breadcrumb\"},\"inLanguage\":\"fr-FR\",\"potentialAction\":[{\"@type\":\"ReadAction\",\"target\":[\"https:\\\/\\\/loginfo24.com\\\/fr\\\/2022\\\/12\\\/01\\\/elsen-logistique-et-zf-depuis-20-ans-sur-le-site-de-koblenz\\\/\"]}]},{\"@type\":\"ImageObject\",\"inLanguage\":\"fr-FR\",\"@id\":\"https:\\\/\\\/loginfo24.com\\\/fr\\\/2022\\\/12\\\/01\\\/elsen-logistique-et-zf-depuis-20-ans-sur-le-site-de-koblenz\\\/#primaryimage\",\"url\":\"https:\\\/\\\/loginfo24.com\\\/wp-content\\\/uploads\\\/sites\\\/7\\\/2025\\\/12\\\/Elsen_1.12.22.jpg\",\"contentUrl\":\"https:\\\/\\\/loginfo24.com\\\/wp-content\\\/uploads\\\/sites\\\/7\\\/2025\\\/12\\\/Elsen_1.12.22.jpg\",\"width\":1440,\"height\":897},{\"@type\":\"BreadcrumbList\",\"@id\":\"https:\\\/\\\/loginfo24.com\\\/fr\\\/2022\\\/12\\\/01\\\/elsen-logistique-et-zf-depuis-20-ans-sur-le-site-de-koblenz\\\/#breadcrumb\",\"itemListElement\":[{\"@type\":\"ListItem\",\"position\":1,\"name\":\"Startseite\",\"item\":\"https:\\\/\\\/loginfo24.com\\\/fr\\\/\"},{\"@type\":\"ListItem\",\"position\":2,\"name\":\"ELSEN Logistique et ZF depuis 20 ans sur le site de Koblenz\"}]},{\"@type\":\"WebSite\",\"@id\":\"https:\\\/\\\/loginfo24.com\\\/fr\\\/#website\",\"url\":\"https:\\\/\\\/loginfo24.com\\\/fr\\\/\",\"name\":\"Loginfo24\",\"description\":\"Loginfo24 est la plateforme d\u00e9di\u00e9e \u00e0 la logistique et aux cha\u00eenes d&#039;approvisionnement qui fournit des informations 24 heures sur 24.\",\"publisher\":{\"@id\":\"https:\\\/\\\/loginfo24.com\\\/fr\\\/#organization\"},\"potentialAction\":[{\"@type\":\"SearchAction\",\"target\":{\"@type\":\"EntryPoint\",\"urlTemplate\":\"https:\\\/\\\/loginfo24.com\\\/fr\\\/?s={search_term_string}\"},\"query-input\":{\"@type\":\"PropertyValueSpecification\",\"valueRequired\":true,\"valueName\":\"search_term_string\"}}],\"inLanguage\":\"fr-FR\"},{\"@type\":\"Organization\",\"@id\":\"https:\\\/\\\/loginfo24.com\\\/fr\\\/#organization\",\"name\":\"Groupe Logismedia AG\",\"url\":\"https:\\\/\\\/loginfo24.com\\\/fr\\\/\",\"logo\":{\"@type\":\"ImageObject\",\"inLanguage\":\"fr-FR\",\"@id\":\"https:\\\/\\\/loginfo24.com\\\/fr\\\/#\\\/schema\\\/logo\\\/image\\\/\",\"url\":\"https:\\\/\\\/loginfo24.com\\\/wp-content\\\/uploads\\\/sites\\\/7\\\/2026\\\/01\\\/Logo_LogInfo24.png\",\"contentUrl\":\"https:\\\/\\\/loginfo24.com\\\/wp-content\\\/uploads\\\/sites\\\/7\\\/2026\\\/01\\\/Logo_LogInfo24.png\",\"width\":938,\"height\":351,\"caption\":\"Groupe Logismedia AG\"},\"image\":{\"@id\":\"https:\\\/\\\/loginfo24.com\\\/fr\\\/#\\\/schema\\\/logo\\\/image\\\/\"},\"sameAs\":[\"https:\\\/\\\/www.facebook.com\\\/people\\\/Loginfo24\\\/100057360583332\\\/\",\"https:\\\/\\\/www.linkedin.com\\\/company\\\/lofinfo24\\\/\"]}]}<\/script>\n<!-- \/ Yoast SEO plugin. -->","yoast_head_json":{"title":"ELSEN Logistique et ZF depuis 20 ans sur le site de Koblenz - Loginfo24.","robots":{"index":"index","follow":"follow","max-snippet":"max-snippet:-1","max-image-preview":"max-image-preview:large","max-video-preview":"max-video-preview:-1"},"canonical":"https:\/\/loginfo24.com\/fr\/2022\/12\/01\/elsen-logistique-et-zf-depuis-20-ans-sur-le-site-de-koblenz\/","og_locale":"fr_FR","og_type":"article","og_title":"ELSEN Logistique et ZF depuis 20 ans sur le site de Koblenz - Loginfo24.","og_description":"Le 10 juin 2002, ELSEN Logistik GmbH \u00e0 M\u00fclheim-K\u00e4rlich pr\u00e8s de Koblenz a trait\u00e9 la premi\u00e8re r\u00e9ception de marchandises pour le fournisseur automobile ZF, alors TRW [\u2026]","og_url":"https:\/\/loginfo24.com\/fr\/2022\/12\/01\/elsen-logistique-et-zf-depuis-20-ans-sur-le-site-de-koblenz\/","og_site_name":"Loginfo24","article_publisher":"https:\/\/www.facebook.com\/people\/Loginfo24\/100057360583332\/","article_published_time":"2022-12-01T11:24:25+00:00","og_image":[{"width":1440,"height":897,"url":"https:\/\/loginfo24.com\/wp-content\/uploads\/sites\/7\/2025\/12\/Elsen_1.12.22.jpg","type":"image\/jpeg"}],"twitter_card":"summary_large_image","twitter_misc":{"Dur\u00e9e de lecture estim\u00e9e":"3 minutes"},"schema":{"@context":"https:\/\/schema.org","@graph":[{"@type":"Article","@id":"https:\/\/loginfo24.com\/fr\/2022\/12\/01\/elsen-logistique-et-zf-depuis-20-ans-sur-le-site-de-koblenz\/#article","isPartOf":{"@id":"https:\/\/loginfo24.com\/fr\/2022\/12\/01\/elsen-logistique-et-zf-depuis-20-ans-sur-le-site-de-koblenz\/"},"author":{"name":"","@id":""},"headline":"ELSEN Logistique et ZF depuis 20 ans sur le site de Koblenz","datePublished":"2022-12-01T11:24:25+00:00","mainEntityOfPage":{"@id":"https:\/\/loginfo24.com\/fr\/2022\/12\/01\/elsen-logistique-et-zf-depuis-20-ans-sur-le-site-de-koblenz\/"},"wordCount":699,"commentCount":0,"publisher":{"@id":"https:\/\/loginfo24.com\/fr\/#organization"},"image":{"@id":"https:\/\/loginfo24.com\/fr\/2022\/12\/01\/elsen-logistique-et-zf-depuis-20-ans-sur-le-site-de-koblenz\/#primaryimage"},"thumbnailUrl":"https:\/\/loginfo24.com\/wp-content\/uploads\/sites\/7\/2025\/12\/Elsen_1.12.22.jpg","articleSection":["Forwarding &amp; Logistics","Intralogistics","Regions"],"inLanguage":"fr-FR","potentialAction":[{"@type":"CommentAction","name":"Comment","target":["https:\/\/loginfo24.com\/fr\/2022\/12\/01\/elsen-logistique-et-zf-depuis-20-ans-sur-le-site-de-koblenz\/#respond"]}]},{"@type":"WebPage","@id":"https:\/\/loginfo24.com\/fr\/2022\/12\/01\/elsen-logistique-et-zf-depuis-20-ans-sur-le-site-de-koblenz\/","url":"https:\/\/loginfo24.com\/fr\/2022\/12\/01\/elsen-logistique-et-zf-depuis-20-ans-sur-le-site-de-koblenz\/","name":"ELSEN Logistique et ZF depuis 20 ans sur le site de Koblenz - Loginfo24.","isPartOf":{"@id":"https:\/\/loginfo24.com\/fr\/#website"},"primaryImageOfPage":{"@id":"https:\/\/loginfo24.com\/fr\/2022\/12\/01\/elsen-logistique-et-zf-depuis-20-ans-sur-le-site-de-koblenz\/#primaryimage"},"image":{"@id":"https:\/\/loginfo24.com\/fr\/2022\/12\/01\/elsen-logistique-et-zf-depuis-20-ans-sur-le-site-de-koblenz\/#primaryimage"},"thumbnailUrl":"https:\/\/loginfo24.com\/wp-content\/uploads\/sites\/7\/2025\/12\/Elsen_1.12.22.jpg","datePublished":"2022-12-01T11:24:25+00:00","breadcrumb":{"@id":"https:\/\/loginfo24.com\/fr\/2022\/12\/01\/elsen-logistique-et-zf-depuis-20-ans-sur-le-site-de-koblenz\/#breadcrumb"},"inLanguage":"fr-FR","potentialAction":[{"@type":"ReadAction","target":["https:\/\/loginfo24.com\/fr\/2022\/12\/01\/elsen-logistique-et-zf-depuis-20-ans-sur-le-site-de-koblenz\/"]}]},{"@type":"ImageObject","inLanguage":"fr-FR","@id":"https:\/\/loginfo24.com\/fr\/2022\/12\/01\/elsen-logistique-et-zf-depuis-20-ans-sur-le-site-de-koblenz\/#primaryimage","url":"https:\/\/loginfo24.com\/wp-content\/uploads\/sites\/7\/2025\/12\/Elsen_1.12.22.jpg","contentUrl":"https:\/\/loginfo24.com\/wp-content\/uploads\/sites\/7\/2025\/12\/Elsen_1.12.22.jpg","width":1440,"height":897},{"@type":"BreadcrumbList","@id":"https:\/\/loginfo24.com\/fr\/2022\/12\/01\/elsen-logistique-et-zf-depuis-20-ans-sur-le-site-de-koblenz\/#breadcrumb","itemListElement":[{"@type":"ListItem","position":1,"name":"Startseite","item":"https:\/\/loginfo24.com\/fr\/"},{"@type":"ListItem","position":2,"name":"ELSEN Logistique et ZF depuis 20 ans sur le site de Koblenz"}]},{"@type":"WebSite","@id":"https:\/\/loginfo24.com\/fr\/#website","url":"https:\/\/loginfo24.com\/fr\/","name":"Loginfo24","description":"Loginfo24 est la plateforme d\u00e9di\u00e9e \u00e0 la logistique et aux cha\u00eenes d&#039;approvisionnement qui fournit des informations 24 heures sur 24.","publisher":{"@id":"https:\/\/loginfo24.com\/fr\/#organization"},"potentialAction":[{"@type":"SearchAction","target":{"@type":"EntryPoint","urlTemplate":"https:\/\/loginfo24.com\/fr\/?s={search_term_string}"},"query-input":{"@type":"PropertyValueSpecification","valueRequired":true,"valueName":"search_term_string"}}],"inLanguage":"fr-FR"},{"@type":"Organization","@id":"https:\/\/loginfo24.com\/fr\/#organization","name":"Groupe Logismedia AG","url":"https:\/\/loginfo24.com\/fr\/","logo":{"@type":"ImageObject","inLanguage":"fr-FR","@id":"https:\/\/loginfo24.com\/fr\/#\/schema\/logo\/image\/","url":"https:\/\/loginfo24.com\/wp-content\/uploads\/sites\/7\/2026\/01\/Logo_LogInfo24.png","contentUrl":"https:\/\/loginfo24.com\/wp-content\/uploads\/sites\/7\/2026\/01\/Logo_LogInfo24.png","width":938,"height":351,"caption":"Groupe Logismedia AG"},"image":{"@id":"https:\/\/loginfo24.com\/fr\/#\/schema\/logo\/image\/"},"sameAs":["https:\/\/www.facebook.com\/people\/Loginfo24\/100057360583332\/","https:\/\/www.linkedin.com\/company\/lofinfo24\/"]}]}},"_links":{"self":[{"href":"https:\/\/loginfo24.com\/fr\/wp-json\/wp\/v2\/posts\/59659","targetHints":{"allow":["GET"]}}],"collection":[{"href":"https:\/\/loginfo24.com\/fr\/wp-json\/wp\/v2\/posts"}],"about":[{"href":"https:\/\/loginfo24.com\/fr\/wp-json\/wp\/v2\/types\/post"}],"replies":[{"embeddable":true,"href":"https:\/\/loginfo24.com\/fr\/wp-json\/wp\/v2\/comments?post=59659"}],"version-history":[{"count":0,"href":"https:\/\/loginfo24.com\/fr\/wp-json\/wp\/v2\/posts\/59659\/revisions"}],"wp:featuredmedia":[{"embeddable":true,"href":"https:\/\/loginfo24.com\/fr\/wp-json\/wp\/v2\/media\/8892"}],"wp:attachment":[{"href":"https:\/\/loginfo24.com\/fr\/wp-json\/wp\/v2\/media?parent=59659"}],"wp:term":[{"taxonomy":"category","embeddable":true,"href":"https:\/\/loginfo24.com\/fr\/wp-json\/wp\/v2\/categories?post=59659"},{"taxonomy":"post_tag","embeddable":true,"href":"https:\/\/loginfo24.com\/fr\/wp-json\/wp\/v2\/tags?post=59659"}],"curies":[{"name":"wp","href":"https:\/\/api.w.org\/{rel}","templated":true}]}}