{"id":59369,"date":"2022-11-14T18:47:20","date_gmt":"2022-11-14T17:47:20","guid":{"rendered":"https:\/\/blog.brand-architecture.at\/2022\/11\/14\/le-transport-logistic-americas-relie-leurope-a-lamerique\/"},"modified":"2022-11-14T18:47:20","modified_gmt":"2022-11-14T17:47:20","slug":"le-transport-logistic-americas-relie-leurope-a-lamerique","status":"publish","type":"post","link":"https:\/\/loginfo24.com\/fr\/2022\/11\/14\/le-transport-logistic-americas-relie-leurope-a-lamerique\/","title":{"rendered":"Le transport logistic Americas relie l&rsquo;Europe \u00e0 l&rsquo;Am\u00e9rique"},"content":{"rendered":"<h5>Une large offre et de bonnes discussions : 220 entreprises et organisations de 31 pays ont attir\u00e9 plus de 5 900 d\u00e9cideurs, professionnels et jeunes talents du secteur \u00e9conomique et logistique. Pendant trois jours, Miami Beach a \u00e9t\u00e9 le march\u00e9 international des solutions logistiques intermodales. Le 10 novembre, le forum air cargo &amp; transport logistic Americas s&rsquo;est termin\u00e9 par une journ\u00e9e de carri\u00e8re bien fr\u00e9quent\u00e9e pour les jeunes professionnels.<\/h5>\n<p>(Munich\/Miami) \u00ab L&rsquo;avenir de la logistique r\u00e9side dans la pens\u00e9e intermodale au sein de la cha\u00eene d&rsquo;approvisionnement. En \u00e9troite collaboration avec Messe M\u00fcnchen, nous avons d\u00e9velopp\u00e9 autour de notre forum air cargo une plateforme internationale pour l&rsquo;\u00e9change de connaissances et les contacts commerciaux avec le transport logistic Americas. Nous sommes plus que satisfaits du r\u00e9sultat et nous r\u00e9jouissons des retours de nos membres et exposants \u00bb, d\u00e9clare Steven Polmans, pr\u00e9sident de TIACA. Le duo d&rsquo;\u00e9v\u00e9nements forum air cargo &amp; transport logistic Americas, qui a lieu les ann\u00e9es paires, a su se faire une place dans le paysage international des foires. C&rsquo;est le seul salon professionnel intermodal aux \u00c9tats-Unis.<\/p>\n<h5>La plupart des exposants viennent des \u00c9tats-Unis<\/h5>\n<p>Dans le monde entier, la logistique souffre de p\u00e9nuries et de d\u00e9fis. Les conditions g\u00e9opolitiques et le changement climatique aggravent la situation. Ce qui compte, ce sont des solutions orient\u00e9es vers le client, la num\u00e9risation, l&rsquo;efficacit\u00e9 op\u00e9rationnelle et une r\u00e9duction de l&rsquo;impact environnemental. Avec 220 exposants dans onze domaines, le salon a pr\u00e9sent\u00e9 des partenaires internationaux pour des cha\u00eenes d&rsquo;approvisionnement intermodales. Parmi les exposants et les visiteurs, les \u00c9tats-Unis \u00e9taient les plus repr\u00e9sent\u00e9s. Parmi les exposants internationaux, l&rsquo;Allemagne avec 47 exposants, le Canada avec 15 exposants, ainsi que l&rsquo;Italie et le Royaume-Uni avec chacun onze exposants occupaient les trois premi\u00e8res places.<\/p>\n<p>\u00ab Le salon est id\u00e9alement situ\u00e9 \u00e0 Miami. Les entreprises europ\u00e9ennes et allemandes y trouvent un acc\u00e8s particuli\u00e8rement rapide \u00e0 des partenaires commerciaux aux \u00c9tats-Unis et dans toute l&rsquo;Am\u00e9rique. Nous avons v\u00e9cu le salon comme un creuset pour des contacts personnels. Des relations commerciales intercontinentales pour des cha\u00eenes logistiques solides se sont \u00e9tablies \u00bb, d\u00e9clare Oliver Luksic, qui a accompagn\u00e9 une d\u00e9l\u00e9gation avec un stand commun sous l&rsquo;initiative \u00ab Your German Logistics \u00bb en tant que secr\u00e9taire d&rsquo;\u00c9tat parlementaire du minist\u00e8re f\u00e9d\u00e9ral du Num\u00e9rique et des Transports.<\/p>\n<h5>Trois quarts des visiteurs \u00e9taient des d\u00e9cideurs<\/h5>\n<p>Avec un total de 5 900 visiteurs provenant de 78 pays, le forum air cargo &amp; transport logistic Americas a atteint son objectif ambitieux. 70 % des visiteurs venaient du continent am\u00e9ricain, dont 60 % des \u00c9tats-Unis et du Canada. Parmi les visiteurs internationaux, l&rsquo;Allemagne, le Royaume-Uni, le Mexique et le Br\u00e9sil \u00e9taient en t\u00eate. Plus de trois quarts des visiteurs \u00e9taient des d\u00e9cideurs de niveau C ou des cadres sup\u00e9rieurs. \u00c0 la conf\u00e9rence tr\u00e8s bien fr\u00e9quent\u00e9e, qui s&rsquo;est tenue en parall\u00e8le au salon, 90 repr\u00e9sentants de l&rsquo;industrie ont particip\u00e9 \u00e0 22 sessions de discussion.<\/p>\n<p>Turhan \u00d6zen, directeur cargo chez Turkish Airlines : \u00ab Nous sommes ravis d&rsquo;avoir particip\u00e9 au forum air cargo. Cet \u00e9v\u00e9nement rassemble des professionnels de l&rsquo;aviation du monde entier et des conf\u00e9renciers de premier plan. Gr\u00e2ce aux sessions et aux pr\u00e9sentations qui ont examin\u00e9 chaque aspect de l&rsquo;aviation, nous avons re\u00e7u de nombreuses nouvelles informations et explor\u00e9 des solutions beaucoup plus efficaces au cours de ces trois jours. Nous avons non seulement \u00e9largi notre r\u00e9seau commercial, mais aussi explor\u00e9 de nouvelles opportunit\u00e9s commerciales. \u00bb<\/p>\n<p>Tobias K\u00f6nig, co-CEO de Rhenus Air &amp; Ocean, ajoute : \u00ab Notre participation en tant qu&rsquo;exposant au forum air cargo &amp; transport logistic Americas nous a ouvert de nombreuses portes sur le march\u00e9 am\u00e9ricain. Des d\u00e9cideurs pertinents de divers secteurs et modes de transport \u00e9taient pr\u00e9sents pour des discussions commerciales cibl\u00e9es. Le salon a \u00e9t\u00e9 pour nous une plateforme parfaite pour pr\u00e9senter notre marque mondiale, entrer en contact avec des clients potentiels et nous connecter avec des partenaires de transport dans toute la r\u00e9gion pour pr\u00e9senter nos capacit\u00e9s mondiales. \u00bb<\/p>\n<h5>Les stands communs ont bien \u00e9t\u00e9 accueillis<\/h5>\n<p>Propuls\u00e9s par l&rsquo;exp\u00e9rience de Messe M\u00fcnchen, les stands communs ont \u00e9galement \u00e9t\u00e9 bien accueillis. Quatre petites et moyennes entreprises se sont pr\u00e9sent\u00e9es sur le start.hub logistics. Des r\u00e9gions logistiques comme Miami, les Pouilles ou des pays comme l&rsquo;Allemagne ont regroup\u00e9 l&rsquo;acc\u00e8s \u00e0 de nouveaux contacts. Lors de la journ\u00e9e de carri\u00e8re ainsi que dans des sessions sp\u00e9ciales, le secteur a montr\u00e9 \u00e0 quel point les opportunit\u00e9s de carri\u00e8re dans la logistique sont vari\u00e9es pour les d\u00e9butants et les personnes en reconversion, ou sp\u00e9cifiquement pour les femmes.<\/p>\n<h5>Un \u00e9lan durable pour le d\u00e9veloppement futur<\/h5>\n<p>\u00ab Avec un doublement de la surface d&rsquo;exposition et presque un triplement du nombre de visiteurs par rapport \u00e0 l&rsquo;\u00e9v\u00e9nement pr\u00e9c\u00e9dent en 2018 \u00e0 Toronto, non seulement l&rsquo;importance des foires apr\u00e8s la pand\u00e9mie a \u00e9t\u00e9 impressionnamment d\u00e9montr\u00e9e, mais aussi un \u00e9lan durable pour le d\u00e9veloppement futur a \u00e9t\u00e9 donn\u00e9 \u00bb, ajoute Polmans. \u00ab Le duo d&rsquo;\u00e9v\u00e9nements \u00e9volue vers un espace de travail pour des rencontres internationales et un lieu o\u00f9 des solutions pour des cha\u00eenes logistiques intermodales sont d\u00e9velopp\u00e9es ensemble \u00bb, d\u00e9clare Dr. Robert Sch\u00f6nberger, directeur des expositions transport logistic chez Messe M\u00fcnchen.<\/p>\n<p>Photo : \u00a9 Messe M\u00fcnchen<\/p>\n","protected":false},"excerpt":{"rendered":"<p>Une large offre et de bonnes discussions : 220 entreprises et organisations de 31 pays ont attir\u00e9 plus de 5 900 d\u00e9cideurs, professionnels et jeunes talents<span class=\"excerpt-hellip\"> [\u2026]<\/span><\/p>\n","protected":false},"author":0,"featured_media":9009,"comment_status":"open","ping_status":"open","sticky":false,"template":"","format":"standard","meta":{"_acf_changed":false,"footnotes":""},"categories":[1558,1557,1561],"tags":[],"class_list":["post-59369","post","type-post","status-publish","format-standard","has-post-thumbnail","hentry","category-air-freight","category-forwarding-logistics","category-regions"],"acf":[],"yoast_head":"<!-- This site is optimized with the Yoast SEO plugin v27.3 - https:\/\/yoast.com\/product\/yoast-seo-wordpress\/ -->\n<title>Le transport logistic Americas relie l&#039;Europe \u00e0 l&#039;Am\u00e9rique - Loginfo24.<\/title>\n<meta name=\"robots\" content=\"index, follow, max-snippet:-1, max-image-preview:large, max-video-preview:-1\" \/>\n<link rel=\"canonical\" href=\"https:\/\/loginfo24.com\/fr\/2022\/11\/14\/le-transport-logistic-americas-relie-leurope-a-lamerique\/\" \/>\n<meta property=\"og:locale\" content=\"fr_FR\" \/>\n<meta property=\"og:type\" content=\"article\" \/>\n<meta property=\"og:title\" content=\"Le transport logistic Americas relie l&#039;Europe \u00e0 l&#039;Am\u00e9rique - Loginfo24.\" \/>\n<meta property=\"og:description\" content=\"Une large offre et de bonnes discussions : 220 entreprises et organisations de 31 pays ont attir\u00e9 plus de 5 900 d\u00e9cideurs, professionnels et jeunes talents [\u2026]\" \/>\n<meta property=\"og:url\" content=\"https:\/\/loginfo24.com\/fr\/2022\/11\/14\/le-transport-logistic-americas-relie-leurope-a-lamerique\/\" \/>\n<meta property=\"og:site_name\" content=\"Loginfo24\" \/>\n<meta property=\"article:publisher\" content=\"https:\/\/www.facebook.com\/people\/Loginfo24\/100057360583332\/\" \/>\n<meta property=\"article:published_time\" content=\"2022-11-14T17:47:20+00:00\" \/>\n<meta property=\"og:image\" content=\"https:\/\/loginfo24.com\/wp-content\/uploads\/sites\/7\/2025\/12\/transportlogistic_14.11.22.jpg\" \/>\n\t<meta property=\"og:image:width\" content=\"1327\" \/>\n\t<meta property=\"og:image:height\" content=\"933\" \/>\n\t<meta property=\"og:image:type\" content=\"image\/jpeg\" \/>\n<meta name=\"twitter:card\" content=\"summary_large_image\" \/>\n<meta name=\"twitter:label1\" content=\"Dur\u00e9e de lecture estim\u00e9e\" \/>\n\t<meta name=\"twitter:data1\" content=\"5 minutes\" \/>\n<script type=\"application\/ld+json\" class=\"yoast-schema-graph\">{\"@context\":\"https:\\\/\\\/schema.org\",\"@graph\":[{\"@type\":\"Article\",\"@id\":\"https:\\\/\\\/loginfo24.com\\\/fr\\\/2022\\\/11\\\/14\\\/le-transport-logistic-americas-relie-leurope-a-lamerique\\\/#article\",\"isPartOf\":{\"@id\":\"https:\\\/\\\/loginfo24.com\\\/fr\\\/2022\\\/11\\\/14\\\/le-transport-logistic-americas-relie-leurope-a-lamerique\\\/\"},\"author\":{\"name\":\"\",\"@id\":\"\"},\"headline\":\"Le transport logistic Americas relie l&rsquo;Europe \u00e0 l&rsquo;Am\u00e9rique\",\"datePublished\":\"2022-11-14T17:47:20+00:00\",\"mainEntityOfPage\":{\"@id\":\"https:\\\/\\\/loginfo24.com\\\/fr\\\/2022\\\/11\\\/14\\\/le-transport-logistic-americas-relie-leurope-a-lamerique\\\/\"},\"wordCount\":943,\"commentCount\":0,\"publisher\":{\"@id\":\"https:\\\/\\\/loginfo24.com\\\/fr\\\/#organization\"},\"image\":{\"@id\":\"https:\\\/\\\/loginfo24.com\\\/fr\\\/2022\\\/11\\\/14\\\/le-transport-logistic-americas-relie-leurope-a-lamerique\\\/#primaryimage\"},\"thumbnailUrl\":\"https:\\\/\\\/loginfo24.com\\\/wp-content\\\/uploads\\\/sites\\\/7\\\/2025\\\/12\\\/transportlogistic_14.11.22.jpg\",\"articleSection\":[\"Air Freight\",\"Forwarding &amp; Logistics\",\"Regions\"],\"inLanguage\":\"fr-FR\",\"potentialAction\":[{\"@type\":\"CommentAction\",\"name\":\"Comment\",\"target\":[\"https:\\\/\\\/loginfo24.com\\\/fr\\\/2022\\\/11\\\/14\\\/le-transport-logistic-americas-relie-leurope-a-lamerique\\\/#respond\"]}]},{\"@type\":\"WebPage\",\"@id\":\"https:\\\/\\\/loginfo24.com\\\/fr\\\/2022\\\/11\\\/14\\\/le-transport-logistic-americas-relie-leurope-a-lamerique\\\/\",\"url\":\"https:\\\/\\\/loginfo24.com\\\/fr\\\/2022\\\/11\\\/14\\\/le-transport-logistic-americas-relie-leurope-a-lamerique\\\/\",\"name\":\"Le transport logistic Americas relie l'Europe \u00e0 l'Am\u00e9rique - Loginfo24.\",\"isPartOf\":{\"@id\":\"https:\\\/\\\/loginfo24.com\\\/fr\\\/#website\"},\"primaryImageOfPage\":{\"@id\":\"https:\\\/\\\/loginfo24.com\\\/fr\\\/2022\\\/11\\\/14\\\/le-transport-logistic-americas-relie-leurope-a-lamerique\\\/#primaryimage\"},\"image\":{\"@id\":\"https:\\\/\\\/loginfo24.com\\\/fr\\\/2022\\\/11\\\/14\\\/le-transport-logistic-americas-relie-leurope-a-lamerique\\\/#primaryimage\"},\"thumbnailUrl\":\"https:\\\/\\\/loginfo24.com\\\/wp-content\\\/uploads\\\/sites\\\/7\\\/2025\\\/12\\\/transportlogistic_14.11.22.jpg\",\"datePublished\":\"2022-11-14T17:47:20+00:00\",\"breadcrumb\":{\"@id\":\"https:\\\/\\\/loginfo24.com\\\/fr\\\/2022\\\/11\\\/14\\\/le-transport-logistic-americas-relie-leurope-a-lamerique\\\/#breadcrumb\"},\"inLanguage\":\"fr-FR\",\"potentialAction\":[{\"@type\":\"ReadAction\",\"target\":[\"https:\\\/\\\/loginfo24.com\\\/fr\\\/2022\\\/11\\\/14\\\/le-transport-logistic-americas-relie-leurope-a-lamerique\\\/\"]}]},{\"@type\":\"ImageObject\",\"inLanguage\":\"fr-FR\",\"@id\":\"https:\\\/\\\/loginfo24.com\\\/fr\\\/2022\\\/11\\\/14\\\/le-transport-logistic-americas-relie-leurope-a-lamerique\\\/#primaryimage\",\"url\":\"https:\\\/\\\/loginfo24.com\\\/wp-content\\\/uploads\\\/sites\\\/7\\\/2025\\\/12\\\/transportlogistic_14.11.22.jpg\",\"contentUrl\":\"https:\\\/\\\/loginfo24.com\\\/wp-content\\\/uploads\\\/sites\\\/7\\\/2025\\\/12\\\/transportlogistic_14.11.22.jpg\",\"width\":1327,\"height\":933},{\"@type\":\"BreadcrumbList\",\"@id\":\"https:\\\/\\\/loginfo24.com\\\/fr\\\/2022\\\/11\\\/14\\\/le-transport-logistic-americas-relie-leurope-a-lamerique\\\/#breadcrumb\",\"itemListElement\":[{\"@type\":\"ListItem\",\"position\":1,\"name\":\"Startseite\",\"item\":\"https:\\\/\\\/loginfo24.com\\\/fr\\\/\"},{\"@type\":\"ListItem\",\"position\":2,\"name\":\"Le transport logistic Americas relie l&rsquo;Europe \u00e0 l&rsquo;Am\u00e9rique\"}]},{\"@type\":\"WebSite\",\"@id\":\"https:\\\/\\\/loginfo24.com\\\/fr\\\/#website\",\"url\":\"https:\\\/\\\/loginfo24.com\\\/fr\\\/\",\"name\":\"Loginfo24\",\"description\":\"Loginfo24 est la plateforme d\u00e9di\u00e9e \u00e0 la logistique et aux cha\u00eenes d&#039;approvisionnement qui fournit des informations 24 heures sur 24.\",\"publisher\":{\"@id\":\"https:\\\/\\\/loginfo24.com\\\/fr\\\/#organization\"},\"potentialAction\":[{\"@type\":\"SearchAction\",\"target\":{\"@type\":\"EntryPoint\",\"urlTemplate\":\"https:\\\/\\\/loginfo24.com\\\/fr\\\/?s={search_term_string}\"},\"query-input\":{\"@type\":\"PropertyValueSpecification\",\"valueRequired\":true,\"valueName\":\"search_term_string\"}}],\"inLanguage\":\"fr-FR\"},{\"@type\":\"Organization\",\"@id\":\"https:\\\/\\\/loginfo24.com\\\/fr\\\/#organization\",\"name\":\"Groupe Logismedia AG\",\"url\":\"https:\\\/\\\/loginfo24.com\\\/fr\\\/\",\"logo\":{\"@type\":\"ImageObject\",\"inLanguage\":\"fr-FR\",\"@id\":\"https:\\\/\\\/loginfo24.com\\\/fr\\\/#\\\/schema\\\/logo\\\/image\\\/\",\"url\":\"https:\\\/\\\/loginfo24.com\\\/wp-content\\\/uploads\\\/sites\\\/7\\\/2026\\\/01\\\/Logo_LogInfo24.png\",\"contentUrl\":\"https:\\\/\\\/loginfo24.com\\\/wp-content\\\/uploads\\\/sites\\\/7\\\/2026\\\/01\\\/Logo_LogInfo24.png\",\"width\":938,\"height\":351,\"caption\":\"Groupe Logismedia AG\"},\"image\":{\"@id\":\"https:\\\/\\\/loginfo24.com\\\/fr\\\/#\\\/schema\\\/logo\\\/image\\\/\"},\"sameAs\":[\"https:\\\/\\\/www.facebook.com\\\/people\\\/Loginfo24\\\/100057360583332\\\/\",\"https:\\\/\\\/www.linkedin.com\\\/company\\\/lofinfo24\\\/\"]}]}<\/script>\n<!-- \/ Yoast SEO plugin. -->","yoast_head_json":{"title":"Le transport logistic Americas relie l'Europe \u00e0 l'Am\u00e9rique - Loginfo24.","robots":{"index":"index","follow":"follow","max-snippet":"max-snippet:-1","max-image-preview":"max-image-preview:large","max-video-preview":"max-video-preview:-1"},"canonical":"https:\/\/loginfo24.com\/fr\/2022\/11\/14\/le-transport-logistic-americas-relie-leurope-a-lamerique\/","og_locale":"fr_FR","og_type":"article","og_title":"Le transport logistic Americas relie l'Europe \u00e0 l'Am\u00e9rique - Loginfo24.","og_description":"Une large offre et de bonnes discussions : 220 entreprises et organisations de 31 pays ont attir\u00e9 plus de 5 900 d\u00e9cideurs, professionnels et jeunes talents [\u2026]","og_url":"https:\/\/loginfo24.com\/fr\/2022\/11\/14\/le-transport-logistic-americas-relie-leurope-a-lamerique\/","og_site_name":"Loginfo24","article_publisher":"https:\/\/www.facebook.com\/people\/Loginfo24\/100057360583332\/","article_published_time":"2022-11-14T17:47:20+00:00","og_image":[{"width":1327,"height":933,"url":"https:\/\/loginfo24.com\/wp-content\/uploads\/sites\/7\/2025\/12\/transportlogistic_14.11.22.jpg","type":"image\/jpeg"}],"twitter_card":"summary_large_image","twitter_misc":{"Dur\u00e9e de lecture estim\u00e9e":"5 minutes"},"schema":{"@context":"https:\/\/schema.org","@graph":[{"@type":"Article","@id":"https:\/\/loginfo24.com\/fr\/2022\/11\/14\/le-transport-logistic-americas-relie-leurope-a-lamerique\/#article","isPartOf":{"@id":"https:\/\/loginfo24.com\/fr\/2022\/11\/14\/le-transport-logistic-americas-relie-leurope-a-lamerique\/"},"author":{"name":"","@id":""},"headline":"Le transport logistic Americas relie l&rsquo;Europe \u00e0 l&rsquo;Am\u00e9rique","datePublished":"2022-11-14T17:47:20+00:00","mainEntityOfPage":{"@id":"https:\/\/loginfo24.com\/fr\/2022\/11\/14\/le-transport-logistic-americas-relie-leurope-a-lamerique\/"},"wordCount":943,"commentCount":0,"publisher":{"@id":"https:\/\/loginfo24.com\/fr\/#organization"},"image":{"@id":"https:\/\/loginfo24.com\/fr\/2022\/11\/14\/le-transport-logistic-americas-relie-leurope-a-lamerique\/#primaryimage"},"thumbnailUrl":"https:\/\/loginfo24.com\/wp-content\/uploads\/sites\/7\/2025\/12\/transportlogistic_14.11.22.jpg","articleSection":["Air Freight","Forwarding &amp; Logistics","Regions"],"inLanguage":"fr-FR","potentialAction":[{"@type":"CommentAction","name":"Comment","target":["https:\/\/loginfo24.com\/fr\/2022\/11\/14\/le-transport-logistic-americas-relie-leurope-a-lamerique\/#respond"]}]},{"@type":"WebPage","@id":"https:\/\/loginfo24.com\/fr\/2022\/11\/14\/le-transport-logistic-americas-relie-leurope-a-lamerique\/","url":"https:\/\/loginfo24.com\/fr\/2022\/11\/14\/le-transport-logistic-americas-relie-leurope-a-lamerique\/","name":"Le transport logistic Americas relie l'Europe \u00e0 l'Am\u00e9rique - Loginfo24.","isPartOf":{"@id":"https:\/\/loginfo24.com\/fr\/#website"},"primaryImageOfPage":{"@id":"https:\/\/loginfo24.com\/fr\/2022\/11\/14\/le-transport-logistic-americas-relie-leurope-a-lamerique\/#primaryimage"},"image":{"@id":"https:\/\/loginfo24.com\/fr\/2022\/11\/14\/le-transport-logistic-americas-relie-leurope-a-lamerique\/#primaryimage"},"thumbnailUrl":"https:\/\/loginfo24.com\/wp-content\/uploads\/sites\/7\/2025\/12\/transportlogistic_14.11.22.jpg","datePublished":"2022-11-14T17:47:20+00:00","breadcrumb":{"@id":"https:\/\/loginfo24.com\/fr\/2022\/11\/14\/le-transport-logistic-americas-relie-leurope-a-lamerique\/#breadcrumb"},"inLanguage":"fr-FR","potentialAction":[{"@type":"ReadAction","target":["https:\/\/loginfo24.com\/fr\/2022\/11\/14\/le-transport-logistic-americas-relie-leurope-a-lamerique\/"]}]},{"@type":"ImageObject","inLanguage":"fr-FR","@id":"https:\/\/loginfo24.com\/fr\/2022\/11\/14\/le-transport-logistic-americas-relie-leurope-a-lamerique\/#primaryimage","url":"https:\/\/loginfo24.com\/wp-content\/uploads\/sites\/7\/2025\/12\/transportlogistic_14.11.22.jpg","contentUrl":"https:\/\/loginfo24.com\/wp-content\/uploads\/sites\/7\/2025\/12\/transportlogistic_14.11.22.jpg","width":1327,"height":933},{"@type":"BreadcrumbList","@id":"https:\/\/loginfo24.com\/fr\/2022\/11\/14\/le-transport-logistic-americas-relie-leurope-a-lamerique\/#breadcrumb","itemListElement":[{"@type":"ListItem","position":1,"name":"Startseite","item":"https:\/\/loginfo24.com\/fr\/"},{"@type":"ListItem","position":2,"name":"Le transport logistic Americas relie l&rsquo;Europe \u00e0 l&rsquo;Am\u00e9rique"}]},{"@type":"WebSite","@id":"https:\/\/loginfo24.com\/fr\/#website","url":"https:\/\/loginfo24.com\/fr\/","name":"Loginfo24","description":"Loginfo24 est la plateforme d\u00e9di\u00e9e \u00e0 la logistique et aux cha\u00eenes d&#039;approvisionnement qui fournit des informations 24 heures sur 24.","publisher":{"@id":"https:\/\/loginfo24.com\/fr\/#organization"},"potentialAction":[{"@type":"SearchAction","target":{"@type":"EntryPoint","urlTemplate":"https:\/\/loginfo24.com\/fr\/?s={search_term_string}"},"query-input":{"@type":"PropertyValueSpecification","valueRequired":true,"valueName":"search_term_string"}}],"inLanguage":"fr-FR"},{"@type":"Organization","@id":"https:\/\/loginfo24.com\/fr\/#organization","name":"Groupe Logismedia AG","url":"https:\/\/loginfo24.com\/fr\/","logo":{"@type":"ImageObject","inLanguage":"fr-FR","@id":"https:\/\/loginfo24.com\/fr\/#\/schema\/logo\/image\/","url":"https:\/\/loginfo24.com\/wp-content\/uploads\/sites\/7\/2026\/01\/Logo_LogInfo24.png","contentUrl":"https:\/\/loginfo24.com\/wp-content\/uploads\/sites\/7\/2026\/01\/Logo_LogInfo24.png","width":938,"height":351,"caption":"Groupe Logismedia AG"},"image":{"@id":"https:\/\/loginfo24.com\/fr\/#\/schema\/logo\/image\/"},"sameAs":["https:\/\/www.facebook.com\/people\/Loginfo24\/100057360583332\/","https:\/\/www.linkedin.com\/company\/lofinfo24\/"]}]}},"_links":{"self":[{"href":"https:\/\/loginfo24.com\/fr\/wp-json\/wp\/v2\/posts\/59369","targetHints":{"allow":["GET"]}}],"collection":[{"href":"https:\/\/loginfo24.com\/fr\/wp-json\/wp\/v2\/posts"}],"about":[{"href":"https:\/\/loginfo24.com\/fr\/wp-json\/wp\/v2\/types\/post"}],"replies":[{"embeddable":true,"href":"https:\/\/loginfo24.com\/fr\/wp-json\/wp\/v2\/comments?post=59369"}],"version-history":[{"count":0,"href":"https:\/\/loginfo24.com\/fr\/wp-json\/wp\/v2\/posts\/59369\/revisions"}],"wp:featuredmedia":[{"embeddable":true,"href":"https:\/\/loginfo24.com\/fr\/wp-json\/wp\/v2\/media\/9009"}],"wp:attachment":[{"href":"https:\/\/loginfo24.com\/fr\/wp-json\/wp\/v2\/media?parent=59369"}],"wp:term":[{"taxonomy":"category","embeddable":true,"href":"https:\/\/loginfo24.com\/fr\/wp-json\/wp\/v2\/categories?post=59369"},{"taxonomy":"post_tag","embeddable":true,"href":"https:\/\/loginfo24.com\/fr\/wp-json\/wp\/v2\/tags?post=59369"}],"curies":[{"name":"wp","href":"https:\/\/api.w.org\/{rel}","templated":true}]}}