{"id":58591,"date":"2022-09-21T15:45:27","date_gmt":"2022-09-21T13:45:27","guid":{"rendered":"https:\/\/blog.brand-architecture.at\/2022\/09\/21\/mobilitesrente-comme-argument-face-a-la-penurie-de-main-doeuvre\/"},"modified":"2022-09-21T15:45:27","modified_gmt":"2022-09-21T13:45:27","slug":"mobilitesrente-comme-argument-face-a-la-penurie-de-main-doeuvre","status":"publish","type":"post","link":"https:\/\/loginfo24.com\/fr\/2022\/09\/21\/mobilitesrente-comme-argument-face-a-la-penurie-de-main-doeuvre\/","title":{"rendered":"Mobilit\u00e9sRente comme argument face \u00e0 la p\u00e9nurie de main-d&rsquo;\u0153uvre"},"content":{"rendered":"<h5><strong>La p\u00e9nurie de main-d&rsquo;\u0153uvre et les p\u00e9nuries de personnel restent des probl\u00e8mes pressants dans les secteurs de la mobilit\u00e9. Pour rester comp\u00e9titifs sur le march\u00e9, m\u00eame en temps de crise, seules les entreprises qui peuvent compter sur un personnel qualifi\u00e9 et motiv\u00e9 survivent. En plus de l&rsquo;acquisition de nouveaux employ\u00e9s, la s\u00e9curisation des employ\u00e9s de longue date prend \u00e9galement de plus en plus d&rsquo;importance.<\/strong><\/h5>\n<p>(Berlin) Dans cette \u00e9valuation, les associations r\u00e9unies au sein de la caisse de retraite du secteur des transports ainsi que les assureurs impliqu\u00e9s sont d&rsquo;accord. Malgr\u00e9 les d\u00e9fis actuels, le sujet du personnel figure en t\u00eate de la liste des priorit\u00e9s pour les planifications strat\u00e9giques \u00e0 long terme des entreprises. Lors de la r\u00e9union du conseil d&rsquo;administration du VVW le 14 septembre, Dierk Hochgesang (SVG) a \u00e9t\u00e9 r\u00e9\u00e9lu pr\u00e9sident et Markus Suchert (DSLV) en tant que vice-pr\u00e9sident.<\/p>\n<h5><strong>Argument pour l&rsquo;acquisition de personnel<\/strong><\/h5>\n<p>Avec la Mobilit\u00e9sRente, les principales associations de transport r\u00e9unies au sein de la caisse de retraite du secteur des transports (VVW) soutiennent la fid\u00e9lisation et l&rsquo;acquisition de personnel dans les entreprises de transport et logistique, de transport de marchandises, de gestion des d\u00e9chets et de transport de personnes. L&rsquo;\u00e9ventail des solutions de pr\u00e9voyance qui contribuent \u00e0 accro\u00eetre l&rsquo;attractivit\u00e9 des employeurs comprend des assurances directes, des engagements de retraite et des caisses de soutien pour la pr\u00e9voyance vieillesse en compl\u00e9ment de l&rsquo;assurance retraite l\u00e9gale, ainsi que des comptes de temps de travail, des assurances accidents et des assurances sant\u00e9 d&rsquo;entreprise provenant des portefeuilles des partenaires d&rsquo;assurance Allianz et R+V Versicherung. Gr\u00e2ce \u00e0 des contrats d&rsquo;assurance groupe, les employ\u00e9s des secteurs de la mobilit\u00e9 b\u00e9n\u00e9ficient de conditions particuli\u00e8rement attractives.<\/p>\n<h5><strong>Les associations porteuses du VVW<\/strong><\/h5>\n<ul>\n<li>DSLV Bundesverband Spedition und Logistik e.V.<\/li>\n<li>Bundesverband M\u00f6belspedition und Logistik e.V. (AM\u00d6)<\/li>\n<li>Bundesverband Deutscher Omnibusunternehmen e.V. (bdo)<\/li>\n<li>Bundesverband G\u00fcterkraftverkehr Logistik und Entsorgung (BGL) e.V.<\/li>\n<li>Bundesverband Wirtschaft, Verkehr und Logistik e.V. (BWVL) ainsi que<\/li>\n<li>Bundes-Zentralgenossenschaft Stra\u00dfenverkehr eG (SVG)<\/li>\n<\/ul>\n<p>Avec la Mobilit\u00e9sRente, les associations porteuses du VVW envoient un signal fort concernant la prise de responsabilit\u00e9 sociale des entreprises envers leurs employ\u00e9s et le renforcement fondamental de la pr\u00e9voyance vieillesse d&rsquo;entreprise.<\/p>\n<p>Pour plus d&rsquo;informations sur la caisse de retraite intersectorielle, rendez-vous sur <a href=\"https:\/\/www.mobilitaetsrente.de\/\">www.mobilitaetsrente.de<\/a><\/p>\n<p>Photo : \u00a9 Mobilit\u00e9sRente<\/p>\n","protected":false},"excerpt":{"rendered":"<p>La p\u00e9nurie de main-d&rsquo;\u0153uvre et les p\u00e9nuries de personnel restent des probl\u00e8mes pressants dans les secteurs de la mobilit\u00e9. Pour rester comp\u00e9titifs sur le march\u00e9, m\u00eame<span class=\"excerpt-hellip\"> [\u2026]<\/span><\/p>\n","protected":false},"author":0,"featured_media":9330,"comment_status":"open","ping_status":"open","sticky":false,"template":"","format":"standard","meta":{"_acf_changed":false,"footnotes":""},"categories":[1665,1557,1561],"tags":[],"class_list":["post-58591","post","type-post","status-publish","format-standard","has-post-thumbnail","hentry","category-categories","category-forwarding-logistics","category-regions"],"acf":[],"yoast_head":"<!-- This site is optimized with the Yoast SEO plugin v27.3 - https:\/\/yoast.com\/product\/yoast-seo-wordpress\/ -->\n<title>Mobilit\u00e9sRente comme argument face \u00e0 la p\u00e9nurie de main-d&#039;\u0153uvre - Loginfo24.<\/title>\n<meta name=\"robots\" content=\"index, follow, max-snippet:-1, max-image-preview:large, max-video-preview:-1\" \/>\n<link rel=\"canonical\" href=\"https:\/\/loginfo24.com\/fr\/2022\/09\/21\/mobilitesrente-comme-argument-face-a-la-penurie-de-main-doeuvre\/\" \/>\n<meta property=\"og:locale\" content=\"fr_FR\" \/>\n<meta property=\"og:type\" content=\"article\" \/>\n<meta property=\"og:title\" content=\"Mobilit\u00e9sRente comme argument face \u00e0 la p\u00e9nurie de main-d&#039;\u0153uvre - Loginfo24.\" \/>\n<meta property=\"og:description\" content=\"La p\u00e9nurie de main-d&rsquo;\u0153uvre et les p\u00e9nuries de personnel restent des probl\u00e8mes pressants dans les secteurs de la mobilit\u00e9. Pour rester comp\u00e9titifs sur le march\u00e9, m\u00eame [\u2026]\" \/>\n<meta property=\"og:url\" content=\"https:\/\/loginfo24.com\/fr\/2022\/09\/21\/mobilitesrente-comme-argument-face-a-la-penurie-de-main-doeuvre\/\" \/>\n<meta property=\"og:site_name\" content=\"Loginfo24\" \/>\n<meta property=\"article:publisher\" content=\"https:\/\/www.facebook.com\/people\/Loginfo24\/100057360583332\/\" \/>\n<meta property=\"article:published_time\" content=\"2022-09-21T13:45:27+00:00\" \/>\n<meta property=\"og:image\" content=\"https:\/\/loginfo24.com\/wp-content\/uploads\/sites\/7\/2025\/12\/BGL_21.9.22.jpg\" \/>\n\t<meta property=\"og:image:width\" content=\"1301\" \/>\n\t<meta property=\"og:image:height\" content=\"771\" \/>\n\t<meta property=\"og:image:type\" content=\"image\/jpeg\" \/>\n<meta name=\"twitter:card\" content=\"summary_large_image\" \/>\n<meta name=\"twitter:label1\" content=\"Dur\u00e9e de lecture estim\u00e9e\" \/>\n\t<meta name=\"twitter:data1\" content=\"2 minutes\" \/>\n<script type=\"application\/ld+json\" class=\"yoast-schema-graph\">{\"@context\":\"https:\\\/\\\/schema.org\",\"@graph\":[{\"@type\":\"Article\",\"@id\":\"https:\\\/\\\/loginfo24.com\\\/fr\\\/2022\\\/09\\\/21\\\/mobilitesrente-comme-argument-face-a-la-penurie-de-main-doeuvre\\\/#article\",\"isPartOf\":{\"@id\":\"https:\\\/\\\/loginfo24.com\\\/fr\\\/2022\\\/09\\\/21\\\/mobilitesrente-comme-argument-face-a-la-penurie-de-main-doeuvre\\\/\"},\"author\":{\"name\":\"\",\"@id\":\"\"},\"headline\":\"Mobilit\u00e9sRente comme argument face \u00e0 la p\u00e9nurie de main-d&rsquo;\u0153uvre\",\"datePublished\":\"2022-09-21T13:45:27+00:00\",\"mainEntityOfPage\":{\"@id\":\"https:\\\/\\\/loginfo24.com\\\/fr\\\/2022\\\/09\\\/21\\\/mobilitesrente-comme-argument-face-a-la-penurie-de-main-doeuvre\\\/\"},\"wordCount\":430,\"commentCount\":0,\"publisher\":{\"@id\":\"https:\\\/\\\/loginfo24.com\\\/fr\\\/#organization\"},\"image\":{\"@id\":\"https:\\\/\\\/loginfo24.com\\\/fr\\\/2022\\\/09\\\/21\\\/mobilitesrente-comme-argument-face-a-la-penurie-de-main-doeuvre\\\/#primaryimage\"},\"thumbnailUrl\":\"https:\\\/\\\/loginfo24.com\\\/wp-content\\\/uploads\\\/sites\\\/7\\\/2025\\\/12\\\/BGL_21.9.22.jpg\",\"articleSection\":[\"Categories\",\"Forwarding &amp; Logistics\",\"Regions\"],\"inLanguage\":\"fr-FR\",\"potentialAction\":[{\"@type\":\"CommentAction\",\"name\":\"Comment\",\"target\":[\"https:\\\/\\\/loginfo24.com\\\/fr\\\/2022\\\/09\\\/21\\\/mobilitesrente-comme-argument-face-a-la-penurie-de-main-doeuvre\\\/#respond\"]}]},{\"@type\":\"WebPage\",\"@id\":\"https:\\\/\\\/loginfo24.com\\\/fr\\\/2022\\\/09\\\/21\\\/mobilitesrente-comme-argument-face-a-la-penurie-de-main-doeuvre\\\/\",\"url\":\"https:\\\/\\\/loginfo24.com\\\/fr\\\/2022\\\/09\\\/21\\\/mobilitesrente-comme-argument-face-a-la-penurie-de-main-doeuvre\\\/\",\"name\":\"Mobilit\u00e9sRente comme argument face \u00e0 la p\u00e9nurie de main-d'\u0153uvre - Loginfo24.\",\"isPartOf\":{\"@id\":\"https:\\\/\\\/loginfo24.com\\\/fr\\\/#website\"},\"primaryImageOfPage\":{\"@id\":\"https:\\\/\\\/loginfo24.com\\\/fr\\\/2022\\\/09\\\/21\\\/mobilitesrente-comme-argument-face-a-la-penurie-de-main-doeuvre\\\/#primaryimage\"},\"image\":{\"@id\":\"https:\\\/\\\/loginfo24.com\\\/fr\\\/2022\\\/09\\\/21\\\/mobilitesrente-comme-argument-face-a-la-penurie-de-main-doeuvre\\\/#primaryimage\"},\"thumbnailUrl\":\"https:\\\/\\\/loginfo24.com\\\/wp-content\\\/uploads\\\/sites\\\/7\\\/2025\\\/12\\\/BGL_21.9.22.jpg\",\"datePublished\":\"2022-09-21T13:45:27+00:00\",\"breadcrumb\":{\"@id\":\"https:\\\/\\\/loginfo24.com\\\/fr\\\/2022\\\/09\\\/21\\\/mobilitesrente-comme-argument-face-a-la-penurie-de-main-doeuvre\\\/#breadcrumb\"},\"inLanguage\":\"fr-FR\",\"potentialAction\":[{\"@type\":\"ReadAction\",\"target\":[\"https:\\\/\\\/loginfo24.com\\\/fr\\\/2022\\\/09\\\/21\\\/mobilitesrente-comme-argument-face-a-la-penurie-de-main-doeuvre\\\/\"]}]},{\"@type\":\"ImageObject\",\"inLanguage\":\"fr-FR\",\"@id\":\"https:\\\/\\\/loginfo24.com\\\/fr\\\/2022\\\/09\\\/21\\\/mobilitesrente-comme-argument-face-a-la-penurie-de-main-doeuvre\\\/#primaryimage\",\"url\":\"https:\\\/\\\/loginfo24.com\\\/wp-content\\\/uploads\\\/sites\\\/7\\\/2025\\\/12\\\/BGL_21.9.22.jpg\",\"contentUrl\":\"https:\\\/\\\/loginfo24.com\\\/wp-content\\\/uploads\\\/sites\\\/7\\\/2025\\\/12\\\/BGL_21.9.22.jpg\",\"width\":1301,\"height\":771},{\"@type\":\"BreadcrumbList\",\"@id\":\"https:\\\/\\\/loginfo24.com\\\/fr\\\/2022\\\/09\\\/21\\\/mobilitesrente-comme-argument-face-a-la-penurie-de-main-doeuvre\\\/#breadcrumb\",\"itemListElement\":[{\"@type\":\"ListItem\",\"position\":1,\"name\":\"Startseite\",\"item\":\"https:\\\/\\\/loginfo24.com\\\/fr\\\/\"},{\"@type\":\"ListItem\",\"position\":2,\"name\":\"Mobilit\u00e9sRente comme argument face \u00e0 la p\u00e9nurie de main-d&rsquo;\u0153uvre\"}]},{\"@type\":\"WebSite\",\"@id\":\"https:\\\/\\\/loginfo24.com\\\/fr\\\/#website\",\"url\":\"https:\\\/\\\/loginfo24.com\\\/fr\\\/\",\"name\":\"Loginfo24\",\"description\":\"Loginfo24 est la plateforme d\u00e9di\u00e9e \u00e0 la logistique et aux cha\u00eenes d&#039;approvisionnement qui fournit des informations 24 heures sur 24.\",\"publisher\":{\"@id\":\"https:\\\/\\\/loginfo24.com\\\/fr\\\/#organization\"},\"potentialAction\":[{\"@type\":\"SearchAction\",\"target\":{\"@type\":\"EntryPoint\",\"urlTemplate\":\"https:\\\/\\\/loginfo24.com\\\/fr\\\/?s={search_term_string}\"},\"query-input\":{\"@type\":\"PropertyValueSpecification\",\"valueRequired\":true,\"valueName\":\"search_term_string\"}}],\"inLanguage\":\"fr-FR\"},{\"@type\":\"Organization\",\"@id\":\"https:\\\/\\\/loginfo24.com\\\/fr\\\/#organization\",\"name\":\"Groupe Logismedia AG\",\"url\":\"https:\\\/\\\/loginfo24.com\\\/fr\\\/\",\"logo\":{\"@type\":\"ImageObject\",\"inLanguage\":\"fr-FR\",\"@id\":\"https:\\\/\\\/loginfo24.com\\\/fr\\\/#\\\/schema\\\/logo\\\/image\\\/\",\"url\":\"https:\\\/\\\/loginfo24.com\\\/wp-content\\\/uploads\\\/sites\\\/7\\\/2026\\\/01\\\/Logo_LogInfo24.png\",\"contentUrl\":\"https:\\\/\\\/loginfo24.com\\\/wp-content\\\/uploads\\\/sites\\\/7\\\/2026\\\/01\\\/Logo_LogInfo24.png\",\"width\":938,\"height\":351,\"caption\":\"Groupe Logismedia AG\"},\"image\":{\"@id\":\"https:\\\/\\\/loginfo24.com\\\/fr\\\/#\\\/schema\\\/logo\\\/image\\\/\"},\"sameAs\":[\"https:\\\/\\\/www.facebook.com\\\/people\\\/Loginfo24\\\/100057360583332\\\/\",\"https:\\\/\\\/www.linkedin.com\\\/company\\\/lofinfo24\\\/\"]}]}<\/script>\n<!-- \/ Yoast SEO plugin. -->","yoast_head_json":{"title":"Mobilit\u00e9sRente comme argument face \u00e0 la p\u00e9nurie de main-d'\u0153uvre - Loginfo24.","robots":{"index":"index","follow":"follow","max-snippet":"max-snippet:-1","max-image-preview":"max-image-preview:large","max-video-preview":"max-video-preview:-1"},"canonical":"https:\/\/loginfo24.com\/fr\/2022\/09\/21\/mobilitesrente-comme-argument-face-a-la-penurie-de-main-doeuvre\/","og_locale":"fr_FR","og_type":"article","og_title":"Mobilit\u00e9sRente comme argument face \u00e0 la p\u00e9nurie de main-d'\u0153uvre - Loginfo24.","og_description":"La p\u00e9nurie de main-d&rsquo;\u0153uvre et les p\u00e9nuries de personnel restent des probl\u00e8mes pressants dans les secteurs de la mobilit\u00e9. Pour rester comp\u00e9titifs sur le march\u00e9, m\u00eame [\u2026]","og_url":"https:\/\/loginfo24.com\/fr\/2022\/09\/21\/mobilitesrente-comme-argument-face-a-la-penurie-de-main-doeuvre\/","og_site_name":"Loginfo24","article_publisher":"https:\/\/www.facebook.com\/people\/Loginfo24\/100057360583332\/","article_published_time":"2022-09-21T13:45:27+00:00","og_image":[{"width":1301,"height":771,"url":"https:\/\/loginfo24.com\/wp-content\/uploads\/sites\/7\/2025\/12\/BGL_21.9.22.jpg","type":"image\/jpeg"}],"twitter_card":"summary_large_image","twitter_misc":{"Dur\u00e9e de lecture estim\u00e9e":"2 minutes"},"schema":{"@context":"https:\/\/schema.org","@graph":[{"@type":"Article","@id":"https:\/\/loginfo24.com\/fr\/2022\/09\/21\/mobilitesrente-comme-argument-face-a-la-penurie-de-main-doeuvre\/#article","isPartOf":{"@id":"https:\/\/loginfo24.com\/fr\/2022\/09\/21\/mobilitesrente-comme-argument-face-a-la-penurie-de-main-doeuvre\/"},"author":{"name":"","@id":""},"headline":"Mobilit\u00e9sRente comme argument face \u00e0 la p\u00e9nurie de main-d&rsquo;\u0153uvre","datePublished":"2022-09-21T13:45:27+00:00","mainEntityOfPage":{"@id":"https:\/\/loginfo24.com\/fr\/2022\/09\/21\/mobilitesrente-comme-argument-face-a-la-penurie-de-main-doeuvre\/"},"wordCount":430,"commentCount":0,"publisher":{"@id":"https:\/\/loginfo24.com\/fr\/#organization"},"image":{"@id":"https:\/\/loginfo24.com\/fr\/2022\/09\/21\/mobilitesrente-comme-argument-face-a-la-penurie-de-main-doeuvre\/#primaryimage"},"thumbnailUrl":"https:\/\/loginfo24.com\/wp-content\/uploads\/sites\/7\/2025\/12\/BGL_21.9.22.jpg","articleSection":["Categories","Forwarding &amp; Logistics","Regions"],"inLanguage":"fr-FR","potentialAction":[{"@type":"CommentAction","name":"Comment","target":["https:\/\/loginfo24.com\/fr\/2022\/09\/21\/mobilitesrente-comme-argument-face-a-la-penurie-de-main-doeuvre\/#respond"]}]},{"@type":"WebPage","@id":"https:\/\/loginfo24.com\/fr\/2022\/09\/21\/mobilitesrente-comme-argument-face-a-la-penurie-de-main-doeuvre\/","url":"https:\/\/loginfo24.com\/fr\/2022\/09\/21\/mobilitesrente-comme-argument-face-a-la-penurie-de-main-doeuvre\/","name":"Mobilit\u00e9sRente comme argument face \u00e0 la p\u00e9nurie de main-d'\u0153uvre - Loginfo24.","isPartOf":{"@id":"https:\/\/loginfo24.com\/fr\/#website"},"primaryImageOfPage":{"@id":"https:\/\/loginfo24.com\/fr\/2022\/09\/21\/mobilitesrente-comme-argument-face-a-la-penurie-de-main-doeuvre\/#primaryimage"},"image":{"@id":"https:\/\/loginfo24.com\/fr\/2022\/09\/21\/mobilitesrente-comme-argument-face-a-la-penurie-de-main-doeuvre\/#primaryimage"},"thumbnailUrl":"https:\/\/loginfo24.com\/wp-content\/uploads\/sites\/7\/2025\/12\/BGL_21.9.22.jpg","datePublished":"2022-09-21T13:45:27+00:00","breadcrumb":{"@id":"https:\/\/loginfo24.com\/fr\/2022\/09\/21\/mobilitesrente-comme-argument-face-a-la-penurie-de-main-doeuvre\/#breadcrumb"},"inLanguage":"fr-FR","potentialAction":[{"@type":"ReadAction","target":["https:\/\/loginfo24.com\/fr\/2022\/09\/21\/mobilitesrente-comme-argument-face-a-la-penurie-de-main-doeuvre\/"]}]},{"@type":"ImageObject","inLanguage":"fr-FR","@id":"https:\/\/loginfo24.com\/fr\/2022\/09\/21\/mobilitesrente-comme-argument-face-a-la-penurie-de-main-doeuvre\/#primaryimage","url":"https:\/\/loginfo24.com\/wp-content\/uploads\/sites\/7\/2025\/12\/BGL_21.9.22.jpg","contentUrl":"https:\/\/loginfo24.com\/wp-content\/uploads\/sites\/7\/2025\/12\/BGL_21.9.22.jpg","width":1301,"height":771},{"@type":"BreadcrumbList","@id":"https:\/\/loginfo24.com\/fr\/2022\/09\/21\/mobilitesrente-comme-argument-face-a-la-penurie-de-main-doeuvre\/#breadcrumb","itemListElement":[{"@type":"ListItem","position":1,"name":"Startseite","item":"https:\/\/loginfo24.com\/fr\/"},{"@type":"ListItem","position":2,"name":"Mobilit\u00e9sRente comme argument face \u00e0 la p\u00e9nurie de main-d&rsquo;\u0153uvre"}]},{"@type":"WebSite","@id":"https:\/\/loginfo24.com\/fr\/#website","url":"https:\/\/loginfo24.com\/fr\/","name":"Loginfo24","description":"Loginfo24 est la plateforme d\u00e9di\u00e9e \u00e0 la logistique et aux cha\u00eenes d&#039;approvisionnement qui fournit des informations 24 heures sur 24.","publisher":{"@id":"https:\/\/loginfo24.com\/fr\/#organization"},"potentialAction":[{"@type":"SearchAction","target":{"@type":"EntryPoint","urlTemplate":"https:\/\/loginfo24.com\/fr\/?s={search_term_string}"},"query-input":{"@type":"PropertyValueSpecification","valueRequired":true,"valueName":"search_term_string"}}],"inLanguage":"fr-FR"},{"@type":"Organization","@id":"https:\/\/loginfo24.com\/fr\/#organization","name":"Groupe Logismedia AG","url":"https:\/\/loginfo24.com\/fr\/","logo":{"@type":"ImageObject","inLanguage":"fr-FR","@id":"https:\/\/loginfo24.com\/fr\/#\/schema\/logo\/image\/","url":"https:\/\/loginfo24.com\/wp-content\/uploads\/sites\/7\/2026\/01\/Logo_LogInfo24.png","contentUrl":"https:\/\/loginfo24.com\/wp-content\/uploads\/sites\/7\/2026\/01\/Logo_LogInfo24.png","width":938,"height":351,"caption":"Groupe Logismedia AG"},"image":{"@id":"https:\/\/loginfo24.com\/fr\/#\/schema\/logo\/image\/"},"sameAs":["https:\/\/www.facebook.com\/people\/Loginfo24\/100057360583332\/","https:\/\/www.linkedin.com\/company\/lofinfo24\/"]}]}},"_links":{"self":[{"href":"https:\/\/loginfo24.com\/fr\/wp-json\/wp\/v2\/posts\/58591","targetHints":{"allow":["GET"]}}],"collection":[{"href":"https:\/\/loginfo24.com\/fr\/wp-json\/wp\/v2\/posts"}],"about":[{"href":"https:\/\/loginfo24.com\/fr\/wp-json\/wp\/v2\/types\/post"}],"replies":[{"embeddable":true,"href":"https:\/\/loginfo24.com\/fr\/wp-json\/wp\/v2\/comments?post=58591"}],"version-history":[{"count":0,"href":"https:\/\/loginfo24.com\/fr\/wp-json\/wp\/v2\/posts\/58591\/revisions"}],"wp:featuredmedia":[{"embeddable":true,"href":"https:\/\/loginfo24.com\/fr\/wp-json\/wp\/v2\/media\/9330"}],"wp:attachment":[{"href":"https:\/\/loginfo24.com\/fr\/wp-json\/wp\/v2\/media?parent=58591"}],"wp:term":[{"taxonomy":"category","embeddable":true,"href":"https:\/\/loginfo24.com\/fr\/wp-json\/wp\/v2\/categories?post=58591"},{"taxonomy":"post_tag","embeddable":true,"href":"https:\/\/loginfo24.com\/fr\/wp-json\/wp\/v2\/tags?post=58591"}],"curies":[{"name":"wp","href":"https:\/\/api.w.org\/{rel}","templated":true}]}}