{"id":58227,"date":"2022-09-04T18:40:08","date_gmt":"2022-09-04T16:40:08","guid":{"rendered":"https:\/\/blog.brand-architecture.at\/2022\/09\/04\/pose-de-la-quille-du-nouveau-ferry-scandlines-pour-le-fehmarnbelt\/"},"modified":"2022-09-04T18:40:08","modified_gmt":"2022-09-04T16:40:08","slug":"pose-de-la-quille-du-nouveau-ferry-scandlines-pour-le-fehmarnbelt","status":"publish","type":"post","link":"https:\/\/loginfo24.com\/fr\/2022\/09\/04\/pose-de-la-quille-du-nouveau-ferry-scandlines-pour-le-fehmarnbelt\/","title":{"rendered":"Pose de la quille du nouveau ferry Scandlines pour le Fehmarnbelt"},"content":{"rendered":"<h5><strong>Le mardi 30 ao\u00fbt 2022, Scandlines a c\u00e9l\u00e9br\u00e9 la pose de la quille du nouveau ferry de fret sans \u00e9missions de la compagnie. Le ferry, qui sera mis en service en 2024 sur la ligne Puttgarden-R\u00f8dby, porte le nom de code PR24 et marque le d\u00e9but de la prochaine g\u00e9n\u00e9ration de navires sur cette ligne.<\/strong><\/h5>\n<p>(Cemre) Le 30 ao\u00fbt, Scandlines et le chantier naval turc Cemre ont atteint une \u00e9tape importante en lien avec la pose de la quille. Comme d&rsquo;autres navires modernes, le PR24 ne sera pas construit sur une seule quille. Il sera plut\u00f4t compos\u00e9 de plusieurs sections de coque. Mardi dernier, la premi\u00e8re section a \u00e9t\u00e9 mise en place sur le slipway.<\/p>\n<p>\u00ab La date de la pose de la quille est int\u00e9ressante, car le navire doit \u00eatre construit selon les r\u00e9glementations en vigueur \u00e0 ce moment-l\u00e0. Ce jour est \u00e9galement associ\u00e9 \u00e0 des traditions. C&rsquo;est pourquoi nous pla\u00e7ons bien s\u00fbr une pi\u00e8ce nouvellement frapp\u00e9e sous le navire lors de la pose de la quille \u00bb, a d\u00e9clar\u00e9 Michael Guldmann Petersen, COO de Scandlines.<\/p>\n<p>Les questions climatiques et environnementales figurent depuis longtemps en t\u00eate de l&rsquo;agenda de Scandlines. D\u00e8s 2013, l&rsquo;entreprise a investi dans des ferries hybrides avec batteries, et en 2024, le premier ferry sans \u00e9missions sera mis en service sur la ligne Puttgarden-R\u00f8dby. Seulement six ans plus tard, en 2030, l&rsquo;ensemble de la ligne sera sans \u00e9missions.<\/p>\n<p>Les batteries du ferry peuvent \u00eatre recharg\u00e9es en seulement 17 minutes \u00e0 R\u00f8dby. En 2019, Scandlines a investi dans un c\u00e2ble \u00e9lectrique de 50 kV \/ 25 MW pour le port de R\u00f8dby. Au printemps 2023, les travaux d&rsquo;extension de ce c\u00e2ble jusqu&rsquo;aux quais des ferries commenceront. Un transformateur et une station de recharge y seront install\u00e9s.<\/p>\n<p>Avec un temps de travers\u00e9e de 70 minutes, le ferry est sans \u00e9missions. Il peut \u00e9galement \u00eatre utilis\u00e9 comme ferry hybride, comme c&rsquo;est le cas sur les lignes Scandlines entre l&rsquo;Allemagne et le Danemark actuellement. En mode hybride, le temps de travers\u00e9e est de 45 minutes. Le ferry peut donc \u00e9galement \u00eatre utilis\u00e9 comme ferry de remplacement lorsque l&rsquo;un des quatre ferries \u00e0 double extr\u00e9mit\u00e9, qui desservent actuellement la ligne Puttgarden-R\u00f8dby, est en entretien.<\/p>\n<p>Les travaux de transformation des terminaux \u00e0 Puttgarden et R\u00f8dby sont d\u00e9j\u00e0 en cours. Le quai 1 \u00e0 R\u00f8dby sera transform\u00e9 en un quai pour les cinq ferries \u00e0 double extr\u00e9mit\u00e9. La partie libre du pont en b\u00e9ton, qui a permis l&rsquo;acc\u00e8s des voitures aux ponts sup\u00e9rieurs des ferries de 1970 \u00e0 1997, a \u00e9t\u00e9 retir\u00e9e, et la trappe du pont a \u00e9t\u00e9 d\u00e9mont\u00e9e \u00e0 l&rsquo;aide d&rsquo;une grue.<\/p>\n<p>Comme le PR24 peut transporter des camions \u00e0 la fois sur le pont sup\u00e9rieur et inf\u00e9rieur \u2013 comme le font les ferries Rostock-Gedser \u2013 le quai 1 \u00e0 Puttgarden et le quai 3 \u00e0 R\u00f8dby seront \u00e9galement transform\u00e9s. Ces travaux devraient commencer encore cette ann\u00e9e.<\/p>\n<p>\u00ab Maintenant, \u00e7a commence vraiment et nous envoyons un signal clair pour la poursuite de notre orientation vers la croissance \u00bb, a d\u00e9clar\u00e9 Carsten N\u00f8rland, PDG de Scandlines.<\/p>\n<h5><strong>Donn\u00e9es pour le ferry de fret sans \u00e9missions Scandlines sur la ligne Puttgarden-R\u00f8dby :<\/strong><\/h5>\n<ul>\n<li>Longueur : 147,4 m<\/li>\n<li>Largeur : 25,4 m<\/li>\n<li>D\u00e9placement de construction : 5,30 m<\/li>\n<li>Capacit\u00e9 de chargement : 66 unit\u00e9s de fret (environ 1 200 m\u00e8tres de chargement)<\/li>\n<li>Capacit\u00e9 passagers : 140<\/li>\n<li>Vitesse de service : 10 n\u0153uds<\/li>\n<li>Syst\u00e8me de batteries : 10 MWh<\/li>\n<li>Temps de charge au port (R\u00f8dby) : 17 minutes<\/li>\n<li>Investissement : 80 millions EUR<\/li>\n<\/ul>\n<p>Photo : \u00a9 Scandlines<\/p>\n","protected":false},"excerpt":{"rendered":"<p>Le mardi 30 ao\u00fbt 2022, Scandlines a c\u00e9l\u00e9br\u00e9 la pose de la quille du nouveau ferry de fret sans \u00e9missions de la compagnie. Le ferry, qui<span class=\"excerpt-hellip\"> [\u2026]<\/span><\/p>\n","protected":false},"author":0,"featured_media":9477,"comment_status":"open","ping_status":"open","sticky":false,"template":"","format":"standard","meta":{"_acf_changed":false,"footnotes":""},"categories":[1557,1561,1559],"tags":[],"class_list":["post-58227","post","type-post","status-publish","format-standard","has-post-thumbnail","hentry","category-forwarding-logistics","category-regions","category-shipping-ports"],"acf":[],"yoast_head":"<!-- This site is optimized with the Yoast SEO plugin v27.3 - https:\/\/yoast.com\/product\/yoast-seo-wordpress\/ -->\n<title>Pose de la quille du nouveau ferry Scandlines pour le Fehmarnbelt - Loginfo24.<\/title>\n<meta name=\"robots\" content=\"index, follow, max-snippet:-1, max-image-preview:large, max-video-preview:-1\" \/>\n<link rel=\"canonical\" href=\"https:\/\/loginfo24.com\/fr\/2022\/09\/04\/pose-de-la-quille-du-nouveau-ferry-scandlines-pour-le-fehmarnbelt\/\" \/>\n<meta property=\"og:locale\" content=\"fr_FR\" \/>\n<meta property=\"og:type\" content=\"article\" \/>\n<meta property=\"og:title\" content=\"Pose de la quille du nouveau ferry Scandlines pour le Fehmarnbelt - Loginfo24.\" \/>\n<meta property=\"og:description\" content=\"Le mardi 30 ao\u00fbt 2022, Scandlines a c\u00e9l\u00e9br\u00e9 la pose de la quille du nouveau ferry de fret sans \u00e9missions de la compagnie. Le ferry, qui [\u2026]\" \/>\n<meta property=\"og:url\" content=\"https:\/\/loginfo24.com\/fr\/2022\/09\/04\/pose-de-la-quille-du-nouveau-ferry-scandlines-pour-le-fehmarnbelt\/\" \/>\n<meta property=\"og:site_name\" content=\"Loginfo24\" \/>\n<meta property=\"article:publisher\" content=\"https:\/\/www.facebook.com\/people\/Loginfo24\/100057360583332\/\" \/>\n<meta property=\"article:published_time\" content=\"2022-09-04T16:40:08+00:00\" \/>\n<meta property=\"og:image\" content=\"https:\/\/loginfo24.com\/wp-content\/uploads\/sites\/7\/2025\/12\/Scandlines_04.09.2022.jpg\" \/>\n\t<meta property=\"og:image:width\" content=\"1087\" \/>\n\t<meta property=\"og:image:height\" content=\"609\" \/>\n\t<meta property=\"og:image:type\" content=\"image\/jpeg\" \/>\n<meta name=\"twitter:card\" content=\"summary_large_image\" \/>\n<meta name=\"twitter:label1\" content=\"Dur\u00e9e de lecture estim\u00e9e\" \/>\n\t<meta name=\"twitter:data1\" content=\"3 minutes\" \/>\n<script type=\"application\/ld+json\" class=\"yoast-schema-graph\">{\"@context\":\"https:\\\/\\\/schema.org\",\"@graph\":[{\"@type\":\"Article\",\"@id\":\"https:\\\/\\\/loginfo24.com\\\/fr\\\/2022\\\/09\\\/04\\\/pose-de-la-quille-du-nouveau-ferry-scandlines-pour-le-fehmarnbelt\\\/#article\",\"isPartOf\":{\"@id\":\"https:\\\/\\\/loginfo24.com\\\/fr\\\/2022\\\/09\\\/04\\\/pose-de-la-quille-du-nouveau-ferry-scandlines-pour-le-fehmarnbelt\\\/\"},\"author\":{\"name\":\"\",\"@id\":\"\"},\"headline\":\"Pose de la quille du nouveau ferry Scandlines pour le Fehmarnbelt\",\"datePublished\":\"2022-09-04T16:40:08+00:00\",\"mainEntityOfPage\":{\"@id\":\"https:\\\/\\\/loginfo24.com\\\/fr\\\/2022\\\/09\\\/04\\\/pose-de-la-quille-du-nouveau-ferry-scandlines-pour-le-fehmarnbelt\\\/\"},\"wordCount\":598,\"commentCount\":0,\"publisher\":{\"@id\":\"https:\\\/\\\/loginfo24.com\\\/fr\\\/#organization\"},\"image\":{\"@id\":\"https:\\\/\\\/loginfo24.com\\\/fr\\\/2022\\\/09\\\/04\\\/pose-de-la-quille-du-nouveau-ferry-scandlines-pour-le-fehmarnbelt\\\/#primaryimage\"},\"thumbnailUrl\":\"https:\\\/\\\/loginfo24.com\\\/wp-content\\\/uploads\\\/sites\\\/7\\\/2025\\\/12\\\/Scandlines_04.09.2022.jpg\",\"articleSection\":[\"Forwarding &amp; Logistics\",\"Regions\",\"Shipping &amp; Ports\"],\"inLanguage\":\"fr-FR\",\"potentialAction\":[{\"@type\":\"CommentAction\",\"name\":\"Comment\",\"target\":[\"https:\\\/\\\/loginfo24.com\\\/fr\\\/2022\\\/09\\\/04\\\/pose-de-la-quille-du-nouveau-ferry-scandlines-pour-le-fehmarnbelt\\\/#respond\"]}]},{\"@type\":\"WebPage\",\"@id\":\"https:\\\/\\\/loginfo24.com\\\/fr\\\/2022\\\/09\\\/04\\\/pose-de-la-quille-du-nouveau-ferry-scandlines-pour-le-fehmarnbelt\\\/\",\"url\":\"https:\\\/\\\/loginfo24.com\\\/fr\\\/2022\\\/09\\\/04\\\/pose-de-la-quille-du-nouveau-ferry-scandlines-pour-le-fehmarnbelt\\\/\",\"name\":\"Pose de la quille du nouveau ferry Scandlines pour le Fehmarnbelt - Loginfo24.\",\"isPartOf\":{\"@id\":\"https:\\\/\\\/loginfo24.com\\\/fr\\\/#website\"},\"primaryImageOfPage\":{\"@id\":\"https:\\\/\\\/loginfo24.com\\\/fr\\\/2022\\\/09\\\/04\\\/pose-de-la-quille-du-nouveau-ferry-scandlines-pour-le-fehmarnbelt\\\/#primaryimage\"},\"image\":{\"@id\":\"https:\\\/\\\/loginfo24.com\\\/fr\\\/2022\\\/09\\\/04\\\/pose-de-la-quille-du-nouveau-ferry-scandlines-pour-le-fehmarnbelt\\\/#primaryimage\"},\"thumbnailUrl\":\"https:\\\/\\\/loginfo24.com\\\/wp-content\\\/uploads\\\/sites\\\/7\\\/2025\\\/12\\\/Scandlines_04.09.2022.jpg\",\"datePublished\":\"2022-09-04T16:40:08+00:00\",\"breadcrumb\":{\"@id\":\"https:\\\/\\\/loginfo24.com\\\/fr\\\/2022\\\/09\\\/04\\\/pose-de-la-quille-du-nouveau-ferry-scandlines-pour-le-fehmarnbelt\\\/#breadcrumb\"},\"inLanguage\":\"fr-FR\",\"potentialAction\":[{\"@type\":\"ReadAction\",\"target\":[\"https:\\\/\\\/loginfo24.com\\\/fr\\\/2022\\\/09\\\/04\\\/pose-de-la-quille-du-nouveau-ferry-scandlines-pour-le-fehmarnbelt\\\/\"]}]},{\"@type\":\"ImageObject\",\"inLanguage\":\"fr-FR\",\"@id\":\"https:\\\/\\\/loginfo24.com\\\/fr\\\/2022\\\/09\\\/04\\\/pose-de-la-quille-du-nouveau-ferry-scandlines-pour-le-fehmarnbelt\\\/#primaryimage\",\"url\":\"https:\\\/\\\/loginfo24.com\\\/wp-content\\\/uploads\\\/sites\\\/7\\\/2025\\\/12\\\/Scandlines_04.09.2022.jpg\",\"contentUrl\":\"https:\\\/\\\/loginfo24.com\\\/wp-content\\\/uploads\\\/sites\\\/7\\\/2025\\\/12\\\/Scandlines_04.09.2022.jpg\",\"width\":1087,\"height\":609},{\"@type\":\"BreadcrumbList\",\"@id\":\"https:\\\/\\\/loginfo24.com\\\/fr\\\/2022\\\/09\\\/04\\\/pose-de-la-quille-du-nouveau-ferry-scandlines-pour-le-fehmarnbelt\\\/#breadcrumb\",\"itemListElement\":[{\"@type\":\"ListItem\",\"position\":1,\"name\":\"Startseite\",\"item\":\"https:\\\/\\\/loginfo24.com\\\/fr\\\/\"},{\"@type\":\"ListItem\",\"position\":2,\"name\":\"Pose de la quille du nouveau ferry Scandlines pour le Fehmarnbelt\"}]},{\"@type\":\"WebSite\",\"@id\":\"https:\\\/\\\/loginfo24.com\\\/fr\\\/#website\",\"url\":\"https:\\\/\\\/loginfo24.com\\\/fr\\\/\",\"name\":\"Loginfo24\",\"description\":\"Loginfo24 est la plateforme d\u00e9di\u00e9e \u00e0 la logistique et aux cha\u00eenes d&#039;approvisionnement qui fournit des informations 24 heures sur 24.\",\"publisher\":{\"@id\":\"https:\\\/\\\/loginfo24.com\\\/fr\\\/#organization\"},\"potentialAction\":[{\"@type\":\"SearchAction\",\"target\":{\"@type\":\"EntryPoint\",\"urlTemplate\":\"https:\\\/\\\/loginfo24.com\\\/fr\\\/?s={search_term_string}\"},\"query-input\":{\"@type\":\"PropertyValueSpecification\",\"valueRequired\":true,\"valueName\":\"search_term_string\"}}],\"inLanguage\":\"fr-FR\"},{\"@type\":\"Organization\",\"@id\":\"https:\\\/\\\/loginfo24.com\\\/fr\\\/#organization\",\"name\":\"Groupe Logismedia AG\",\"url\":\"https:\\\/\\\/loginfo24.com\\\/fr\\\/\",\"logo\":{\"@type\":\"ImageObject\",\"inLanguage\":\"fr-FR\",\"@id\":\"https:\\\/\\\/loginfo24.com\\\/fr\\\/#\\\/schema\\\/logo\\\/image\\\/\",\"url\":\"https:\\\/\\\/loginfo24.com\\\/wp-content\\\/uploads\\\/sites\\\/7\\\/2026\\\/01\\\/Logo_LogInfo24.png\",\"contentUrl\":\"https:\\\/\\\/loginfo24.com\\\/wp-content\\\/uploads\\\/sites\\\/7\\\/2026\\\/01\\\/Logo_LogInfo24.png\",\"width\":938,\"height\":351,\"caption\":\"Groupe Logismedia AG\"},\"image\":{\"@id\":\"https:\\\/\\\/loginfo24.com\\\/fr\\\/#\\\/schema\\\/logo\\\/image\\\/\"},\"sameAs\":[\"https:\\\/\\\/www.facebook.com\\\/people\\\/Loginfo24\\\/100057360583332\\\/\",\"https:\\\/\\\/www.linkedin.com\\\/company\\\/lofinfo24\\\/\"]}]}<\/script>\n<!-- \/ Yoast SEO plugin. -->","yoast_head_json":{"title":"Pose de la quille du nouveau ferry Scandlines pour le Fehmarnbelt - Loginfo24.","robots":{"index":"index","follow":"follow","max-snippet":"max-snippet:-1","max-image-preview":"max-image-preview:large","max-video-preview":"max-video-preview:-1"},"canonical":"https:\/\/loginfo24.com\/fr\/2022\/09\/04\/pose-de-la-quille-du-nouveau-ferry-scandlines-pour-le-fehmarnbelt\/","og_locale":"fr_FR","og_type":"article","og_title":"Pose de la quille du nouveau ferry Scandlines pour le Fehmarnbelt - Loginfo24.","og_description":"Le mardi 30 ao\u00fbt 2022, Scandlines a c\u00e9l\u00e9br\u00e9 la pose de la quille du nouveau ferry de fret sans \u00e9missions de la compagnie. Le ferry, qui [\u2026]","og_url":"https:\/\/loginfo24.com\/fr\/2022\/09\/04\/pose-de-la-quille-du-nouveau-ferry-scandlines-pour-le-fehmarnbelt\/","og_site_name":"Loginfo24","article_publisher":"https:\/\/www.facebook.com\/people\/Loginfo24\/100057360583332\/","article_published_time":"2022-09-04T16:40:08+00:00","og_image":[{"width":1087,"height":609,"url":"https:\/\/loginfo24.com\/wp-content\/uploads\/sites\/7\/2025\/12\/Scandlines_04.09.2022.jpg","type":"image\/jpeg"}],"twitter_card":"summary_large_image","twitter_misc":{"Dur\u00e9e de lecture estim\u00e9e":"3 minutes"},"schema":{"@context":"https:\/\/schema.org","@graph":[{"@type":"Article","@id":"https:\/\/loginfo24.com\/fr\/2022\/09\/04\/pose-de-la-quille-du-nouveau-ferry-scandlines-pour-le-fehmarnbelt\/#article","isPartOf":{"@id":"https:\/\/loginfo24.com\/fr\/2022\/09\/04\/pose-de-la-quille-du-nouveau-ferry-scandlines-pour-le-fehmarnbelt\/"},"author":{"name":"","@id":""},"headline":"Pose de la quille du nouveau ferry Scandlines pour le Fehmarnbelt","datePublished":"2022-09-04T16:40:08+00:00","mainEntityOfPage":{"@id":"https:\/\/loginfo24.com\/fr\/2022\/09\/04\/pose-de-la-quille-du-nouveau-ferry-scandlines-pour-le-fehmarnbelt\/"},"wordCount":598,"commentCount":0,"publisher":{"@id":"https:\/\/loginfo24.com\/fr\/#organization"},"image":{"@id":"https:\/\/loginfo24.com\/fr\/2022\/09\/04\/pose-de-la-quille-du-nouveau-ferry-scandlines-pour-le-fehmarnbelt\/#primaryimage"},"thumbnailUrl":"https:\/\/loginfo24.com\/wp-content\/uploads\/sites\/7\/2025\/12\/Scandlines_04.09.2022.jpg","articleSection":["Forwarding &amp; Logistics","Regions","Shipping &amp; Ports"],"inLanguage":"fr-FR","potentialAction":[{"@type":"CommentAction","name":"Comment","target":["https:\/\/loginfo24.com\/fr\/2022\/09\/04\/pose-de-la-quille-du-nouveau-ferry-scandlines-pour-le-fehmarnbelt\/#respond"]}]},{"@type":"WebPage","@id":"https:\/\/loginfo24.com\/fr\/2022\/09\/04\/pose-de-la-quille-du-nouveau-ferry-scandlines-pour-le-fehmarnbelt\/","url":"https:\/\/loginfo24.com\/fr\/2022\/09\/04\/pose-de-la-quille-du-nouveau-ferry-scandlines-pour-le-fehmarnbelt\/","name":"Pose de la quille du nouveau ferry Scandlines pour le Fehmarnbelt - Loginfo24.","isPartOf":{"@id":"https:\/\/loginfo24.com\/fr\/#website"},"primaryImageOfPage":{"@id":"https:\/\/loginfo24.com\/fr\/2022\/09\/04\/pose-de-la-quille-du-nouveau-ferry-scandlines-pour-le-fehmarnbelt\/#primaryimage"},"image":{"@id":"https:\/\/loginfo24.com\/fr\/2022\/09\/04\/pose-de-la-quille-du-nouveau-ferry-scandlines-pour-le-fehmarnbelt\/#primaryimage"},"thumbnailUrl":"https:\/\/loginfo24.com\/wp-content\/uploads\/sites\/7\/2025\/12\/Scandlines_04.09.2022.jpg","datePublished":"2022-09-04T16:40:08+00:00","breadcrumb":{"@id":"https:\/\/loginfo24.com\/fr\/2022\/09\/04\/pose-de-la-quille-du-nouveau-ferry-scandlines-pour-le-fehmarnbelt\/#breadcrumb"},"inLanguage":"fr-FR","potentialAction":[{"@type":"ReadAction","target":["https:\/\/loginfo24.com\/fr\/2022\/09\/04\/pose-de-la-quille-du-nouveau-ferry-scandlines-pour-le-fehmarnbelt\/"]}]},{"@type":"ImageObject","inLanguage":"fr-FR","@id":"https:\/\/loginfo24.com\/fr\/2022\/09\/04\/pose-de-la-quille-du-nouveau-ferry-scandlines-pour-le-fehmarnbelt\/#primaryimage","url":"https:\/\/loginfo24.com\/wp-content\/uploads\/sites\/7\/2025\/12\/Scandlines_04.09.2022.jpg","contentUrl":"https:\/\/loginfo24.com\/wp-content\/uploads\/sites\/7\/2025\/12\/Scandlines_04.09.2022.jpg","width":1087,"height":609},{"@type":"BreadcrumbList","@id":"https:\/\/loginfo24.com\/fr\/2022\/09\/04\/pose-de-la-quille-du-nouveau-ferry-scandlines-pour-le-fehmarnbelt\/#breadcrumb","itemListElement":[{"@type":"ListItem","position":1,"name":"Startseite","item":"https:\/\/loginfo24.com\/fr\/"},{"@type":"ListItem","position":2,"name":"Pose de la quille du nouveau ferry Scandlines pour le Fehmarnbelt"}]},{"@type":"WebSite","@id":"https:\/\/loginfo24.com\/fr\/#website","url":"https:\/\/loginfo24.com\/fr\/","name":"Loginfo24","description":"Loginfo24 est la plateforme d\u00e9di\u00e9e \u00e0 la logistique et aux cha\u00eenes d&#039;approvisionnement qui fournit des informations 24 heures sur 24.","publisher":{"@id":"https:\/\/loginfo24.com\/fr\/#organization"},"potentialAction":[{"@type":"SearchAction","target":{"@type":"EntryPoint","urlTemplate":"https:\/\/loginfo24.com\/fr\/?s={search_term_string}"},"query-input":{"@type":"PropertyValueSpecification","valueRequired":true,"valueName":"search_term_string"}}],"inLanguage":"fr-FR"},{"@type":"Organization","@id":"https:\/\/loginfo24.com\/fr\/#organization","name":"Groupe Logismedia AG","url":"https:\/\/loginfo24.com\/fr\/","logo":{"@type":"ImageObject","inLanguage":"fr-FR","@id":"https:\/\/loginfo24.com\/fr\/#\/schema\/logo\/image\/","url":"https:\/\/loginfo24.com\/wp-content\/uploads\/sites\/7\/2026\/01\/Logo_LogInfo24.png","contentUrl":"https:\/\/loginfo24.com\/wp-content\/uploads\/sites\/7\/2026\/01\/Logo_LogInfo24.png","width":938,"height":351,"caption":"Groupe Logismedia AG"},"image":{"@id":"https:\/\/loginfo24.com\/fr\/#\/schema\/logo\/image\/"},"sameAs":["https:\/\/www.facebook.com\/people\/Loginfo24\/100057360583332\/","https:\/\/www.linkedin.com\/company\/lofinfo24\/"]}]}},"_links":{"self":[{"href":"https:\/\/loginfo24.com\/fr\/wp-json\/wp\/v2\/posts\/58227","targetHints":{"allow":["GET"]}}],"collection":[{"href":"https:\/\/loginfo24.com\/fr\/wp-json\/wp\/v2\/posts"}],"about":[{"href":"https:\/\/loginfo24.com\/fr\/wp-json\/wp\/v2\/types\/post"}],"replies":[{"embeddable":true,"href":"https:\/\/loginfo24.com\/fr\/wp-json\/wp\/v2\/comments?post=58227"}],"version-history":[{"count":0,"href":"https:\/\/loginfo24.com\/fr\/wp-json\/wp\/v2\/posts\/58227\/revisions"}],"wp:featuredmedia":[{"embeddable":true,"href":"https:\/\/loginfo24.com\/fr\/wp-json\/wp\/v2\/media\/9477"}],"wp:attachment":[{"href":"https:\/\/loginfo24.com\/fr\/wp-json\/wp\/v2\/media?parent=58227"}],"wp:term":[{"taxonomy":"category","embeddable":true,"href":"https:\/\/loginfo24.com\/fr\/wp-json\/wp\/v2\/categories?post=58227"},{"taxonomy":"post_tag","embeddable":true,"href":"https:\/\/loginfo24.com\/fr\/wp-json\/wp\/v2\/tags?post=58227"}],"curies":[{"name":"wp","href":"https:\/\/api.w.org\/{rel}","templated":true}]}}