{"id":58203,"date":"2022-09-01T18:12:33","date_gmt":"2022-09-01T16:12:33","guid":{"rendered":"https:\/\/blog.brand-architecture.at\/2022\/09\/01\/conference-specialisee-export-import-2022-au-technorama-de-winterthur\/"},"modified":"2022-09-01T18:12:33","modified_gmt":"2022-09-01T16:12:33","slug":"conference-specialisee-export-import-2022-au-technorama-de-winterthur","status":"publish","type":"post","link":"https:\/\/loginfo24.com\/fr\/2022\/09\/01\/conference-specialisee-export-import-2022-au-technorama-de-winterthur\/","title":{"rendered":"Conf\u00e9rence sp\u00e9cialis\u00e9e Export\/Import 2022 au Technorama de Winterthur"},"content":{"rendered":"<p>Une fois par an, les meilleurs experts d&rsquo;une communaut\u00e9 d&rsquo;exportation \u00e9tablie se r\u00e9unissent pour partager des connaissances pertinentes. Cette ann\u00e9e, l&rsquo;\u00e9v\u00e9nement aura lieu le 27 octobre 2022 au Technorama \u00e0 Winterthur. Cette manifestation \u00e9prouv\u00e9e permet aux professionnels et aux dirigeants de s&rsquo;informer dans un environnement exp\u00e9riment\u00e9 et tr\u00e8s d\u00e9contract\u00e9 sur les conditions n\u00e9cessaires \u00e0 une activit\u00e9 commerciale internationale r\u00e9ussie et les t\u00e2ches qui y sont associ\u00e9es. En m\u00eame temps, un \u00e9change actif et un r\u00e9seautage se d\u00e9roulent parmi les participants.<\/p>\n<p>(Zurich\/Winterthur) L&rsquo;\u00e9change toujours tr\u00e8s actif, presque familial, avec des repr\u00e9sentants des autorit\u00e9s, des experts et d&rsquo;autres entreprises est appr\u00e9ci\u00e9 \u00e0 la fois par les PME et les grandes entreprises. La mod\u00e9ration dynamique et le bon choix de sujets d&rsquo;actualit\u00e9 en mati\u00e8re de conformit\u00e9 commerciale motivent chaque ann\u00e9e de nombreuses personnes \u00e0 participer. Un excellent m\u00e9lange de repr\u00e9sentants des autorit\u00e9s, de conf\u00e9renciers renomm\u00e9s et de participants de divers secteurs d&rsquo;activit\u00e9 rend cet \u00e9v\u00e9nement unique. Nous revenons sur l&rsquo;histoire de succ\u00e8s \u00e0 travers l&rsquo;exemple de l&rsquo;\u00e9v\u00e9nement de l&rsquo;ann\u00e9e derni\u00e8re et jetons un \u0153il sur l&rsquo;agenda d&rsquo;octobre 2022.<strong>Pour cet \u00e9v\u00e9nement, vous pouvez vous: <a href=\"https:\/\/www.zollschule.ch\/FachtagungImportExport\/\" target=\"_blank\" rel=\"noopener\">inscrire ici<\/a><\/strong><\/p>\n<figure><img loading=\"lazy\" decoding=\"async\" class=\"wp-image-20778 size-full\" src=\"https:\/\/loginfo24.com\/wp-content\/uploads\/sites\/7\/2025\/12\/Fachtagung_3.jpg\" alt=\"\" width=\"1337\" height=\"893\" \/><figcaption>La conf\u00e9rence sp\u00e9cialis\u00e9e Import\/Export se tiendra le 27 octobre 2022 au Technorama \u00e0 Winterthur<\/figcaption><\/figure>\n<h5><strong>Lieu 2021: Conditions-cadres changeantes <\/strong><\/h5>\n<p>D\u00e9j\u00e0 en 2021, l&rsquo;ann\u00e9e a \u00e9t\u00e9 marqu\u00e9e par des changements rapides qui ont frapp\u00e9 les entreprises \u00e0 une vitesse incroyable. La conf\u00e9rence Export\/Import a abord\u00e9 ces changements et a permis un aper\u00e7u des sc\u00e9narios futurs. Dans le cadre d&rsquo;un voyage virtuel autour du monde, diff\u00e9rents lieux du commerce mondial ont \u00e9t\u00e9 compar\u00e9s et confront\u00e9s lors de la conf\u00e9rence. Des connexions en direct avec des experts du monde entier ont \u00e9galement eu lieu. Les discussions se sont concentr\u00e9es sur les tensions g\u00e9opolitiques, le protectionnisme croissant, la p\u00e9nurie mondiale de chauffeurs, mais aussi sur les embouteillages devant des ports mondialement importants, qui ont conduit \u00e0 la stagnation du commerce mondial. \u00c0 travers l&rsquo;exemple de Masterpiece International et Swiss World Cargo, il a \u00e9t\u00e9 illustr\u00e9 de mani\u00e8re frappante comment une adaptation rapide et flexible aux nouvelles conditions a apport\u00e9 des avantages sur le march\u00e9. L&rsquo;explosion fatale des co\u00fbts de fret \u2013 allant jusqu&rsquo;\u00e0 une multiplication par dix \u2013 a constamment \u00e9t\u00e9 au centre des discussions, en plus de nombreuses nouveaut\u00e9s en mati\u00e8re d&rsquo;exportation, d&rsquo;importation et de douane en raison du Brexit, de nouveaux accords de libre-\u00e9change et d&rsquo;une nouvelle l\u00e9gislation douani\u00e8re ainsi que de la r\u00e9orientation de l&rsquo;administration douani\u00e8re.<br \/>Des experts comme Markus Schlagenhof (ambassadeur et d\u00e9l\u00e9gu\u00e9 du Conseil f\u00e9d\u00e9ral pour les contrats commerciaux) et des repr\u00e9sentants des douanes ont transmis des nouvelles professionnelles de premi\u00e8re main.<em>T\u00e9moignages de participants pr\u00e9c\u00e9dents<\/em><\/p>\n<h5><strong>2022 et 2023: Faire face positivement aux nouveaux d\u00e9fis <\/strong><\/h5>\n<p>Que l&rsquo;\u00e9conomie suisse soit \u00e9troitement li\u00e9e \u00e0 l&rsquo;\u00e9tranger, cela a probablement \u00e9t\u00e9 compris par tout le monde. Les conditions-cadres dans l&rsquo;environnement international continuent de changer rapidement. Des th\u00e8mes tels que la conformit\u00e9, la diversit\u00e9, la durabilit\u00e9 et la num\u00e9risation ne posent pas seulement des exigences, mais offrent \u00e9galement des opportunit\u00e9s de croissance et un avenir meilleur. Pour tirer le meilleur parti de sa propre entreprise, il est n\u00e9cessaire d&rsquo;affiner les processus et les proc\u00e9dures existants. C&rsquo;est pourquoi la conf\u00e9rence de cette ann\u00e9e se d\u00e9roule sous le slogan \u00ab Nouvelles r\u00e8gles, nouvelles chances \u00bb. Les actualit\u00e9s concernant le commerce international des marchandises seront abord\u00e9es et examin\u00e9es. Des aper\u00e7us exclusifs sur l&rsquo;organisation du commerce ext\u00e9rieur d&rsquo;entreprises op\u00e9rant \u00e0 l&rsquo;international ainsi que des contributions d&rsquo;experts soutiennent les participants pour faire face \u00e0 tous ces changements. Les personnes qui occupent d\u00e9j\u00e0 des fonctions dans le traitement douanier et l&rsquo;exportation strat\u00e9gique ou op\u00e9rationnelle en b\u00e9n\u00e9ficient particuli\u00e8rement: elles ont l&rsquo;occasion unique de maintenir leurs connaissances \u00e0 jour ou de les rafra\u00eechir de mani\u00e8re cibl\u00e9e gr\u00e2ce \u00e0 leur participation annuelle. Le Technorama constitue cette ann\u00e9e (2022) le cadre exceptionnel pour faire de cet \u00e9v\u00e9nement une exp\u00e9rience inoubliable. L&rsquo;entr\u00e9e pour visiter l&rsquo;exposition est incluse dans le prix de la conf\u00e9rence.<\/p>\n<h5><strong>Programme d\u00e9taill\u00e9 et inscription ici: <\/strong><\/h5>\n<p><a href=\"https:\/\/www.zollschule.ch\/FachtagungImportExport\/\" target=\"_blank\" rel=\"noopener\">https:\/\/www.zollschule.ch\/FachtagungImportExport\/<\/a><\/p>\n<blockquote><p><strong><img loading=\"lazy\" decoding=\"async\" class=\" wp-image-20782 alignleft\" src=\"https:\/\/loginfo24.com\/wp-content\/uploads\/sites\/7\/2025\/12\/FAchtagung_1-229x300.jpg\" alt=\"\" width=\"174\" height=\"228\" \/>Claudia Feusi<\/strong> conseille et soutient depuis de nombreuses ann\u00e9es, avec son \u00e9quipe, les entreprises suisses de mani\u00e8re orient\u00e9e vers les solutions sur le chemin de processus d&rsquo;exportation, d&rsquo;importation et de douane intelligents et conformes. Sa mani\u00e8re d\u00e9contract\u00e9e, associ\u00e9e \u00e0 une longue exp\u00e9rience dans des fonctions de direction, dans pratiquement tous les domaines de la cha\u00eene d&rsquo;approvisionnement (autorit\u00e9s, transport, logistique, industrie dans les domaines de l&rsquo;approvisionnement et de la vente) fait d&rsquo;elle une partenaire appr\u00e9ci\u00e9e pour les questions op\u00e9rationnelles et strat\u00e9giques. Cela garantit des processus efficaces, orient\u00e9s vers les risques et surtout tr\u00e8s efficaces. Son attention se concentre sur des solutions sp\u00e9cifiques \u00e0 l&rsquo;entreprise. En tant qu&rsquo;experte en douane avec un dipl\u00f4me f\u00e9d\u00e9ral, directrice de commerce ext\u00e9rieur dipl\u00f4m\u00e9e, formatrice avec un dipl\u00f4me f\u00e9d\u00e9ral et coach certifi\u00e9e, elle dispose des outils n\u00e9cessaires pour d\u00e9velopper des solutions individuelles. <a href=\"https:\/\/zollschule.ch\" target=\"_blank\" rel=\"noopener\">www.zollschule.ch<\/a><\/p><\/blockquote>\n<p>Photo de titre: \u00a9 Loginfo24<\/p>\n","protected":false},"excerpt":{"rendered":"<p>Une fois par an, les meilleurs experts d&rsquo;une communaut\u00e9 d&rsquo;exportation \u00e9tablie se r\u00e9unissent pour partager des connaissances pertinentes. Cette ann\u00e9e, l&rsquo;\u00e9v\u00e9nement aura lieu le 27 octobre<span class=\"excerpt-hellip\"> [\u2026]<\/span><\/p>\n","protected":false},"author":0,"featured_media":0,"comment_status":"open","ping_status":"open","sticky":false,"template":"","format":"standard","meta":{"_acf_changed":false,"footnotes":""},"categories":[1557,1561],"tags":[],"class_list":["post-58203","post","type-post","status-publish","format-standard","hentry","category-forwarding-logistics","category-regions"],"acf":[],"yoast_head":"<!-- This site is optimized with the Yoast SEO plugin v27.3 - https:\/\/yoast.com\/product\/yoast-seo-wordpress\/ -->\n<title>Conf\u00e9rence sp\u00e9cialis\u00e9e Export\/Import 2022 au Technorama de Winterthur - Loginfo24.<\/title>\n<meta name=\"robots\" content=\"index, follow, max-snippet:-1, max-image-preview:large, max-video-preview:-1\" \/>\n<link rel=\"canonical\" href=\"https:\/\/loginfo24.com\/fr\/2022\/09\/01\/conference-specialisee-export-import-2022-au-technorama-de-winterthur\/\" \/>\n<meta property=\"og:locale\" content=\"fr_FR\" \/>\n<meta property=\"og:type\" content=\"article\" \/>\n<meta property=\"og:title\" content=\"Conf\u00e9rence sp\u00e9cialis\u00e9e Export\/Import 2022 au Technorama de Winterthur - Loginfo24.\" \/>\n<meta property=\"og:description\" content=\"Une fois par an, les meilleurs experts d&rsquo;une communaut\u00e9 d&rsquo;exportation \u00e9tablie se r\u00e9unissent pour partager des connaissances pertinentes. Cette ann\u00e9e, l&rsquo;\u00e9v\u00e9nement aura lieu le 27 octobre [\u2026]\" \/>\n<meta property=\"og:url\" content=\"https:\/\/loginfo24.com\/fr\/2022\/09\/01\/conference-specialisee-export-import-2022-au-technorama-de-winterthur\/\" \/>\n<meta property=\"og:site_name\" content=\"Loginfo24\" \/>\n<meta property=\"article:publisher\" content=\"https:\/\/www.facebook.com\/people\/Loginfo24\/100057360583332\/\" \/>\n<meta property=\"article:published_time\" content=\"2022-09-01T16:12:33+00:00\" \/>\n<meta property=\"og:image\" content=\"https:\/\/loginfo24.com\/wp-content\/uploads\/sites\/7\/2025\/12\/Fachtagung_3.jpg\" \/>\n<meta name=\"twitter:card\" content=\"summary_large_image\" \/>\n<meta name=\"twitter:label1\" content=\"Dur\u00e9e de lecture estim\u00e9e\" \/>\n\t<meta name=\"twitter:data1\" content=\"4 minutes\" \/>\n<script type=\"application\/ld+json\" class=\"yoast-schema-graph\">{\"@context\":\"https:\\\/\\\/schema.org\",\"@graph\":[{\"@type\":\"Article\",\"@id\":\"https:\\\/\\\/loginfo24.com\\\/fr\\\/2022\\\/09\\\/01\\\/conference-specialisee-export-import-2022-au-technorama-de-winterthur\\\/#article\",\"isPartOf\":{\"@id\":\"https:\\\/\\\/loginfo24.com\\\/fr\\\/2022\\\/09\\\/01\\\/conference-specialisee-export-import-2022-au-technorama-de-winterthur\\\/\"},\"author\":{\"name\":\"\",\"@id\":\"\"},\"headline\":\"Conf\u00e9rence sp\u00e9cialis\u00e9e Export\\\/Import 2022 au Technorama de Winterthur\",\"datePublished\":\"2022-09-01T16:12:33+00:00\",\"mainEntityOfPage\":{\"@id\":\"https:\\\/\\\/loginfo24.com\\\/fr\\\/2022\\\/09\\\/01\\\/conference-specialisee-export-import-2022-au-technorama-de-winterthur\\\/\"},\"wordCount\":946,\"commentCount\":0,\"publisher\":{\"@id\":\"https:\\\/\\\/loginfo24.com\\\/fr\\\/#organization\"},\"image\":{\"@id\":\"https:\\\/\\\/loginfo24.com\\\/fr\\\/2022\\\/09\\\/01\\\/conference-specialisee-export-import-2022-au-technorama-de-winterthur\\\/#primaryimage\"},\"thumbnailUrl\":\"https:\\\/\\\/loginfo24.com\\\/wp-content\\\/uploads\\\/sites\\\/7\\\/2025\\\/12\\\/Fachtagung_3.jpg\",\"articleSection\":[\"Forwarding &amp; Logistics\",\"Regions\"],\"inLanguage\":\"fr-FR\",\"potentialAction\":[{\"@type\":\"CommentAction\",\"name\":\"Comment\",\"target\":[\"https:\\\/\\\/loginfo24.com\\\/fr\\\/2022\\\/09\\\/01\\\/conference-specialisee-export-import-2022-au-technorama-de-winterthur\\\/#respond\"]}]},{\"@type\":\"WebPage\",\"@id\":\"https:\\\/\\\/loginfo24.com\\\/fr\\\/2022\\\/09\\\/01\\\/conference-specialisee-export-import-2022-au-technorama-de-winterthur\\\/\",\"url\":\"https:\\\/\\\/loginfo24.com\\\/fr\\\/2022\\\/09\\\/01\\\/conference-specialisee-export-import-2022-au-technorama-de-winterthur\\\/\",\"name\":\"Conf\u00e9rence sp\u00e9cialis\u00e9e Export\\\/Import 2022 au Technorama de Winterthur - Loginfo24.\",\"isPartOf\":{\"@id\":\"https:\\\/\\\/loginfo24.com\\\/fr\\\/#website\"},\"primaryImageOfPage\":{\"@id\":\"https:\\\/\\\/loginfo24.com\\\/fr\\\/2022\\\/09\\\/01\\\/conference-specialisee-export-import-2022-au-technorama-de-winterthur\\\/#primaryimage\"},\"image\":{\"@id\":\"https:\\\/\\\/loginfo24.com\\\/fr\\\/2022\\\/09\\\/01\\\/conference-specialisee-export-import-2022-au-technorama-de-winterthur\\\/#primaryimage\"},\"thumbnailUrl\":\"https:\\\/\\\/loginfo24.com\\\/wp-content\\\/uploads\\\/sites\\\/7\\\/2025\\\/12\\\/Fachtagung_3.jpg\",\"datePublished\":\"2022-09-01T16:12:33+00:00\",\"breadcrumb\":{\"@id\":\"https:\\\/\\\/loginfo24.com\\\/fr\\\/2022\\\/09\\\/01\\\/conference-specialisee-export-import-2022-au-technorama-de-winterthur\\\/#breadcrumb\"},\"inLanguage\":\"fr-FR\",\"potentialAction\":[{\"@type\":\"ReadAction\",\"target\":[\"https:\\\/\\\/loginfo24.com\\\/fr\\\/2022\\\/09\\\/01\\\/conference-specialisee-export-import-2022-au-technorama-de-winterthur\\\/\"]}]},{\"@type\":\"ImageObject\",\"inLanguage\":\"fr-FR\",\"@id\":\"https:\\\/\\\/loginfo24.com\\\/fr\\\/2022\\\/09\\\/01\\\/conference-specialisee-export-import-2022-au-technorama-de-winterthur\\\/#primaryimage\",\"url\":\"https:\\\/\\\/loginfo24.com\\\/wp-content\\\/uploads\\\/sites\\\/7\\\/2025\\\/12\\\/Fachtagung_3.jpg\",\"contentUrl\":\"https:\\\/\\\/loginfo24.com\\\/wp-content\\\/uploads\\\/sites\\\/7\\\/2025\\\/12\\\/Fachtagung_3.jpg\"},{\"@type\":\"BreadcrumbList\",\"@id\":\"https:\\\/\\\/loginfo24.com\\\/fr\\\/2022\\\/09\\\/01\\\/conference-specialisee-export-import-2022-au-technorama-de-winterthur\\\/#breadcrumb\",\"itemListElement\":[{\"@type\":\"ListItem\",\"position\":1,\"name\":\"Startseite\",\"item\":\"https:\\\/\\\/loginfo24.com\\\/fr\\\/\"},{\"@type\":\"ListItem\",\"position\":2,\"name\":\"Conf\u00e9rence sp\u00e9cialis\u00e9e Export\\\/Import 2022 au Technorama de Winterthur\"}]},{\"@type\":\"WebSite\",\"@id\":\"https:\\\/\\\/loginfo24.com\\\/fr\\\/#website\",\"url\":\"https:\\\/\\\/loginfo24.com\\\/fr\\\/\",\"name\":\"Loginfo24\",\"description\":\"Loginfo24 est la plateforme d\u00e9di\u00e9e \u00e0 la logistique et aux cha\u00eenes d&#039;approvisionnement qui fournit des informations 24 heures sur 24.\",\"publisher\":{\"@id\":\"https:\\\/\\\/loginfo24.com\\\/fr\\\/#organization\"},\"potentialAction\":[{\"@type\":\"SearchAction\",\"target\":{\"@type\":\"EntryPoint\",\"urlTemplate\":\"https:\\\/\\\/loginfo24.com\\\/fr\\\/?s={search_term_string}\"},\"query-input\":{\"@type\":\"PropertyValueSpecification\",\"valueRequired\":true,\"valueName\":\"search_term_string\"}}],\"inLanguage\":\"fr-FR\"},{\"@type\":\"Organization\",\"@id\":\"https:\\\/\\\/loginfo24.com\\\/fr\\\/#organization\",\"name\":\"Groupe Logismedia AG\",\"url\":\"https:\\\/\\\/loginfo24.com\\\/fr\\\/\",\"logo\":{\"@type\":\"ImageObject\",\"inLanguage\":\"fr-FR\",\"@id\":\"https:\\\/\\\/loginfo24.com\\\/fr\\\/#\\\/schema\\\/logo\\\/image\\\/\",\"url\":\"https:\\\/\\\/loginfo24.com\\\/wp-content\\\/uploads\\\/sites\\\/7\\\/2026\\\/01\\\/Logo_LogInfo24.png\",\"contentUrl\":\"https:\\\/\\\/loginfo24.com\\\/wp-content\\\/uploads\\\/sites\\\/7\\\/2026\\\/01\\\/Logo_LogInfo24.png\",\"width\":938,\"height\":351,\"caption\":\"Groupe Logismedia AG\"},\"image\":{\"@id\":\"https:\\\/\\\/loginfo24.com\\\/fr\\\/#\\\/schema\\\/logo\\\/image\\\/\"},\"sameAs\":[\"https:\\\/\\\/www.facebook.com\\\/people\\\/Loginfo24\\\/100057360583332\\\/\",\"https:\\\/\\\/www.linkedin.com\\\/company\\\/lofinfo24\\\/\"]}]}<\/script>\n<!-- \/ Yoast SEO plugin. -->","yoast_head_json":{"title":"Conf\u00e9rence sp\u00e9cialis\u00e9e Export\/Import 2022 au Technorama de Winterthur - Loginfo24.","robots":{"index":"index","follow":"follow","max-snippet":"max-snippet:-1","max-image-preview":"max-image-preview:large","max-video-preview":"max-video-preview:-1"},"canonical":"https:\/\/loginfo24.com\/fr\/2022\/09\/01\/conference-specialisee-export-import-2022-au-technorama-de-winterthur\/","og_locale":"fr_FR","og_type":"article","og_title":"Conf\u00e9rence sp\u00e9cialis\u00e9e Export\/Import 2022 au Technorama de Winterthur - Loginfo24.","og_description":"Une fois par an, les meilleurs experts d&rsquo;une communaut\u00e9 d&rsquo;exportation \u00e9tablie se r\u00e9unissent pour partager des connaissances pertinentes. Cette ann\u00e9e, l&rsquo;\u00e9v\u00e9nement aura lieu le 27 octobre [\u2026]","og_url":"https:\/\/loginfo24.com\/fr\/2022\/09\/01\/conference-specialisee-export-import-2022-au-technorama-de-winterthur\/","og_site_name":"Loginfo24","article_publisher":"https:\/\/www.facebook.com\/people\/Loginfo24\/100057360583332\/","article_published_time":"2022-09-01T16:12:33+00:00","og_image":[{"url":"https:\/\/loginfo24.com\/wp-content\/uploads\/sites\/7\/2025\/12\/Fachtagung_3.jpg","type":"","width":"","height":""}],"twitter_card":"summary_large_image","twitter_misc":{"Dur\u00e9e de lecture estim\u00e9e":"4 minutes"},"schema":{"@context":"https:\/\/schema.org","@graph":[{"@type":"Article","@id":"https:\/\/loginfo24.com\/fr\/2022\/09\/01\/conference-specialisee-export-import-2022-au-technorama-de-winterthur\/#article","isPartOf":{"@id":"https:\/\/loginfo24.com\/fr\/2022\/09\/01\/conference-specialisee-export-import-2022-au-technorama-de-winterthur\/"},"author":{"name":"","@id":""},"headline":"Conf\u00e9rence sp\u00e9cialis\u00e9e Export\/Import 2022 au Technorama de Winterthur","datePublished":"2022-09-01T16:12:33+00:00","mainEntityOfPage":{"@id":"https:\/\/loginfo24.com\/fr\/2022\/09\/01\/conference-specialisee-export-import-2022-au-technorama-de-winterthur\/"},"wordCount":946,"commentCount":0,"publisher":{"@id":"https:\/\/loginfo24.com\/fr\/#organization"},"image":{"@id":"https:\/\/loginfo24.com\/fr\/2022\/09\/01\/conference-specialisee-export-import-2022-au-technorama-de-winterthur\/#primaryimage"},"thumbnailUrl":"https:\/\/loginfo24.com\/wp-content\/uploads\/sites\/7\/2025\/12\/Fachtagung_3.jpg","articleSection":["Forwarding &amp; Logistics","Regions"],"inLanguage":"fr-FR","potentialAction":[{"@type":"CommentAction","name":"Comment","target":["https:\/\/loginfo24.com\/fr\/2022\/09\/01\/conference-specialisee-export-import-2022-au-technorama-de-winterthur\/#respond"]}]},{"@type":"WebPage","@id":"https:\/\/loginfo24.com\/fr\/2022\/09\/01\/conference-specialisee-export-import-2022-au-technorama-de-winterthur\/","url":"https:\/\/loginfo24.com\/fr\/2022\/09\/01\/conference-specialisee-export-import-2022-au-technorama-de-winterthur\/","name":"Conf\u00e9rence sp\u00e9cialis\u00e9e Export\/Import 2022 au Technorama de Winterthur - Loginfo24.","isPartOf":{"@id":"https:\/\/loginfo24.com\/fr\/#website"},"primaryImageOfPage":{"@id":"https:\/\/loginfo24.com\/fr\/2022\/09\/01\/conference-specialisee-export-import-2022-au-technorama-de-winterthur\/#primaryimage"},"image":{"@id":"https:\/\/loginfo24.com\/fr\/2022\/09\/01\/conference-specialisee-export-import-2022-au-technorama-de-winterthur\/#primaryimage"},"thumbnailUrl":"https:\/\/loginfo24.com\/wp-content\/uploads\/sites\/7\/2025\/12\/Fachtagung_3.jpg","datePublished":"2022-09-01T16:12:33+00:00","breadcrumb":{"@id":"https:\/\/loginfo24.com\/fr\/2022\/09\/01\/conference-specialisee-export-import-2022-au-technorama-de-winterthur\/#breadcrumb"},"inLanguage":"fr-FR","potentialAction":[{"@type":"ReadAction","target":["https:\/\/loginfo24.com\/fr\/2022\/09\/01\/conference-specialisee-export-import-2022-au-technorama-de-winterthur\/"]}]},{"@type":"ImageObject","inLanguage":"fr-FR","@id":"https:\/\/loginfo24.com\/fr\/2022\/09\/01\/conference-specialisee-export-import-2022-au-technorama-de-winterthur\/#primaryimage","url":"https:\/\/loginfo24.com\/wp-content\/uploads\/sites\/7\/2025\/12\/Fachtagung_3.jpg","contentUrl":"https:\/\/loginfo24.com\/wp-content\/uploads\/sites\/7\/2025\/12\/Fachtagung_3.jpg"},{"@type":"BreadcrumbList","@id":"https:\/\/loginfo24.com\/fr\/2022\/09\/01\/conference-specialisee-export-import-2022-au-technorama-de-winterthur\/#breadcrumb","itemListElement":[{"@type":"ListItem","position":1,"name":"Startseite","item":"https:\/\/loginfo24.com\/fr\/"},{"@type":"ListItem","position":2,"name":"Conf\u00e9rence sp\u00e9cialis\u00e9e Export\/Import 2022 au Technorama de Winterthur"}]},{"@type":"WebSite","@id":"https:\/\/loginfo24.com\/fr\/#website","url":"https:\/\/loginfo24.com\/fr\/","name":"Loginfo24","description":"Loginfo24 est la plateforme d\u00e9di\u00e9e \u00e0 la logistique et aux cha\u00eenes d&#039;approvisionnement qui fournit des informations 24 heures sur 24.","publisher":{"@id":"https:\/\/loginfo24.com\/fr\/#organization"},"potentialAction":[{"@type":"SearchAction","target":{"@type":"EntryPoint","urlTemplate":"https:\/\/loginfo24.com\/fr\/?s={search_term_string}"},"query-input":{"@type":"PropertyValueSpecification","valueRequired":true,"valueName":"search_term_string"}}],"inLanguage":"fr-FR"},{"@type":"Organization","@id":"https:\/\/loginfo24.com\/fr\/#organization","name":"Groupe Logismedia AG","url":"https:\/\/loginfo24.com\/fr\/","logo":{"@type":"ImageObject","inLanguage":"fr-FR","@id":"https:\/\/loginfo24.com\/fr\/#\/schema\/logo\/image\/","url":"https:\/\/loginfo24.com\/wp-content\/uploads\/sites\/7\/2026\/01\/Logo_LogInfo24.png","contentUrl":"https:\/\/loginfo24.com\/wp-content\/uploads\/sites\/7\/2026\/01\/Logo_LogInfo24.png","width":938,"height":351,"caption":"Groupe Logismedia AG"},"image":{"@id":"https:\/\/loginfo24.com\/fr\/#\/schema\/logo\/image\/"},"sameAs":["https:\/\/www.facebook.com\/people\/Loginfo24\/100057360583332\/","https:\/\/www.linkedin.com\/company\/lofinfo24\/"]}]}},"_links":{"self":[{"href":"https:\/\/loginfo24.com\/fr\/wp-json\/wp\/v2\/posts\/58203","targetHints":{"allow":["GET"]}}],"collection":[{"href":"https:\/\/loginfo24.com\/fr\/wp-json\/wp\/v2\/posts"}],"about":[{"href":"https:\/\/loginfo24.com\/fr\/wp-json\/wp\/v2\/types\/post"}],"replies":[{"embeddable":true,"href":"https:\/\/loginfo24.com\/fr\/wp-json\/wp\/v2\/comments?post=58203"}],"version-history":[{"count":0,"href":"https:\/\/loginfo24.com\/fr\/wp-json\/wp\/v2\/posts\/58203\/revisions"}],"wp:attachment":[{"href":"https:\/\/loginfo24.com\/fr\/wp-json\/wp\/v2\/media?parent=58203"}],"wp:term":[{"taxonomy":"category","embeddable":true,"href":"https:\/\/loginfo24.com\/fr\/wp-json\/wp\/v2\/categories?post=58203"},{"taxonomy":"post_tag","embeddable":true,"href":"https:\/\/loginfo24.com\/fr\/wp-json\/wp\/v2\/tags?post=58203"}],"curies":[{"name":"wp","href":"https:\/\/api.w.org\/{rel}","templated":true}]}}