{"id":57480,"date":"2022-07-26T18:51:43","date_gmt":"2022-07-26T16:51:43","guid":{"rendered":"https:\/\/blog.brand-architecture.at\/2022\/07\/26\/le-groupe-geis-a-teste-un-camion-electrique-sur-le-site-de-gochsheim\/"},"modified":"2022-07-26T18:51:43","modified_gmt":"2022-07-26T16:51:43","slug":"le-groupe-geis-a-teste-un-camion-electrique-sur-le-site-de-gochsheim","status":"publish","type":"post","link":"https:\/\/loginfo24.com\/fr\/2022\/07\/26\/le-groupe-geis-a-teste-un-camion-electrique-sur-le-site-de-gochsheim\/","title":{"rendered":"Le groupe Geis a test\u00e9 un camion \u00e9lectrique sur le site de Gochsheim"},"content":{"rendered":"<h5><strong>Le groupe Geis a test\u00e9 un camion \u00e9lectrique de type MAN eTGM \u00e0 fond. Le v\u00e9hicule a \u00e9t\u00e9 utilis\u00e9 ces derni\u00e8res semaines par la Geis Transport und Logistik GmbH de Gochsheim. Les motorisations alternatives peuvent contribuer \u00e0 la protection du climat, mais elles doivent \u00e9galement faire leurs preuves dans la pratique.<\/strong><\/h5>\n<p>(Gochsheim\/Bad Neustadt\/Nuremberg) Un \u00e9l\u00e9ment essentiel de la strat\u00e9gie de durabilit\u00e9 du groupe Geis est le programme \u00ab MissionZero \u00bb visant la neutralit\u00e9 climatique d&rsquo;ici 2040. D&rsquo;ici 2030, le groupe Geis souhaite r\u00e9duire ses \u00e9missions de CO<sub>2<\/sub> de 65 %. \u00ab Pour cela, nous avons \u00e9galement besoin de transports aussi propres que possible \u00bb, d\u00e9clarent les associ\u00e9s g\u00e9rants Hans-Wolfgang Geis et Jochen Geis. \u00ab Pour cela, nous investissons entre autres dans des motorisations alternatives. \u00bb<\/p>\n<p>\u00c0 la recherche de variantes de motorisation appropri\u00e9es qui r\u00e9duisent les \u00e9missions de CO<sub>2<\/sub> tout en \u00e9tant pratiques au quotidien, Geis teste diff\u00e9rents concepts.<\/p>\n<h5><strong>Trajet Gochsheim - Schweinfurt<\/strong><\/h5>\n<p>Pour le site de Gochsheim, un camion \u00e9lectrique \u00e9tait en service de navette. Plusieurs fois par jour, le camion \u00e9lectrique faisait la navette entre le centre logistique Geis \u00e0 Gochsheim et l&rsquo;usine d&rsquo;un client Geis \u00e0 Schweinfurt pour l&rsquo;approvisionner en pi\u00e8ces de production. Le v\u00e9hicule parcourait ainsi environ 60 \u00e0 70 kilom\u00e8tres par jour.<\/p>\n<p>Sur le papier, le MAN eTGM 26.360, c&rsquo;est ainsi que se nomme officiellement le camion \u00e9lectrique, parcourt la distance sans difficult\u00e9. Il d\u00e9veloppe 360 ch et son autonomie devrait atteindre jusqu&rsquo;\u00e0 190 kilom\u00e8tres gr\u00e2ce \u00e0 une capacit\u00e9 de batterie de 185 kWh. \u00ab Nous travaillons actuellement sur place en service \u00e0 une seule \u00e9quipe, ce qui nous permet de recharger les batteries via une prise de courant haute puissance en dix heures \u00bb, explique Christian Hackl, responsable de la gestion centrale de la flotte chez Geis. \u00ab Pour ce cas d&rsquo;utilisation, le eTGM est bien adapt\u00e9 : il est agr\u00e9able \u00e0 conduire, il est sans \u00e9missions locales et en plus tr\u00e8s silencieux. \u00bb<\/p>\n<h5><strong>\u00c9valuations d\u00e9taill\u00e9es pr\u00e9vues<\/strong><\/h5>\n<p>\u00ab Dans les semaines \u00e0 venir, nous allons \u00e9valuer intensivement la consommation d&rsquo;\u00e9nergie, l&rsquo;autonomie, le comportement de charge et les caract\u00e9ristiques de conduite de ce mod\u00e8le et \u00e9ventuellement d&rsquo;autres mod\u00e8les \u00bb, d\u00e9clarent Hans-Wolfgang Geis et Jochen Geis. \u00ab Les r\u00e9sultats nous fourniront des informations importantes sur la faisabilit\u00e9 et la rentabilit\u00e9 des transports avec motorisation \u00e9lectrique. Nous les prendrons \u00e9galement en compte dans nos d\u00e9cisions concernant les futurs types de motorisation de notre flotte. \u00bb<\/p>\n<p>D&rsquo;autres d\u00e9tails sur la strat\u00e9gie de durabilit\u00e9 du groupe Geis seront publi\u00e9s par le prestataire logistique \u00e0 l&rsquo;automne de cette ann\u00e9e dans son deuxi\u00e8me rapport de durabilit\u00e9.<\/p>\n<p>Photo : \u00a9 Geis Gruppe<\/p>\n","protected":false},"excerpt":{"rendered":"<p>Le groupe Geis a test\u00e9 un camion \u00e9lectrique de type MAN eTGM \u00e0 fond. Le v\u00e9hicule a \u00e9t\u00e9 utilis\u00e9 ces derni\u00e8res semaines par la Geis Transport<span class=\"excerpt-hellip\"> [\u2026]<\/span><\/p>\n","protected":false},"author":0,"featured_media":9811,"comment_status":"open","ping_status":"open","sticky":false,"template":"","format":"standard","meta":{"_acf_changed":false,"footnotes":""},"categories":[1665,1557,1556,1561],"tags":[],"class_list":["post-57480","post","type-post","status-publish","format-standard","has-post-thumbnail","hentry","category-categories","category-forwarding-logistics","category-intermodal-road","category-regions"],"acf":[],"yoast_head":"<!-- This site is optimized with the Yoast SEO plugin v27.3 - https:\/\/yoast.com\/product\/yoast-seo-wordpress\/ -->\n<title>Le groupe Geis a test\u00e9 un camion \u00e9lectrique sur le site de Gochsheim - Loginfo24.<\/title>\n<meta name=\"robots\" content=\"index, follow, max-snippet:-1, max-image-preview:large, max-video-preview:-1\" \/>\n<link rel=\"canonical\" href=\"https:\/\/loginfo24.com\/fr\/2022\/07\/26\/le-groupe-geis-a-teste-un-camion-electrique-sur-le-site-de-gochsheim\/\" \/>\n<meta property=\"og:locale\" content=\"fr_FR\" \/>\n<meta property=\"og:type\" content=\"article\" \/>\n<meta property=\"og:title\" content=\"Le groupe Geis a test\u00e9 un camion \u00e9lectrique sur le site de Gochsheim - Loginfo24.\" \/>\n<meta property=\"og:description\" content=\"Le groupe Geis a test\u00e9 un camion \u00e9lectrique de type MAN eTGM \u00e0 fond. Le v\u00e9hicule a \u00e9t\u00e9 utilis\u00e9 ces derni\u00e8res semaines par la Geis Transport [\u2026]\" \/>\n<meta property=\"og:url\" content=\"https:\/\/loginfo24.com\/fr\/2022\/07\/26\/le-groupe-geis-a-teste-un-camion-electrique-sur-le-site-de-gochsheim\/\" \/>\n<meta property=\"og:site_name\" content=\"Loginfo24\" \/>\n<meta property=\"article:publisher\" content=\"https:\/\/www.facebook.com\/people\/Loginfo24\/100057360583332\/\" \/>\n<meta property=\"article:published_time\" content=\"2022-07-26T16:51:43+00:00\" \/>\n<meta property=\"og:image\" content=\"https:\/\/loginfo24.com\/wp-content\/uploads\/sites\/7\/2025\/12\/Geis_26.7.22.jpg\" \/>\n\t<meta property=\"og:image:width\" content=\"1320\" \/>\n\t<meta property=\"og:image:height\" content=\"941\" \/>\n\t<meta property=\"og:image:type\" content=\"image\/jpeg\" \/>\n<meta name=\"twitter:card\" content=\"summary_large_image\" \/>\n<meta name=\"twitter:label1\" content=\"Dur\u00e9e de lecture estim\u00e9e\" \/>\n\t<meta name=\"twitter:data1\" content=\"2 minutes\" \/>\n<script type=\"application\/ld+json\" class=\"yoast-schema-graph\">{\"@context\":\"https:\\\/\\\/schema.org\",\"@graph\":[{\"@type\":\"Article\",\"@id\":\"https:\\\/\\\/loginfo24.com\\\/fr\\\/2022\\\/07\\\/26\\\/le-groupe-geis-a-teste-un-camion-electrique-sur-le-site-de-gochsheim\\\/#article\",\"isPartOf\":{\"@id\":\"https:\\\/\\\/loginfo24.com\\\/fr\\\/2022\\\/07\\\/26\\\/le-groupe-geis-a-teste-un-camion-electrique-sur-le-site-de-gochsheim\\\/\"},\"author\":{\"name\":\"\",\"@id\":\"\"},\"headline\":\"Le groupe Geis a test\u00e9 un camion \u00e9lectrique sur le site de Gochsheim\",\"datePublished\":\"2022-07-26T16:51:43+00:00\",\"mainEntityOfPage\":{\"@id\":\"https:\\\/\\\/loginfo24.com\\\/fr\\\/2022\\\/07\\\/26\\\/le-groupe-geis-a-teste-un-camion-electrique-sur-le-site-de-gochsheim\\\/\"},\"wordCount\":452,\"commentCount\":0,\"publisher\":{\"@id\":\"https:\\\/\\\/loginfo24.com\\\/fr\\\/#organization\"},\"image\":{\"@id\":\"https:\\\/\\\/loginfo24.com\\\/fr\\\/2022\\\/07\\\/26\\\/le-groupe-geis-a-teste-un-camion-electrique-sur-le-site-de-gochsheim\\\/#primaryimage\"},\"thumbnailUrl\":\"https:\\\/\\\/loginfo24.com\\\/wp-content\\\/uploads\\\/sites\\\/7\\\/2025\\\/12\\\/Geis_26.7.22.jpg\",\"articleSection\":[\"Categories\",\"Forwarding &amp; Logistics\",\"Intermodal \\\/ Road\",\"Regions\"],\"inLanguage\":\"fr-FR\",\"potentialAction\":[{\"@type\":\"CommentAction\",\"name\":\"Comment\",\"target\":[\"https:\\\/\\\/loginfo24.com\\\/fr\\\/2022\\\/07\\\/26\\\/le-groupe-geis-a-teste-un-camion-electrique-sur-le-site-de-gochsheim\\\/#respond\"]}]},{\"@type\":\"WebPage\",\"@id\":\"https:\\\/\\\/loginfo24.com\\\/fr\\\/2022\\\/07\\\/26\\\/le-groupe-geis-a-teste-un-camion-electrique-sur-le-site-de-gochsheim\\\/\",\"url\":\"https:\\\/\\\/loginfo24.com\\\/fr\\\/2022\\\/07\\\/26\\\/le-groupe-geis-a-teste-un-camion-electrique-sur-le-site-de-gochsheim\\\/\",\"name\":\"Le groupe Geis a test\u00e9 un camion \u00e9lectrique sur le site de Gochsheim - Loginfo24.\",\"isPartOf\":{\"@id\":\"https:\\\/\\\/loginfo24.com\\\/fr\\\/#website\"},\"primaryImageOfPage\":{\"@id\":\"https:\\\/\\\/loginfo24.com\\\/fr\\\/2022\\\/07\\\/26\\\/le-groupe-geis-a-teste-un-camion-electrique-sur-le-site-de-gochsheim\\\/#primaryimage\"},\"image\":{\"@id\":\"https:\\\/\\\/loginfo24.com\\\/fr\\\/2022\\\/07\\\/26\\\/le-groupe-geis-a-teste-un-camion-electrique-sur-le-site-de-gochsheim\\\/#primaryimage\"},\"thumbnailUrl\":\"https:\\\/\\\/loginfo24.com\\\/wp-content\\\/uploads\\\/sites\\\/7\\\/2025\\\/12\\\/Geis_26.7.22.jpg\",\"datePublished\":\"2022-07-26T16:51:43+00:00\",\"breadcrumb\":{\"@id\":\"https:\\\/\\\/loginfo24.com\\\/fr\\\/2022\\\/07\\\/26\\\/le-groupe-geis-a-teste-un-camion-electrique-sur-le-site-de-gochsheim\\\/#breadcrumb\"},\"inLanguage\":\"fr-FR\",\"potentialAction\":[{\"@type\":\"ReadAction\",\"target\":[\"https:\\\/\\\/loginfo24.com\\\/fr\\\/2022\\\/07\\\/26\\\/le-groupe-geis-a-teste-un-camion-electrique-sur-le-site-de-gochsheim\\\/\"]}]},{\"@type\":\"ImageObject\",\"inLanguage\":\"fr-FR\",\"@id\":\"https:\\\/\\\/loginfo24.com\\\/fr\\\/2022\\\/07\\\/26\\\/le-groupe-geis-a-teste-un-camion-electrique-sur-le-site-de-gochsheim\\\/#primaryimage\",\"url\":\"https:\\\/\\\/loginfo24.com\\\/wp-content\\\/uploads\\\/sites\\\/7\\\/2025\\\/12\\\/Geis_26.7.22.jpg\",\"contentUrl\":\"https:\\\/\\\/loginfo24.com\\\/wp-content\\\/uploads\\\/sites\\\/7\\\/2025\\\/12\\\/Geis_26.7.22.jpg\",\"width\":1320,\"height\":941},{\"@type\":\"BreadcrumbList\",\"@id\":\"https:\\\/\\\/loginfo24.com\\\/fr\\\/2022\\\/07\\\/26\\\/le-groupe-geis-a-teste-un-camion-electrique-sur-le-site-de-gochsheim\\\/#breadcrumb\",\"itemListElement\":[{\"@type\":\"ListItem\",\"position\":1,\"name\":\"Startseite\",\"item\":\"https:\\\/\\\/loginfo24.com\\\/fr\\\/\"},{\"@type\":\"ListItem\",\"position\":2,\"name\":\"Le groupe Geis a test\u00e9 un camion \u00e9lectrique sur le site de Gochsheim\"}]},{\"@type\":\"WebSite\",\"@id\":\"https:\\\/\\\/loginfo24.com\\\/fr\\\/#website\",\"url\":\"https:\\\/\\\/loginfo24.com\\\/fr\\\/\",\"name\":\"Loginfo24\",\"description\":\"Loginfo24 est la plateforme d\u00e9di\u00e9e \u00e0 la logistique et aux cha\u00eenes d&#039;approvisionnement qui fournit des informations 24 heures sur 24.\",\"publisher\":{\"@id\":\"https:\\\/\\\/loginfo24.com\\\/fr\\\/#organization\"},\"potentialAction\":[{\"@type\":\"SearchAction\",\"target\":{\"@type\":\"EntryPoint\",\"urlTemplate\":\"https:\\\/\\\/loginfo24.com\\\/fr\\\/?s={search_term_string}\"},\"query-input\":{\"@type\":\"PropertyValueSpecification\",\"valueRequired\":true,\"valueName\":\"search_term_string\"}}],\"inLanguage\":\"fr-FR\"},{\"@type\":\"Organization\",\"@id\":\"https:\\\/\\\/loginfo24.com\\\/fr\\\/#organization\",\"name\":\"Groupe Logismedia AG\",\"url\":\"https:\\\/\\\/loginfo24.com\\\/fr\\\/\",\"logo\":{\"@type\":\"ImageObject\",\"inLanguage\":\"fr-FR\",\"@id\":\"https:\\\/\\\/loginfo24.com\\\/fr\\\/#\\\/schema\\\/logo\\\/image\\\/\",\"url\":\"https:\\\/\\\/loginfo24.com\\\/wp-content\\\/uploads\\\/sites\\\/7\\\/2026\\\/01\\\/Logo_LogInfo24.png\",\"contentUrl\":\"https:\\\/\\\/loginfo24.com\\\/wp-content\\\/uploads\\\/sites\\\/7\\\/2026\\\/01\\\/Logo_LogInfo24.png\",\"width\":938,\"height\":351,\"caption\":\"Groupe Logismedia AG\"},\"image\":{\"@id\":\"https:\\\/\\\/loginfo24.com\\\/fr\\\/#\\\/schema\\\/logo\\\/image\\\/\"},\"sameAs\":[\"https:\\\/\\\/www.facebook.com\\\/people\\\/Loginfo24\\\/100057360583332\\\/\",\"https:\\\/\\\/www.linkedin.com\\\/company\\\/lofinfo24\\\/\"]}]}<\/script>\n<!-- \/ Yoast SEO plugin. -->","yoast_head_json":{"title":"Le groupe Geis a test\u00e9 un camion \u00e9lectrique sur le site de Gochsheim - Loginfo24.","robots":{"index":"index","follow":"follow","max-snippet":"max-snippet:-1","max-image-preview":"max-image-preview:large","max-video-preview":"max-video-preview:-1"},"canonical":"https:\/\/loginfo24.com\/fr\/2022\/07\/26\/le-groupe-geis-a-teste-un-camion-electrique-sur-le-site-de-gochsheim\/","og_locale":"fr_FR","og_type":"article","og_title":"Le groupe Geis a test\u00e9 un camion \u00e9lectrique sur le site de Gochsheim - Loginfo24.","og_description":"Le groupe Geis a test\u00e9 un camion \u00e9lectrique de type MAN eTGM \u00e0 fond. Le v\u00e9hicule a \u00e9t\u00e9 utilis\u00e9 ces derni\u00e8res semaines par la Geis Transport [\u2026]","og_url":"https:\/\/loginfo24.com\/fr\/2022\/07\/26\/le-groupe-geis-a-teste-un-camion-electrique-sur-le-site-de-gochsheim\/","og_site_name":"Loginfo24","article_publisher":"https:\/\/www.facebook.com\/people\/Loginfo24\/100057360583332\/","article_published_time":"2022-07-26T16:51:43+00:00","og_image":[{"width":1320,"height":941,"url":"https:\/\/loginfo24.com\/wp-content\/uploads\/sites\/7\/2025\/12\/Geis_26.7.22.jpg","type":"image\/jpeg"}],"twitter_card":"summary_large_image","twitter_misc":{"Dur\u00e9e de lecture estim\u00e9e":"2 minutes"},"schema":{"@context":"https:\/\/schema.org","@graph":[{"@type":"Article","@id":"https:\/\/loginfo24.com\/fr\/2022\/07\/26\/le-groupe-geis-a-teste-un-camion-electrique-sur-le-site-de-gochsheim\/#article","isPartOf":{"@id":"https:\/\/loginfo24.com\/fr\/2022\/07\/26\/le-groupe-geis-a-teste-un-camion-electrique-sur-le-site-de-gochsheim\/"},"author":{"name":"","@id":""},"headline":"Le groupe Geis a test\u00e9 un camion \u00e9lectrique sur le site de Gochsheim","datePublished":"2022-07-26T16:51:43+00:00","mainEntityOfPage":{"@id":"https:\/\/loginfo24.com\/fr\/2022\/07\/26\/le-groupe-geis-a-teste-un-camion-electrique-sur-le-site-de-gochsheim\/"},"wordCount":452,"commentCount":0,"publisher":{"@id":"https:\/\/loginfo24.com\/fr\/#organization"},"image":{"@id":"https:\/\/loginfo24.com\/fr\/2022\/07\/26\/le-groupe-geis-a-teste-un-camion-electrique-sur-le-site-de-gochsheim\/#primaryimage"},"thumbnailUrl":"https:\/\/loginfo24.com\/wp-content\/uploads\/sites\/7\/2025\/12\/Geis_26.7.22.jpg","articleSection":["Categories","Forwarding &amp; Logistics","Intermodal \/ Road","Regions"],"inLanguage":"fr-FR","potentialAction":[{"@type":"CommentAction","name":"Comment","target":["https:\/\/loginfo24.com\/fr\/2022\/07\/26\/le-groupe-geis-a-teste-un-camion-electrique-sur-le-site-de-gochsheim\/#respond"]}]},{"@type":"WebPage","@id":"https:\/\/loginfo24.com\/fr\/2022\/07\/26\/le-groupe-geis-a-teste-un-camion-electrique-sur-le-site-de-gochsheim\/","url":"https:\/\/loginfo24.com\/fr\/2022\/07\/26\/le-groupe-geis-a-teste-un-camion-electrique-sur-le-site-de-gochsheim\/","name":"Le groupe Geis a test\u00e9 un camion \u00e9lectrique sur le site de Gochsheim - Loginfo24.","isPartOf":{"@id":"https:\/\/loginfo24.com\/fr\/#website"},"primaryImageOfPage":{"@id":"https:\/\/loginfo24.com\/fr\/2022\/07\/26\/le-groupe-geis-a-teste-un-camion-electrique-sur-le-site-de-gochsheim\/#primaryimage"},"image":{"@id":"https:\/\/loginfo24.com\/fr\/2022\/07\/26\/le-groupe-geis-a-teste-un-camion-electrique-sur-le-site-de-gochsheim\/#primaryimage"},"thumbnailUrl":"https:\/\/loginfo24.com\/wp-content\/uploads\/sites\/7\/2025\/12\/Geis_26.7.22.jpg","datePublished":"2022-07-26T16:51:43+00:00","breadcrumb":{"@id":"https:\/\/loginfo24.com\/fr\/2022\/07\/26\/le-groupe-geis-a-teste-un-camion-electrique-sur-le-site-de-gochsheim\/#breadcrumb"},"inLanguage":"fr-FR","potentialAction":[{"@type":"ReadAction","target":["https:\/\/loginfo24.com\/fr\/2022\/07\/26\/le-groupe-geis-a-teste-un-camion-electrique-sur-le-site-de-gochsheim\/"]}]},{"@type":"ImageObject","inLanguage":"fr-FR","@id":"https:\/\/loginfo24.com\/fr\/2022\/07\/26\/le-groupe-geis-a-teste-un-camion-electrique-sur-le-site-de-gochsheim\/#primaryimage","url":"https:\/\/loginfo24.com\/wp-content\/uploads\/sites\/7\/2025\/12\/Geis_26.7.22.jpg","contentUrl":"https:\/\/loginfo24.com\/wp-content\/uploads\/sites\/7\/2025\/12\/Geis_26.7.22.jpg","width":1320,"height":941},{"@type":"BreadcrumbList","@id":"https:\/\/loginfo24.com\/fr\/2022\/07\/26\/le-groupe-geis-a-teste-un-camion-electrique-sur-le-site-de-gochsheim\/#breadcrumb","itemListElement":[{"@type":"ListItem","position":1,"name":"Startseite","item":"https:\/\/loginfo24.com\/fr\/"},{"@type":"ListItem","position":2,"name":"Le groupe Geis a test\u00e9 un camion \u00e9lectrique sur le site de Gochsheim"}]},{"@type":"WebSite","@id":"https:\/\/loginfo24.com\/fr\/#website","url":"https:\/\/loginfo24.com\/fr\/","name":"Loginfo24","description":"Loginfo24 est la plateforme d\u00e9di\u00e9e \u00e0 la logistique et aux cha\u00eenes d&#039;approvisionnement qui fournit des informations 24 heures sur 24.","publisher":{"@id":"https:\/\/loginfo24.com\/fr\/#organization"},"potentialAction":[{"@type":"SearchAction","target":{"@type":"EntryPoint","urlTemplate":"https:\/\/loginfo24.com\/fr\/?s={search_term_string}"},"query-input":{"@type":"PropertyValueSpecification","valueRequired":true,"valueName":"search_term_string"}}],"inLanguage":"fr-FR"},{"@type":"Organization","@id":"https:\/\/loginfo24.com\/fr\/#organization","name":"Groupe Logismedia AG","url":"https:\/\/loginfo24.com\/fr\/","logo":{"@type":"ImageObject","inLanguage":"fr-FR","@id":"https:\/\/loginfo24.com\/fr\/#\/schema\/logo\/image\/","url":"https:\/\/loginfo24.com\/wp-content\/uploads\/sites\/7\/2026\/01\/Logo_LogInfo24.png","contentUrl":"https:\/\/loginfo24.com\/wp-content\/uploads\/sites\/7\/2026\/01\/Logo_LogInfo24.png","width":938,"height":351,"caption":"Groupe Logismedia AG"},"image":{"@id":"https:\/\/loginfo24.com\/fr\/#\/schema\/logo\/image\/"},"sameAs":["https:\/\/www.facebook.com\/people\/Loginfo24\/100057360583332\/","https:\/\/www.linkedin.com\/company\/lofinfo24\/"]}]}},"_links":{"self":[{"href":"https:\/\/loginfo24.com\/fr\/wp-json\/wp\/v2\/posts\/57480","targetHints":{"allow":["GET"]}}],"collection":[{"href":"https:\/\/loginfo24.com\/fr\/wp-json\/wp\/v2\/posts"}],"about":[{"href":"https:\/\/loginfo24.com\/fr\/wp-json\/wp\/v2\/types\/post"}],"replies":[{"embeddable":true,"href":"https:\/\/loginfo24.com\/fr\/wp-json\/wp\/v2\/comments?post=57480"}],"version-history":[{"count":0,"href":"https:\/\/loginfo24.com\/fr\/wp-json\/wp\/v2\/posts\/57480\/revisions"}],"wp:featuredmedia":[{"embeddable":true,"href":"https:\/\/loginfo24.com\/fr\/wp-json\/wp\/v2\/media\/9811"}],"wp:attachment":[{"href":"https:\/\/loginfo24.com\/fr\/wp-json\/wp\/v2\/media?parent=57480"}],"wp:term":[{"taxonomy":"category","embeddable":true,"href":"https:\/\/loginfo24.com\/fr\/wp-json\/wp\/v2\/categories?post=57480"},{"taxonomy":"post_tag","embeddable":true,"href":"https:\/\/loginfo24.com\/fr\/wp-json\/wp\/v2\/tags?post=57480"}],"curies":[{"name":"wp","href":"https:\/\/api.w.org\/{rel}","templated":true}]}}