{"id":57072,"date":"2022-06-22T17:19:42","date_gmt":"2022-06-22T15:19:42","guid":{"rendered":"https:\/\/blog.brand-architecture.at\/2022\/06\/22\/first-mile-conseille-la-ville-de-lahr-sur-le-concept-de-logistique-urbaine\/"},"modified":"2022-06-22T17:19:42","modified_gmt":"2022-06-22T15:19:42","slug":"first-mile-conseille-la-ville-de-lahr-sur-le-concept-de-logistique-urbaine","status":"publish","type":"post","link":"https:\/\/loginfo24.com\/fr\/2022\/06\/22\/first-mile-conseille-la-ville-de-lahr-sur-le-concept-de-logistique-urbaine\/","title":{"rendered":"first mile conseille la ville de Lahr sur le concept de logistique urbaine"},"content":{"rendered":"<h5><strong>La ville de Lahr\/Schwarzwald a mandat\u00e9 le cabinet de conseil en logistique Last-Mile de Hambourg, first mile, pour l&rsquo;\u00e9laboration d&rsquo;un concept de logistique urbaine. Les d\u00e9fis classiques des livraisons en centre-ville, tels que les entraves aux autres usagers de la route et aux pi\u00e9tons, se retrouvent \u00e9galement \u00e0 Lahr. Le projet est financ\u00e9 par le minist\u00e8re f\u00e9d\u00e9ral des Transports.<\/strong><\/h5>\n<p>(Hambourg\/Lahr) \u00c0 la fin de l&rsquo;ann\u00e9e 2021, le minist\u00e8re f\u00e9d\u00e9ral des Transports a annonc\u00e9 le financement de huit projets de logistique urbaine \u00e0 l&rsquo;\u00e9chelle nationale. Parmi ceux-ci se trouve un concept de logistique urbaine pour Lahr, qui doit mettre en \u00e9vidence des mesures permettant d&rsquo;apporter des changements positifs dans la logistique urbaine en ce qui concerne les processus de livraison et les v\u00e9hicules utilis\u00e9s par les services de livraison. La ville de pr\u00e8s de 50 000 habitants, situ\u00e9e \u00e0 l&rsquo;ouest de la For\u00eat-Noire, se trouve \u00e0 environ 38 km au nord de Fribourg et abrite aujourd&rsquo;hui des centres logistiques \u00e0 l&rsquo;a\u00e9roport de Lahr, notamment d&rsquo;Amazon, DHL, Fiege et Zalando.<\/p>\n<h5><strong>D\u00e9fi typique pour le centre-ville<\/strong><\/h5>\n<p>Le projet de Lahr s&rsquo;attaque aux livraisons dans le centre-ville ainsi que dans le quartier r\u00e9sidentiel de la ville centrale sud. La zone pi\u00e9tonne de Lahr met en \u00e9vidence les d\u00e9fis de circulation typiques des cha\u00eenes d&rsquo;approvisionnement modernes sur le dernier kilom\u00e8tre : absence de stationnement et d&rsquo;arr\u00eats conformes aux r\u00e8gles, entraves aux autres usagers de la route et aux pi\u00e9tons, \u00e9missions croissantes, entr\u00e9es en dehors de la fen\u00eatre de livraison \u2013 dans ce cas de 6 \u00e0 11 heures. Tout cela entra\u00eene des nuisances et une diminution de la qualit\u00e9 de vie. Le concept des experts, qui sera disponible \u00e0 la fin de l&rsquo;ann\u00e9e, doit rem\u00e9dier \u00e0 cette situation.<\/p>\n<h5><strong>Soutien aux concepts de logistique urbaine<\/strong><\/h5>\n<p>Le volume total de financement \u00e0 l&rsquo;\u00e9chelle nationale s&rsquo;\u00e9l\u00e8ve \u00e0 1,1 million d&rsquo;euros. Par le biais de la directive de financement \u00ab\u00a0Logistique urbaine\u00a0\u00bb, le minist\u00e8re soutient depuis juillet 2019 des concepts de logistique urbaine et des \u00e9tudes de faisabilit\u00e9, ainsi que la cr\u00e9ation de micro-d\u00e9p\u00f4ts logistiques, \u00e0 partir desquels la distribution fine sur le dernier kilom\u00e8tre peut \u00eatre effectu\u00e9e par v\u00e9lo cargo ou autre.<\/p>\n<p>Photo : \u00a9 first mile \/ <strong><em>L\u00e9gende de l&rsquo;image :<\/em><\/strong><em> Sur place \u00e0 Lahr : Wolfgang Beecken (\u00e0 gauche) et Jan Gimbel de first mile<\/em><\/p>\n","protected":false},"excerpt":{"rendered":"<p>La ville de Lahr\/Schwarzwald a mandat\u00e9 le cabinet de conseil en logistique Last-Mile de Hambourg, first mile, pour l&rsquo;\u00e9laboration d&rsquo;un concept de logistique urbaine. Les d\u00e9fis<span class=\"excerpt-hellip\"> [\u2026]<\/span><\/p>\n","protected":false},"author":0,"featured_media":9983,"comment_status":"open","ping_status":"open","sticky":false,"template":"","format":"standard","meta":{"_acf_changed":false,"footnotes":""},"categories":[1665,1557,1556,1561],"tags":[],"class_list":["post-57072","post","type-post","status-publish","format-standard","has-post-thumbnail","hentry","category-categories","category-forwarding-logistics","category-intermodal-road","category-regions"],"acf":[],"yoast_head":"<!-- This site is optimized with the Yoast SEO plugin v27.3 - https:\/\/yoast.com\/product\/yoast-seo-wordpress\/ -->\n<title>first mile conseille la ville de Lahr sur le concept de logistique urbaine - Loginfo24.<\/title>\n<meta name=\"robots\" content=\"index, follow, max-snippet:-1, max-image-preview:large, max-video-preview:-1\" \/>\n<link rel=\"canonical\" href=\"https:\/\/loginfo24.com\/fr\/2022\/06\/22\/first-mile-conseille-la-ville-de-lahr-sur-le-concept-de-logistique-urbaine\/\" \/>\n<meta property=\"og:locale\" content=\"fr_FR\" \/>\n<meta property=\"og:type\" content=\"article\" \/>\n<meta property=\"og:title\" content=\"first mile conseille la ville de Lahr sur le concept de logistique urbaine - Loginfo24.\" \/>\n<meta property=\"og:description\" content=\"La ville de Lahr\/Schwarzwald a mandat\u00e9 le cabinet de conseil en logistique Last-Mile de Hambourg, first mile, pour l&rsquo;\u00e9laboration d&rsquo;un concept de logistique urbaine. Les d\u00e9fis [\u2026]\" \/>\n<meta property=\"og:url\" content=\"https:\/\/loginfo24.com\/fr\/2022\/06\/22\/first-mile-conseille-la-ville-de-lahr-sur-le-concept-de-logistique-urbaine\/\" \/>\n<meta property=\"og:site_name\" content=\"Loginfo24\" \/>\n<meta property=\"article:publisher\" content=\"https:\/\/www.facebook.com\/people\/Loginfo24\/100057360583332\/\" \/>\n<meta property=\"article:published_time\" content=\"2022-06-22T15:19:42+00:00\" \/>\n<meta property=\"og:image\" content=\"https:\/\/loginfo24.com\/wp-content\/uploads\/sites\/7\/2025\/12\/FirstMile_22.6.22.jpg\" \/>\n\t<meta property=\"og:image:width\" content=\"1225\" \/>\n\t<meta property=\"og:image:height\" content=\"762\" \/>\n\t<meta property=\"og:image:type\" content=\"image\/jpeg\" \/>\n<meta name=\"twitter:card\" content=\"summary_large_image\" \/>\n<meta name=\"twitter:label1\" content=\"Dur\u00e9e de lecture estim\u00e9e\" \/>\n\t<meta name=\"twitter:data1\" content=\"2 minutes\" \/>\n<script type=\"application\/ld+json\" class=\"yoast-schema-graph\">{\"@context\":\"https:\\\/\\\/schema.org\",\"@graph\":[{\"@type\":\"Article\",\"@id\":\"https:\\\/\\\/loginfo24.com\\\/fr\\\/2022\\\/06\\\/22\\\/first-mile-conseille-la-ville-de-lahr-sur-le-concept-de-logistique-urbaine\\\/#article\",\"isPartOf\":{\"@id\":\"https:\\\/\\\/loginfo24.com\\\/fr\\\/2022\\\/06\\\/22\\\/first-mile-conseille-la-ville-de-lahr-sur-le-concept-de-logistique-urbaine\\\/\"},\"author\":{\"name\":\"\",\"@id\":\"\"},\"headline\":\"first mile conseille la ville de Lahr sur le concept de logistique urbaine\",\"datePublished\":\"2022-06-22T15:19:42+00:00\",\"mainEntityOfPage\":{\"@id\":\"https:\\\/\\\/loginfo24.com\\\/fr\\\/2022\\\/06\\\/22\\\/first-mile-conseille-la-ville-de-lahr-sur-le-concept-de-logistique-urbaine\\\/\"},\"wordCount\":419,\"commentCount\":0,\"publisher\":{\"@id\":\"https:\\\/\\\/loginfo24.com\\\/fr\\\/#organization\"},\"image\":{\"@id\":\"https:\\\/\\\/loginfo24.com\\\/fr\\\/2022\\\/06\\\/22\\\/first-mile-conseille-la-ville-de-lahr-sur-le-concept-de-logistique-urbaine\\\/#primaryimage\"},\"thumbnailUrl\":\"https:\\\/\\\/loginfo24.com\\\/wp-content\\\/uploads\\\/sites\\\/7\\\/2025\\\/12\\\/FirstMile_22.6.22.jpg\",\"articleSection\":[\"Categories\",\"Forwarding &amp; Logistics\",\"Intermodal \\\/ Road\",\"Regions\"],\"inLanguage\":\"fr-FR\",\"potentialAction\":[{\"@type\":\"CommentAction\",\"name\":\"Comment\",\"target\":[\"https:\\\/\\\/loginfo24.com\\\/fr\\\/2022\\\/06\\\/22\\\/first-mile-conseille-la-ville-de-lahr-sur-le-concept-de-logistique-urbaine\\\/#respond\"]}]},{\"@type\":\"WebPage\",\"@id\":\"https:\\\/\\\/loginfo24.com\\\/fr\\\/2022\\\/06\\\/22\\\/first-mile-conseille-la-ville-de-lahr-sur-le-concept-de-logistique-urbaine\\\/\",\"url\":\"https:\\\/\\\/loginfo24.com\\\/fr\\\/2022\\\/06\\\/22\\\/first-mile-conseille-la-ville-de-lahr-sur-le-concept-de-logistique-urbaine\\\/\",\"name\":\"first mile conseille la ville de Lahr sur le concept de logistique urbaine - Loginfo24.\",\"isPartOf\":{\"@id\":\"https:\\\/\\\/loginfo24.com\\\/fr\\\/#website\"},\"primaryImageOfPage\":{\"@id\":\"https:\\\/\\\/loginfo24.com\\\/fr\\\/2022\\\/06\\\/22\\\/first-mile-conseille-la-ville-de-lahr-sur-le-concept-de-logistique-urbaine\\\/#primaryimage\"},\"image\":{\"@id\":\"https:\\\/\\\/loginfo24.com\\\/fr\\\/2022\\\/06\\\/22\\\/first-mile-conseille-la-ville-de-lahr-sur-le-concept-de-logistique-urbaine\\\/#primaryimage\"},\"thumbnailUrl\":\"https:\\\/\\\/loginfo24.com\\\/wp-content\\\/uploads\\\/sites\\\/7\\\/2025\\\/12\\\/FirstMile_22.6.22.jpg\",\"datePublished\":\"2022-06-22T15:19:42+00:00\",\"breadcrumb\":{\"@id\":\"https:\\\/\\\/loginfo24.com\\\/fr\\\/2022\\\/06\\\/22\\\/first-mile-conseille-la-ville-de-lahr-sur-le-concept-de-logistique-urbaine\\\/#breadcrumb\"},\"inLanguage\":\"fr-FR\",\"potentialAction\":[{\"@type\":\"ReadAction\",\"target\":[\"https:\\\/\\\/loginfo24.com\\\/fr\\\/2022\\\/06\\\/22\\\/first-mile-conseille-la-ville-de-lahr-sur-le-concept-de-logistique-urbaine\\\/\"]}]},{\"@type\":\"ImageObject\",\"inLanguage\":\"fr-FR\",\"@id\":\"https:\\\/\\\/loginfo24.com\\\/fr\\\/2022\\\/06\\\/22\\\/first-mile-conseille-la-ville-de-lahr-sur-le-concept-de-logistique-urbaine\\\/#primaryimage\",\"url\":\"https:\\\/\\\/loginfo24.com\\\/wp-content\\\/uploads\\\/sites\\\/7\\\/2025\\\/12\\\/FirstMile_22.6.22.jpg\",\"contentUrl\":\"https:\\\/\\\/loginfo24.com\\\/wp-content\\\/uploads\\\/sites\\\/7\\\/2025\\\/12\\\/FirstMile_22.6.22.jpg\",\"width\":1225,\"height\":762},{\"@type\":\"BreadcrumbList\",\"@id\":\"https:\\\/\\\/loginfo24.com\\\/fr\\\/2022\\\/06\\\/22\\\/first-mile-conseille-la-ville-de-lahr-sur-le-concept-de-logistique-urbaine\\\/#breadcrumb\",\"itemListElement\":[{\"@type\":\"ListItem\",\"position\":1,\"name\":\"Startseite\",\"item\":\"https:\\\/\\\/loginfo24.com\\\/fr\\\/\"},{\"@type\":\"ListItem\",\"position\":2,\"name\":\"first mile conseille la ville de Lahr sur le concept de logistique urbaine\"}]},{\"@type\":\"WebSite\",\"@id\":\"https:\\\/\\\/loginfo24.com\\\/fr\\\/#website\",\"url\":\"https:\\\/\\\/loginfo24.com\\\/fr\\\/\",\"name\":\"Loginfo24\",\"description\":\"Loginfo24 est la plateforme d\u00e9di\u00e9e \u00e0 la logistique et aux cha\u00eenes d&#039;approvisionnement qui fournit des informations 24 heures sur 24.\",\"publisher\":{\"@id\":\"https:\\\/\\\/loginfo24.com\\\/fr\\\/#organization\"},\"potentialAction\":[{\"@type\":\"SearchAction\",\"target\":{\"@type\":\"EntryPoint\",\"urlTemplate\":\"https:\\\/\\\/loginfo24.com\\\/fr\\\/?s={search_term_string}\"},\"query-input\":{\"@type\":\"PropertyValueSpecification\",\"valueRequired\":true,\"valueName\":\"search_term_string\"}}],\"inLanguage\":\"fr-FR\"},{\"@type\":\"Organization\",\"@id\":\"https:\\\/\\\/loginfo24.com\\\/fr\\\/#organization\",\"name\":\"Groupe Logismedia AG\",\"url\":\"https:\\\/\\\/loginfo24.com\\\/fr\\\/\",\"logo\":{\"@type\":\"ImageObject\",\"inLanguage\":\"fr-FR\",\"@id\":\"https:\\\/\\\/loginfo24.com\\\/fr\\\/#\\\/schema\\\/logo\\\/image\\\/\",\"url\":\"https:\\\/\\\/loginfo24.com\\\/wp-content\\\/uploads\\\/sites\\\/7\\\/2026\\\/01\\\/Logo_LogInfo24.png\",\"contentUrl\":\"https:\\\/\\\/loginfo24.com\\\/wp-content\\\/uploads\\\/sites\\\/7\\\/2026\\\/01\\\/Logo_LogInfo24.png\",\"width\":938,\"height\":351,\"caption\":\"Groupe Logismedia AG\"},\"image\":{\"@id\":\"https:\\\/\\\/loginfo24.com\\\/fr\\\/#\\\/schema\\\/logo\\\/image\\\/\"},\"sameAs\":[\"https:\\\/\\\/www.facebook.com\\\/people\\\/Loginfo24\\\/100057360583332\\\/\",\"https:\\\/\\\/www.linkedin.com\\\/company\\\/lofinfo24\\\/\"]}]}<\/script>\n<!-- \/ Yoast SEO plugin. -->","yoast_head_json":{"title":"first mile conseille la ville de Lahr sur le concept de logistique urbaine - Loginfo24.","robots":{"index":"index","follow":"follow","max-snippet":"max-snippet:-1","max-image-preview":"max-image-preview:large","max-video-preview":"max-video-preview:-1"},"canonical":"https:\/\/loginfo24.com\/fr\/2022\/06\/22\/first-mile-conseille-la-ville-de-lahr-sur-le-concept-de-logistique-urbaine\/","og_locale":"fr_FR","og_type":"article","og_title":"first mile conseille la ville de Lahr sur le concept de logistique urbaine - Loginfo24.","og_description":"La ville de Lahr\/Schwarzwald a mandat\u00e9 le cabinet de conseil en logistique Last-Mile de Hambourg, first mile, pour l&rsquo;\u00e9laboration d&rsquo;un concept de logistique urbaine. Les d\u00e9fis [\u2026]","og_url":"https:\/\/loginfo24.com\/fr\/2022\/06\/22\/first-mile-conseille-la-ville-de-lahr-sur-le-concept-de-logistique-urbaine\/","og_site_name":"Loginfo24","article_publisher":"https:\/\/www.facebook.com\/people\/Loginfo24\/100057360583332\/","article_published_time":"2022-06-22T15:19:42+00:00","og_image":[{"width":1225,"height":762,"url":"https:\/\/loginfo24.com\/wp-content\/uploads\/sites\/7\/2025\/12\/FirstMile_22.6.22.jpg","type":"image\/jpeg"}],"twitter_card":"summary_large_image","twitter_misc":{"Dur\u00e9e de lecture estim\u00e9e":"2 minutes"},"schema":{"@context":"https:\/\/schema.org","@graph":[{"@type":"Article","@id":"https:\/\/loginfo24.com\/fr\/2022\/06\/22\/first-mile-conseille-la-ville-de-lahr-sur-le-concept-de-logistique-urbaine\/#article","isPartOf":{"@id":"https:\/\/loginfo24.com\/fr\/2022\/06\/22\/first-mile-conseille-la-ville-de-lahr-sur-le-concept-de-logistique-urbaine\/"},"author":{"name":"","@id":""},"headline":"first mile conseille la ville de Lahr sur le concept de logistique urbaine","datePublished":"2022-06-22T15:19:42+00:00","mainEntityOfPage":{"@id":"https:\/\/loginfo24.com\/fr\/2022\/06\/22\/first-mile-conseille-la-ville-de-lahr-sur-le-concept-de-logistique-urbaine\/"},"wordCount":419,"commentCount":0,"publisher":{"@id":"https:\/\/loginfo24.com\/fr\/#organization"},"image":{"@id":"https:\/\/loginfo24.com\/fr\/2022\/06\/22\/first-mile-conseille-la-ville-de-lahr-sur-le-concept-de-logistique-urbaine\/#primaryimage"},"thumbnailUrl":"https:\/\/loginfo24.com\/wp-content\/uploads\/sites\/7\/2025\/12\/FirstMile_22.6.22.jpg","articleSection":["Categories","Forwarding &amp; Logistics","Intermodal \/ Road","Regions"],"inLanguage":"fr-FR","potentialAction":[{"@type":"CommentAction","name":"Comment","target":["https:\/\/loginfo24.com\/fr\/2022\/06\/22\/first-mile-conseille-la-ville-de-lahr-sur-le-concept-de-logistique-urbaine\/#respond"]}]},{"@type":"WebPage","@id":"https:\/\/loginfo24.com\/fr\/2022\/06\/22\/first-mile-conseille-la-ville-de-lahr-sur-le-concept-de-logistique-urbaine\/","url":"https:\/\/loginfo24.com\/fr\/2022\/06\/22\/first-mile-conseille-la-ville-de-lahr-sur-le-concept-de-logistique-urbaine\/","name":"first mile conseille la ville de Lahr sur le concept de logistique urbaine - Loginfo24.","isPartOf":{"@id":"https:\/\/loginfo24.com\/fr\/#website"},"primaryImageOfPage":{"@id":"https:\/\/loginfo24.com\/fr\/2022\/06\/22\/first-mile-conseille-la-ville-de-lahr-sur-le-concept-de-logistique-urbaine\/#primaryimage"},"image":{"@id":"https:\/\/loginfo24.com\/fr\/2022\/06\/22\/first-mile-conseille-la-ville-de-lahr-sur-le-concept-de-logistique-urbaine\/#primaryimage"},"thumbnailUrl":"https:\/\/loginfo24.com\/wp-content\/uploads\/sites\/7\/2025\/12\/FirstMile_22.6.22.jpg","datePublished":"2022-06-22T15:19:42+00:00","breadcrumb":{"@id":"https:\/\/loginfo24.com\/fr\/2022\/06\/22\/first-mile-conseille-la-ville-de-lahr-sur-le-concept-de-logistique-urbaine\/#breadcrumb"},"inLanguage":"fr-FR","potentialAction":[{"@type":"ReadAction","target":["https:\/\/loginfo24.com\/fr\/2022\/06\/22\/first-mile-conseille-la-ville-de-lahr-sur-le-concept-de-logistique-urbaine\/"]}]},{"@type":"ImageObject","inLanguage":"fr-FR","@id":"https:\/\/loginfo24.com\/fr\/2022\/06\/22\/first-mile-conseille-la-ville-de-lahr-sur-le-concept-de-logistique-urbaine\/#primaryimage","url":"https:\/\/loginfo24.com\/wp-content\/uploads\/sites\/7\/2025\/12\/FirstMile_22.6.22.jpg","contentUrl":"https:\/\/loginfo24.com\/wp-content\/uploads\/sites\/7\/2025\/12\/FirstMile_22.6.22.jpg","width":1225,"height":762},{"@type":"BreadcrumbList","@id":"https:\/\/loginfo24.com\/fr\/2022\/06\/22\/first-mile-conseille-la-ville-de-lahr-sur-le-concept-de-logistique-urbaine\/#breadcrumb","itemListElement":[{"@type":"ListItem","position":1,"name":"Startseite","item":"https:\/\/loginfo24.com\/fr\/"},{"@type":"ListItem","position":2,"name":"first mile conseille la ville de Lahr sur le concept de logistique urbaine"}]},{"@type":"WebSite","@id":"https:\/\/loginfo24.com\/fr\/#website","url":"https:\/\/loginfo24.com\/fr\/","name":"Loginfo24","description":"Loginfo24 est la plateforme d\u00e9di\u00e9e \u00e0 la logistique et aux cha\u00eenes d&#039;approvisionnement qui fournit des informations 24 heures sur 24.","publisher":{"@id":"https:\/\/loginfo24.com\/fr\/#organization"},"potentialAction":[{"@type":"SearchAction","target":{"@type":"EntryPoint","urlTemplate":"https:\/\/loginfo24.com\/fr\/?s={search_term_string}"},"query-input":{"@type":"PropertyValueSpecification","valueRequired":true,"valueName":"search_term_string"}}],"inLanguage":"fr-FR"},{"@type":"Organization","@id":"https:\/\/loginfo24.com\/fr\/#organization","name":"Groupe Logismedia AG","url":"https:\/\/loginfo24.com\/fr\/","logo":{"@type":"ImageObject","inLanguage":"fr-FR","@id":"https:\/\/loginfo24.com\/fr\/#\/schema\/logo\/image\/","url":"https:\/\/loginfo24.com\/wp-content\/uploads\/sites\/7\/2026\/01\/Logo_LogInfo24.png","contentUrl":"https:\/\/loginfo24.com\/wp-content\/uploads\/sites\/7\/2026\/01\/Logo_LogInfo24.png","width":938,"height":351,"caption":"Groupe Logismedia AG"},"image":{"@id":"https:\/\/loginfo24.com\/fr\/#\/schema\/logo\/image\/"},"sameAs":["https:\/\/www.facebook.com\/people\/Loginfo24\/100057360583332\/","https:\/\/www.linkedin.com\/company\/lofinfo24\/"]}]}},"_links":{"self":[{"href":"https:\/\/loginfo24.com\/fr\/wp-json\/wp\/v2\/posts\/57072","targetHints":{"allow":["GET"]}}],"collection":[{"href":"https:\/\/loginfo24.com\/fr\/wp-json\/wp\/v2\/posts"}],"about":[{"href":"https:\/\/loginfo24.com\/fr\/wp-json\/wp\/v2\/types\/post"}],"replies":[{"embeddable":true,"href":"https:\/\/loginfo24.com\/fr\/wp-json\/wp\/v2\/comments?post=57072"}],"version-history":[{"count":0,"href":"https:\/\/loginfo24.com\/fr\/wp-json\/wp\/v2\/posts\/57072\/revisions"}],"wp:featuredmedia":[{"embeddable":true,"href":"https:\/\/loginfo24.com\/fr\/wp-json\/wp\/v2\/media\/9983"}],"wp:attachment":[{"href":"https:\/\/loginfo24.com\/fr\/wp-json\/wp\/v2\/media?parent=57072"}],"wp:term":[{"taxonomy":"category","embeddable":true,"href":"https:\/\/loginfo24.com\/fr\/wp-json\/wp\/v2\/categories?post=57072"},{"taxonomy":"post_tag","embeddable":true,"href":"https:\/\/loginfo24.com\/fr\/wp-json\/wp\/v2\/tags?post=57072"}],"curies":[{"name":"wp","href":"https:\/\/api.w.org\/{rel}","templated":true}]}}