{"id":56745,"date":"2022-06-05T20:01:48","date_gmt":"2022-06-05T18:01:48","guid":{"rendered":"https:\/\/blog.brand-architecture.at\/2022\/06\/05\/lhg-lubeck-avec-un-nouveau-contrat-tarifaire-pour-les-employes\/"},"modified":"2022-06-05T20:01:48","modified_gmt":"2022-06-05T18:01:48","slug":"lhg-lubeck-avec-un-nouveau-contrat-tarifaire-pour-les-employes","status":"publish","type":"post","link":"https:\/\/loginfo24.com\/fr\/2022\/06\/05\/lhg-lubeck-avec-un-nouveau-contrat-tarifaire-pour-les-employes\/","title":{"rendered":"LHG L\u00fcbeck avec un nouveau contrat tarifaire pour les employ\u00e9s"},"content":{"rendered":"<h5><strong>La L\u00fcbecker Hafen-Gesellschaft (LHG) et le syndicat ver.di ont convenu, apr\u00e8s de longues et tr\u00e8s difficiles n\u00e9gociations, d&rsquo;un nouveau contrat tarifaire pour les employ\u00e9s commerciaux. L&rsquo;augmentation applicable sur les tableaux se fera sur une dur\u00e9e de deux ans en trois \u00e9tapes : \u00c0 partir du 01.06.2022, il y aura en moyenne 4,8 % de plus, 2,4 % suppl\u00e9mentaires \u00e0 partir du 01.03.2023 et encore 2,4 % \u00e0 partir du 01.09.2023.<\/strong><\/h5>\n<p>(L\u00fcbeck) Les membres de ver.di ont majoritairement approuv\u00e9 la proposition lors du vote d&rsquo;hier. Avec cet accord, les partenaires tarifaires ont pu \u00e9viter un conflit de travail.<\/p>\n<p>Cet accord tarifaire doit \u00eatre \u00e9valu\u00e9 dans le contexte du d\u00e9veloppement commercial de la LHG. Dans le cadre du contrat de s\u00e9curisation de l&rsquo;avenir, la renonciation des employ\u00e9s \u00e0 leurs \u00e9l\u00e9ments de salaire expire automatiquement. La LHG doit en m\u00eame temps faire face \u00e0 une baisse continue dans le secteur des produits forestiers et \u00e0 l&rsquo;arr\u00eat de tous les services vers la Russie. De nombreuses mesures de contre-action ont \u00e9t\u00e9 prises et montrent parfois des effets. Cela concerne notamment la restructuration du Nordlandkai.<\/p>\n<h5><strong>Ne pas compromettre la capacit\u00e9 du port<\/strong><\/h5>\n<p>Sebastian J\u00fcrgens, directeur g\u00e9n\u00e9ral de la LHG, commente : \u00ab En ces temps difficiles, il \u00e9tait important pour nous de ne pas compromettre la capacit\u00e9 du port. La fiabilit\u00e9 et la qualit\u00e9 des op\u00e9rations sont indispensables pour nos clients. La direction doit maintenant travailler de mani\u00e8re coh\u00e9rente \u00e0 la consolidation continue de la LHG pour garantir la rentabilit\u00e9 de l&rsquo;entreprise. Le maintien de la comp\u00e9titivit\u00e9 reste la priorit\u00e9 absolue dans l&rsquo;int\u00e9r\u00eat de la LHG et du site \u00bb. <\/p>\n<p>Photo : \u00a9 Ren\u00e9 Schlottmann<\/p>\n","protected":false},"excerpt":{"rendered":"<p>La L\u00fcbecker Hafen-Gesellschaft (LHG) et le syndicat ver.di ont convenu, apr\u00e8s de longues et tr\u00e8s difficiles n\u00e9gociations, d&rsquo;un nouveau contrat tarifaire pour les employ\u00e9s commerciaux. L&rsquo;augmentation<span class=\"excerpt-hellip\"> [\u2026]<\/span><\/p>\n","protected":false},"author":0,"featured_media":10117,"comment_status":"open","ping_status":"open","sticky":false,"template":"","format":"standard","meta":{"_acf_changed":false,"footnotes":""},"categories":[1557,1561,1559],"tags":[],"class_list":["post-56745","post","type-post","status-publish","format-standard","has-post-thumbnail","hentry","category-forwarding-logistics","category-regions","category-shipping-ports"],"acf":[],"yoast_head":"<!-- This site is optimized with the Yoast SEO plugin v27.3 - https:\/\/yoast.com\/product\/yoast-seo-wordpress\/ -->\n<title>LHG L\u00fcbeck avec un nouveau contrat tarifaire pour les employ\u00e9s - Loginfo24.<\/title>\n<meta name=\"robots\" content=\"index, follow, max-snippet:-1, max-image-preview:large, max-video-preview:-1\" \/>\n<link rel=\"canonical\" href=\"https:\/\/loginfo24.com\/fr\/2022\/06\/05\/lhg-lubeck-avec-un-nouveau-contrat-tarifaire-pour-les-employes\/\" \/>\n<meta property=\"og:locale\" content=\"fr_FR\" \/>\n<meta property=\"og:type\" content=\"article\" \/>\n<meta property=\"og:title\" content=\"LHG L\u00fcbeck avec un nouveau contrat tarifaire pour les employ\u00e9s - Loginfo24.\" \/>\n<meta property=\"og:description\" content=\"La L\u00fcbecker Hafen-Gesellschaft (LHG) et le syndicat ver.di ont convenu, apr\u00e8s de longues et tr\u00e8s difficiles n\u00e9gociations, d&rsquo;un nouveau contrat tarifaire pour les employ\u00e9s commerciaux. L&rsquo;augmentation [\u2026]\" \/>\n<meta property=\"og:url\" content=\"https:\/\/loginfo24.com\/fr\/2022\/06\/05\/lhg-lubeck-avec-un-nouveau-contrat-tarifaire-pour-les-employes\/\" \/>\n<meta property=\"og:site_name\" content=\"Loginfo24\" \/>\n<meta property=\"article:publisher\" content=\"https:\/\/www.facebook.com\/people\/Loginfo24\/100057360583332\/\" \/>\n<meta property=\"article:published_time\" content=\"2022-06-05T18:01:48+00:00\" \/>\n<meta property=\"og:image\" content=\"https:\/\/loginfo24.com\/wp-content\/uploads\/sites\/7\/2025\/12\/LHG_5.6.22.jpg\" \/>\n\t<meta property=\"og:image:width\" content=\"1242\" \/>\n\t<meta property=\"og:image:height\" content=\"682\" \/>\n\t<meta property=\"og:image:type\" content=\"image\/jpeg\" \/>\n<meta name=\"twitter:card\" content=\"summary_large_image\" \/>\n<meta name=\"twitter:label1\" content=\"Dur\u00e9e de lecture estim\u00e9e\" \/>\n\t<meta name=\"twitter:data1\" content=\"1 minute\" \/>\n<script type=\"application\/ld+json\" class=\"yoast-schema-graph\">{\"@context\":\"https:\\\/\\\/schema.org\",\"@graph\":[{\"@type\":\"Article\",\"@id\":\"https:\\\/\\\/loginfo24.com\\\/fr\\\/2022\\\/06\\\/05\\\/lhg-lubeck-avec-un-nouveau-contrat-tarifaire-pour-les-employes\\\/#article\",\"isPartOf\":{\"@id\":\"https:\\\/\\\/loginfo24.com\\\/fr\\\/2022\\\/06\\\/05\\\/lhg-lubeck-avec-un-nouveau-contrat-tarifaire-pour-les-employes\\\/\"},\"author\":{\"name\":\"\",\"@id\":\"\"},\"headline\":\"LHG L\u00fcbeck avec un nouveau contrat tarifaire pour les employ\u00e9s\",\"datePublished\":\"2022-06-05T18:01:48+00:00\",\"mainEntityOfPage\":{\"@id\":\"https:\\\/\\\/loginfo24.com\\\/fr\\\/2022\\\/06\\\/05\\\/lhg-lubeck-avec-un-nouveau-contrat-tarifaire-pour-les-employes\\\/\"},\"wordCount\":292,\"commentCount\":0,\"publisher\":{\"@id\":\"https:\\\/\\\/loginfo24.com\\\/fr\\\/#organization\"},\"image\":{\"@id\":\"https:\\\/\\\/loginfo24.com\\\/fr\\\/2022\\\/06\\\/05\\\/lhg-lubeck-avec-un-nouveau-contrat-tarifaire-pour-les-employes\\\/#primaryimage\"},\"thumbnailUrl\":\"https:\\\/\\\/loginfo24.com\\\/wp-content\\\/uploads\\\/sites\\\/7\\\/2025\\\/12\\\/LHG_5.6.22.jpg\",\"articleSection\":[\"Forwarding &amp; Logistics\",\"Regions\",\"Shipping &amp; Ports\"],\"inLanguage\":\"fr-FR\",\"potentialAction\":[{\"@type\":\"CommentAction\",\"name\":\"Comment\",\"target\":[\"https:\\\/\\\/loginfo24.com\\\/fr\\\/2022\\\/06\\\/05\\\/lhg-lubeck-avec-un-nouveau-contrat-tarifaire-pour-les-employes\\\/#respond\"]}]},{\"@type\":\"WebPage\",\"@id\":\"https:\\\/\\\/loginfo24.com\\\/fr\\\/2022\\\/06\\\/05\\\/lhg-lubeck-avec-un-nouveau-contrat-tarifaire-pour-les-employes\\\/\",\"url\":\"https:\\\/\\\/loginfo24.com\\\/fr\\\/2022\\\/06\\\/05\\\/lhg-lubeck-avec-un-nouveau-contrat-tarifaire-pour-les-employes\\\/\",\"name\":\"LHG L\u00fcbeck avec un nouveau contrat tarifaire pour les employ\u00e9s - Loginfo24.\",\"isPartOf\":{\"@id\":\"https:\\\/\\\/loginfo24.com\\\/fr\\\/#website\"},\"primaryImageOfPage\":{\"@id\":\"https:\\\/\\\/loginfo24.com\\\/fr\\\/2022\\\/06\\\/05\\\/lhg-lubeck-avec-un-nouveau-contrat-tarifaire-pour-les-employes\\\/#primaryimage\"},\"image\":{\"@id\":\"https:\\\/\\\/loginfo24.com\\\/fr\\\/2022\\\/06\\\/05\\\/lhg-lubeck-avec-un-nouveau-contrat-tarifaire-pour-les-employes\\\/#primaryimage\"},\"thumbnailUrl\":\"https:\\\/\\\/loginfo24.com\\\/wp-content\\\/uploads\\\/sites\\\/7\\\/2025\\\/12\\\/LHG_5.6.22.jpg\",\"datePublished\":\"2022-06-05T18:01:48+00:00\",\"breadcrumb\":{\"@id\":\"https:\\\/\\\/loginfo24.com\\\/fr\\\/2022\\\/06\\\/05\\\/lhg-lubeck-avec-un-nouveau-contrat-tarifaire-pour-les-employes\\\/#breadcrumb\"},\"inLanguage\":\"fr-FR\",\"potentialAction\":[{\"@type\":\"ReadAction\",\"target\":[\"https:\\\/\\\/loginfo24.com\\\/fr\\\/2022\\\/06\\\/05\\\/lhg-lubeck-avec-un-nouveau-contrat-tarifaire-pour-les-employes\\\/\"]}]},{\"@type\":\"ImageObject\",\"inLanguage\":\"fr-FR\",\"@id\":\"https:\\\/\\\/loginfo24.com\\\/fr\\\/2022\\\/06\\\/05\\\/lhg-lubeck-avec-un-nouveau-contrat-tarifaire-pour-les-employes\\\/#primaryimage\",\"url\":\"https:\\\/\\\/loginfo24.com\\\/wp-content\\\/uploads\\\/sites\\\/7\\\/2025\\\/12\\\/LHG_5.6.22.jpg\",\"contentUrl\":\"https:\\\/\\\/loginfo24.com\\\/wp-content\\\/uploads\\\/sites\\\/7\\\/2025\\\/12\\\/LHG_5.6.22.jpg\",\"width\":1242,\"height\":682},{\"@type\":\"BreadcrumbList\",\"@id\":\"https:\\\/\\\/loginfo24.com\\\/fr\\\/2022\\\/06\\\/05\\\/lhg-lubeck-avec-un-nouveau-contrat-tarifaire-pour-les-employes\\\/#breadcrumb\",\"itemListElement\":[{\"@type\":\"ListItem\",\"position\":1,\"name\":\"Startseite\",\"item\":\"https:\\\/\\\/loginfo24.com\\\/fr\\\/\"},{\"@type\":\"ListItem\",\"position\":2,\"name\":\"LHG L\u00fcbeck avec un nouveau contrat tarifaire pour les employ\u00e9s\"}]},{\"@type\":\"WebSite\",\"@id\":\"https:\\\/\\\/loginfo24.com\\\/fr\\\/#website\",\"url\":\"https:\\\/\\\/loginfo24.com\\\/fr\\\/\",\"name\":\"Loginfo24\",\"description\":\"Loginfo24 est la plateforme d\u00e9di\u00e9e \u00e0 la logistique et aux cha\u00eenes d&#039;approvisionnement qui fournit des informations 24 heures sur 24.\",\"publisher\":{\"@id\":\"https:\\\/\\\/loginfo24.com\\\/fr\\\/#organization\"},\"potentialAction\":[{\"@type\":\"SearchAction\",\"target\":{\"@type\":\"EntryPoint\",\"urlTemplate\":\"https:\\\/\\\/loginfo24.com\\\/fr\\\/?s={search_term_string}\"},\"query-input\":{\"@type\":\"PropertyValueSpecification\",\"valueRequired\":true,\"valueName\":\"search_term_string\"}}],\"inLanguage\":\"fr-FR\"},{\"@type\":\"Organization\",\"@id\":\"https:\\\/\\\/loginfo24.com\\\/fr\\\/#organization\",\"name\":\"Groupe Logismedia AG\",\"url\":\"https:\\\/\\\/loginfo24.com\\\/fr\\\/\",\"logo\":{\"@type\":\"ImageObject\",\"inLanguage\":\"fr-FR\",\"@id\":\"https:\\\/\\\/loginfo24.com\\\/fr\\\/#\\\/schema\\\/logo\\\/image\\\/\",\"url\":\"https:\\\/\\\/loginfo24.com\\\/wp-content\\\/uploads\\\/sites\\\/7\\\/2026\\\/01\\\/Logo_LogInfo24.png\",\"contentUrl\":\"https:\\\/\\\/loginfo24.com\\\/wp-content\\\/uploads\\\/sites\\\/7\\\/2026\\\/01\\\/Logo_LogInfo24.png\",\"width\":938,\"height\":351,\"caption\":\"Groupe Logismedia AG\"},\"image\":{\"@id\":\"https:\\\/\\\/loginfo24.com\\\/fr\\\/#\\\/schema\\\/logo\\\/image\\\/\"},\"sameAs\":[\"https:\\\/\\\/www.facebook.com\\\/people\\\/Loginfo24\\\/100057360583332\\\/\",\"https:\\\/\\\/www.linkedin.com\\\/company\\\/lofinfo24\\\/\"]}]}<\/script>\n<!-- \/ Yoast SEO plugin. -->","yoast_head_json":{"title":"LHG L\u00fcbeck avec un nouveau contrat tarifaire pour les employ\u00e9s - Loginfo24.","robots":{"index":"index","follow":"follow","max-snippet":"max-snippet:-1","max-image-preview":"max-image-preview:large","max-video-preview":"max-video-preview:-1"},"canonical":"https:\/\/loginfo24.com\/fr\/2022\/06\/05\/lhg-lubeck-avec-un-nouveau-contrat-tarifaire-pour-les-employes\/","og_locale":"fr_FR","og_type":"article","og_title":"LHG L\u00fcbeck avec un nouveau contrat tarifaire pour les employ\u00e9s - Loginfo24.","og_description":"La L\u00fcbecker Hafen-Gesellschaft (LHG) et le syndicat ver.di ont convenu, apr\u00e8s de longues et tr\u00e8s difficiles n\u00e9gociations, d&rsquo;un nouveau contrat tarifaire pour les employ\u00e9s commerciaux. L&rsquo;augmentation [\u2026]","og_url":"https:\/\/loginfo24.com\/fr\/2022\/06\/05\/lhg-lubeck-avec-un-nouveau-contrat-tarifaire-pour-les-employes\/","og_site_name":"Loginfo24","article_publisher":"https:\/\/www.facebook.com\/people\/Loginfo24\/100057360583332\/","article_published_time":"2022-06-05T18:01:48+00:00","og_image":[{"width":1242,"height":682,"url":"https:\/\/loginfo24.com\/wp-content\/uploads\/sites\/7\/2025\/12\/LHG_5.6.22.jpg","type":"image\/jpeg"}],"twitter_card":"summary_large_image","twitter_misc":{"Dur\u00e9e de lecture estim\u00e9e":"1 minute"},"schema":{"@context":"https:\/\/schema.org","@graph":[{"@type":"Article","@id":"https:\/\/loginfo24.com\/fr\/2022\/06\/05\/lhg-lubeck-avec-un-nouveau-contrat-tarifaire-pour-les-employes\/#article","isPartOf":{"@id":"https:\/\/loginfo24.com\/fr\/2022\/06\/05\/lhg-lubeck-avec-un-nouveau-contrat-tarifaire-pour-les-employes\/"},"author":{"name":"","@id":""},"headline":"LHG L\u00fcbeck avec un nouveau contrat tarifaire pour les employ\u00e9s","datePublished":"2022-06-05T18:01:48+00:00","mainEntityOfPage":{"@id":"https:\/\/loginfo24.com\/fr\/2022\/06\/05\/lhg-lubeck-avec-un-nouveau-contrat-tarifaire-pour-les-employes\/"},"wordCount":292,"commentCount":0,"publisher":{"@id":"https:\/\/loginfo24.com\/fr\/#organization"},"image":{"@id":"https:\/\/loginfo24.com\/fr\/2022\/06\/05\/lhg-lubeck-avec-un-nouveau-contrat-tarifaire-pour-les-employes\/#primaryimage"},"thumbnailUrl":"https:\/\/loginfo24.com\/wp-content\/uploads\/sites\/7\/2025\/12\/LHG_5.6.22.jpg","articleSection":["Forwarding &amp; Logistics","Regions","Shipping &amp; Ports"],"inLanguage":"fr-FR","potentialAction":[{"@type":"CommentAction","name":"Comment","target":["https:\/\/loginfo24.com\/fr\/2022\/06\/05\/lhg-lubeck-avec-un-nouveau-contrat-tarifaire-pour-les-employes\/#respond"]}]},{"@type":"WebPage","@id":"https:\/\/loginfo24.com\/fr\/2022\/06\/05\/lhg-lubeck-avec-un-nouveau-contrat-tarifaire-pour-les-employes\/","url":"https:\/\/loginfo24.com\/fr\/2022\/06\/05\/lhg-lubeck-avec-un-nouveau-contrat-tarifaire-pour-les-employes\/","name":"LHG L\u00fcbeck avec un nouveau contrat tarifaire pour les employ\u00e9s - Loginfo24.","isPartOf":{"@id":"https:\/\/loginfo24.com\/fr\/#website"},"primaryImageOfPage":{"@id":"https:\/\/loginfo24.com\/fr\/2022\/06\/05\/lhg-lubeck-avec-un-nouveau-contrat-tarifaire-pour-les-employes\/#primaryimage"},"image":{"@id":"https:\/\/loginfo24.com\/fr\/2022\/06\/05\/lhg-lubeck-avec-un-nouveau-contrat-tarifaire-pour-les-employes\/#primaryimage"},"thumbnailUrl":"https:\/\/loginfo24.com\/wp-content\/uploads\/sites\/7\/2025\/12\/LHG_5.6.22.jpg","datePublished":"2022-06-05T18:01:48+00:00","breadcrumb":{"@id":"https:\/\/loginfo24.com\/fr\/2022\/06\/05\/lhg-lubeck-avec-un-nouveau-contrat-tarifaire-pour-les-employes\/#breadcrumb"},"inLanguage":"fr-FR","potentialAction":[{"@type":"ReadAction","target":["https:\/\/loginfo24.com\/fr\/2022\/06\/05\/lhg-lubeck-avec-un-nouveau-contrat-tarifaire-pour-les-employes\/"]}]},{"@type":"ImageObject","inLanguage":"fr-FR","@id":"https:\/\/loginfo24.com\/fr\/2022\/06\/05\/lhg-lubeck-avec-un-nouveau-contrat-tarifaire-pour-les-employes\/#primaryimage","url":"https:\/\/loginfo24.com\/wp-content\/uploads\/sites\/7\/2025\/12\/LHG_5.6.22.jpg","contentUrl":"https:\/\/loginfo24.com\/wp-content\/uploads\/sites\/7\/2025\/12\/LHG_5.6.22.jpg","width":1242,"height":682},{"@type":"BreadcrumbList","@id":"https:\/\/loginfo24.com\/fr\/2022\/06\/05\/lhg-lubeck-avec-un-nouveau-contrat-tarifaire-pour-les-employes\/#breadcrumb","itemListElement":[{"@type":"ListItem","position":1,"name":"Startseite","item":"https:\/\/loginfo24.com\/fr\/"},{"@type":"ListItem","position":2,"name":"LHG L\u00fcbeck avec un nouveau contrat tarifaire pour les employ\u00e9s"}]},{"@type":"WebSite","@id":"https:\/\/loginfo24.com\/fr\/#website","url":"https:\/\/loginfo24.com\/fr\/","name":"Loginfo24","description":"Loginfo24 est la plateforme d\u00e9di\u00e9e \u00e0 la logistique et aux cha\u00eenes d&#039;approvisionnement qui fournit des informations 24 heures sur 24.","publisher":{"@id":"https:\/\/loginfo24.com\/fr\/#organization"},"potentialAction":[{"@type":"SearchAction","target":{"@type":"EntryPoint","urlTemplate":"https:\/\/loginfo24.com\/fr\/?s={search_term_string}"},"query-input":{"@type":"PropertyValueSpecification","valueRequired":true,"valueName":"search_term_string"}}],"inLanguage":"fr-FR"},{"@type":"Organization","@id":"https:\/\/loginfo24.com\/fr\/#organization","name":"Groupe Logismedia AG","url":"https:\/\/loginfo24.com\/fr\/","logo":{"@type":"ImageObject","inLanguage":"fr-FR","@id":"https:\/\/loginfo24.com\/fr\/#\/schema\/logo\/image\/","url":"https:\/\/loginfo24.com\/wp-content\/uploads\/sites\/7\/2026\/01\/Logo_LogInfo24.png","contentUrl":"https:\/\/loginfo24.com\/wp-content\/uploads\/sites\/7\/2026\/01\/Logo_LogInfo24.png","width":938,"height":351,"caption":"Groupe Logismedia AG"},"image":{"@id":"https:\/\/loginfo24.com\/fr\/#\/schema\/logo\/image\/"},"sameAs":["https:\/\/www.facebook.com\/people\/Loginfo24\/100057360583332\/","https:\/\/www.linkedin.com\/company\/lofinfo24\/"]}]}},"_links":{"self":[{"href":"https:\/\/loginfo24.com\/fr\/wp-json\/wp\/v2\/posts\/56745","targetHints":{"allow":["GET"]}}],"collection":[{"href":"https:\/\/loginfo24.com\/fr\/wp-json\/wp\/v2\/posts"}],"about":[{"href":"https:\/\/loginfo24.com\/fr\/wp-json\/wp\/v2\/types\/post"}],"replies":[{"embeddable":true,"href":"https:\/\/loginfo24.com\/fr\/wp-json\/wp\/v2\/comments?post=56745"}],"version-history":[{"count":0,"href":"https:\/\/loginfo24.com\/fr\/wp-json\/wp\/v2\/posts\/56745\/revisions"}],"wp:featuredmedia":[{"embeddable":true,"href":"https:\/\/loginfo24.com\/fr\/wp-json\/wp\/v2\/media\/10117"}],"wp:attachment":[{"href":"https:\/\/loginfo24.com\/fr\/wp-json\/wp\/v2\/media?parent=56745"}],"wp:term":[{"taxonomy":"category","embeddable":true,"href":"https:\/\/loginfo24.com\/fr\/wp-json\/wp\/v2\/categories?post=56745"},{"taxonomy":"post_tag","embeddable":true,"href":"https:\/\/loginfo24.com\/fr\/wp-json\/wp\/v2\/tags?post=56745"}],"curies":[{"name":"wp","href":"https:\/\/api.w.org\/{rel}","templated":true}]}}