{"id":55067,"date":"2022-03-10T19:42:18","date_gmt":"2022-03-10T18:42:18","guid":{"rendered":"https:\/\/blog.brand-architecture.at\/2022\/03\/10\/hapag-lloyd-reprend-lactivite-de-lignes-de-conteneurs-de-dal\/"},"modified":"2022-03-10T19:42:18","modified_gmt":"2022-03-10T18:42:18","slug":"hapag-lloyd-reprend-lactivite-de-lignes-de-conteneurs-de-dal","status":"publish","type":"post","link":"https:\/\/loginfo24.com\/fr\/2022\/03\/10\/hapag-lloyd-reprend-lactivite-de-lignes-de-conteneurs-de-dal\/","title":{"rendered":"Hapag-Lloyd reprend l&rsquo;activit\u00e9 de lignes de conteneurs de DAL"},"content":{"rendered":"<h5><strong>Hapag-Lloyd et la compagnie maritime allemande Deutsche Afrika-Linien (DAL) ont sign\u00e9 aujourd&rsquo;hui un accord-cadre selon lequel Hapag-Lloyd reprendra l&rsquo;activit\u00e9 de lignes de conteneurs de DAL. Fond\u00e9e en 1890, la DAL est une compagnie maritime de lignes de conteneurs \u00e9tablie, op\u00e9rant quatre services de ligne entre l&rsquo;Europe, l&rsquo;Afrique du Sud et l&rsquo;oc\u00e9an Indien.<\/strong><\/h5>\n<p>(Hambourg) L&rsquo;expert en Afrique, dont le si\u00e8ge est \u00e0 Hambourg, est pr\u00e9sent avec ses propres bureaux en Allemagne et en Afrique du Sud, ainsi que par l&rsquo;interm\u00e9diaire d&rsquo;agents tiers dans 47 pays \u00e0 travers le monde. Plus de 150 employ\u00e9s sont engag\u00e9s dans l&rsquo;activit\u00e9 de ligne (y compris les agences). DAL poss\u00e8de un navire porte-conteneurs de 6 589 EVP et exploite une flotte de conteneurs d&rsquo;environ 17 800 conteneurs propres et lou\u00e9s, qui seront repris dans le cadre de l&rsquo;acquisition.<\/p>\n<p>\u00ab\u00a0L&rsquo;Afrique reste un march\u00e9 de croissance strat\u00e9gique important. En particulier pour notre offre de services vers et depuis l&rsquo;Afrique du Sud, DAL est un compl\u00e9ment pr\u00e9cieux qui nous permet d&rsquo;offrir \u00e0 notre client\u00e8le un meilleur r\u00e9seau et une couverture portuaire suppl\u00e9mentaire dans cette r\u00e9gion. Nous sommes tr\u00e8s heureux d&rsquo;accueillir les coll\u00e8gues de DAL. Gr\u00e2ce \u00e0 leur vaste exp\u00e9rience et leur connaissance du march\u00e9, ils pourront nous aider de mani\u00e8re significative \u00e0 continuer de cro\u00eetre en Afrique\u00a0\u00bb, d\u00e9clare Rolf Habben Jansen, PDG de Hapag-Lloyd.<\/p>\n<h5><strong>Les autorit\u00e9s de la concurrence doivent encore approuver<\/strong><\/h5>\n<p>L&rsquo;ann\u00e9e derni\u00e8re, Hapag-Lloyd avait d\u00e9j\u00e0 repris la compagnie maritime NileDutch, sp\u00e9cialis\u00e9e dans l&rsquo;Afrique, renfor\u00e7ant ainsi consid\u00e9rablement sa pr\u00e9sence et son offre de services vers et depuis l&rsquo;Afrique de l&rsquo;Ouest. L&rsquo;ouverture de nouveaux bureaux au Kenya, au Maroc et au S\u00e9n\u00e9gal en 2021, ainsi que la cr\u00e9ation d&rsquo;un Centre de services de qualit\u00e9 (QSC) \u00e0 l&rsquo;\u00eele Maurice en 2020, ont \u00e9galement soulign\u00e9 cette strat\u00e9gie ax\u00e9e sur la croissance.<\/p>\n<p>La conclusion de la transaction est soumise \u00e0 l&rsquo;approbation des autorit\u00e9s de la concurrence comp\u00e9tentes.<\/p>\n<p>Photo : \u00a9 Hapag-Lloyd<\/p>\n","protected":false},"excerpt":{"rendered":"<p>Hapag-Lloyd et la compagnie maritime allemande Deutsche Afrika-Linien (DAL) ont sign\u00e9 aujourd&rsquo;hui un accord-cadre selon lequel Hapag-Lloyd reprendra l&rsquo;activit\u00e9 de lignes de conteneurs de DAL. Fond\u00e9e<span class=\"excerpt-hellip\"> [\u2026]<\/span><\/p>\n","protected":false},"author":0,"featured_media":10796,"comment_status":"open","ping_status":"open","sticky":false,"template":"","format":"standard","meta":{"_acf_changed":false,"footnotes":""},"categories":[1559],"tags":[],"class_list":["post-55067","post","type-post","status-publish","format-standard","has-post-thumbnail","hentry","category-shipping-ports"],"acf":[],"yoast_head":"<!-- This site is optimized with the Yoast SEO plugin v27.3 - https:\/\/yoast.com\/product\/yoast-seo-wordpress\/ -->\n<title>Hapag-Lloyd reprend l&#039;activit\u00e9 de lignes de conteneurs de DAL - Loginfo24.<\/title>\n<meta name=\"robots\" content=\"index, follow, max-snippet:-1, max-image-preview:large, max-video-preview:-1\" \/>\n<link rel=\"canonical\" href=\"https:\/\/loginfo24.com\/fr\/2022\/03\/10\/hapag-lloyd-reprend-lactivite-de-lignes-de-conteneurs-de-dal\/\" \/>\n<meta property=\"og:locale\" content=\"fr_FR\" \/>\n<meta property=\"og:type\" content=\"article\" \/>\n<meta property=\"og:title\" content=\"Hapag-Lloyd reprend l&#039;activit\u00e9 de lignes de conteneurs de DAL - Loginfo24.\" \/>\n<meta property=\"og:description\" content=\"Hapag-Lloyd et la compagnie maritime allemande Deutsche Afrika-Linien (DAL) ont sign\u00e9 aujourd&rsquo;hui un accord-cadre selon lequel Hapag-Lloyd reprendra l&rsquo;activit\u00e9 de lignes de conteneurs de DAL. Fond\u00e9e [\u2026]\" \/>\n<meta property=\"og:url\" content=\"https:\/\/loginfo24.com\/fr\/2022\/03\/10\/hapag-lloyd-reprend-lactivite-de-lignes-de-conteneurs-de-dal\/\" \/>\n<meta property=\"og:site_name\" content=\"Loginfo24\" \/>\n<meta property=\"article:publisher\" content=\"https:\/\/www.facebook.com\/people\/Loginfo24\/100057360583332\/\" \/>\n<meta property=\"article:published_time\" content=\"2022-03-10T18:42:18+00:00\" \/>\n<meta property=\"og:image\" content=\"https:\/\/loginfo24.com\/wp-content\/uploads\/sites\/7\/2025\/12\/Hapag_Lloyd_10.3.22_1.jpg\" \/>\n\t<meta property=\"og:image:width\" content=\"1176\" \/>\n\t<meta property=\"og:image:height\" content=\"655\" \/>\n\t<meta property=\"og:image:type\" content=\"image\/jpeg\" \/>\n<meta name=\"twitter:card\" content=\"summary_large_image\" \/>\n<meta name=\"twitter:label1\" content=\"Dur\u00e9e de lecture estim\u00e9e\" \/>\n\t<meta name=\"twitter:data1\" content=\"2 minutes\" \/>\n<script type=\"application\/ld+json\" class=\"yoast-schema-graph\">{\"@context\":\"https:\\\/\\\/schema.org\",\"@graph\":[{\"@type\":\"Article\",\"@id\":\"https:\\\/\\\/loginfo24.com\\\/fr\\\/2022\\\/03\\\/10\\\/hapag-lloyd-reprend-lactivite-de-lignes-de-conteneurs-de-dal\\\/#article\",\"isPartOf\":{\"@id\":\"https:\\\/\\\/loginfo24.com\\\/fr\\\/2022\\\/03\\\/10\\\/hapag-lloyd-reprend-lactivite-de-lignes-de-conteneurs-de-dal\\\/\"},\"author\":{\"name\":\"\",\"@id\":\"\"},\"headline\":\"Hapag-Lloyd reprend l&rsquo;activit\u00e9 de lignes de conteneurs de DAL\",\"datePublished\":\"2022-03-10T18:42:18+00:00\",\"mainEntityOfPage\":{\"@id\":\"https:\\\/\\\/loginfo24.com\\\/fr\\\/2022\\\/03\\\/10\\\/hapag-lloyd-reprend-lactivite-de-lignes-de-conteneurs-de-dal\\\/\"},\"wordCount\":364,\"commentCount\":0,\"publisher\":{\"@id\":\"https:\\\/\\\/loginfo24.com\\\/fr\\\/#organization\"},\"image\":{\"@id\":\"https:\\\/\\\/loginfo24.com\\\/fr\\\/2022\\\/03\\\/10\\\/hapag-lloyd-reprend-lactivite-de-lignes-de-conteneurs-de-dal\\\/#primaryimage\"},\"thumbnailUrl\":\"https:\\\/\\\/loginfo24.com\\\/wp-content\\\/uploads\\\/sites\\\/7\\\/2025\\\/12\\\/Hapag_Lloyd_10.3.22_1.jpg\",\"articleSection\":[\"Shipping &amp; Ports\"],\"inLanguage\":\"fr-FR\",\"potentialAction\":[{\"@type\":\"CommentAction\",\"name\":\"Comment\",\"target\":[\"https:\\\/\\\/loginfo24.com\\\/fr\\\/2022\\\/03\\\/10\\\/hapag-lloyd-reprend-lactivite-de-lignes-de-conteneurs-de-dal\\\/#respond\"]}]},{\"@type\":\"WebPage\",\"@id\":\"https:\\\/\\\/loginfo24.com\\\/fr\\\/2022\\\/03\\\/10\\\/hapag-lloyd-reprend-lactivite-de-lignes-de-conteneurs-de-dal\\\/\",\"url\":\"https:\\\/\\\/loginfo24.com\\\/fr\\\/2022\\\/03\\\/10\\\/hapag-lloyd-reprend-lactivite-de-lignes-de-conteneurs-de-dal\\\/\",\"name\":\"Hapag-Lloyd reprend l'activit\u00e9 de lignes de conteneurs de DAL - Loginfo24.\",\"isPartOf\":{\"@id\":\"https:\\\/\\\/loginfo24.com\\\/fr\\\/#website\"},\"primaryImageOfPage\":{\"@id\":\"https:\\\/\\\/loginfo24.com\\\/fr\\\/2022\\\/03\\\/10\\\/hapag-lloyd-reprend-lactivite-de-lignes-de-conteneurs-de-dal\\\/#primaryimage\"},\"image\":{\"@id\":\"https:\\\/\\\/loginfo24.com\\\/fr\\\/2022\\\/03\\\/10\\\/hapag-lloyd-reprend-lactivite-de-lignes-de-conteneurs-de-dal\\\/#primaryimage\"},\"thumbnailUrl\":\"https:\\\/\\\/loginfo24.com\\\/wp-content\\\/uploads\\\/sites\\\/7\\\/2025\\\/12\\\/Hapag_Lloyd_10.3.22_1.jpg\",\"datePublished\":\"2022-03-10T18:42:18+00:00\",\"breadcrumb\":{\"@id\":\"https:\\\/\\\/loginfo24.com\\\/fr\\\/2022\\\/03\\\/10\\\/hapag-lloyd-reprend-lactivite-de-lignes-de-conteneurs-de-dal\\\/#breadcrumb\"},\"inLanguage\":\"fr-FR\",\"potentialAction\":[{\"@type\":\"ReadAction\",\"target\":[\"https:\\\/\\\/loginfo24.com\\\/fr\\\/2022\\\/03\\\/10\\\/hapag-lloyd-reprend-lactivite-de-lignes-de-conteneurs-de-dal\\\/\"]}]},{\"@type\":\"ImageObject\",\"inLanguage\":\"fr-FR\",\"@id\":\"https:\\\/\\\/loginfo24.com\\\/fr\\\/2022\\\/03\\\/10\\\/hapag-lloyd-reprend-lactivite-de-lignes-de-conteneurs-de-dal\\\/#primaryimage\",\"url\":\"https:\\\/\\\/loginfo24.com\\\/wp-content\\\/uploads\\\/sites\\\/7\\\/2025\\\/12\\\/Hapag_Lloyd_10.3.22_1.jpg\",\"contentUrl\":\"https:\\\/\\\/loginfo24.com\\\/wp-content\\\/uploads\\\/sites\\\/7\\\/2025\\\/12\\\/Hapag_Lloyd_10.3.22_1.jpg\",\"width\":1176,\"height\":655},{\"@type\":\"BreadcrumbList\",\"@id\":\"https:\\\/\\\/loginfo24.com\\\/fr\\\/2022\\\/03\\\/10\\\/hapag-lloyd-reprend-lactivite-de-lignes-de-conteneurs-de-dal\\\/#breadcrumb\",\"itemListElement\":[{\"@type\":\"ListItem\",\"position\":1,\"name\":\"Startseite\",\"item\":\"https:\\\/\\\/loginfo24.com\\\/fr\\\/\"},{\"@type\":\"ListItem\",\"position\":2,\"name\":\"Hapag-Lloyd reprend l&rsquo;activit\u00e9 de lignes de conteneurs de DAL\"}]},{\"@type\":\"WebSite\",\"@id\":\"https:\\\/\\\/loginfo24.com\\\/fr\\\/#website\",\"url\":\"https:\\\/\\\/loginfo24.com\\\/fr\\\/\",\"name\":\"Loginfo24\",\"description\":\"Loginfo24 est la plateforme d\u00e9di\u00e9e \u00e0 la logistique et aux cha\u00eenes d&#039;approvisionnement qui fournit des informations 24 heures sur 24.\",\"publisher\":{\"@id\":\"https:\\\/\\\/loginfo24.com\\\/fr\\\/#organization\"},\"potentialAction\":[{\"@type\":\"SearchAction\",\"target\":{\"@type\":\"EntryPoint\",\"urlTemplate\":\"https:\\\/\\\/loginfo24.com\\\/fr\\\/?s={search_term_string}\"},\"query-input\":{\"@type\":\"PropertyValueSpecification\",\"valueRequired\":true,\"valueName\":\"search_term_string\"}}],\"inLanguage\":\"fr-FR\"},{\"@type\":\"Organization\",\"@id\":\"https:\\\/\\\/loginfo24.com\\\/fr\\\/#organization\",\"name\":\"Groupe Logismedia AG\",\"url\":\"https:\\\/\\\/loginfo24.com\\\/fr\\\/\",\"logo\":{\"@type\":\"ImageObject\",\"inLanguage\":\"fr-FR\",\"@id\":\"https:\\\/\\\/loginfo24.com\\\/fr\\\/#\\\/schema\\\/logo\\\/image\\\/\",\"url\":\"https:\\\/\\\/loginfo24.com\\\/wp-content\\\/uploads\\\/sites\\\/7\\\/2026\\\/01\\\/Logo_LogInfo24.png\",\"contentUrl\":\"https:\\\/\\\/loginfo24.com\\\/wp-content\\\/uploads\\\/sites\\\/7\\\/2026\\\/01\\\/Logo_LogInfo24.png\",\"width\":938,\"height\":351,\"caption\":\"Groupe Logismedia AG\"},\"image\":{\"@id\":\"https:\\\/\\\/loginfo24.com\\\/fr\\\/#\\\/schema\\\/logo\\\/image\\\/\"},\"sameAs\":[\"https:\\\/\\\/www.facebook.com\\\/people\\\/Loginfo24\\\/100057360583332\\\/\",\"https:\\\/\\\/www.linkedin.com\\\/company\\\/lofinfo24\\\/\"]}]}<\/script>\n<!-- \/ Yoast SEO plugin. -->","yoast_head_json":{"title":"Hapag-Lloyd reprend l'activit\u00e9 de lignes de conteneurs de DAL - Loginfo24.","robots":{"index":"index","follow":"follow","max-snippet":"max-snippet:-1","max-image-preview":"max-image-preview:large","max-video-preview":"max-video-preview:-1"},"canonical":"https:\/\/loginfo24.com\/fr\/2022\/03\/10\/hapag-lloyd-reprend-lactivite-de-lignes-de-conteneurs-de-dal\/","og_locale":"fr_FR","og_type":"article","og_title":"Hapag-Lloyd reprend l'activit\u00e9 de lignes de conteneurs de DAL - Loginfo24.","og_description":"Hapag-Lloyd et la compagnie maritime allemande Deutsche Afrika-Linien (DAL) ont sign\u00e9 aujourd&rsquo;hui un accord-cadre selon lequel Hapag-Lloyd reprendra l&rsquo;activit\u00e9 de lignes de conteneurs de DAL. Fond\u00e9e [\u2026]","og_url":"https:\/\/loginfo24.com\/fr\/2022\/03\/10\/hapag-lloyd-reprend-lactivite-de-lignes-de-conteneurs-de-dal\/","og_site_name":"Loginfo24","article_publisher":"https:\/\/www.facebook.com\/people\/Loginfo24\/100057360583332\/","article_published_time":"2022-03-10T18:42:18+00:00","og_image":[{"width":1176,"height":655,"url":"https:\/\/loginfo24.com\/wp-content\/uploads\/sites\/7\/2025\/12\/Hapag_Lloyd_10.3.22_1.jpg","type":"image\/jpeg"}],"twitter_card":"summary_large_image","twitter_misc":{"Dur\u00e9e de lecture estim\u00e9e":"2 minutes"},"schema":{"@context":"https:\/\/schema.org","@graph":[{"@type":"Article","@id":"https:\/\/loginfo24.com\/fr\/2022\/03\/10\/hapag-lloyd-reprend-lactivite-de-lignes-de-conteneurs-de-dal\/#article","isPartOf":{"@id":"https:\/\/loginfo24.com\/fr\/2022\/03\/10\/hapag-lloyd-reprend-lactivite-de-lignes-de-conteneurs-de-dal\/"},"author":{"name":"","@id":""},"headline":"Hapag-Lloyd reprend l&rsquo;activit\u00e9 de lignes de conteneurs de DAL","datePublished":"2022-03-10T18:42:18+00:00","mainEntityOfPage":{"@id":"https:\/\/loginfo24.com\/fr\/2022\/03\/10\/hapag-lloyd-reprend-lactivite-de-lignes-de-conteneurs-de-dal\/"},"wordCount":364,"commentCount":0,"publisher":{"@id":"https:\/\/loginfo24.com\/fr\/#organization"},"image":{"@id":"https:\/\/loginfo24.com\/fr\/2022\/03\/10\/hapag-lloyd-reprend-lactivite-de-lignes-de-conteneurs-de-dal\/#primaryimage"},"thumbnailUrl":"https:\/\/loginfo24.com\/wp-content\/uploads\/sites\/7\/2025\/12\/Hapag_Lloyd_10.3.22_1.jpg","articleSection":["Shipping &amp; Ports"],"inLanguage":"fr-FR","potentialAction":[{"@type":"CommentAction","name":"Comment","target":["https:\/\/loginfo24.com\/fr\/2022\/03\/10\/hapag-lloyd-reprend-lactivite-de-lignes-de-conteneurs-de-dal\/#respond"]}]},{"@type":"WebPage","@id":"https:\/\/loginfo24.com\/fr\/2022\/03\/10\/hapag-lloyd-reprend-lactivite-de-lignes-de-conteneurs-de-dal\/","url":"https:\/\/loginfo24.com\/fr\/2022\/03\/10\/hapag-lloyd-reprend-lactivite-de-lignes-de-conteneurs-de-dal\/","name":"Hapag-Lloyd reprend l'activit\u00e9 de lignes de conteneurs de DAL - Loginfo24.","isPartOf":{"@id":"https:\/\/loginfo24.com\/fr\/#website"},"primaryImageOfPage":{"@id":"https:\/\/loginfo24.com\/fr\/2022\/03\/10\/hapag-lloyd-reprend-lactivite-de-lignes-de-conteneurs-de-dal\/#primaryimage"},"image":{"@id":"https:\/\/loginfo24.com\/fr\/2022\/03\/10\/hapag-lloyd-reprend-lactivite-de-lignes-de-conteneurs-de-dal\/#primaryimage"},"thumbnailUrl":"https:\/\/loginfo24.com\/wp-content\/uploads\/sites\/7\/2025\/12\/Hapag_Lloyd_10.3.22_1.jpg","datePublished":"2022-03-10T18:42:18+00:00","breadcrumb":{"@id":"https:\/\/loginfo24.com\/fr\/2022\/03\/10\/hapag-lloyd-reprend-lactivite-de-lignes-de-conteneurs-de-dal\/#breadcrumb"},"inLanguage":"fr-FR","potentialAction":[{"@type":"ReadAction","target":["https:\/\/loginfo24.com\/fr\/2022\/03\/10\/hapag-lloyd-reprend-lactivite-de-lignes-de-conteneurs-de-dal\/"]}]},{"@type":"ImageObject","inLanguage":"fr-FR","@id":"https:\/\/loginfo24.com\/fr\/2022\/03\/10\/hapag-lloyd-reprend-lactivite-de-lignes-de-conteneurs-de-dal\/#primaryimage","url":"https:\/\/loginfo24.com\/wp-content\/uploads\/sites\/7\/2025\/12\/Hapag_Lloyd_10.3.22_1.jpg","contentUrl":"https:\/\/loginfo24.com\/wp-content\/uploads\/sites\/7\/2025\/12\/Hapag_Lloyd_10.3.22_1.jpg","width":1176,"height":655},{"@type":"BreadcrumbList","@id":"https:\/\/loginfo24.com\/fr\/2022\/03\/10\/hapag-lloyd-reprend-lactivite-de-lignes-de-conteneurs-de-dal\/#breadcrumb","itemListElement":[{"@type":"ListItem","position":1,"name":"Startseite","item":"https:\/\/loginfo24.com\/fr\/"},{"@type":"ListItem","position":2,"name":"Hapag-Lloyd reprend l&rsquo;activit\u00e9 de lignes de conteneurs de DAL"}]},{"@type":"WebSite","@id":"https:\/\/loginfo24.com\/fr\/#website","url":"https:\/\/loginfo24.com\/fr\/","name":"Loginfo24","description":"Loginfo24 est la plateforme d\u00e9di\u00e9e \u00e0 la logistique et aux cha\u00eenes d&#039;approvisionnement qui fournit des informations 24 heures sur 24.","publisher":{"@id":"https:\/\/loginfo24.com\/fr\/#organization"},"potentialAction":[{"@type":"SearchAction","target":{"@type":"EntryPoint","urlTemplate":"https:\/\/loginfo24.com\/fr\/?s={search_term_string}"},"query-input":{"@type":"PropertyValueSpecification","valueRequired":true,"valueName":"search_term_string"}}],"inLanguage":"fr-FR"},{"@type":"Organization","@id":"https:\/\/loginfo24.com\/fr\/#organization","name":"Groupe Logismedia AG","url":"https:\/\/loginfo24.com\/fr\/","logo":{"@type":"ImageObject","inLanguage":"fr-FR","@id":"https:\/\/loginfo24.com\/fr\/#\/schema\/logo\/image\/","url":"https:\/\/loginfo24.com\/wp-content\/uploads\/sites\/7\/2026\/01\/Logo_LogInfo24.png","contentUrl":"https:\/\/loginfo24.com\/wp-content\/uploads\/sites\/7\/2026\/01\/Logo_LogInfo24.png","width":938,"height":351,"caption":"Groupe Logismedia AG"},"image":{"@id":"https:\/\/loginfo24.com\/fr\/#\/schema\/logo\/image\/"},"sameAs":["https:\/\/www.facebook.com\/people\/Loginfo24\/100057360583332\/","https:\/\/www.linkedin.com\/company\/lofinfo24\/"]}]}},"_links":{"self":[{"href":"https:\/\/loginfo24.com\/fr\/wp-json\/wp\/v2\/posts\/55067","targetHints":{"allow":["GET"]}}],"collection":[{"href":"https:\/\/loginfo24.com\/fr\/wp-json\/wp\/v2\/posts"}],"about":[{"href":"https:\/\/loginfo24.com\/fr\/wp-json\/wp\/v2\/types\/post"}],"replies":[{"embeddable":true,"href":"https:\/\/loginfo24.com\/fr\/wp-json\/wp\/v2\/comments?post=55067"}],"version-history":[{"count":0,"href":"https:\/\/loginfo24.com\/fr\/wp-json\/wp\/v2\/posts\/55067\/revisions"}],"wp:featuredmedia":[{"embeddable":true,"href":"https:\/\/loginfo24.com\/fr\/wp-json\/wp\/v2\/media\/10796"}],"wp:attachment":[{"href":"https:\/\/loginfo24.com\/fr\/wp-json\/wp\/v2\/media?parent=55067"}],"wp:term":[{"taxonomy":"category","embeddable":true,"href":"https:\/\/loginfo24.com\/fr\/wp-json\/wp\/v2\/categories?post=55067"},{"taxonomy":"post_tag","embeddable":true,"href":"https:\/\/loginfo24.com\/fr\/wp-json\/wp\/v2\/tags?post=55067"}],"curies":[{"name":"wp","href":"https:\/\/api.w.org\/{rel}","templated":true}]}}