{"id":53904,"date":"2021-12-01T17:50:14","date_gmt":"2021-12-01T16:50:14","guid":{"rendered":"https:\/\/blog.brand-architecture.at\/2021\/12\/01\/le-projet-staffel-du-fir-vise-a-revolutionner-le-transport-routier-de-marchandises\/"},"modified":"2021-12-01T17:50:14","modified_gmt":"2021-12-01T16:50:14","slug":"le-projet-staffel-du-fir-vise-a-revolutionner-le-transport-routier-de-marchandises","status":"publish","type":"post","link":"https:\/\/loginfo24.com\/fr\/2021\/12\/01\/le-projet-staffel-du-fir-vise-a-revolutionner-le-transport-routier-de-marchandises\/","title":{"rendered":"Le projet STAFFEL du FIR vise \u00e0 r\u00e9volutionner le transport routier de marchandises"},"content":{"rendered":"<h5>Le 08.12.2021 marque le coup d&rsquo;envoi de STAFFEL. Ce projet de recherche vise \u00e0 r\u00e9duire de moiti\u00e9 les temps de transport dans le transport de marchandises par camion et \u00e0 diminuer le gaspillage de temps de conduite. Les partenaires du projet, le FIR de l&rsquo;RWTH Aachen, MANSIO GmbH, PEM Motion GmbH ainsi que l&rsquo;Institut allemand de normalisation e. V. (DIN), d\u00e9veloppent ensemble une plateforme Internet bas\u00e9e sur l&rsquo;IA pour le transport en convoi inter-entreprises.<\/h5>\n<p>(Aix-la-Chapelle) Le projet de recherche STAFFEL doit contribuer de mani\u00e8re significative \u00e0 l&rsquo;optimisation des temps de transport, de conduite et de repos des camions. Le projet STAFFEL est financ\u00e9 dans le cadre de l&rsquo;initiative d&rsquo;innovation mFUND \u00e0 hauteur de 1,5 million d&rsquo;euros par le minist\u00e8re f\u00e9d\u00e9ral des Transports et des infrastructures num\u00e9riques et doit \u00eatre achev\u00e9 d&rsquo;ici mai 2024.<\/p>\n<p>\u00c0 l&rsquo;aide d&rsquo;algorithmes d&rsquo;IA, les trajets longs doivent \u00eatre divis\u00e9s en tron\u00e7ons et ensuite optimis\u00e9s via une place de march\u00e9 des temps de conduite entre les entreprises de transport et les transporteurs, en utilisant des donn\u00e9es en temps r\u00e9el (par exemple, trafic, infrastructure). Des technologies intelligentes de s\u00e9curisation contre le vol garantissent la remise s\u00e9curis\u00e9e des remorques.<\/p>\n<p>Le respect des temps de conduite et de repos entra\u00eene des interruptions de transport sur la route. En particulier sur les longues distances, cela entra\u00eene une prolongation significative du temps de transport et un besoin accru de places de stationnement. La nouvelle plateforme aide, gr\u00e2ce \u00e0 l&rsquo;IA, \u00e0 \u00e9viter de telles interruptions et \u00e0 remettre les remorques \u00e0 des conducteurs repos\u00e9s \u00e0 la fin du temps de conduite. En m\u00eame temps, les conducteurs de camions peuvent effectuer davantage de tron\u00e7ons et rester plus souvent pr\u00e8s de chez eux. Les d\u00e9passements de temps de conduite, la recherche de places de stationnement et les d\u00e9sagr\u00e9ments pour les riverains dus au stationnement sauvage sont consid\u00e9rablement r\u00e9duits. De plus, la synchronisation des trajets par l&rsquo;IA a des effets positifs sur les \u00e9missions de CO<sub>2<\/sub>.<\/p>\n<h5>Il manque 30 000 places de stationnement sur les autoroutes allemandes<\/h5>\n<p>Selon le ministre f\u00e9d\u00e9ral des Transports Andreas Scheuer, il manque environ 30 000 places de stationnement pour camions sur les autoroutes allemandes. Les camions stationn\u00e9s de mani\u00e8re sauvage provoquent des accidents, d\u00e9rangent les riverains et favorisent les vols de marchandises, entra\u00eenant des dommages annuels de 300 millions d&rsquo;euros selon le GDV (Association g\u00e9n\u00e9rale de l&rsquo;industrie de l&rsquo;assurance allemande). \u00ab\u00a0Le secteur de la logistique est en constante \u00e9volution et fait face \u00e0 des d\u00e9fis complexes. Nous sommes heureux de pouvoir contribuer \u00e0 une gestion plus efficace du transport routier de marchandises dans le cadre du projet STAFFEL,\u00a0\u00bb commente Tobias Schr\u00f6er, chef de projet du FIR et responsable de la gestion de la production \u00e0 l&rsquo;RWTH Aachen.<\/p>\n<p>Apr\u00e8s le coup d&rsquo;envoi du 08.12.2021, les partenaires du projet commenceront par une analyse d\u00e9taill\u00e9e des exigences. Ensuite, la plateforme et le syst\u00e8me de s\u00e9curisation contre le vol seront d\u00e9velopp\u00e9s de mani\u00e8re prototype et valid\u00e9s lors de deux essais sur le terrain : lors du premier essai, des entreprises de transport r\u00e9gionales seront mises en r\u00e9seau via une place de march\u00e9 des temps de conduite, lors du second, des stations de changement le long d&rsquo;une route principale seront \u00e9tablies et le transport en convoi sera test\u00e9 pratiquement. L&rsquo;objectif est d&rsquo;identifier les effets, les potentiels et les d\u00e9fis pour le transport routier de marchandises et de pr\u00e9parer une mise en \u0153uvre \u00e0 l&rsquo;\u00e9chelle europ\u00e9enne, en tenant \u00e9galement compte de la normalisation.<\/p>\n<h5><strong>\u00c0 propos du mFUND du BMVI <\/strong><\/h5>\n<p>Dans le cadre de l&rsquo;initiative d&rsquo;innovation mFUND, le BMVI finance depuis 2016 des projets de recherche et d\u00e9veloppement bas\u00e9s sur des donn\u00e9es pour la mobilit\u00e9 num\u00e9rique et connect\u00e9e 4.0. Le financement des projets est compl\u00e9t\u00e9 par un r\u00e9seau actif entre les acteurs de la politique, de l&rsquo;\u00e9conomie, de l&rsquo;administration et de la recherche, ainsi que par la mise \u00e0 disposition de donn\u00e9es ouvertes sur le portail mCLOUD.<\/p>\n<p>Pour plus d&rsquo;informations sur le FUND :  <a href=\"https:\/\/www.mfund.de\" target=\"_blank\" rel=\"noopener noreferrer\">www.mFUND.de<\/a><\/p>\n<h5><strong>\u00c0 propos du FIR de l&rsquo;RWTH Aachen<\/strong><\/h5>\n<p>Le FIR est un \u00e9tablissement de recherche et de formation \u00e0 but non lucratif, intersectoriel, \u00e0 l&rsquo;RWTH Aachen, dans le domaine de l&rsquo;organisation des entreprises, de la logistique de l&rsquo;information et de l&rsquo;IT d&rsquo;entreprise, visant \u00e0 \u00e9tablir les bases organisationnelles pour l&rsquo;entreprise industrielle num\u00e9riquement connect\u00e9e de demain.<\/p>\n<p>En recherchant et en transf\u00e9rant des solutions innovantes, le FIR contribue \u00e0 accro\u00eetre la comp\u00e9titivit\u00e9 des entreprises. Cela se fait dans une infrastructure appropri\u00e9e pour la recherche organisationnelle exp\u00e9rimentale, de mani\u00e8re m\u00e9thodologiquement fond\u00e9e, scientifiquement rigoureuse et avec la participation directe d&rsquo;experts du secteur. Au centre de l&rsquo;analyse se trouvent les secteurs industriels en tant que cas d&rsquo;application. Actuellement, ceux-ci sont : Future Logistics, Smart Services et Smart Maintenance, Smart Commercial Buildings et Smart Mobility.<\/p>\n<p>L&rsquo;institut accompagne les entreprises, recherche, qualifie et enseigne dans les domaines de la gestion des services, de la transformation des affaires, de la gestion de l&rsquo;information et de la gestion de la production. En tant que membre de l&rsquo;association des associations de recherche industrielle, le FIR soutient la recherche et le d\u00e9veloppement au profit des petites, moyennes et grandes entreprises.<\/p>\n<p>Depuis 2010, le directeur du FIR, le professeur Volker Stich, dirige \u00e9galement le cluster Smart Logistics sur le campus de l&rsquo;RWTH Aachen. Dans le cluster Smart Logistics, le FIR permet une forme de collaboration unique entre des repr\u00e9sentants de la recherche et de l&rsquo;industrie. Le FIR est financ\u00e9 par le Land de Rh\u00e9nanie-du-Nord-Westphalie, soutient la strat\u00e9gie de recherche du Land en tant qu&rsquo;institut de recherche Johannes-Rau et participe aux clusters r\u00e9gionaux correspondants pour renforcer la r\u00e9gion NRW.<\/p>\n<p>Pour plus d&rsquo;informations sur STAFFEL :  <a href=\"https:\/\/staffel.fir.de\" target=\"_blank\" rel=\"noopener noreferrer\">staffel.fir.de<\/a><\/p>\n<p>Photo : \u00a9 FIR e. V.<\/p>\n","protected":false},"excerpt":{"rendered":"<p>Le 08.12.2021 marque le coup d&rsquo;envoi de STAFFEL. Ce projet de recherche vise \u00e0 r\u00e9duire de moiti\u00e9 les temps de transport dans le transport de marchandises<span class=\"excerpt-hellip\"> [\u2026]<\/span><\/p>\n","protected":false},"author":0,"featured_media":11594,"comment_status":"open","ping_status":"open","sticky":false,"template":"","format":"standard","meta":{"_acf_changed":false,"footnotes":""},"categories":[1665,1557,1556,1561],"tags":[],"class_list":["post-53904","post","type-post","status-publish","format-standard","has-post-thumbnail","hentry","category-categories","category-forwarding-logistics","category-intermodal-road","category-regions"],"acf":[],"yoast_head":"<!-- This site is optimized with the Yoast SEO plugin v27.3 - https:\/\/yoast.com\/product\/yoast-seo-wordpress\/ -->\n<title>Le projet STAFFEL du FIR vise \u00e0 r\u00e9volutionner le transport routier de marchandises - Loginfo24.<\/title>\n<meta name=\"robots\" content=\"index, follow, max-snippet:-1, max-image-preview:large, max-video-preview:-1\" \/>\n<link rel=\"canonical\" href=\"https:\/\/loginfo24.com\/fr\/2021\/12\/01\/le-projet-staffel-du-fir-vise-a-revolutionner-le-transport-routier-de-marchandises\/\" \/>\n<meta property=\"og:locale\" content=\"fr_FR\" \/>\n<meta property=\"og:type\" content=\"article\" \/>\n<meta property=\"og:title\" content=\"Le projet STAFFEL du FIR vise \u00e0 r\u00e9volutionner le transport routier de marchandises - Loginfo24.\" \/>\n<meta property=\"og:description\" content=\"Le 08.12.2021 marque le coup d&rsquo;envoi de STAFFEL. Ce projet de recherche vise \u00e0 r\u00e9duire de moiti\u00e9 les temps de transport dans le transport de marchandises [\u2026]\" \/>\n<meta property=\"og:url\" content=\"https:\/\/loginfo24.com\/fr\/2021\/12\/01\/le-projet-staffel-du-fir-vise-a-revolutionner-le-transport-routier-de-marchandises\/\" \/>\n<meta property=\"og:site_name\" content=\"Loginfo24\" \/>\n<meta property=\"article:publisher\" content=\"https:\/\/www.facebook.com\/people\/Loginfo24\/100057360583332\/\" \/>\n<meta property=\"article:published_time\" content=\"2021-12-01T16:50:14+00:00\" \/>\n<meta property=\"og:image\" content=\"https:\/\/loginfo24.com\/wp-content\/uploads\/sites\/7\/2025\/12\/Hochschule_Aachen_1.12.21.jpg\" \/>\n\t<meta property=\"og:image:width\" content=\"1301\" \/>\n\t<meta property=\"og:image:height\" content=\"725\" \/>\n\t<meta property=\"og:image:type\" content=\"image\/jpeg\" \/>\n<meta name=\"twitter:card\" content=\"summary_large_image\" \/>\n<meta name=\"twitter:label1\" content=\"Dur\u00e9e de lecture estim\u00e9e\" \/>\n\t<meta name=\"twitter:data1\" content=\"5 minutes\" \/>\n<script type=\"application\/ld+json\" class=\"yoast-schema-graph\">{\"@context\":\"https:\\\/\\\/schema.org\",\"@graph\":[{\"@type\":\"Article\",\"@id\":\"https:\\\/\\\/loginfo24.com\\\/fr\\\/2021\\\/12\\\/01\\\/le-projet-staffel-du-fir-vise-a-revolutionner-le-transport-routier-de-marchandises\\\/#article\",\"isPartOf\":{\"@id\":\"https:\\\/\\\/loginfo24.com\\\/fr\\\/2021\\\/12\\\/01\\\/le-projet-staffel-du-fir-vise-a-revolutionner-le-transport-routier-de-marchandises\\\/\"},\"author\":{\"name\":\"\",\"@id\":\"\"},\"headline\":\"Le projet STAFFEL du FIR vise \u00e0 r\u00e9volutionner le transport routier de marchandises\",\"datePublished\":\"2021-12-01T16:50:14+00:00\",\"mainEntityOfPage\":{\"@id\":\"https:\\\/\\\/loginfo24.com\\\/fr\\\/2021\\\/12\\\/01\\\/le-projet-staffel-du-fir-vise-a-revolutionner-le-transport-routier-de-marchandises\\\/\"},\"wordCount\":1024,\"commentCount\":0,\"publisher\":{\"@id\":\"https:\\\/\\\/loginfo24.com\\\/fr\\\/#organization\"},\"image\":{\"@id\":\"https:\\\/\\\/loginfo24.com\\\/fr\\\/2021\\\/12\\\/01\\\/le-projet-staffel-du-fir-vise-a-revolutionner-le-transport-routier-de-marchandises\\\/#primaryimage\"},\"thumbnailUrl\":\"https:\\\/\\\/loginfo24.com\\\/wp-content\\\/uploads\\\/sites\\\/7\\\/2025\\\/12\\\/Hochschule_Aachen_1.12.21.jpg\",\"articleSection\":[\"Categories\",\"Forwarding &amp; Logistics\",\"Intermodal \\\/ Road\",\"Regions\"],\"inLanguage\":\"fr-FR\",\"potentialAction\":[{\"@type\":\"CommentAction\",\"name\":\"Comment\",\"target\":[\"https:\\\/\\\/loginfo24.com\\\/fr\\\/2021\\\/12\\\/01\\\/le-projet-staffel-du-fir-vise-a-revolutionner-le-transport-routier-de-marchandises\\\/#respond\"]}]},{\"@type\":\"WebPage\",\"@id\":\"https:\\\/\\\/loginfo24.com\\\/fr\\\/2021\\\/12\\\/01\\\/le-projet-staffel-du-fir-vise-a-revolutionner-le-transport-routier-de-marchandises\\\/\",\"url\":\"https:\\\/\\\/loginfo24.com\\\/fr\\\/2021\\\/12\\\/01\\\/le-projet-staffel-du-fir-vise-a-revolutionner-le-transport-routier-de-marchandises\\\/\",\"name\":\"Le projet STAFFEL du FIR vise \u00e0 r\u00e9volutionner le transport routier de marchandises - Loginfo24.\",\"isPartOf\":{\"@id\":\"https:\\\/\\\/loginfo24.com\\\/fr\\\/#website\"},\"primaryImageOfPage\":{\"@id\":\"https:\\\/\\\/loginfo24.com\\\/fr\\\/2021\\\/12\\\/01\\\/le-projet-staffel-du-fir-vise-a-revolutionner-le-transport-routier-de-marchandises\\\/#primaryimage\"},\"image\":{\"@id\":\"https:\\\/\\\/loginfo24.com\\\/fr\\\/2021\\\/12\\\/01\\\/le-projet-staffel-du-fir-vise-a-revolutionner-le-transport-routier-de-marchandises\\\/#primaryimage\"},\"thumbnailUrl\":\"https:\\\/\\\/loginfo24.com\\\/wp-content\\\/uploads\\\/sites\\\/7\\\/2025\\\/12\\\/Hochschule_Aachen_1.12.21.jpg\",\"datePublished\":\"2021-12-01T16:50:14+00:00\",\"breadcrumb\":{\"@id\":\"https:\\\/\\\/loginfo24.com\\\/fr\\\/2021\\\/12\\\/01\\\/le-projet-staffel-du-fir-vise-a-revolutionner-le-transport-routier-de-marchandises\\\/#breadcrumb\"},\"inLanguage\":\"fr-FR\",\"potentialAction\":[{\"@type\":\"ReadAction\",\"target\":[\"https:\\\/\\\/loginfo24.com\\\/fr\\\/2021\\\/12\\\/01\\\/le-projet-staffel-du-fir-vise-a-revolutionner-le-transport-routier-de-marchandises\\\/\"]}]},{\"@type\":\"ImageObject\",\"inLanguage\":\"fr-FR\",\"@id\":\"https:\\\/\\\/loginfo24.com\\\/fr\\\/2021\\\/12\\\/01\\\/le-projet-staffel-du-fir-vise-a-revolutionner-le-transport-routier-de-marchandises\\\/#primaryimage\",\"url\":\"https:\\\/\\\/loginfo24.com\\\/wp-content\\\/uploads\\\/sites\\\/7\\\/2025\\\/12\\\/Hochschule_Aachen_1.12.21.jpg\",\"contentUrl\":\"https:\\\/\\\/loginfo24.com\\\/wp-content\\\/uploads\\\/sites\\\/7\\\/2025\\\/12\\\/Hochschule_Aachen_1.12.21.jpg\",\"width\":1301,\"height\":725},{\"@type\":\"BreadcrumbList\",\"@id\":\"https:\\\/\\\/loginfo24.com\\\/fr\\\/2021\\\/12\\\/01\\\/le-projet-staffel-du-fir-vise-a-revolutionner-le-transport-routier-de-marchandises\\\/#breadcrumb\",\"itemListElement\":[{\"@type\":\"ListItem\",\"position\":1,\"name\":\"Startseite\",\"item\":\"https:\\\/\\\/loginfo24.com\\\/fr\\\/\"},{\"@type\":\"ListItem\",\"position\":2,\"name\":\"Le projet STAFFEL du FIR vise \u00e0 r\u00e9volutionner le transport routier de marchandises\"}]},{\"@type\":\"WebSite\",\"@id\":\"https:\\\/\\\/loginfo24.com\\\/fr\\\/#website\",\"url\":\"https:\\\/\\\/loginfo24.com\\\/fr\\\/\",\"name\":\"Loginfo24\",\"description\":\"Loginfo24 est la plateforme d\u00e9di\u00e9e \u00e0 la logistique et aux cha\u00eenes d&#039;approvisionnement qui fournit des informations 24 heures sur 24.\",\"publisher\":{\"@id\":\"https:\\\/\\\/loginfo24.com\\\/fr\\\/#organization\"},\"potentialAction\":[{\"@type\":\"SearchAction\",\"target\":{\"@type\":\"EntryPoint\",\"urlTemplate\":\"https:\\\/\\\/loginfo24.com\\\/fr\\\/?s={search_term_string}\"},\"query-input\":{\"@type\":\"PropertyValueSpecification\",\"valueRequired\":true,\"valueName\":\"search_term_string\"}}],\"inLanguage\":\"fr-FR\"},{\"@type\":\"Organization\",\"@id\":\"https:\\\/\\\/loginfo24.com\\\/fr\\\/#organization\",\"name\":\"Groupe Logismedia AG\",\"url\":\"https:\\\/\\\/loginfo24.com\\\/fr\\\/\",\"logo\":{\"@type\":\"ImageObject\",\"inLanguage\":\"fr-FR\",\"@id\":\"https:\\\/\\\/loginfo24.com\\\/fr\\\/#\\\/schema\\\/logo\\\/image\\\/\",\"url\":\"https:\\\/\\\/loginfo24.com\\\/wp-content\\\/uploads\\\/sites\\\/7\\\/2026\\\/01\\\/Logo_LogInfo24.png\",\"contentUrl\":\"https:\\\/\\\/loginfo24.com\\\/wp-content\\\/uploads\\\/sites\\\/7\\\/2026\\\/01\\\/Logo_LogInfo24.png\",\"width\":938,\"height\":351,\"caption\":\"Groupe Logismedia AG\"},\"image\":{\"@id\":\"https:\\\/\\\/loginfo24.com\\\/fr\\\/#\\\/schema\\\/logo\\\/image\\\/\"},\"sameAs\":[\"https:\\\/\\\/www.facebook.com\\\/people\\\/Loginfo24\\\/100057360583332\\\/\",\"https:\\\/\\\/www.linkedin.com\\\/company\\\/lofinfo24\\\/\"]}]}<\/script>\n<!-- \/ Yoast SEO plugin. -->","yoast_head_json":{"title":"Le projet STAFFEL du FIR vise \u00e0 r\u00e9volutionner le transport routier de marchandises - Loginfo24.","robots":{"index":"index","follow":"follow","max-snippet":"max-snippet:-1","max-image-preview":"max-image-preview:large","max-video-preview":"max-video-preview:-1"},"canonical":"https:\/\/loginfo24.com\/fr\/2021\/12\/01\/le-projet-staffel-du-fir-vise-a-revolutionner-le-transport-routier-de-marchandises\/","og_locale":"fr_FR","og_type":"article","og_title":"Le projet STAFFEL du FIR vise \u00e0 r\u00e9volutionner le transport routier de marchandises - Loginfo24.","og_description":"Le 08.12.2021 marque le coup d&rsquo;envoi de STAFFEL. Ce projet de recherche vise \u00e0 r\u00e9duire de moiti\u00e9 les temps de transport dans le transport de marchandises [\u2026]","og_url":"https:\/\/loginfo24.com\/fr\/2021\/12\/01\/le-projet-staffel-du-fir-vise-a-revolutionner-le-transport-routier-de-marchandises\/","og_site_name":"Loginfo24","article_publisher":"https:\/\/www.facebook.com\/people\/Loginfo24\/100057360583332\/","article_published_time":"2021-12-01T16:50:14+00:00","og_image":[{"width":1301,"height":725,"url":"https:\/\/loginfo24.com\/wp-content\/uploads\/sites\/7\/2025\/12\/Hochschule_Aachen_1.12.21.jpg","type":"image\/jpeg"}],"twitter_card":"summary_large_image","twitter_misc":{"Dur\u00e9e de lecture estim\u00e9e":"5 minutes"},"schema":{"@context":"https:\/\/schema.org","@graph":[{"@type":"Article","@id":"https:\/\/loginfo24.com\/fr\/2021\/12\/01\/le-projet-staffel-du-fir-vise-a-revolutionner-le-transport-routier-de-marchandises\/#article","isPartOf":{"@id":"https:\/\/loginfo24.com\/fr\/2021\/12\/01\/le-projet-staffel-du-fir-vise-a-revolutionner-le-transport-routier-de-marchandises\/"},"author":{"name":"","@id":""},"headline":"Le projet STAFFEL du FIR vise \u00e0 r\u00e9volutionner le transport routier de marchandises","datePublished":"2021-12-01T16:50:14+00:00","mainEntityOfPage":{"@id":"https:\/\/loginfo24.com\/fr\/2021\/12\/01\/le-projet-staffel-du-fir-vise-a-revolutionner-le-transport-routier-de-marchandises\/"},"wordCount":1024,"commentCount":0,"publisher":{"@id":"https:\/\/loginfo24.com\/fr\/#organization"},"image":{"@id":"https:\/\/loginfo24.com\/fr\/2021\/12\/01\/le-projet-staffel-du-fir-vise-a-revolutionner-le-transport-routier-de-marchandises\/#primaryimage"},"thumbnailUrl":"https:\/\/loginfo24.com\/wp-content\/uploads\/sites\/7\/2025\/12\/Hochschule_Aachen_1.12.21.jpg","articleSection":["Categories","Forwarding &amp; Logistics","Intermodal \/ Road","Regions"],"inLanguage":"fr-FR","potentialAction":[{"@type":"CommentAction","name":"Comment","target":["https:\/\/loginfo24.com\/fr\/2021\/12\/01\/le-projet-staffel-du-fir-vise-a-revolutionner-le-transport-routier-de-marchandises\/#respond"]}]},{"@type":"WebPage","@id":"https:\/\/loginfo24.com\/fr\/2021\/12\/01\/le-projet-staffel-du-fir-vise-a-revolutionner-le-transport-routier-de-marchandises\/","url":"https:\/\/loginfo24.com\/fr\/2021\/12\/01\/le-projet-staffel-du-fir-vise-a-revolutionner-le-transport-routier-de-marchandises\/","name":"Le projet STAFFEL du FIR vise \u00e0 r\u00e9volutionner le transport routier de marchandises - Loginfo24.","isPartOf":{"@id":"https:\/\/loginfo24.com\/fr\/#website"},"primaryImageOfPage":{"@id":"https:\/\/loginfo24.com\/fr\/2021\/12\/01\/le-projet-staffel-du-fir-vise-a-revolutionner-le-transport-routier-de-marchandises\/#primaryimage"},"image":{"@id":"https:\/\/loginfo24.com\/fr\/2021\/12\/01\/le-projet-staffel-du-fir-vise-a-revolutionner-le-transport-routier-de-marchandises\/#primaryimage"},"thumbnailUrl":"https:\/\/loginfo24.com\/wp-content\/uploads\/sites\/7\/2025\/12\/Hochschule_Aachen_1.12.21.jpg","datePublished":"2021-12-01T16:50:14+00:00","breadcrumb":{"@id":"https:\/\/loginfo24.com\/fr\/2021\/12\/01\/le-projet-staffel-du-fir-vise-a-revolutionner-le-transport-routier-de-marchandises\/#breadcrumb"},"inLanguage":"fr-FR","potentialAction":[{"@type":"ReadAction","target":["https:\/\/loginfo24.com\/fr\/2021\/12\/01\/le-projet-staffel-du-fir-vise-a-revolutionner-le-transport-routier-de-marchandises\/"]}]},{"@type":"ImageObject","inLanguage":"fr-FR","@id":"https:\/\/loginfo24.com\/fr\/2021\/12\/01\/le-projet-staffel-du-fir-vise-a-revolutionner-le-transport-routier-de-marchandises\/#primaryimage","url":"https:\/\/loginfo24.com\/wp-content\/uploads\/sites\/7\/2025\/12\/Hochschule_Aachen_1.12.21.jpg","contentUrl":"https:\/\/loginfo24.com\/wp-content\/uploads\/sites\/7\/2025\/12\/Hochschule_Aachen_1.12.21.jpg","width":1301,"height":725},{"@type":"BreadcrumbList","@id":"https:\/\/loginfo24.com\/fr\/2021\/12\/01\/le-projet-staffel-du-fir-vise-a-revolutionner-le-transport-routier-de-marchandises\/#breadcrumb","itemListElement":[{"@type":"ListItem","position":1,"name":"Startseite","item":"https:\/\/loginfo24.com\/fr\/"},{"@type":"ListItem","position":2,"name":"Le projet STAFFEL du FIR vise \u00e0 r\u00e9volutionner le transport routier de marchandises"}]},{"@type":"WebSite","@id":"https:\/\/loginfo24.com\/fr\/#website","url":"https:\/\/loginfo24.com\/fr\/","name":"Loginfo24","description":"Loginfo24 est la plateforme d\u00e9di\u00e9e \u00e0 la logistique et aux cha\u00eenes d&#039;approvisionnement qui fournit des informations 24 heures sur 24.","publisher":{"@id":"https:\/\/loginfo24.com\/fr\/#organization"},"potentialAction":[{"@type":"SearchAction","target":{"@type":"EntryPoint","urlTemplate":"https:\/\/loginfo24.com\/fr\/?s={search_term_string}"},"query-input":{"@type":"PropertyValueSpecification","valueRequired":true,"valueName":"search_term_string"}}],"inLanguage":"fr-FR"},{"@type":"Organization","@id":"https:\/\/loginfo24.com\/fr\/#organization","name":"Groupe Logismedia AG","url":"https:\/\/loginfo24.com\/fr\/","logo":{"@type":"ImageObject","inLanguage":"fr-FR","@id":"https:\/\/loginfo24.com\/fr\/#\/schema\/logo\/image\/","url":"https:\/\/loginfo24.com\/wp-content\/uploads\/sites\/7\/2026\/01\/Logo_LogInfo24.png","contentUrl":"https:\/\/loginfo24.com\/wp-content\/uploads\/sites\/7\/2026\/01\/Logo_LogInfo24.png","width":938,"height":351,"caption":"Groupe Logismedia AG"},"image":{"@id":"https:\/\/loginfo24.com\/fr\/#\/schema\/logo\/image\/"},"sameAs":["https:\/\/www.facebook.com\/people\/Loginfo24\/100057360583332\/","https:\/\/www.linkedin.com\/company\/lofinfo24\/"]}]}},"_links":{"self":[{"href":"https:\/\/loginfo24.com\/fr\/wp-json\/wp\/v2\/posts\/53904","targetHints":{"allow":["GET"]}}],"collection":[{"href":"https:\/\/loginfo24.com\/fr\/wp-json\/wp\/v2\/posts"}],"about":[{"href":"https:\/\/loginfo24.com\/fr\/wp-json\/wp\/v2\/types\/post"}],"replies":[{"embeddable":true,"href":"https:\/\/loginfo24.com\/fr\/wp-json\/wp\/v2\/comments?post=53904"}],"version-history":[{"count":0,"href":"https:\/\/loginfo24.com\/fr\/wp-json\/wp\/v2\/posts\/53904\/revisions"}],"wp:featuredmedia":[{"embeddable":true,"href":"https:\/\/loginfo24.com\/fr\/wp-json\/wp\/v2\/media\/11594"}],"wp:attachment":[{"href":"https:\/\/loginfo24.com\/fr\/wp-json\/wp\/v2\/media?parent=53904"}],"wp:term":[{"taxonomy":"category","embeddable":true,"href":"https:\/\/loginfo24.com\/fr\/wp-json\/wp\/v2\/categories?post=53904"},{"taxonomy":"post_tag","embeddable":true,"href":"https:\/\/loginfo24.com\/fr\/wp-json\/wp\/v2\/tags?post=53904"}],"curies":[{"name":"wp","href":"https:\/\/api.w.org\/{rel}","templated":true}]}}