{"id":53844,"date":"2021-11-30T13:43:17","date_gmt":"2021-11-30T12:43:17","guid":{"rendered":"https:\/\/blog.brand-architecture.at\/2021\/11\/30\/christian-levrat-prend-la-presidence-de-la-poste-suisse\/"},"modified":"2021-11-30T13:43:17","modified_gmt":"2021-11-30T12:43:17","slug":"christian-levrat-prend-la-presidence-de-la-poste-suisse","status":"publish","type":"post","link":"https:\/\/loginfo24.com\/fr\/2021\/11\/30\/christian-levrat-prend-la-presidence-de-la-poste-suisse\/","title":{"rendered":"Christian Levrat prend la pr\u00e9sidence de la Poste suisse"},"content":{"rendered":"<h5><strong>Passation de pouvoir \u00e0 la Poste suisse : Urs Schwaller remet aujourd&rsquo;hui son poste \u00e0 Christian Levrat. Urs Schwaller a pr\u00e9sid\u00e9 le conseil d&rsquo;administration de la Poste depuis avril 2016 et a pr\u00e9par\u00e9 l&rsquo;entreprise pour l&rsquo;avenir dans une p\u00e9riode turbulente. \u00c0 partir du 1er d\u00e9cembre 2021, le Fribourgeois Christian Levrat prendra la pr\u00e9sidence du conseil d&rsquo;administration de la Poste.<\/strong><\/h5>\n<p>(Berne) Christian Levrat prendra le 1er d\u00e9cembre 2021 la pr\u00e9sidence du conseil d&rsquo;administration de la Poste de l&rsquo;entrant Urs Schwaller. Christian Levrat est n\u00e9 le 7 juillet 1970 \u00e0 La-Tour-de-Tr\u00eame, dans le canton de Fribourg, et r\u00e9side \u00e0 Vuadens. Le juriste et politologue s&rsquo;est toujours engag\u00e9 pour un service public fort au cours de sa carri\u00e8re. Il a \u00e9t\u00e9 conseiller national et conseiller aux \u00c9tats du canton de Fribourg et a pr\u00e9sid\u00e9 le PS Suisse de 2008 \u00e0 2020. Levrat a notamment si\u00e9g\u00e9 \u00e0 la commission parlementaire des transports et des t\u00e9l\u00e9communications (KVF). De plus, il a dirig\u00e9 la commission des affaires \u00e9conomiques et fiscales (WAK) du Conseil des \u00c9tats et est un fin connaisseur de la politique suisse. Christian Levrat est mari\u00e9 et p\u00e8re de trois enfants. Il parle, en plus de sa langue maternelle, le fran\u00e7ais, l&rsquo;allemand et l&rsquo;anglais.<\/p>\n<p>Avec la prise de fonction \u00e0 la pr\u00e9sidence de la Poste, qui occupera 50 % de son temps de travail, Christian Levrat a d\u00e9missionn\u00e9 de son mandat parlementaire. Christian Levrat d\u00e9clare \u00e0 son entr\u00e9e en fonction : \u00ab La Poste a, avec mon pr\u00e9d\u00e9cesseur, pos\u00e9 les bonnes bases strat\u00e9giques. Je me sens dans l&rsquo;obligation de poursuivre la discussion sur les conditions l\u00e9gales dans ce sens. Non seulement dans l&rsquo;int\u00e9r\u00eat des employ\u00e9s et des clients de la Poste, mais surtout pour maintenir la Poste comme un \u00e9l\u00e9ment central de l&rsquo;infrastructure suisse sup\u00e9rieure, un avantage concurrentiel pour l&rsquo;\u00e9conomie et les habitants de notre pays. \u00bb<\/p>\n<h5><strong>Des jalons importants atteints<\/strong><\/h5>\n<p>\u00ab Je quitte une Poste stable qui a trac\u00e9 la bonne voie pour l&rsquo;avenir. Avec Roberto Cirillo et la direction de l&rsquo;entreprise, le groupe dispose d&rsquo;une bonne \u00e9quipe de direction qui prendra soin des employ\u00e9s, car ils sont le c\u0153ur et l&rsquo;\u00e2me de la Poste \u00bb, d\u00e9clare Urs Schwaller.<\/p>\n<p>Le pr\u00e9sident sortant du conseil d&rsquo;administration, Urs Schwaller, a dirig\u00e9 la Poste depuis avril 2016 et a atteint des jalons importants au cours de son mandat de cinq ans. Pendant son mandat, une large et transparente discussion sur l&rsquo;avenir du r\u00e9seau des bureaux de poste a \u00e9t\u00e9 initi\u00e9e et un r\u00e9seau moderne de points d&rsquo;acc\u00e8s a \u00e9t\u00e9 install\u00e9. Pour Urs Schwaller, le service public a toujours \u00e9t\u00e9 au centre des pr\u00e9occupations. Pendant son mandat de pr\u00e9sident, il a \u00e9galement pr\u00e9par\u00e9 l&rsquo;entreprise pour l&rsquo;avenir. Urs Schwaller a, avec la nouvelle strat\u00e9gie \u00ab Poste de demain \u00bb, en collaboration avec la direction de l&rsquo;entreprise, pos\u00e9 des bases importantes pour que la Suisse puisse continuer \u00e0 b\u00e9n\u00e9ficier d&rsquo;un service public de haute qualit\u00e9 \u00e0 l&rsquo;avenir. La pr\u00e9sidence d&rsquo;Urs Schwaller a \u00e9galement \u00e9t\u00e9 marqu\u00e9e par des p\u00e9riodes turbulentes. En tant que pr\u00e9sident du conseil d&rsquo;administration, il a \u00e9t\u00e9 responsable de l&rsquo;analyse rapide et coh\u00e9rente de l&rsquo;affaire PostAuto.<\/p>\n<h5><strong>Remerciements de la direction de l&rsquo;entreprise<\/strong><\/h5>\n<p>Roberto Cirillo remercie, au nom de la direction de l&rsquo;entreprise, le pr\u00e9sident sortant pour son travail et son soutien : \u00ab Nous, \u00e0 la direction de l&rsquo;entreprise, avons appr\u00e9ci\u00e9 le leadership juste et tourn\u00e9 vers l&rsquo;avenir d&rsquo;Urs Schwaller et nous le remercions pour la collaboration, qui a toujours \u00e9t\u00e9 marqu\u00e9e par les fortes valeurs du pr\u00e9sident. \u00bb<\/p>\n<p>Photo : \u00a9 Levrat.ch<\/p>\n","protected":false},"excerpt":{"rendered":"<p>Passation de pouvoir \u00e0 la Poste suisse : Urs Schwaller remet aujourd&rsquo;hui son poste \u00e0 Christian Levrat. Urs Schwaller a pr\u00e9sid\u00e9 le conseil d&rsquo;administration de la<span class=\"excerpt-hellip\"> [\u2026]<\/span><\/p>\n","protected":false},"author":0,"featured_media":11614,"comment_status":"open","ping_status":"open","sticky":false,"template":"","format":"standard","meta":{"_acf_changed":false,"footnotes":""},"categories":[1557,1561],"tags":[],"class_list":["post-53844","post","type-post","status-publish","format-standard","has-post-thumbnail","hentry","category-forwarding-logistics","category-regions"],"acf":[],"yoast_head":"<!-- This site is optimized with the Yoast SEO plugin v27.3 - https:\/\/yoast.com\/product\/yoast-seo-wordpress\/ -->\n<title>Christian Levrat prend la pr\u00e9sidence de la Poste suisse - Loginfo24.<\/title>\n<meta name=\"robots\" content=\"index, follow, max-snippet:-1, max-image-preview:large, max-video-preview:-1\" \/>\n<link rel=\"canonical\" href=\"https:\/\/loginfo24.com\/fr\/2021\/11\/30\/christian-levrat-prend-la-presidence-de-la-poste-suisse\/\" \/>\n<meta property=\"og:locale\" content=\"fr_FR\" \/>\n<meta property=\"og:type\" content=\"article\" \/>\n<meta property=\"og:title\" content=\"Christian Levrat prend la pr\u00e9sidence de la Poste suisse - Loginfo24.\" \/>\n<meta property=\"og:description\" content=\"Passation de pouvoir \u00e0 la Poste suisse : Urs Schwaller remet aujourd&rsquo;hui son poste \u00e0 Christian Levrat. Urs Schwaller a pr\u00e9sid\u00e9 le conseil d&rsquo;administration de la [\u2026]\" \/>\n<meta property=\"og:url\" content=\"https:\/\/loginfo24.com\/fr\/2021\/11\/30\/christian-levrat-prend-la-presidence-de-la-poste-suisse\/\" \/>\n<meta property=\"og:site_name\" content=\"Loginfo24\" \/>\n<meta property=\"article:publisher\" content=\"https:\/\/www.facebook.com\/people\/Loginfo24\/100057360583332\/\" \/>\n<meta property=\"article:published_time\" content=\"2021-11-30T12:43:17+00:00\" \/>\n<meta property=\"og:image\" content=\"https:\/\/loginfo24.com\/wp-content\/uploads\/sites\/7\/2025\/12\/Post_CH_30.11.21.jpg\" \/>\n\t<meta property=\"og:image:width\" content=\"1217\" \/>\n\t<meta property=\"og:image:height\" content=\"916\" \/>\n\t<meta property=\"og:image:type\" content=\"image\/jpeg\" \/>\n<meta name=\"twitter:card\" content=\"summary_large_image\" \/>\n<meta name=\"twitter:label1\" content=\"Dur\u00e9e de lecture estim\u00e9e\" \/>\n\t<meta name=\"twitter:data1\" content=\"3 minutes\" \/>\n<script type=\"application\/ld+json\" class=\"yoast-schema-graph\">{\"@context\":\"https:\\\/\\\/schema.org\",\"@graph\":[{\"@type\":\"Article\",\"@id\":\"https:\\\/\\\/loginfo24.com\\\/fr\\\/2021\\\/11\\\/30\\\/christian-levrat-prend-la-presidence-de-la-poste-suisse\\\/#article\",\"isPartOf\":{\"@id\":\"https:\\\/\\\/loginfo24.com\\\/fr\\\/2021\\\/11\\\/30\\\/christian-levrat-prend-la-presidence-de-la-poste-suisse\\\/\"},\"author\":{\"name\":\"\",\"@id\":\"\"},\"headline\":\"Christian Levrat prend la pr\u00e9sidence de la Poste suisse\",\"datePublished\":\"2021-11-30T12:43:17+00:00\",\"mainEntityOfPage\":{\"@id\":\"https:\\\/\\\/loginfo24.com\\\/fr\\\/2021\\\/11\\\/30\\\/christian-levrat-prend-la-presidence-de-la-poste-suisse\\\/\"},\"wordCount\":639,\"commentCount\":0,\"publisher\":{\"@id\":\"https:\\\/\\\/loginfo24.com\\\/fr\\\/#organization\"},\"image\":{\"@id\":\"https:\\\/\\\/loginfo24.com\\\/fr\\\/2021\\\/11\\\/30\\\/christian-levrat-prend-la-presidence-de-la-poste-suisse\\\/#primaryimage\"},\"thumbnailUrl\":\"https:\\\/\\\/loginfo24.com\\\/wp-content\\\/uploads\\\/sites\\\/7\\\/2025\\\/12\\\/Post_CH_30.11.21.jpg\",\"articleSection\":[\"Forwarding &amp; Logistics\",\"Regions\"],\"inLanguage\":\"fr-FR\",\"potentialAction\":[{\"@type\":\"CommentAction\",\"name\":\"Comment\",\"target\":[\"https:\\\/\\\/loginfo24.com\\\/fr\\\/2021\\\/11\\\/30\\\/christian-levrat-prend-la-presidence-de-la-poste-suisse\\\/#respond\"]}]},{\"@type\":\"WebPage\",\"@id\":\"https:\\\/\\\/loginfo24.com\\\/fr\\\/2021\\\/11\\\/30\\\/christian-levrat-prend-la-presidence-de-la-poste-suisse\\\/\",\"url\":\"https:\\\/\\\/loginfo24.com\\\/fr\\\/2021\\\/11\\\/30\\\/christian-levrat-prend-la-presidence-de-la-poste-suisse\\\/\",\"name\":\"Christian Levrat prend la pr\u00e9sidence de la Poste suisse - Loginfo24.\",\"isPartOf\":{\"@id\":\"https:\\\/\\\/loginfo24.com\\\/fr\\\/#website\"},\"primaryImageOfPage\":{\"@id\":\"https:\\\/\\\/loginfo24.com\\\/fr\\\/2021\\\/11\\\/30\\\/christian-levrat-prend-la-presidence-de-la-poste-suisse\\\/#primaryimage\"},\"image\":{\"@id\":\"https:\\\/\\\/loginfo24.com\\\/fr\\\/2021\\\/11\\\/30\\\/christian-levrat-prend-la-presidence-de-la-poste-suisse\\\/#primaryimage\"},\"thumbnailUrl\":\"https:\\\/\\\/loginfo24.com\\\/wp-content\\\/uploads\\\/sites\\\/7\\\/2025\\\/12\\\/Post_CH_30.11.21.jpg\",\"datePublished\":\"2021-11-30T12:43:17+00:00\",\"breadcrumb\":{\"@id\":\"https:\\\/\\\/loginfo24.com\\\/fr\\\/2021\\\/11\\\/30\\\/christian-levrat-prend-la-presidence-de-la-poste-suisse\\\/#breadcrumb\"},\"inLanguage\":\"fr-FR\",\"potentialAction\":[{\"@type\":\"ReadAction\",\"target\":[\"https:\\\/\\\/loginfo24.com\\\/fr\\\/2021\\\/11\\\/30\\\/christian-levrat-prend-la-presidence-de-la-poste-suisse\\\/\"]}]},{\"@type\":\"ImageObject\",\"inLanguage\":\"fr-FR\",\"@id\":\"https:\\\/\\\/loginfo24.com\\\/fr\\\/2021\\\/11\\\/30\\\/christian-levrat-prend-la-presidence-de-la-poste-suisse\\\/#primaryimage\",\"url\":\"https:\\\/\\\/loginfo24.com\\\/wp-content\\\/uploads\\\/sites\\\/7\\\/2025\\\/12\\\/Post_CH_30.11.21.jpg\",\"contentUrl\":\"https:\\\/\\\/loginfo24.com\\\/wp-content\\\/uploads\\\/sites\\\/7\\\/2025\\\/12\\\/Post_CH_30.11.21.jpg\",\"width\":1217,\"height\":916},{\"@type\":\"BreadcrumbList\",\"@id\":\"https:\\\/\\\/loginfo24.com\\\/fr\\\/2021\\\/11\\\/30\\\/christian-levrat-prend-la-presidence-de-la-poste-suisse\\\/#breadcrumb\",\"itemListElement\":[{\"@type\":\"ListItem\",\"position\":1,\"name\":\"Startseite\",\"item\":\"https:\\\/\\\/loginfo24.com\\\/fr\\\/\"},{\"@type\":\"ListItem\",\"position\":2,\"name\":\"Christian Levrat prend la pr\u00e9sidence de la Poste suisse\"}]},{\"@type\":\"WebSite\",\"@id\":\"https:\\\/\\\/loginfo24.com\\\/fr\\\/#website\",\"url\":\"https:\\\/\\\/loginfo24.com\\\/fr\\\/\",\"name\":\"Loginfo24\",\"description\":\"Loginfo24 est la plateforme d\u00e9di\u00e9e \u00e0 la logistique et aux cha\u00eenes d&#039;approvisionnement qui fournit des informations 24 heures sur 24.\",\"publisher\":{\"@id\":\"https:\\\/\\\/loginfo24.com\\\/fr\\\/#organization\"},\"potentialAction\":[{\"@type\":\"SearchAction\",\"target\":{\"@type\":\"EntryPoint\",\"urlTemplate\":\"https:\\\/\\\/loginfo24.com\\\/fr\\\/?s={search_term_string}\"},\"query-input\":{\"@type\":\"PropertyValueSpecification\",\"valueRequired\":true,\"valueName\":\"search_term_string\"}}],\"inLanguage\":\"fr-FR\"},{\"@type\":\"Organization\",\"@id\":\"https:\\\/\\\/loginfo24.com\\\/fr\\\/#organization\",\"name\":\"Groupe Logismedia AG\",\"url\":\"https:\\\/\\\/loginfo24.com\\\/fr\\\/\",\"logo\":{\"@type\":\"ImageObject\",\"inLanguage\":\"fr-FR\",\"@id\":\"https:\\\/\\\/loginfo24.com\\\/fr\\\/#\\\/schema\\\/logo\\\/image\\\/\",\"url\":\"https:\\\/\\\/loginfo24.com\\\/wp-content\\\/uploads\\\/sites\\\/7\\\/2026\\\/01\\\/Logo_LogInfo24.png\",\"contentUrl\":\"https:\\\/\\\/loginfo24.com\\\/wp-content\\\/uploads\\\/sites\\\/7\\\/2026\\\/01\\\/Logo_LogInfo24.png\",\"width\":938,\"height\":351,\"caption\":\"Groupe Logismedia AG\"},\"image\":{\"@id\":\"https:\\\/\\\/loginfo24.com\\\/fr\\\/#\\\/schema\\\/logo\\\/image\\\/\"},\"sameAs\":[\"https:\\\/\\\/www.facebook.com\\\/people\\\/Loginfo24\\\/100057360583332\\\/\",\"https:\\\/\\\/www.linkedin.com\\\/company\\\/lofinfo24\\\/\"]}]}<\/script>\n<!-- \/ Yoast SEO plugin. -->","yoast_head_json":{"title":"Christian Levrat prend la pr\u00e9sidence de la Poste suisse - Loginfo24.","robots":{"index":"index","follow":"follow","max-snippet":"max-snippet:-1","max-image-preview":"max-image-preview:large","max-video-preview":"max-video-preview:-1"},"canonical":"https:\/\/loginfo24.com\/fr\/2021\/11\/30\/christian-levrat-prend-la-presidence-de-la-poste-suisse\/","og_locale":"fr_FR","og_type":"article","og_title":"Christian Levrat prend la pr\u00e9sidence de la Poste suisse - Loginfo24.","og_description":"Passation de pouvoir \u00e0 la Poste suisse : Urs Schwaller remet aujourd&rsquo;hui son poste \u00e0 Christian Levrat. Urs Schwaller a pr\u00e9sid\u00e9 le conseil d&rsquo;administration de la [\u2026]","og_url":"https:\/\/loginfo24.com\/fr\/2021\/11\/30\/christian-levrat-prend-la-presidence-de-la-poste-suisse\/","og_site_name":"Loginfo24","article_publisher":"https:\/\/www.facebook.com\/people\/Loginfo24\/100057360583332\/","article_published_time":"2021-11-30T12:43:17+00:00","og_image":[{"width":1217,"height":916,"url":"https:\/\/loginfo24.com\/wp-content\/uploads\/sites\/7\/2025\/12\/Post_CH_30.11.21.jpg","type":"image\/jpeg"}],"twitter_card":"summary_large_image","twitter_misc":{"Dur\u00e9e de lecture estim\u00e9e":"3 minutes"},"schema":{"@context":"https:\/\/schema.org","@graph":[{"@type":"Article","@id":"https:\/\/loginfo24.com\/fr\/2021\/11\/30\/christian-levrat-prend-la-presidence-de-la-poste-suisse\/#article","isPartOf":{"@id":"https:\/\/loginfo24.com\/fr\/2021\/11\/30\/christian-levrat-prend-la-presidence-de-la-poste-suisse\/"},"author":{"name":"","@id":""},"headline":"Christian Levrat prend la pr\u00e9sidence de la Poste suisse","datePublished":"2021-11-30T12:43:17+00:00","mainEntityOfPage":{"@id":"https:\/\/loginfo24.com\/fr\/2021\/11\/30\/christian-levrat-prend-la-presidence-de-la-poste-suisse\/"},"wordCount":639,"commentCount":0,"publisher":{"@id":"https:\/\/loginfo24.com\/fr\/#organization"},"image":{"@id":"https:\/\/loginfo24.com\/fr\/2021\/11\/30\/christian-levrat-prend-la-presidence-de-la-poste-suisse\/#primaryimage"},"thumbnailUrl":"https:\/\/loginfo24.com\/wp-content\/uploads\/sites\/7\/2025\/12\/Post_CH_30.11.21.jpg","articleSection":["Forwarding &amp; Logistics","Regions"],"inLanguage":"fr-FR","potentialAction":[{"@type":"CommentAction","name":"Comment","target":["https:\/\/loginfo24.com\/fr\/2021\/11\/30\/christian-levrat-prend-la-presidence-de-la-poste-suisse\/#respond"]}]},{"@type":"WebPage","@id":"https:\/\/loginfo24.com\/fr\/2021\/11\/30\/christian-levrat-prend-la-presidence-de-la-poste-suisse\/","url":"https:\/\/loginfo24.com\/fr\/2021\/11\/30\/christian-levrat-prend-la-presidence-de-la-poste-suisse\/","name":"Christian Levrat prend la pr\u00e9sidence de la Poste suisse - Loginfo24.","isPartOf":{"@id":"https:\/\/loginfo24.com\/fr\/#website"},"primaryImageOfPage":{"@id":"https:\/\/loginfo24.com\/fr\/2021\/11\/30\/christian-levrat-prend-la-presidence-de-la-poste-suisse\/#primaryimage"},"image":{"@id":"https:\/\/loginfo24.com\/fr\/2021\/11\/30\/christian-levrat-prend-la-presidence-de-la-poste-suisse\/#primaryimage"},"thumbnailUrl":"https:\/\/loginfo24.com\/wp-content\/uploads\/sites\/7\/2025\/12\/Post_CH_30.11.21.jpg","datePublished":"2021-11-30T12:43:17+00:00","breadcrumb":{"@id":"https:\/\/loginfo24.com\/fr\/2021\/11\/30\/christian-levrat-prend-la-presidence-de-la-poste-suisse\/#breadcrumb"},"inLanguage":"fr-FR","potentialAction":[{"@type":"ReadAction","target":["https:\/\/loginfo24.com\/fr\/2021\/11\/30\/christian-levrat-prend-la-presidence-de-la-poste-suisse\/"]}]},{"@type":"ImageObject","inLanguage":"fr-FR","@id":"https:\/\/loginfo24.com\/fr\/2021\/11\/30\/christian-levrat-prend-la-presidence-de-la-poste-suisse\/#primaryimage","url":"https:\/\/loginfo24.com\/wp-content\/uploads\/sites\/7\/2025\/12\/Post_CH_30.11.21.jpg","contentUrl":"https:\/\/loginfo24.com\/wp-content\/uploads\/sites\/7\/2025\/12\/Post_CH_30.11.21.jpg","width":1217,"height":916},{"@type":"BreadcrumbList","@id":"https:\/\/loginfo24.com\/fr\/2021\/11\/30\/christian-levrat-prend-la-presidence-de-la-poste-suisse\/#breadcrumb","itemListElement":[{"@type":"ListItem","position":1,"name":"Startseite","item":"https:\/\/loginfo24.com\/fr\/"},{"@type":"ListItem","position":2,"name":"Christian Levrat prend la pr\u00e9sidence de la Poste suisse"}]},{"@type":"WebSite","@id":"https:\/\/loginfo24.com\/fr\/#website","url":"https:\/\/loginfo24.com\/fr\/","name":"Loginfo24","description":"Loginfo24 est la plateforme d\u00e9di\u00e9e \u00e0 la logistique et aux cha\u00eenes d&#039;approvisionnement qui fournit des informations 24 heures sur 24.","publisher":{"@id":"https:\/\/loginfo24.com\/fr\/#organization"},"potentialAction":[{"@type":"SearchAction","target":{"@type":"EntryPoint","urlTemplate":"https:\/\/loginfo24.com\/fr\/?s={search_term_string}"},"query-input":{"@type":"PropertyValueSpecification","valueRequired":true,"valueName":"search_term_string"}}],"inLanguage":"fr-FR"},{"@type":"Organization","@id":"https:\/\/loginfo24.com\/fr\/#organization","name":"Groupe Logismedia AG","url":"https:\/\/loginfo24.com\/fr\/","logo":{"@type":"ImageObject","inLanguage":"fr-FR","@id":"https:\/\/loginfo24.com\/fr\/#\/schema\/logo\/image\/","url":"https:\/\/loginfo24.com\/wp-content\/uploads\/sites\/7\/2026\/01\/Logo_LogInfo24.png","contentUrl":"https:\/\/loginfo24.com\/wp-content\/uploads\/sites\/7\/2026\/01\/Logo_LogInfo24.png","width":938,"height":351,"caption":"Groupe Logismedia AG"},"image":{"@id":"https:\/\/loginfo24.com\/fr\/#\/schema\/logo\/image\/"},"sameAs":["https:\/\/www.facebook.com\/people\/Loginfo24\/100057360583332\/","https:\/\/www.linkedin.com\/company\/lofinfo24\/"]}]}},"_links":{"self":[{"href":"https:\/\/loginfo24.com\/fr\/wp-json\/wp\/v2\/posts\/53844","targetHints":{"allow":["GET"]}}],"collection":[{"href":"https:\/\/loginfo24.com\/fr\/wp-json\/wp\/v2\/posts"}],"about":[{"href":"https:\/\/loginfo24.com\/fr\/wp-json\/wp\/v2\/types\/post"}],"replies":[{"embeddable":true,"href":"https:\/\/loginfo24.com\/fr\/wp-json\/wp\/v2\/comments?post=53844"}],"version-history":[{"count":0,"href":"https:\/\/loginfo24.com\/fr\/wp-json\/wp\/v2\/posts\/53844\/revisions"}],"wp:featuredmedia":[{"embeddable":true,"href":"https:\/\/loginfo24.com\/fr\/wp-json\/wp\/v2\/media\/11614"}],"wp:attachment":[{"href":"https:\/\/loginfo24.com\/fr\/wp-json\/wp\/v2\/media?parent=53844"}],"wp:term":[{"taxonomy":"category","embeddable":true,"href":"https:\/\/loginfo24.com\/fr\/wp-json\/wp\/v2\/categories?post=53844"},{"taxonomy":"post_tag","embeddable":true,"href":"https:\/\/loginfo24.com\/fr\/wp-json\/wp\/v2\/tags?post=53844"}],"curies":[{"name":"wp","href":"https:\/\/api.w.org\/{rel}","templated":true}]}}