{"id":53838,"date":"2021-11-29T19:06:45","date_gmt":"2021-11-29T18:06:45","guid":{"rendered":"https:\/\/blog.brand-architecture.at\/2021\/11\/29\/le-salon-logimat-reporte-de-mi-mars-a-fin-mai-2022\/"},"modified":"2021-11-29T19:06:45","modified_gmt":"2021-11-29T18:06:45","slug":"le-salon-logimat-reporte-de-mi-mars-a-fin-mai-2022","status":"publish","type":"post","link":"https:\/\/loginfo24.com\/fr\/2021\/11\/29\/le-salon-logimat-reporte-de-mi-mars-a-fin-mai-2022\/","title":{"rendered":"Le salon LogiMAT report\u00e9 de mi-mars \u00e0 fin mai 2022"},"content":{"rendered":"<h5><strong>Le salon intralogistique LogiMAT, pr\u00e9vu \u00e0 Stuttgart du 08 au 10 mars 2022, doit \u00eatre report\u00e9 en raison de la situation difficile li\u00e9e au Corona. En \u00e9troite concertation avec les exposants, l&rsquo;organisateur, la EUROEXPO Messe- und Kongress-GmbH, a d\u00e9cid\u00e9 de d\u00e9placer le salon aux dates du 31 mai au 2 juin 2022. La plateforme LogiMAT.digital sera prolong\u00e9e jusqu&rsquo;\u00e0 fin juin 2022.<\/strong><\/h5>\n<p>(Munich\/Stuttgart) Le LogiMAT \u2013 Salon international des solutions intralogistiques et de la gestion des processus ne se tiendra pas comme pr\u00e9vu du 08 au 10 mars 2022 en raison de la situation difficile li\u00e9e au Corona. L&rsquo;organisateur, la EUROEXPO Messe- und Kongress-GmbH, se voit contraint de reporter le LogiMAT aux dates du 31 mai au 2 juin 2022 en raison des incidences actuelles et du taux de vaccination insuffisant.<\/p>\n<p>\u00ab Les incidences \u00e9lev\u00e9es actuelles inqui\u00e8tent \u00e9galement nos exposants. C&rsquo;est compr\u00e9hensible et ne peut pas \u00eatre ignor\u00e9. Nous devons donc r\u00e9agir \u00e0 nouveau en temps utile \u00e0 cette situation actuelle. Nos exposants ont besoin de s\u00e9curit\u00e9 de planification, ce qui est difficile \u00e0 ce stade \u00bb, explique Michael Ruchty, directeur du salon LogiMAT, Stuttgart. \u00ab Il est incertain, \u00e0 l&rsquo;heure actuelle, si l&rsquo;\u00e9v\u00e9nement en pr\u00e9sentiel pourrait avoir lieu dans son int\u00e9gralit\u00e9 en mars. Les exposants souhaitent un \u00e9v\u00e9nement en pr\u00e9sentiel - mais si le taux de vaccination reste trop bas et que cela entra\u00eene une surcharge des h\u00f4pitaux, cela ne sera pas dans l&rsquo;int\u00e9r\u00eat de toutes les parties concern\u00e9es. Nous devons tout faire pour r\u00e9pondre aux attentes l\u00e9gitimes des exposants et des visiteurs sur place. Il n&rsquo;est donc pas surprenant que ce report soit express\u00e9ment souhait\u00e9 par de nombreux exposants. \u00bb<\/p>\n<p>\u00ab Nous accueillons et soutenons la d\u00e9cision n\u00e9cessaire de tenir le salon \u00e0 un moment moins risqu\u00e9. Le bien-\u00eatre sanitaire des invit\u00e9s et des employ\u00e9s sur un stand Jungheinrich est notre priorit\u00e9 absolue. Nous nous r\u00e9jouissons d&rsquo;un LogiMAT 2022 r\u00e9ussi en mai \u00bb, d\u00e9clare Christian Erlach, membre du conseil d&rsquo;administration des ventes de Jungheinrich AG \u00e0 Hambourg.<\/p>\n<h5>Les exposants soutiennent le report<\/h5>\n<p>\u00ab Une d\u00e9cision que nous soutenons pleinement. La situation ne permet pas actuellement une planification fiable. Nous nous r\u00e9jouissons du prochain salon \u00e0 Stuttgart et avons quelques nouveaux produits passionnants et des solutions innovantes \u00e0 offrir au public professionnel. Pour cela, une ex\u00e9cution s\u00e9curis\u00e9e ainsi qu&rsquo;une planification s\u00e9curis\u00e9e sont indispensables \u00bb, explique Steffen Bersch, PDG du groupe SSI SCH\u00c4FER.<\/p>\n<p>\u00ab Cette d\u00e9cision est aussi compr\u00e9hensible que regrettable. Il est absolument juste et n\u00e9cessaire de permettre \u00e0 tous les exposants et visiteurs de b\u00e9n\u00e9ficier d&rsquo;un \u00e9v\u00e9nement planifiable et s\u00e9curis\u00e9. En regardant les exp\u00e9riences des deux derni\u00e8res ann\u00e9es, la date de mai offre des conditions nettement meilleures \u00bb, ajoute le Prof. Dr.-Ing. Johannes Fottner, titulaire de la chaire de technologie de transport, flux de mat\u00e9riaux et logistique, facult\u00e9 de g\u00e9nie m\u00e9canique, Universit\u00e9 technique de Munich et pr\u00e9sident du jury professionnel \u00ab LogiMAT MEILLEUR PRODUIT \u00bb.<\/p>\n<p>Pour combler le temps jusqu&rsquo;au salon de mai 2022, la plateforme LogiMAT.digital sera prolong\u00e9e pour tous les participants jusqu&rsquo;\u00e0 fin juin 2022.<\/p>\n<h5>La plateforme LogiMAT.digital comblera le vide<\/h5>\n<p>\u00ab Nous regrettons la n\u00e9cessit\u00e9, mais la date de fin mai est parfaite et nous sommes heureux d&rsquo;avoir pu r\u00e9aliser ce souhait de nos exposants si rapidement avec le soutien de la Landesmesse Stuttgart GmbH. \u00bb, explique Peter Kazander, directeur g\u00e9n\u00e9ral de la EUROEXPO Messe- und Kongress-GmbH. \u00ab Avec notre plateforme LogiMAT.digital, nous comblerons le vide jusqu&rsquo;\u00e0 fin mai en collaboration avec les exposants et resterons ainsi en contact moderne avec les visiteurs professionnels. \u00bb<\/p>\n<p>Photo : \u00a9 LogiMAT<\/p>\n","protected":false},"excerpt":{"rendered":"<p>Le salon intralogistique LogiMAT, pr\u00e9vu \u00e0 Stuttgart du 08 au 10 mars 2022, doit \u00eatre report\u00e9 en raison de la situation difficile li\u00e9e au Corona. En<span class=\"excerpt-hellip\"> [\u2026]<\/span><\/p>\n","protected":false},"author":0,"featured_media":11616,"comment_status":"open","ping_status":"open","sticky":false,"template":"","format":"standard","meta":{"_acf_changed":false,"footnotes":""},"categories":[1557,1560,1561],"tags":[],"class_list":["post-53838","post","type-post","status-publish","format-standard","has-post-thumbnail","hentry","category-forwarding-logistics","category-intralogistics","category-regions"],"acf":[],"yoast_head":"<!-- This site is optimized with the Yoast SEO plugin v27.3 - https:\/\/yoast.com\/product\/yoast-seo-wordpress\/ -->\n<title>Le salon LogiMAT report\u00e9 de mi-mars \u00e0 fin mai 2022 - Loginfo24.<\/title>\n<meta name=\"robots\" content=\"index, follow, max-snippet:-1, max-image-preview:large, max-video-preview:-1\" \/>\n<link rel=\"canonical\" href=\"https:\/\/loginfo24.com\/fr\/2021\/11\/29\/le-salon-logimat-reporte-de-mi-mars-a-fin-mai-2022\/\" \/>\n<meta property=\"og:locale\" content=\"fr_FR\" \/>\n<meta property=\"og:type\" content=\"article\" \/>\n<meta property=\"og:title\" content=\"Le salon LogiMAT report\u00e9 de mi-mars \u00e0 fin mai 2022 - Loginfo24.\" \/>\n<meta property=\"og:description\" content=\"Le salon intralogistique LogiMAT, pr\u00e9vu \u00e0 Stuttgart du 08 au 10 mars 2022, doit \u00eatre report\u00e9 en raison de la situation difficile li\u00e9e au Corona. En [\u2026]\" \/>\n<meta property=\"og:url\" content=\"https:\/\/loginfo24.com\/fr\/2021\/11\/29\/le-salon-logimat-reporte-de-mi-mars-a-fin-mai-2022\/\" \/>\n<meta property=\"og:site_name\" content=\"Loginfo24\" \/>\n<meta property=\"article:publisher\" content=\"https:\/\/www.facebook.com\/people\/Loginfo24\/100057360583332\/\" \/>\n<meta property=\"article:published_time\" content=\"2021-11-29T18:06:45+00:00\" \/>\n<meta property=\"og:image\" content=\"https:\/\/loginfo24.com\/wp-content\/uploads\/sites\/7\/2025\/12\/LogiMAT_29.11.21.jpg\" \/>\n\t<meta property=\"og:image:width\" content=\"1570\" \/>\n\t<meta property=\"og:image:height\" content=\"870\" \/>\n\t<meta property=\"og:image:type\" content=\"image\/jpeg\" \/>\n<meta name=\"twitter:card\" content=\"summary_large_image\" \/>\n<meta name=\"twitter:label1\" content=\"Dur\u00e9e de lecture estim\u00e9e\" \/>\n\t<meta name=\"twitter:data1\" content=\"3 minutes\" \/>\n<script type=\"application\/ld+json\" class=\"yoast-schema-graph\">{\"@context\":\"https:\\\/\\\/schema.org\",\"@graph\":[{\"@type\":\"Article\",\"@id\":\"https:\\\/\\\/loginfo24.com\\\/fr\\\/2021\\\/11\\\/29\\\/le-salon-logimat-reporte-de-mi-mars-a-fin-mai-2022\\\/#article\",\"isPartOf\":{\"@id\":\"https:\\\/\\\/loginfo24.com\\\/fr\\\/2021\\\/11\\\/29\\\/le-salon-logimat-reporte-de-mi-mars-a-fin-mai-2022\\\/\"},\"author\":{\"name\":\"\",\"@id\":\"\"},\"headline\":\"Le salon LogiMAT report\u00e9 de mi-mars \u00e0 fin mai 2022\",\"datePublished\":\"2021-11-29T18:06:45+00:00\",\"mainEntityOfPage\":{\"@id\":\"https:\\\/\\\/loginfo24.com\\\/fr\\\/2021\\\/11\\\/29\\\/le-salon-logimat-reporte-de-mi-mars-a-fin-mai-2022\\\/\"},\"wordCount\":625,\"commentCount\":0,\"publisher\":{\"@id\":\"https:\\\/\\\/loginfo24.com\\\/fr\\\/#organization\"},\"image\":{\"@id\":\"https:\\\/\\\/loginfo24.com\\\/fr\\\/2021\\\/11\\\/29\\\/le-salon-logimat-reporte-de-mi-mars-a-fin-mai-2022\\\/#primaryimage\"},\"thumbnailUrl\":\"https:\\\/\\\/loginfo24.com\\\/wp-content\\\/uploads\\\/sites\\\/7\\\/2025\\\/12\\\/LogiMAT_29.11.21.jpg\",\"articleSection\":[\"Forwarding &amp; Logistics\",\"Intralogistics\",\"Regions\"],\"inLanguage\":\"fr-FR\",\"potentialAction\":[{\"@type\":\"CommentAction\",\"name\":\"Comment\",\"target\":[\"https:\\\/\\\/loginfo24.com\\\/fr\\\/2021\\\/11\\\/29\\\/le-salon-logimat-reporte-de-mi-mars-a-fin-mai-2022\\\/#respond\"]}]},{\"@type\":\"WebPage\",\"@id\":\"https:\\\/\\\/loginfo24.com\\\/fr\\\/2021\\\/11\\\/29\\\/le-salon-logimat-reporte-de-mi-mars-a-fin-mai-2022\\\/\",\"url\":\"https:\\\/\\\/loginfo24.com\\\/fr\\\/2021\\\/11\\\/29\\\/le-salon-logimat-reporte-de-mi-mars-a-fin-mai-2022\\\/\",\"name\":\"Le salon LogiMAT report\u00e9 de mi-mars \u00e0 fin mai 2022 - Loginfo24.\",\"isPartOf\":{\"@id\":\"https:\\\/\\\/loginfo24.com\\\/fr\\\/#website\"},\"primaryImageOfPage\":{\"@id\":\"https:\\\/\\\/loginfo24.com\\\/fr\\\/2021\\\/11\\\/29\\\/le-salon-logimat-reporte-de-mi-mars-a-fin-mai-2022\\\/#primaryimage\"},\"image\":{\"@id\":\"https:\\\/\\\/loginfo24.com\\\/fr\\\/2021\\\/11\\\/29\\\/le-salon-logimat-reporte-de-mi-mars-a-fin-mai-2022\\\/#primaryimage\"},\"thumbnailUrl\":\"https:\\\/\\\/loginfo24.com\\\/wp-content\\\/uploads\\\/sites\\\/7\\\/2025\\\/12\\\/LogiMAT_29.11.21.jpg\",\"datePublished\":\"2021-11-29T18:06:45+00:00\",\"breadcrumb\":{\"@id\":\"https:\\\/\\\/loginfo24.com\\\/fr\\\/2021\\\/11\\\/29\\\/le-salon-logimat-reporte-de-mi-mars-a-fin-mai-2022\\\/#breadcrumb\"},\"inLanguage\":\"fr-FR\",\"potentialAction\":[{\"@type\":\"ReadAction\",\"target\":[\"https:\\\/\\\/loginfo24.com\\\/fr\\\/2021\\\/11\\\/29\\\/le-salon-logimat-reporte-de-mi-mars-a-fin-mai-2022\\\/\"]}]},{\"@type\":\"ImageObject\",\"inLanguage\":\"fr-FR\",\"@id\":\"https:\\\/\\\/loginfo24.com\\\/fr\\\/2021\\\/11\\\/29\\\/le-salon-logimat-reporte-de-mi-mars-a-fin-mai-2022\\\/#primaryimage\",\"url\":\"https:\\\/\\\/loginfo24.com\\\/wp-content\\\/uploads\\\/sites\\\/7\\\/2025\\\/12\\\/LogiMAT_29.11.21.jpg\",\"contentUrl\":\"https:\\\/\\\/loginfo24.com\\\/wp-content\\\/uploads\\\/sites\\\/7\\\/2025\\\/12\\\/LogiMAT_29.11.21.jpg\",\"width\":1570,\"height\":870},{\"@type\":\"BreadcrumbList\",\"@id\":\"https:\\\/\\\/loginfo24.com\\\/fr\\\/2021\\\/11\\\/29\\\/le-salon-logimat-reporte-de-mi-mars-a-fin-mai-2022\\\/#breadcrumb\",\"itemListElement\":[{\"@type\":\"ListItem\",\"position\":1,\"name\":\"Startseite\",\"item\":\"https:\\\/\\\/loginfo24.com\\\/fr\\\/\"},{\"@type\":\"ListItem\",\"position\":2,\"name\":\"Le salon LogiMAT report\u00e9 de mi-mars \u00e0 fin mai 2022\"}]},{\"@type\":\"WebSite\",\"@id\":\"https:\\\/\\\/loginfo24.com\\\/fr\\\/#website\",\"url\":\"https:\\\/\\\/loginfo24.com\\\/fr\\\/\",\"name\":\"Loginfo24\",\"description\":\"Loginfo24 est la plateforme d\u00e9di\u00e9e \u00e0 la logistique et aux cha\u00eenes d&#039;approvisionnement qui fournit des informations 24 heures sur 24.\",\"publisher\":{\"@id\":\"https:\\\/\\\/loginfo24.com\\\/fr\\\/#organization\"},\"potentialAction\":[{\"@type\":\"SearchAction\",\"target\":{\"@type\":\"EntryPoint\",\"urlTemplate\":\"https:\\\/\\\/loginfo24.com\\\/fr\\\/?s={search_term_string}\"},\"query-input\":{\"@type\":\"PropertyValueSpecification\",\"valueRequired\":true,\"valueName\":\"search_term_string\"}}],\"inLanguage\":\"fr-FR\"},{\"@type\":\"Organization\",\"@id\":\"https:\\\/\\\/loginfo24.com\\\/fr\\\/#organization\",\"name\":\"Groupe Logismedia AG\",\"url\":\"https:\\\/\\\/loginfo24.com\\\/fr\\\/\",\"logo\":{\"@type\":\"ImageObject\",\"inLanguage\":\"fr-FR\",\"@id\":\"https:\\\/\\\/loginfo24.com\\\/fr\\\/#\\\/schema\\\/logo\\\/image\\\/\",\"url\":\"https:\\\/\\\/loginfo24.com\\\/wp-content\\\/uploads\\\/sites\\\/7\\\/2026\\\/01\\\/Logo_LogInfo24.png\",\"contentUrl\":\"https:\\\/\\\/loginfo24.com\\\/wp-content\\\/uploads\\\/sites\\\/7\\\/2026\\\/01\\\/Logo_LogInfo24.png\",\"width\":938,\"height\":351,\"caption\":\"Groupe Logismedia AG\"},\"image\":{\"@id\":\"https:\\\/\\\/loginfo24.com\\\/fr\\\/#\\\/schema\\\/logo\\\/image\\\/\"},\"sameAs\":[\"https:\\\/\\\/www.facebook.com\\\/people\\\/Loginfo24\\\/100057360583332\\\/\",\"https:\\\/\\\/www.linkedin.com\\\/company\\\/lofinfo24\\\/\"]}]}<\/script>\n<!-- \/ Yoast SEO plugin. -->","yoast_head_json":{"title":"Le salon LogiMAT report\u00e9 de mi-mars \u00e0 fin mai 2022 - Loginfo24.","robots":{"index":"index","follow":"follow","max-snippet":"max-snippet:-1","max-image-preview":"max-image-preview:large","max-video-preview":"max-video-preview:-1"},"canonical":"https:\/\/loginfo24.com\/fr\/2021\/11\/29\/le-salon-logimat-reporte-de-mi-mars-a-fin-mai-2022\/","og_locale":"fr_FR","og_type":"article","og_title":"Le salon LogiMAT report\u00e9 de mi-mars \u00e0 fin mai 2022 - Loginfo24.","og_description":"Le salon intralogistique LogiMAT, pr\u00e9vu \u00e0 Stuttgart du 08 au 10 mars 2022, doit \u00eatre report\u00e9 en raison de la situation difficile li\u00e9e au Corona. En [\u2026]","og_url":"https:\/\/loginfo24.com\/fr\/2021\/11\/29\/le-salon-logimat-reporte-de-mi-mars-a-fin-mai-2022\/","og_site_name":"Loginfo24","article_publisher":"https:\/\/www.facebook.com\/people\/Loginfo24\/100057360583332\/","article_published_time":"2021-11-29T18:06:45+00:00","og_image":[{"width":1570,"height":870,"url":"https:\/\/loginfo24.com\/wp-content\/uploads\/sites\/7\/2025\/12\/LogiMAT_29.11.21.jpg","type":"image\/jpeg"}],"twitter_card":"summary_large_image","twitter_misc":{"Dur\u00e9e de lecture estim\u00e9e":"3 minutes"},"schema":{"@context":"https:\/\/schema.org","@graph":[{"@type":"Article","@id":"https:\/\/loginfo24.com\/fr\/2021\/11\/29\/le-salon-logimat-reporte-de-mi-mars-a-fin-mai-2022\/#article","isPartOf":{"@id":"https:\/\/loginfo24.com\/fr\/2021\/11\/29\/le-salon-logimat-reporte-de-mi-mars-a-fin-mai-2022\/"},"author":{"name":"","@id":""},"headline":"Le salon LogiMAT report\u00e9 de mi-mars \u00e0 fin mai 2022","datePublished":"2021-11-29T18:06:45+00:00","mainEntityOfPage":{"@id":"https:\/\/loginfo24.com\/fr\/2021\/11\/29\/le-salon-logimat-reporte-de-mi-mars-a-fin-mai-2022\/"},"wordCount":625,"commentCount":0,"publisher":{"@id":"https:\/\/loginfo24.com\/fr\/#organization"},"image":{"@id":"https:\/\/loginfo24.com\/fr\/2021\/11\/29\/le-salon-logimat-reporte-de-mi-mars-a-fin-mai-2022\/#primaryimage"},"thumbnailUrl":"https:\/\/loginfo24.com\/wp-content\/uploads\/sites\/7\/2025\/12\/LogiMAT_29.11.21.jpg","articleSection":["Forwarding &amp; Logistics","Intralogistics","Regions"],"inLanguage":"fr-FR","potentialAction":[{"@type":"CommentAction","name":"Comment","target":["https:\/\/loginfo24.com\/fr\/2021\/11\/29\/le-salon-logimat-reporte-de-mi-mars-a-fin-mai-2022\/#respond"]}]},{"@type":"WebPage","@id":"https:\/\/loginfo24.com\/fr\/2021\/11\/29\/le-salon-logimat-reporte-de-mi-mars-a-fin-mai-2022\/","url":"https:\/\/loginfo24.com\/fr\/2021\/11\/29\/le-salon-logimat-reporte-de-mi-mars-a-fin-mai-2022\/","name":"Le salon LogiMAT report\u00e9 de mi-mars \u00e0 fin mai 2022 - Loginfo24.","isPartOf":{"@id":"https:\/\/loginfo24.com\/fr\/#website"},"primaryImageOfPage":{"@id":"https:\/\/loginfo24.com\/fr\/2021\/11\/29\/le-salon-logimat-reporte-de-mi-mars-a-fin-mai-2022\/#primaryimage"},"image":{"@id":"https:\/\/loginfo24.com\/fr\/2021\/11\/29\/le-salon-logimat-reporte-de-mi-mars-a-fin-mai-2022\/#primaryimage"},"thumbnailUrl":"https:\/\/loginfo24.com\/wp-content\/uploads\/sites\/7\/2025\/12\/LogiMAT_29.11.21.jpg","datePublished":"2021-11-29T18:06:45+00:00","breadcrumb":{"@id":"https:\/\/loginfo24.com\/fr\/2021\/11\/29\/le-salon-logimat-reporte-de-mi-mars-a-fin-mai-2022\/#breadcrumb"},"inLanguage":"fr-FR","potentialAction":[{"@type":"ReadAction","target":["https:\/\/loginfo24.com\/fr\/2021\/11\/29\/le-salon-logimat-reporte-de-mi-mars-a-fin-mai-2022\/"]}]},{"@type":"ImageObject","inLanguage":"fr-FR","@id":"https:\/\/loginfo24.com\/fr\/2021\/11\/29\/le-salon-logimat-reporte-de-mi-mars-a-fin-mai-2022\/#primaryimage","url":"https:\/\/loginfo24.com\/wp-content\/uploads\/sites\/7\/2025\/12\/LogiMAT_29.11.21.jpg","contentUrl":"https:\/\/loginfo24.com\/wp-content\/uploads\/sites\/7\/2025\/12\/LogiMAT_29.11.21.jpg","width":1570,"height":870},{"@type":"BreadcrumbList","@id":"https:\/\/loginfo24.com\/fr\/2021\/11\/29\/le-salon-logimat-reporte-de-mi-mars-a-fin-mai-2022\/#breadcrumb","itemListElement":[{"@type":"ListItem","position":1,"name":"Startseite","item":"https:\/\/loginfo24.com\/fr\/"},{"@type":"ListItem","position":2,"name":"Le salon LogiMAT report\u00e9 de mi-mars \u00e0 fin mai 2022"}]},{"@type":"WebSite","@id":"https:\/\/loginfo24.com\/fr\/#website","url":"https:\/\/loginfo24.com\/fr\/","name":"Loginfo24","description":"Loginfo24 est la plateforme d\u00e9di\u00e9e \u00e0 la logistique et aux cha\u00eenes d&#039;approvisionnement qui fournit des informations 24 heures sur 24.","publisher":{"@id":"https:\/\/loginfo24.com\/fr\/#organization"},"potentialAction":[{"@type":"SearchAction","target":{"@type":"EntryPoint","urlTemplate":"https:\/\/loginfo24.com\/fr\/?s={search_term_string}"},"query-input":{"@type":"PropertyValueSpecification","valueRequired":true,"valueName":"search_term_string"}}],"inLanguage":"fr-FR"},{"@type":"Organization","@id":"https:\/\/loginfo24.com\/fr\/#organization","name":"Groupe Logismedia AG","url":"https:\/\/loginfo24.com\/fr\/","logo":{"@type":"ImageObject","inLanguage":"fr-FR","@id":"https:\/\/loginfo24.com\/fr\/#\/schema\/logo\/image\/","url":"https:\/\/loginfo24.com\/wp-content\/uploads\/sites\/7\/2026\/01\/Logo_LogInfo24.png","contentUrl":"https:\/\/loginfo24.com\/wp-content\/uploads\/sites\/7\/2026\/01\/Logo_LogInfo24.png","width":938,"height":351,"caption":"Groupe Logismedia AG"},"image":{"@id":"https:\/\/loginfo24.com\/fr\/#\/schema\/logo\/image\/"},"sameAs":["https:\/\/www.facebook.com\/people\/Loginfo24\/100057360583332\/","https:\/\/www.linkedin.com\/company\/lofinfo24\/"]}]}},"_links":{"self":[{"href":"https:\/\/loginfo24.com\/fr\/wp-json\/wp\/v2\/posts\/53838","targetHints":{"allow":["GET"]}}],"collection":[{"href":"https:\/\/loginfo24.com\/fr\/wp-json\/wp\/v2\/posts"}],"about":[{"href":"https:\/\/loginfo24.com\/fr\/wp-json\/wp\/v2\/types\/post"}],"replies":[{"embeddable":true,"href":"https:\/\/loginfo24.com\/fr\/wp-json\/wp\/v2\/comments?post=53838"}],"version-history":[{"count":0,"href":"https:\/\/loginfo24.com\/fr\/wp-json\/wp\/v2\/posts\/53838\/revisions"}],"wp:featuredmedia":[{"embeddable":true,"href":"https:\/\/loginfo24.com\/fr\/wp-json\/wp\/v2\/media\/11616"}],"wp:attachment":[{"href":"https:\/\/loginfo24.com\/fr\/wp-json\/wp\/v2\/media?parent=53838"}],"wp:term":[{"taxonomy":"category","embeddable":true,"href":"https:\/\/loginfo24.com\/fr\/wp-json\/wp\/v2\/categories?post=53838"},{"taxonomy":"post_tag","embeddable":true,"href":"https:\/\/loginfo24.com\/fr\/wp-json\/wp\/v2\/tags?post=53838"}],"curies":[{"name":"wp","href":"https:\/\/api.w.org\/{rel}","templated":true}]}}