{"id":53586,"date":"2021-11-19T16:10:54","date_gmt":"2021-11-19T15:10:54","guid":{"rendered":"https:\/\/blog.brand-architecture.at\/2021\/11\/19\/prix-europeen-du-transport-pour-la-durabilite-decerne-a-volvo-trucks\/"},"modified":"2021-11-19T16:10:54","modified_gmt":"2021-11-19T15:10:54","slug":"prix-europeen-du-transport-pour-la-durabilite-decerne-a-volvo-trucks","status":"publish","type":"post","link":"https:\/\/loginfo24.com\/fr\/2021\/11\/19\/prix-europeen-du-transport-pour-la-durabilite-decerne-a-volvo-trucks\/","title":{"rendered":"Prix europ\u00e9en du transport pour la durabilit\u00e9 d\u00e9cern\u00e9 \u00e0 Volvo Trucks"},"content":{"rendered":"<h5><strong>Le Volvo FH avec I-Save et les mod\u00e8les \u00e0 gaz, le Volvo FH LNG et le Volvo FM LNG, se distinguent dans les cat\u00e9gories importantes pour les transports durables \u00ab camions \u00bb et \u00ab camions \u00e0 gaz \u00bb. Le Prix europ\u00e9en du transport pour la durabilit\u00e9 2022 a \u00e9t\u00e9 remis hier par le journal de fret \u00ab transport \u00bb \u00e0 Munich.<\/strong><\/h5>\n<p>(Ismaning\/Munich) \u00ab Nous sommes tr\u00e8s fiers d&rsquo;avoir remport\u00e9 ces importantes distinctions dans les deux cat\u00e9gories pour le transport de marchandises longue distance efficace. Le Volvo FH efficace avec son I-Save Turbo Compound est le camion le plus \u00e9conome en carburant que Volvo ait jamais construit. Mais le d\u00e9veloppement des moteurs diesel ne s&rsquo;arr\u00eate pas l\u00e0. Nous en aurons encore besoin longtemps dans ces temps de changement et nous les rendrons encore plus \u00e9conomes \u00bb, d\u00e9clare Peter Str\u00f6m, vice-pr\u00e9sident et directeur g\u00e9n\u00e9ral de Volvo Trucks en Allemagne.<\/p>\n<p>Dans la cat\u00e9gorie \u00ab camions \u00e0 gaz \u00bb, les Volvo FH et Volvo FM, d\u00e9j\u00e0 sur le march\u00e9 depuis 2018 avec des moteurs LNG ou Bio-LNG, ont su se hisser au sommet. Ils constituent une partie importante de la strat\u00e9gie de Volvo Trucks pour r\u00e9duire les \u00e9missions de CO<sub>2<\/sub> dans le transport longue distance. Les moteurs LNG de Volvo sont bas\u00e9s sur le principe diesel et sont donc particuli\u00e8rement efficaces et \u00e9conomes. Avec du LNG conventionnel, ils permettent d&rsquo;\u00e9conomiser jusqu&rsquo;\u00e0 20 % de CO<sub>2<\/sub>. En utilisant du BIO LNG, des \u00e9conomies de CO<sub>2<\/sub> allant jusqu&rsquo;\u00e0 100 % sont m\u00eame possibles.*<\/p>\n<h5><strong>Particuli\u00e8rement \u00e9conome<\/strong><\/h5>\n<p>\u00ab Particuli\u00e8rement \u00e9conome en consommation \u2013 c&rsquo;est ainsi que les deux camions LNG de Volvo ont su se d\u00e9marquer de la concurrence \u00bb, d\u00e9clare Christine Harttmann, r\u00e9dactrice en chef de \u00ab transport \u00bb et membre du jury d&rsquo;experts.<\/p>\n<p>\u00ab L&rsquo;utilisation du LNG a d&rsquo;abord \u00e9t\u00e9 consid\u00e9r\u00e9e par beaucoup comme une technologie de transition. Cependant, nous pensons que le LNG et le BIO LNG sont des \u00e9l\u00e9ments cl\u00e9s sur la voie vers des \u00e9missions nulles. Volvo Trucks mise sur des camions \u00e9lectriques, \u00e0 gaz et diesel pour atteindre les objectifs de l&rsquo;accord de Paris \u00bb, ajoute Peter Str\u00f6m \u00e0 propos de la victoire des distinctions.<\/p>\n<h5><strong>\u00c9conomies de carburant associ\u00e9es \u00e0 une technologie intelligente<\/strong><\/h5>\n<p>Dans la d\u00e9cision du jury d&rsquo;experts pour les deux technologies gagnantes de Volvo Trucks, des crit\u00e8res \u00e9conomiques, \u00e9cologiques et sociaux ont jou\u00e9 un r\u00f4le important. Les \u00e9conomies de carburant associ\u00e9es \u00e0 une technologie intelligente ont \u00e9t\u00e9 d\u00e9terminantes pour l&rsquo;attribution des prix dans les deux cat\u00e9gories.<\/p>\n<p>\u00ab Le fabricant a \u00e9galement su convaincre le jury par son engagement social, notamment en ce qui concerne la s\u00e9curit\u00e9 routi\u00e8re des enfants. De plus, il est \u00e0 noter que deux de ses usines produisent d\u00e9j\u00e0 de mani\u00e8re climatiquement neutre \u00bb, explique Christine Harttmann en justifiant la d\u00e9cision du jury.<\/p>\n<p>*<em> Ce chiffre se r\u00e9f\u00e8re aux \u00e9missions pendant l&rsquo;exploitation du v\u00e9hicule (\u00ab Tank to Wheel \u00bb).<\/em><\/p>\n<p>Photo : \u00a9 Volvo Trucks<\/p>\n<p>&nbsp;<\/p>\n<p>&nbsp;<\/p>\n","protected":false},"excerpt":{"rendered":"<p>Le Volvo FH avec I-Save et les mod\u00e8les \u00e0 gaz, le Volvo FH LNG et le Volvo FM LNG, se distinguent dans les cat\u00e9gories importantes pour<span class=\"excerpt-hellip\"> [\u2026]<\/span><\/p>\n","protected":false},"author":0,"featured_media":11719,"comment_status":"open","ping_status":"open","sticky":false,"template":"","format":"standard","meta":{"_acf_changed":false,"footnotes":""},"categories":[1557,1561],"tags":[],"class_list":["post-53586","post","type-post","status-publish","format-standard","has-post-thumbnail","hentry","category-forwarding-logistics","category-regions"],"acf":[],"yoast_head":"<!-- This site is optimized with the Yoast SEO plugin v27.3 - https:\/\/yoast.com\/product\/yoast-seo-wordpress\/ -->\n<title>Prix europ\u00e9en du transport pour la durabilit\u00e9 d\u00e9cern\u00e9 \u00e0 Volvo Trucks - Loginfo24.<\/title>\n<meta name=\"robots\" content=\"index, follow, max-snippet:-1, max-image-preview:large, max-video-preview:-1\" \/>\n<link rel=\"canonical\" href=\"https:\/\/loginfo24.com\/fr\/2021\/11\/19\/prix-europeen-du-transport-pour-la-durabilite-decerne-a-volvo-trucks\/\" \/>\n<meta property=\"og:locale\" content=\"fr_FR\" \/>\n<meta property=\"og:type\" content=\"article\" \/>\n<meta property=\"og:title\" content=\"Prix europ\u00e9en du transport pour la durabilit\u00e9 d\u00e9cern\u00e9 \u00e0 Volvo Trucks - Loginfo24.\" \/>\n<meta property=\"og:description\" content=\"Le Volvo FH avec I-Save et les mod\u00e8les \u00e0 gaz, le Volvo FH LNG et le Volvo FM LNG, se distinguent dans les cat\u00e9gories importantes pour [\u2026]\" \/>\n<meta property=\"og:url\" content=\"https:\/\/loginfo24.com\/fr\/2021\/11\/19\/prix-europeen-du-transport-pour-la-durabilite-decerne-a-volvo-trucks\/\" \/>\n<meta property=\"og:site_name\" content=\"Loginfo24\" \/>\n<meta property=\"article:publisher\" content=\"https:\/\/www.facebook.com\/people\/Loginfo24\/100057360583332\/\" \/>\n<meta property=\"article:published_time\" content=\"2021-11-19T15:10:54+00:00\" \/>\n<meta property=\"og:image\" content=\"https:\/\/loginfo24.com\/wp-content\/uploads\/sites\/7\/2025\/12\/Volvo_Truck_19.11.21.jpg\" \/>\n\t<meta property=\"og:image:width\" content=\"1303\" \/>\n\t<meta property=\"og:image:height\" content=\"727\" \/>\n\t<meta property=\"og:image:type\" content=\"image\/jpeg\" \/>\n<meta name=\"twitter:card\" content=\"summary_large_image\" \/>\n<meta name=\"twitter:label1\" content=\"Dur\u00e9e de lecture estim\u00e9e\" \/>\n\t<meta name=\"twitter:data1\" content=\"2 minutes\" \/>\n<script type=\"application\/ld+json\" class=\"yoast-schema-graph\">{\"@context\":\"https:\\\/\\\/schema.org\",\"@graph\":[{\"@type\":\"Article\",\"@id\":\"https:\\\/\\\/loginfo24.com\\\/fr\\\/2021\\\/11\\\/19\\\/prix-europeen-du-transport-pour-la-durabilite-decerne-a-volvo-trucks\\\/#article\",\"isPartOf\":{\"@id\":\"https:\\\/\\\/loginfo24.com\\\/fr\\\/2021\\\/11\\\/19\\\/prix-europeen-du-transport-pour-la-durabilite-decerne-a-volvo-trucks\\\/\"},\"author\":{\"name\":\"\",\"@id\":\"\"},\"headline\":\"Prix europ\u00e9en du transport pour la durabilit\u00e9 d\u00e9cern\u00e9 \u00e0 Volvo Trucks\",\"datePublished\":\"2021-11-19T15:10:54+00:00\",\"mainEntityOfPage\":{\"@id\":\"https:\\\/\\\/loginfo24.com\\\/fr\\\/2021\\\/11\\\/19\\\/prix-europeen-du-transport-pour-la-durabilite-decerne-a-volvo-trucks\\\/\"},\"wordCount\":508,\"commentCount\":0,\"publisher\":{\"@id\":\"https:\\\/\\\/loginfo24.com\\\/fr\\\/#organization\"},\"image\":{\"@id\":\"https:\\\/\\\/loginfo24.com\\\/fr\\\/2021\\\/11\\\/19\\\/prix-europeen-du-transport-pour-la-durabilite-decerne-a-volvo-trucks\\\/#primaryimage\"},\"thumbnailUrl\":\"https:\\\/\\\/loginfo24.com\\\/wp-content\\\/uploads\\\/sites\\\/7\\\/2025\\\/12\\\/Volvo_Truck_19.11.21.jpg\",\"articleSection\":[\"Forwarding &amp; Logistics\",\"Regions\"],\"inLanguage\":\"fr-FR\",\"potentialAction\":[{\"@type\":\"CommentAction\",\"name\":\"Comment\",\"target\":[\"https:\\\/\\\/loginfo24.com\\\/fr\\\/2021\\\/11\\\/19\\\/prix-europeen-du-transport-pour-la-durabilite-decerne-a-volvo-trucks\\\/#respond\"]}]},{\"@type\":\"WebPage\",\"@id\":\"https:\\\/\\\/loginfo24.com\\\/fr\\\/2021\\\/11\\\/19\\\/prix-europeen-du-transport-pour-la-durabilite-decerne-a-volvo-trucks\\\/\",\"url\":\"https:\\\/\\\/loginfo24.com\\\/fr\\\/2021\\\/11\\\/19\\\/prix-europeen-du-transport-pour-la-durabilite-decerne-a-volvo-trucks\\\/\",\"name\":\"Prix europ\u00e9en du transport pour la durabilit\u00e9 d\u00e9cern\u00e9 \u00e0 Volvo Trucks - Loginfo24.\",\"isPartOf\":{\"@id\":\"https:\\\/\\\/loginfo24.com\\\/fr\\\/#website\"},\"primaryImageOfPage\":{\"@id\":\"https:\\\/\\\/loginfo24.com\\\/fr\\\/2021\\\/11\\\/19\\\/prix-europeen-du-transport-pour-la-durabilite-decerne-a-volvo-trucks\\\/#primaryimage\"},\"image\":{\"@id\":\"https:\\\/\\\/loginfo24.com\\\/fr\\\/2021\\\/11\\\/19\\\/prix-europeen-du-transport-pour-la-durabilite-decerne-a-volvo-trucks\\\/#primaryimage\"},\"thumbnailUrl\":\"https:\\\/\\\/loginfo24.com\\\/wp-content\\\/uploads\\\/sites\\\/7\\\/2025\\\/12\\\/Volvo_Truck_19.11.21.jpg\",\"datePublished\":\"2021-11-19T15:10:54+00:00\",\"breadcrumb\":{\"@id\":\"https:\\\/\\\/loginfo24.com\\\/fr\\\/2021\\\/11\\\/19\\\/prix-europeen-du-transport-pour-la-durabilite-decerne-a-volvo-trucks\\\/#breadcrumb\"},\"inLanguage\":\"fr-FR\",\"potentialAction\":[{\"@type\":\"ReadAction\",\"target\":[\"https:\\\/\\\/loginfo24.com\\\/fr\\\/2021\\\/11\\\/19\\\/prix-europeen-du-transport-pour-la-durabilite-decerne-a-volvo-trucks\\\/\"]}]},{\"@type\":\"ImageObject\",\"inLanguage\":\"fr-FR\",\"@id\":\"https:\\\/\\\/loginfo24.com\\\/fr\\\/2021\\\/11\\\/19\\\/prix-europeen-du-transport-pour-la-durabilite-decerne-a-volvo-trucks\\\/#primaryimage\",\"url\":\"https:\\\/\\\/loginfo24.com\\\/wp-content\\\/uploads\\\/sites\\\/7\\\/2025\\\/12\\\/Volvo_Truck_19.11.21.jpg\",\"contentUrl\":\"https:\\\/\\\/loginfo24.com\\\/wp-content\\\/uploads\\\/sites\\\/7\\\/2025\\\/12\\\/Volvo_Truck_19.11.21.jpg\",\"width\":1303,\"height\":727},{\"@type\":\"BreadcrumbList\",\"@id\":\"https:\\\/\\\/loginfo24.com\\\/fr\\\/2021\\\/11\\\/19\\\/prix-europeen-du-transport-pour-la-durabilite-decerne-a-volvo-trucks\\\/#breadcrumb\",\"itemListElement\":[{\"@type\":\"ListItem\",\"position\":1,\"name\":\"Startseite\",\"item\":\"https:\\\/\\\/loginfo24.com\\\/fr\\\/\"},{\"@type\":\"ListItem\",\"position\":2,\"name\":\"Prix europ\u00e9en du transport pour la durabilit\u00e9 d\u00e9cern\u00e9 \u00e0 Volvo Trucks\"}]},{\"@type\":\"WebSite\",\"@id\":\"https:\\\/\\\/loginfo24.com\\\/fr\\\/#website\",\"url\":\"https:\\\/\\\/loginfo24.com\\\/fr\\\/\",\"name\":\"Loginfo24\",\"description\":\"Loginfo24 est la plateforme d\u00e9di\u00e9e \u00e0 la logistique et aux cha\u00eenes d&#039;approvisionnement qui fournit des informations 24 heures sur 24.\",\"publisher\":{\"@id\":\"https:\\\/\\\/loginfo24.com\\\/fr\\\/#organization\"},\"potentialAction\":[{\"@type\":\"SearchAction\",\"target\":{\"@type\":\"EntryPoint\",\"urlTemplate\":\"https:\\\/\\\/loginfo24.com\\\/fr\\\/?s={search_term_string}\"},\"query-input\":{\"@type\":\"PropertyValueSpecification\",\"valueRequired\":true,\"valueName\":\"search_term_string\"}}],\"inLanguage\":\"fr-FR\"},{\"@type\":\"Organization\",\"@id\":\"https:\\\/\\\/loginfo24.com\\\/fr\\\/#organization\",\"name\":\"Groupe Logismedia AG\",\"url\":\"https:\\\/\\\/loginfo24.com\\\/fr\\\/\",\"logo\":{\"@type\":\"ImageObject\",\"inLanguage\":\"fr-FR\",\"@id\":\"https:\\\/\\\/loginfo24.com\\\/fr\\\/#\\\/schema\\\/logo\\\/image\\\/\",\"url\":\"https:\\\/\\\/loginfo24.com\\\/wp-content\\\/uploads\\\/sites\\\/7\\\/2026\\\/01\\\/Logo_LogInfo24.png\",\"contentUrl\":\"https:\\\/\\\/loginfo24.com\\\/wp-content\\\/uploads\\\/sites\\\/7\\\/2026\\\/01\\\/Logo_LogInfo24.png\",\"width\":938,\"height\":351,\"caption\":\"Groupe Logismedia AG\"},\"image\":{\"@id\":\"https:\\\/\\\/loginfo24.com\\\/fr\\\/#\\\/schema\\\/logo\\\/image\\\/\"},\"sameAs\":[\"https:\\\/\\\/www.facebook.com\\\/people\\\/Loginfo24\\\/100057360583332\\\/\",\"https:\\\/\\\/www.linkedin.com\\\/company\\\/lofinfo24\\\/\"]}]}<\/script>\n<!-- \/ Yoast SEO plugin. -->","yoast_head_json":{"title":"Prix europ\u00e9en du transport pour la durabilit\u00e9 d\u00e9cern\u00e9 \u00e0 Volvo Trucks - Loginfo24.","robots":{"index":"index","follow":"follow","max-snippet":"max-snippet:-1","max-image-preview":"max-image-preview:large","max-video-preview":"max-video-preview:-1"},"canonical":"https:\/\/loginfo24.com\/fr\/2021\/11\/19\/prix-europeen-du-transport-pour-la-durabilite-decerne-a-volvo-trucks\/","og_locale":"fr_FR","og_type":"article","og_title":"Prix europ\u00e9en du transport pour la durabilit\u00e9 d\u00e9cern\u00e9 \u00e0 Volvo Trucks - Loginfo24.","og_description":"Le Volvo FH avec I-Save et les mod\u00e8les \u00e0 gaz, le Volvo FH LNG et le Volvo FM LNG, se distinguent dans les cat\u00e9gories importantes pour [\u2026]","og_url":"https:\/\/loginfo24.com\/fr\/2021\/11\/19\/prix-europeen-du-transport-pour-la-durabilite-decerne-a-volvo-trucks\/","og_site_name":"Loginfo24","article_publisher":"https:\/\/www.facebook.com\/people\/Loginfo24\/100057360583332\/","article_published_time":"2021-11-19T15:10:54+00:00","og_image":[{"width":1303,"height":727,"url":"https:\/\/loginfo24.com\/wp-content\/uploads\/sites\/7\/2025\/12\/Volvo_Truck_19.11.21.jpg","type":"image\/jpeg"}],"twitter_card":"summary_large_image","twitter_misc":{"Dur\u00e9e de lecture estim\u00e9e":"2 minutes"},"schema":{"@context":"https:\/\/schema.org","@graph":[{"@type":"Article","@id":"https:\/\/loginfo24.com\/fr\/2021\/11\/19\/prix-europeen-du-transport-pour-la-durabilite-decerne-a-volvo-trucks\/#article","isPartOf":{"@id":"https:\/\/loginfo24.com\/fr\/2021\/11\/19\/prix-europeen-du-transport-pour-la-durabilite-decerne-a-volvo-trucks\/"},"author":{"name":"","@id":""},"headline":"Prix europ\u00e9en du transport pour la durabilit\u00e9 d\u00e9cern\u00e9 \u00e0 Volvo Trucks","datePublished":"2021-11-19T15:10:54+00:00","mainEntityOfPage":{"@id":"https:\/\/loginfo24.com\/fr\/2021\/11\/19\/prix-europeen-du-transport-pour-la-durabilite-decerne-a-volvo-trucks\/"},"wordCount":508,"commentCount":0,"publisher":{"@id":"https:\/\/loginfo24.com\/fr\/#organization"},"image":{"@id":"https:\/\/loginfo24.com\/fr\/2021\/11\/19\/prix-europeen-du-transport-pour-la-durabilite-decerne-a-volvo-trucks\/#primaryimage"},"thumbnailUrl":"https:\/\/loginfo24.com\/wp-content\/uploads\/sites\/7\/2025\/12\/Volvo_Truck_19.11.21.jpg","articleSection":["Forwarding &amp; Logistics","Regions"],"inLanguage":"fr-FR","potentialAction":[{"@type":"CommentAction","name":"Comment","target":["https:\/\/loginfo24.com\/fr\/2021\/11\/19\/prix-europeen-du-transport-pour-la-durabilite-decerne-a-volvo-trucks\/#respond"]}]},{"@type":"WebPage","@id":"https:\/\/loginfo24.com\/fr\/2021\/11\/19\/prix-europeen-du-transport-pour-la-durabilite-decerne-a-volvo-trucks\/","url":"https:\/\/loginfo24.com\/fr\/2021\/11\/19\/prix-europeen-du-transport-pour-la-durabilite-decerne-a-volvo-trucks\/","name":"Prix europ\u00e9en du transport pour la durabilit\u00e9 d\u00e9cern\u00e9 \u00e0 Volvo Trucks - Loginfo24.","isPartOf":{"@id":"https:\/\/loginfo24.com\/fr\/#website"},"primaryImageOfPage":{"@id":"https:\/\/loginfo24.com\/fr\/2021\/11\/19\/prix-europeen-du-transport-pour-la-durabilite-decerne-a-volvo-trucks\/#primaryimage"},"image":{"@id":"https:\/\/loginfo24.com\/fr\/2021\/11\/19\/prix-europeen-du-transport-pour-la-durabilite-decerne-a-volvo-trucks\/#primaryimage"},"thumbnailUrl":"https:\/\/loginfo24.com\/wp-content\/uploads\/sites\/7\/2025\/12\/Volvo_Truck_19.11.21.jpg","datePublished":"2021-11-19T15:10:54+00:00","breadcrumb":{"@id":"https:\/\/loginfo24.com\/fr\/2021\/11\/19\/prix-europeen-du-transport-pour-la-durabilite-decerne-a-volvo-trucks\/#breadcrumb"},"inLanguage":"fr-FR","potentialAction":[{"@type":"ReadAction","target":["https:\/\/loginfo24.com\/fr\/2021\/11\/19\/prix-europeen-du-transport-pour-la-durabilite-decerne-a-volvo-trucks\/"]}]},{"@type":"ImageObject","inLanguage":"fr-FR","@id":"https:\/\/loginfo24.com\/fr\/2021\/11\/19\/prix-europeen-du-transport-pour-la-durabilite-decerne-a-volvo-trucks\/#primaryimage","url":"https:\/\/loginfo24.com\/wp-content\/uploads\/sites\/7\/2025\/12\/Volvo_Truck_19.11.21.jpg","contentUrl":"https:\/\/loginfo24.com\/wp-content\/uploads\/sites\/7\/2025\/12\/Volvo_Truck_19.11.21.jpg","width":1303,"height":727},{"@type":"BreadcrumbList","@id":"https:\/\/loginfo24.com\/fr\/2021\/11\/19\/prix-europeen-du-transport-pour-la-durabilite-decerne-a-volvo-trucks\/#breadcrumb","itemListElement":[{"@type":"ListItem","position":1,"name":"Startseite","item":"https:\/\/loginfo24.com\/fr\/"},{"@type":"ListItem","position":2,"name":"Prix europ\u00e9en du transport pour la durabilit\u00e9 d\u00e9cern\u00e9 \u00e0 Volvo Trucks"}]},{"@type":"WebSite","@id":"https:\/\/loginfo24.com\/fr\/#website","url":"https:\/\/loginfo24.com\/fr\/","name":"Loginfo24","description":"Loginfo24 est la plateforme d\u00e9di\u00e9e \u00e0 la logistique et aux cha\u00eenes d&#039;approvisionnement qui fournit des informations 24 heures sur 24.","publisher":{"@id":"https:\/\/loginfo24.com\/fr\/#organization"},"potentialAction":[{"@type":"SearchAction","target":{"@type":"EntryPoint","urlTemplate":"https:\/\/loginfo24.com\/fr\/?s={search_term_string}"},"query-input":{"@type":"PropertyValueSpecification","valueRequired":true,"valueName":"search_term_string"}}],"inLanguage":"fr-FR"},{"@type":"Organization","@id":"https:\/\/loginfo24.com\/fr\/#organization","name":"Groupe Logismedia AG","url":"https:\/\/loginfo24.com\/fr\/","logo":{"@type":"ImageObject","inLanguage":"fr-FR","@id":"https:\/\/loginfo24.com\/fr\/#\/schema\/logo\/image\/","url":"https:\/\/loginfo24.com\/wp-content\/uploads\/sites\/7\/2026\/01\/Logo_LogInfo24.png","contentUrl":"https:\/\/loginfo24.com\/wp-content\/uploads\/sites\/7\/2026\/01\/Logo_LogInfo24.png","width":938,"height":351,"caption":"Groupe Logismedia AG"},"image":{"@id":"https:\/\/loginfo24.com\/fr\/#\/schema\/logo\/image\/"},"sameAs":["https:\/\/www.facebook.com\/people\/Loginfo24\/100057360583332\/","https:\/\/www.linkedin.com\/company\/lofinfo24\/"]}]}},"_links":{"self":[{"href":"https:\/\/loginfo24.com\/fr\/wp-json\/wp\/v2\/posts\/53586","targetHints":{"allow":["GET"]}}],"collection":[{"href":"https:\/\/loginfo24.com\/fr\/wp-json\/wp\/v2\/posts"}],"about":[{"href":"https:\/\/loginfo24.com\/fr\/wp-json\/wp\/v2\/types\/post"}],"replies":[{"embeddable":true,"href":"https:\/\/loginfo24.com\/fr\/wp-json\/wp\/v2\/comments?post=53586"}],"version-history":[{"count":0,"href":"https:\/\/loginfo24.com\/fr\/wp-json\/wp\/v2\/posts\/53586\/revisions"}],"wp:featuredmedia":[{"embeddable":true,"href":"https:\/\/loginfo24.com\/fr\/wp-json\/wp\/v2\/media\/11719"}],"wp:attachment":[{"href":"https:\/\/loginfo24.com\/fr\/wp-json\/wp\/v2\/media?parent=53586"}],"wp:term":[{"taxonomy":"category","embeddable":true,"href":"https:\/\/loginfo24.com\/fr\/wp-json\/wp\/v2\/categories?post=53586"},{"taxonomy":"post_tag","embeddable":true,"href":"https:\/\/loginfo24.com\/fr\/wp-json\/wp\/v2\/tags?post=53586"}],"curies":[{"name":"wp","href":"https:\/\/api.w.org\/{rel}","templated":true}]}}