{"id":53257,"date":"2021-11-05T17:18:31","date_gmt":"2021-11-05T16:18:31","guid":{"rendered":"https:\/\/blog.brand-architecture.at\/2021\/11\/05\/mission-mars-de-gebruder-weiss-achevee-en-israel\/"},"modified":"2021-11-05T17:18:31","modified_gmt":"2021-11-05T16:18:31","slug":"mission-mars-de-gebruder-weiss-achevee-en-israel","status":"publish","type":"post","link":"https:\/\/loginfo24.com\/fr\/2021\/11\/05\/mission-mars-de-gebruder-weiss-achevee-en-israel\/","title":{"rendered":"Mission Mars\u00a0\u00bb de Gebr\u00fcder Weiss achev\u00e9e en Isra\u00ebl"},"content":{"rendered":"<h5><strong>La 13\u00e8me mission internationale analogique Mars Amadee-20, soutenue par Gebr\u00fcder Weiss en tant que partenaire logistique officiel, a \u00e9t\u00e9 achev\u00e9e avec succ\u00e8s fin octobre en Isra\u00ebl. Une \u00e9quipe d&rsquo;apprentis du prestataire international de transport et de logistique a organis\u00e9 le transport de l&rsquo;\u00e9quipement de la mission d&rsquo;Innsbruck vers le site d&rsquo;essai dans le d\u00e9sert du N\u00e9guev.<\/strong><\/h5>\n<p>(Negev\/Innsbruck\/Lauterach) L\u00e0, le Forum autrichien de l&rsquo;espace (\u00d6WF) a simul\u00e9 une exp\u00e9dition astronautique sur Mars avec une \u00e9quipe de terrain de six personnes dans des conditions d&rsquo;isolement.<\/p>\n<p>Frank Haas, responsable de la strat\u00e9gie de marque et des communications chez Gebr\u00fcder Weiss : \u00ab Accompagner cette mission Mars, c&rsquo;est comme avoir un petit aper\u00e7u de l&rsquo;avenir de la logistique. Cela nous r\u00e9jouit et nous inspire beaucoup. Nous apprenons beaucoup gr\u00e2ce \u00e0 ce partenariat et remercions l&rsquo;\u00d6WF pour la collaboration professionnelle. Nous continuerons \u00e0 soutenir des projets de mobilit\u00e9 d&rsquo;avenir. \u00bb<\/p>\n<p>Robert Rubatscher, apprenti logisticien en transport en 3\u00e8me ann\u00e9e chez Gebr\u00fcder Weiss \u00e0 Hall, en Autriche : \u00ab Logistiquement, la mission Mars a \u00e9t\u00e9 une exp\u00e9rience formidable pour nous, car nous avons pu mettre en pratique nos connaissances professionnelles acquises jusqu&rsquo;\u00e0 pr\u00e9sent. \u00bb<\/p>\n<div id=\"attachment_15414\" style=\"width: 1034px\" class=\"wp-caption alignnone\"><img loading=\"lazy\" decoding=\"async\" aria-describedby=\"caption-attachment-15414\" class=\"size-large wp-image-15414\" src=\"https:\/\/loginfo24.com\/wp-content\/uploads\/sites\/7\/2025\/12\/Gebr_Weiss_5.11.21_2.jpg\" alt=\"\" width=\"1024\" height=\"715\" \/><p id=\"caption-attachment-15414\" class=\"wp-caption-text\">Robert Rubatscher, apprenti logisticien en transport en 3\u00e8me ann\u00e9e chez Gebr\u00fcder Weiss \u00e0 Hall (\u00a9 Gebr. Weiss\/Sams)<\/p><\/div>\n<p>&nbsp;<\/p>\n<h5><strong>La recherche sur Mars est importante pour la vie sur Terre<\/strong><\/h5>\n<p>Gernot Gr\u00f6mer, co-fondateur et directeur de l&rsquo;\u00d6WF : \u00ab Les r\u00e9sultats des projets de recherche sur Mars sont d&rsquo;une grande utilit\u00e9 scientifique pour la vie sur Terre. \u00bb Dans une interview d\u00e9taill\u00e9e dans le magazine d&rsquo;entreprise actuel de Gebr\u00fcder Weiss \u00ab\u00a0Atlas\u00a0\u00bb, Gr\u00f6mer r\u00e9sume : \u00ab Le premier homme \u00e0 poser le pied sur Mars est d\u00e9j\u00e0 n\u00e9. \u00bb<\/p>\n<p>Le magazine para\u00eetra d\u00e9but d\u00e9cembre 2021 et est \u00e9galement disponible en version num\u00e9rique \u00e0 l&rsquo;adresse suivante :<\/p>\n<p><a href=\"https:\/\/gw-atlas.com\/\" target=\"_blank\" rel=\"noopener noreferrer\">https:\/\/gw-atlas.com\/<\/a><\/p>\n<h5><strong>\u00c0 propos du Forum autrichien de l&rsquo;espace<\/strong><\/h5>\n<p>Le Forum autrichien de l&rsquo;espace (\u00d6WF) est l&rsquo;une des organisations leaders au monde dans le domaine de la recherche analogique, contribuant \u00e0 la pr\u00e9paration de l&rsquo;exploration astronautique d&rsquo;autres plan\u00e8tes. Des experts de diverses disciplines constituent la base de ce travail au sein de l&rsquo;\u00d6WF. En collaboration avec des institutions de recherche nationales et internationales, l&rsquo;industrie et des entreprises de divers secteurs, des recherches de haut niveau sont men\u00e9es ici. L&rsquo;\u00d6WF utilise \u00e9galement ses excellents contacts avec les d\u00e9cideurs, la politique et les m\u00e9dias pour promouvoir et faire conna\u00eetre la recherche et la technologie de pointe autrichiennes \u00e0 l&rsquo;international. De plus, le Forum autrichien de l&rsquo;espace est l&rsquo;un des principaux organismes de formation en Autriche en mati\u00e8re d&rsquo;exploration spatiale, visant \u00e0 enthousiasmer les jeunes pour la science et la technologie et \u00e0 leur donner acc\u00e8s \u00e0 ce secteur. En plus de superviser des travaux universitaires, l&rsquo;\u00d6WF offre \u00e9galement r\u00e9guli\u00e8rement aux \u00e9tudiants et aux \u00e9l\u00e8ves la possibilit\u00e9 d&rsquo;\u00e9largir leurs connaissances dans le cadre de stages.<\/p>\n<p><a href=\"https:\/\/www.oewf.org\" target=\"_blank\" rel=\"noopener noreferrer\">www.oewf.org<\/a><\/p>\n<p>Photo de titre : \u00a9 Gebr. Weiss\/Florian Voggeneder<\/p>\n<p>&nbsp;<\/p>\n","protected":false},"excerpt":{"rendered":"<p>La 13\u00e8me mission internationale analogique Mars Amadee-20, soutenue par Gebr\u00fcder Weiss en tant que partenaire logistique officiel, a \u00e9t\u00e9 achev\u00e9e avec succ\u00e8s fin octobre en Isra\u00ebl.<span class=\"excerpt-hellip\"> [\u2026]<\/span><\/p>\n","protected":false},"author":0,"featured_media":11868,"comment_status":"open","ping_status":"open","sticky":false,"template":"","format":"standard","meta":{"_acf_changed":false,"footnotes":""},"categories":[1557,1561,1559],"tags":[],"class_list":["post-53257","post","type-post","status-publish","format-standard","has-post-thumbnail","hentry","category-forwarding-logistics","category-regions","category-shipping-ports"],"acf":[],"yoast_head":"<!-- This site is optimized with the Yoast SEO plugin v27.3 - https:\/\/yoast.com\/product\/yoast-seo-wordpress\/ -->\n<title>Mission Mars&quot; de Gebr\u00fcder Weiss achev\u00e9e en Isra\u00ebl - Loginfo24.<\/title>\n<meta name=\"robots\" content=\"index, follow, max-snippet:-1, max-image-preview:large, max-video-preview:-1\" \/>\n<link rel=\"canonical\" href=\"https:\/\/loginfo24.com\/fr\/2021\/11\/05\/mission-mars-de-gebruder-weiss-achevee-en-israel\/\" \/>\n<meta property=\"og:locale\" content=\"fr_FR\" \/>\n<meta property=\"og:type\" content=\"article\" \/>\n<meta property=\"og:title\" content=\"Mission Mars&quot; de Gebr\u00fcder Weiss achev\u00e9e en Isra\u00ebl - Loginfo24.\" \/>\n<meta property=\"og:description\" content=\"La 13\u00e8me mission internationale analogique Mars Amadee-20, soutenue par Gebr\u00fcder Weiss en tant que partenaire logistique officiel, a \u00e9t\u00e9 achev\u00e9e avec succ\u00e8s fin octobre en Isra\u00ebl. [\u2026]\" \/>\n<meta property=\"og:url\" content=\"https:\/\/loginfo24.com\/fr\/2021\/11\/05\/mission-mars-de-gebruder-weiss-achevee-en-israel\/\" \/>\n<meta property=\"og:site_name\" content=\"Loginfo24\" \/>\n<meta property=\"article:publisher\" content=\"https:\/\/www.facebook.com\/people\/Loginfo24\/100057360583332\/\" \/>\n<meta property=\"article:published_time\" content=\"2021-11-05T16:18:31+00:00\" \/>\n<meta property=\"og:image\" content=\"https:\/\/loginfo24.com\/wp-content\/uploads\/sites\/7\/2025\/12\/Gebr_Weiss_5.11.21_1.jpg\" \/>\n\t<meta property=\"og:image:width\" content=\"1213\" \/>\n\t<meta property=\"og:image:height\" content=\"680\" \/>\n\t<meta property=\"og:image:type\" content=\"image\/jpeg\" \/>\n<meta name=\"twitter:card\" content=\"summary_large_image\" \/>\n<meta name=\"twitter:label1\" content=\"Dur\u00e9e de lecture estim\u00e9e\" \/>\n\t<meta name=\"twitter:data1\" content=\"3 minutes\" \/>\n<script type=\"application\/ld+json\" class=\"yoast-schema-graph\">{\"@context\":\"https:\\\/\\\/schema.org\",\"@graph\":[{\"@type\":\"Article\",\"@id\":\"https:\\\/\\\/loginfo24.com\\\/fr\\\/2021\\\/11\\\/05\\\/mission-mars-de-gebruder-weiss-achevee-en-israel\\\/#article\",\"isPartOf\":{\"@id\":\"https:\\\/\\\/loginfo24.com\\\/fr\\\/2021\\\/11\\\/05\\\/mission-mars-de-gebruder-weiss-achevee-en-israel\\\/\"},\"author\":{\"name\":\"\",\"@id\":\"\"},\"headline\":\"Mission Mars\u00a0\u00bb de Gebr\u00fcder Weiss achev\u00e9e en Isra\u00ebl\",\"datePublished\":\"2021-11-05T16:18:31+00:00\",\"mainEntityOfPage\":{\"@id\":\"https:\\\/\\\/loginfo24.com\\\/fr\\\/2021\\\/11\\\/05\\\/mission-mars-de-gebruder-weiss-achevee-en-israel\\\/\"},\"wordCount\":539,\"commentCount\":0,\"publisher\":{\"@id\":\"https:\\\/\\\/loginfo24.com\\\/fr\\\/#organization\"},\"image\":{\"@id\":\"https:\\\/\\\/loginfo24.com\\\/fr\\\/2021\\\/11\\\/05\\\/mission-mars-de-gebruder-weiss-achevee-en-israel\\\/#primaryimage\"},\"thumbnailUrl\":\"https:\\\/\\\/loginfo24.com\\\/wp-content\\\/uploads\\\/sites\\\/7\\\/2025\\\/12\\\/Gebr_Weiss_5.11.21_1.jpg\",\"articleSection\":[\"Forwarding &amp; Logistics\",\"Regions\",\"Shipping &amp; Ports\"],\"inLanguage\":\"fr-FR\",\"potentialAction\":[{\"@type\":\"CommentAction\",\"name\":\"Comment\",\"target\":[\"https:\\\/\\\/loginfo24.com\\\/fr\\\/2021\\\/11\\\/05\\\/mission-mars-de-gebruder-weiss-achevee-en-israel\\\/#respond\"]}]},{\"@type\":\"WebPage\",\"@id\":\"https:\\\/\\\/loginfo24.com\\\/fr\\\/2021\\\/11\\\/05\\\/mission-mars-de-gebruder-weiss-achevee-en-israel\\\/\",\"url\":\"https:\\\/\\\/loginfo24.com\\\/fr\\\/2021\\\/11\\\/05\\\/mission-mars-de-gebruder-weiss-achevee-en-israel\\\/\",\"name\":\"Mission Mars\\\" de Gebr\u00fcder Weiss achev\u00e9e en Isra\u00ebl - Loginfo24.\",\"isPartOf\":{\"@id\":\"https:\\\/\\\/loginfo24.com\\\/fr\\\/#website\"},\"primaryImageOfPage\":{\"@id\":\"https:\\\/\\\/loginfo24.com\\\/fr\\\/2021\\\/11\\\/05\\\/mission-mars-de-gebruder-weiss-achevee-en-israel\\\/#primaryimage\"},\"image\":{\"@id\":\"https:\\\/\\\/loginfo24.com\\\/fr\\\/2021\\\/11\\\/05\\\/mission-mars-de-gebruder-weiss-achevee-en-israel\\\/#primaryimage\"},\"thumbnailUrl\":\"https:\\\/\\\/loginfo24.com\\\/wp-content\\\/uploads\\\/sites\\\/7\\\/2025\\\/12\\\/Gebr_Weiss_5.11.21_1.jpg\",\"datePublished\":\"2021-11-05T16:18:31+00:00\",\"breadcrumb\":{\"@id\":\"https:\\\/\\\/loginfo24.com\\\/fr\\\/2021\\\/11\\\/05\\\/mission-mars-de-gebruder-weiss-achevee-en-israel\\\/#breadcrumb\"},\"inLanguage\":\"fr-FR\",\"potentialAction\":[{\"@type\":\"ReadAction\",\"target\":[\"https:\\\/\\\/loginfo24.com\\\/fr\\\/2021\\\/11\\\/05\\\/mission-mars-de-gebruder-weiss-achevee-en-israel\\\/\"]}]},{\"@type\":\"ImageObject\",\"inLanguage\":\"fr-FR\",\"@id\":\"https:\\\/\\\/loginfo24.com\\\/fr\\\/2021\\\/11\\\/05\\\/mission-mars-de-gebruder-weiss-achevee-en-israel\\\/#primaryimage\",\"url\":\"https:\\\/\\\/loginfo24.com\\\/wp-content\\\/uploads\\\/sites\\\/7\\\/2025\\\/12\\\/Gebr_Weiss_5.11.21_1.jpg\",\"contentUrl\":\"https:\\\/\\\/loginfo24.com\\\/wp-content\\\/uploads\\\/sites\\\/7\\\/2025\\\/12\\\/Gebr_Weiss_5.11.21_1.jpg\",\"width\":1213,\"height\":680},{\"@type\":\"BreadcrumbList\",\"@id\":\"https:\\\/\\\/loginfo24.com\\\/fr\\\/2021\\\/11\\\/05\\\/mission-mars-de-gebruder-weiss-achevee-en-israel\\\/#breadcrumb\",\"itemListElement\":[{\"@type\":\"ListItem\",\"position\":1,\"name\":\"Startseite\",\"item\":\"https:\\\/\\\/loginfo24.com\\\/fr\\\/\"},{\"@type\":\"ListItem\",\"position\":2,\"name\":\"Mission Mars\u00a0\u00bb de Gebr\u00fcder Weiss achev\u00e9e en Isra\u00ebl\"}]},{\"@type\":\"WebSite\",\"@id\":\"https:\\\/\\\/loginfo24.com\\\/fr\\\/#website\",\"url\":\"https:\\\/\\\/loginfo24.com\\\/fr\\\/\",\"name\":\"Loginfo24\",\"description\":\"Loginfo24 est la plateforme d\u00e9di\u00e9e \u00e0 la logistique et aux cha\u00eenes d&#039;approvisionnement qui fournit des informations 24 heures sur 24.\",\"publisher\":{\"@id\":\"https:\\\/\\\/loginfo24.com\\\/fr\\\/#organization\"},\"potentialAction\":[{\"@type\":\"SearchAction\",\"target\":{\"@type\":\"EntryPoint\",\"urlTemplate\":\"https:\\\/\\\/loginfo24.com\\\/fr\\\/?s={search_term_string}\"},\"query-input\":{\"@type\":\"PropertyValueSpecification\",\"valueRequired\":true,\"valueName\":\"search_term_string\"}}],\"inLanguage\":\"fr-FR\"},{\"@type\":\"Organization\",\"@id\":\"https:\\\/\\\/loginfo24.com\\\/fr\\\/#organization\",\"name\":\"Groupe Logismedia AG\",\"url\":\"https:\\\/\\\/loginfo24.com\\\/fr\\\/\",\"logo\":{\"@type\":\"ImageObject\",\"inLanguage\":\"fr-FR\",\"@id\":\"https:\\\/\\\/loginfo24.com\\\/fr\\\/#\\\/schema\\\/logo\\\/image\\\/\",\"url\":\"https:\\\/\\\/loginfo24.com\\\/wp-content\\\/uploads\\\/sites\\\/7\\\/2026\\\/01\\\/Logo_LogInfo24.png\",\"contentUrl\":\"https:\\\/\\\/loginfo24.com\\\/wp-content\\\/uploads\\\/sites\\\/7\\\/2026\\\/01\\\/Logo_LogInfo24.png\",\"width\":938,\"height\":351,\"caption\":\"Groupe Logismedia AG\"},\"image\":{\"@id\":\"https:\\\/\\\/loginfo24.com\\\/fr\\\/#\\\/schema\\\/logo\\\/image\\\/\"},\"sameAs\":[\"https:\\\/\\\/www.facebook.com\\\/people\\\/Loginfo24\\\/100057360583332\\\/\",\"https:\\\/\\\/www.linkedin.com\\\/company\\\/lofinfo24\\\/\"]}]}<\/script>\n<!-- \/ Yoast SEO plugin. -->","yoast_head_json":{"title":"Mission Mars\" de Gebr\u00fcder Weiss achev\u00e9e en Isra\u00ebl - Loginfo24.","robots":{"index":"index","follow":"follow","max-snippet":"max-snippet:-1","max-image-preview":"max-image-preview:large","max-video-preview":"max-video-preview:-1"},"canonical":"https:\/\/loginfo24.com\/fr\/2021\/11\/05\/mission-mars-de-gebruder-weiss-achevee-en-israel\/","og_locale":"fr_FR","og_type":"article","og_title":"Mission Mars\" de Gebr\u00fcder Weiss achev\u00e9e en Isra\u00ebl - Loginfo24.","og_description":"La 13\u00e8me mission internationale analogique Mars Amadee-20, soutenue par Gebr\u00fcder Weiss en tant que partenaire logistique officiel, a \u00e9t\u00e9 achev\u00e9e avec succ\u00e8s fin octobre en Isra\u00ebl. [\u2026]","og_url":"https:\/\/loginfo24.com\/fr\/2021\/11\/05\/mission-mars-de-gebruder-weiss-achevee-en-israel\/","og_site_name":"Loginfo24","article_publisher":"https:\/\/www.facebook.com\/people\/Loginfo24\/100057360583332\/","article_published_time":"2021-11-05T16:18:31+00:00","og_image":[{"width":1213,"height":680,"url":"https:\/\/loginfo24.com\/wp-content\/uploads\/sites\/7\/2025\/12\/Gebr_Weiss_5.11.21_1.jpg","type":"image\/jpeg"}],"twitter_card":"summary_large_image","twitter_misc":{"Dur\u00e9e de lecture estim\u00e9e":"3 minutes"},"schema":{"@context":"https:\/\/schema.org","@graph":[{"@type":"Article","@id":"https:\/\/loginfo24.com\/fr\/2021\/11\/05\/mission-mars-de-gebruder-weiss-achevee-en-israel\/#article","isPartOf":{"@id":"https:\/\/loginfo24.com\/fr\/2021\/11\/05\/mission-mars-de-gebruder-weiss-achevee-en-israel\/"},"author":{"name":"","@id":""},"headline":"Mission Mars\u00a0\u00bb de Gebr\u00fcder Weiss achev\u00e9e en Isra\u00ebl","datePublished":"2021-11-05T16:18:31+00:00","mainEntityOfPage":{"@id":"https:\/\/loginfo24.com\/fr\/2021\/11\/05\/mission-mars-de-gebruder-weiss-achevee-en-israel\/"},"wordCount":539,"commentCount":0,"publisher":{"@id":"https:\/\/loginfo24.com\/fr\/#organization"},"image":{"@id":"https:\/\/loginfo24.com\/fr\/2021\/11\/05\/mission-mars-de-gebruder-weiss-achevee-en-israel\/#primaryimage"},"thumbnailUrl":"https:\/\/loginfo24.com\/wp-content\/uploads\/sites\/7\/2025\/12\/Gebr_Weiss_5.11.21_1.jpg","articleSection":["Forwarding &amp; Logistics","Regions","Shipping &amp; Ports"],"inLanguage":"fr-FR","potentialAction":[{"@type":"CommentAction","name":"Comment","target":["https:\/\/loginfo24.com\/fr\/2021\/11\/05\/mission-mars-de-gebruder-weiss-achevee-en-israel\/#respond"]}]},{"@type":"WebPage","@id":"https:\/\/loginfo24.com\/fr\/2021\/11\/05\/mission-mars-de-gebruder-weiss-achevee-en-israel\/","url":"https:\/\/loginfo24.com\/fr\/2021\/11\/05\/mission-mars-de-gebruder-weiss-achevee-en-israel\/","name":"Mission Mars\" de Gebr\u00fcder Weiss achev\u00e9e en Isra\u00ebl - Loginfo24.","isPartOf":{"@id":"https:\/\/loginfo24.com\/fr\/#website"},"primaryImageOfPage":{"@id":"https:\/\/loginfo24.com\/fr\/2021\/11\/05\/mission-mars-de-gebruder-weiss-achevee-en-israel\/#primaryimage"},"image":{"@id":"https:\/\/loginfo24.com\/fr\/2021\/11\/05\/mission-mars-de-gebruder-weiss-achevee-en-israel\/#primaryimage"},"thumbnailUrl":"https:\/\/loginfo24.com\/wp-content\/uploads\/sites\/7\/2025\/12\/Gebr_Weiss_5.11.21_1.jpg","datePublished":"2021-11-05T16:18:31+00:00","breadcrumb":{"@id":"https:\/\/loginfo24.com\/fr\/2021\/11\/05\/mission-mars-de-gebruder-weiss-achevee-en-israel\/#breadcrumb"},"inLanguage":"fr-FR","potentialAction":[{"@type":"ReadAction","target":["https:\/\/loginfo24.com\/fr\/2021\/11\/05\/mission-mars-de-gebruder-weiss-achevee-en-israel\/"]}]},{"@type":"ImageObject","inLanguage":"fr-FR","@id":"https:\/\/loginfo24.com\/fr\/2021\/11\/05\/mission-mars-de-gebruder-weiss-achevee-en-israel\/#primaryimage","url":"https:\/\/loginfo24.com\/wp-content\/uploads\/sites\/7\/2025\/12\/Gebr_Weiss_5.11.21_1.jpg","contentUrl":"https:\/\/loginfo24.com\/wp-content\/uploads\/sites\/7\/2025\/12\/Gebr_Weiss_5.11.21_1.jpg","width":1213,"height":680},{"@type":"BreadcrumbList","@id":"https:\/\/loginfo24.com\/fr\/2021\/11\/05\/mission-mars-de-gebruder-weiss-achevee-en-israel\/#breadcrumb","itemListElement":[{"@type":"ListItem","position":1,"name":"Startseite","item":"https:\/\/loginfo24.com\/fr\/"},{"@type":"ListItem","position":2,"name":"Mission Mars\u00a0\u00bb de Gebr\u00fcder Weiss achev\u00e9e en Isra\u00ebl"}]},{"@type":"WebSite","@id":"https:\/\/loginfo24.com\/fr\/#website","url":"https:\/\/loginfo24.com\/fr\/","name":"Loginfo24","description":"Loginfo24 est la plateforme d\u00e9di\u00e9e \u00e0 la logistique et aux cha\u00eenes d&#039;approvisionnement qui fournit des informations 24 heures sur 24.","publisher":{"@id":"https:\/\/loginfo24.com\/fr\/#organization"},"potentialAction":[{"@type":"SearchAction","target":{"@type":"EntryPoint","urlTemplate":"https:\/\/loginfo24.com\/fr\/?s={search_term_string}"},"query-input":{"@type":"PropertyValueSpecification","valueRequired":true,"valueName":"search_term_string"}}],"inLanguage":"fr-FR"},{"@type":"Organization","@id":"https:\/\/loginfo24.com\/fr\/#organization","name":"Groupe Logismedia AG","url":"https:\/\/loginfo24.com\/fr\/","logo":{"@type":"ImageObject","inLanguage":"fr-FR","@id":"https:\/\/loginfo24.com\/fr\/#\/schema\/logo\/image\/","url":"https:\/\/loginfo24.com\/wp-content\/uploads\/sites\/7\/2026\/01\/Logo_LogInfo24.png","contentUrl":"https:\/\/loginfo24.com\/wp-content\/uploads\/sites\/7\/2026\/01\/Logo_LogInfo24.png","width":938,"height":351,"caption":"Groupe Logismedia AG"},"image":{"@id":"https:\/\/loginfo24.com\/fr\/#\/schema\/logo\/image\/"},"sameAs":["https:\/\/www.facebook.com\/people\/Loginfo24\/100057360583332\/","https:\/\/www.linkedin.com\/company\/lofinfo24\/"]}]}},"_links":{"self":[{"href":"https:\/\/loginfo24.com\/fr\/wp-json\/wp\/v2\/posts\/53257","targetHints":{"allow":["GET"]}}],"collection":[{"href":"https:\/\/loginfo24.com\/fr\/wp-json\/wp\/v2\/posts"}],"about":[{"href":"https:\/\/loginfo24.com\/fr\/wp-json\/wp\/v2\/types\/post"}],"replies":[{"embeddable":true,"href":"https:\/\/loginfo24.com\/fr\/wp-json\/wp\/v2\/comments?post=53257"}],"version-history":[{"count":0,"href":"https:\/\/loginfo24.com\/fr\/wp-json\/wp\/v2\/posts\/53257\/revisions"}],"wp:featuredmedia":[{"embeddable":true,"href":"https:\/\/loginfo24.com\/fr\/wp-json\/wp\/v2\/media\/11868"}],"wp:attachment":[{"href":"https:\/\/loginfo24.com\/fr\/wp-json\/wp\/v2\/media?parent=53257"}],"wp:term":[{"taxonomy":"category","embeddable":true,"href":"https:\/\/loginfo24.com\/fr\/wp-json\/wp\/v2\/categories?post=53257"},{"taxonomy":"post_tag","embeddable":true,"href":"https:\/\/loginfo24.com\/fr\/wp-json\/wp\/v2\/tags?post=53257"}],"curies":[{"name":"wp","href":"https:\/\/api.w.org\/{rel}","templated":true}]}}