{"id":52805,"date":"2021-10-19T18:43:24","date_gmt":"2021-10-19T16:43:24","guid":{"rendered":"https:\/\/blog.brand-architecture.at\/2021\/10\/19\/au-jour-de-la-logistique-la-logistique-montre-ce-quelle-fait-bouger\/"},"modified":"2021-10-19T18:43:24","modified_gmt":"2021-10-19T16:43:24","slug":"au-jour-de-la-logistique-la-logistique-montre-ce-quelle-fait-bouger","status":"publish","type":"post","link":"https:\/\/loginfo24.com\/fr\/2021\/10\/19\/au-jour-de-la-logistique-la-logistique-montre-ce-quelle-fait-bouger\/","title":{"rendered":"Au \u00ab\u00a0Jour de la Logistique\u00a0\u00bb, la logistique montre ce qu&rsquo;elle fait bouger"},"content":{"rendered":"<h5><strong>Le 21 avril 2022, c&rsquo;est le \u00ab\u00a0Jour de la Logistique\u00a0\u00bb. \u00c0 cette occasion, le troisi\u00e8me plus grand secteur \u00e9conomique d&rsquo;Allemagne ouvre \u00e0 nouveau ses portes au grand public et montre les nombreuses t\u00e2ches qu&rsquo;il accomplit pour l&rsquo;\u00e9conomie et la soci\u00e9t\u00e9. Les entreprises peuvent d\u00e8s maintenant publier gratuitement des \u00e9v\u00e9nements sur le site www.tag-der-logistik.de.<\/strong><\/h5>\n<p>(Francfort\/Munich) La logistique ouvre ses portes. Lors du \u00ab\u00a0Jour de la Logistique\u00a0\u00bb le 21 avril 2022, les int\u00e9ress\u00e9s auront \u00e0 nouveau la possibilit\u00e9 de se faire une id\u00e9e des fonctions concr\u00e8tes et des processus dans les entreprises de production et chez les prestataires logistiques. Cette journ\u00e9e d&rsquo;action nationale, initi\u00e9e par la F\u00e9d\u00e9ration allemande de logistique (BVL) en 2008, se d\u00e9roulera d\u00e9j\u00e0 pour la 15e fois.<\/p>\n<p>Sans logistique, ni l&rsquo;\u00e9conomie ni la soci\u00e9t\u00e9 ne fonctionnent. R\u00e9cemment, il y a eu de nombreux exemples de l&rsquo;importance de la fonction d&rsquo;approvisionnement du secteur logistique : du porte-conteneurs bloqu\u00e9 dans le canal de Suez aux d\u00e9fis de la logistique des vaccins, en passant par les cha\u00eenes d&rsquo;approvisionnement mondiales fragiles dues aux goulets d&rsquo;\u00e9tranglement dans les capacit\u00e9s de transport et de manutention. R\u00e9cemment, les stations-service britanniques en rupture de stock ont montr\u00e9 \u00e0 quel point les conducteurs professionnels sont essentiels pour les entreprises et les consommateurs.<\/p>\n<h5><strong>Reconnaissance de la logistique accrue pendant la Corona<\/strong><\/h5>\n<p>Pendant la pand\u00e9mie de Corona, il y a eu une grande reconnaissance et une sensibilisation accrue \u00e0 l&rsquo;importance de la logistique dans de larges cercles de la population. La fonction d&rsquo;approvisionnement et l&rsquo;organisation des cha\u00eenes d&rsquo;approvisionnement r\u00e9gionales et mondiales, par exemple pour les mati\u00e8res premi\u00e8res de l&rsquo;industrie chimique, les composants pour l&rsquo;automobile ou la construction de machines, ou encore pour les aliments, sont remplies par les entreprises de logistique avec une grande efficacit\u00e9 et fiabilit\u00e9. En bref : la logistique est d&rsquo;une importance syst\u00e9mique.<\/p>\n<h5><strong>Renforcer le secteur logistique<\/strong><\/h5>\n<p>La logistique offre dans de nombreux domaines des activit\u00e9s passionnantes, stimulantes et porteuses de sens. Le \u00ab\u00a0Jour de la Logistique\u00a0\u00bb est pour les entreprises l&rsquo;occasion de montrer l&rsquo;incroyable diversit\u00e9 des t\u00e2ches ainsi que les perspectives de carri\u00e8re et d&#8217;emploi, afin d&rsquo;int\u00e9resser les gens \u00e0 la logistique et ainsi de garantir une acceptation durable du secteur \u00e9conomique. Pour profiter de cette opportunit\u00e9 de valorisation de l&rsquo;image, les entreprises et les organisations doivent maintenant mettre en place une offre d&rsquo;\u00e9v\u00e9nements appropri\u00e9e et la faire conna\u00eetre largement. Cela peut se faire en direct sur place ou sous forme num\u00e9rique via des webinaires, des vid\u00e9oconf\u00e9rences, des diffusions en direct, des vlogs, des blogs et bien plus encore. De plus, les entreprises peuvent intensifier leur travail de presse, attirer l&rsquo;attention sur la logistique avec des actions sur leurs sites web ou \u00eatre actives sur les r\u00e9seaux sociaux. De cette mani\u00e8re, les th\u00e8mes du secteur logistique sont pr\u00e9sent\u00e9s ensemble au public.<\/p>\n<p>Les \u00e9v\u00e9nements peuvent \u00eatre enregistr\u00e9s gratuitement par les entreprises et les institutions \u00e0 l&rsquo;adresse suivante :<\/p>\n<p><a href=\"https:\/\/www.tag-der-logistik.de\" target=\"_blank\" rel=\"noopener noreferrer\">www.tag-der-logistik.de<\/a><\/p>\n<p>Photo : \u00a9 Jour de la Logistique<\/p>\n","protected":false},"excerpt":{"rendered":"<p>Le 21 avril 2022, c&rsquo;est le \u00ab\u00a0Jour de la Logistique\u00a0\u00bb. \u00c0 cette occasion, le troisi\u00e8me plus grand secteur \u00e9conomique d&rsquo;Allemagne ouvre \u00e0 nouveau ses portes au<span class=\"excerpt-hellip\"> [\u2026]<\/span><\/p>\n","protected":false},"author":0,"featured_media":12058,"comment_status":"open","ping_status":"open","sticky":false,"template":"","format":"standard","meta":{"_acf_changed":false,"footnotes":""},"categories":[1557,1560,1561],"tags":[],"class_list":["post-52805","post","type-post","status-publish","format-standard","has-post-thumbnail","hentry","category-forwarding-logistics","category-intralogistics","category-regions"],"acf":[],"yoast_head":"<!-- This site is optimized with the Yoast SEO plugin v27.3 - https:\/\/yoast.com\/product\/yoast-seo-wordpress\/ -->\n<title>Au &quot;Jour de la Logistique&quot;, la logistique montre ce qu&#039;elle fait bouger - Loginfo24.<\/title>\n<meta name=\"robots\" content=\"index, follow, max-snippet:-1, max-image-preview:large, max-video-preview:-1\" \/>\n<link rel=\"canonical\" href=\"https:\/\/loginfo24.com\/fr\/2021\/10\/19\/au-jour-de-la-logistique-la-logistique-montre-ce-quelle-fait-bouger\/\" \/>\n<meta property=\"og:locale\" content=\"fr_FR\" \/>\n<meta property=\"og:type\" content=\"article\" \/>\n<meta property=\"og:title\" content=\"Au &quot;Jour de la Logistique&quot;, la logistique montre ce qu&#039;elle fait bouger - Loginfo24.\" \/>\n<meta property=\"og:description\" content=\"Le 21 avril 2022, c&rsquo;est le \u00ab\u00a0Jour de la Logistique\u00a0\u00bb. \u00c0 cette occasion, le troisi\u00e8me plus grand secteur \u00e9conomique d&rsquo;Allemagne ouvre \u00e0 nouveau ses portes au [\u2026]\" \/>\n<meta property=\"og:url\" content=\"https:\/\/loginfo24.com\/fr\/2021\/10\/19\/au-jour-de-la-logistique-la-logistique-montre-ce-quelle-fait-bouger\/\" \/>\n<meta property=\"og:site_name\" content=\"Loginfo24\" \/>\n<meta property=\"article:publisher\" content=\"https:\/\/www.facebook.com\/people\/Loginfo24\/100057360583332\/\" \/>\n<meta property=\"article:published_time\" content=\"2021-10-19T16:43:24+00:00\" \/>\n<meta property=\"og:image\" content=\"https:\/\/loginfo24.com\/wp-content\/uploads\/sites\/7\/2025\/12\/BVL_19.10.21.jpg\" \/>\n\t<meta property=\"og:image:width\" content=\"1389\" \/>\n\t<meta property=\"og:image:height\" content=\"836\" \/>\n\t<meta property=\"og:image:type\" content=\"image\/jpeg\" \/>\n<meta name=\"twitter:card\" content=\"summary_large_image\" \/>\n<meta name=\"twitter:label1\" content=\"Dur\u00e9e de lecture estim\u00e9e\" \/>\n\t<meta name=\"twitter:data1\" content=\"3 minutes\" \/>\n<script type=\"application\/ld+json\" class=\"yoast-schema-graph\">{\"@context\":\"https:\\\/\\\/schema.org\",\"@graph\":[{\"@type\":\"Article\",\"@id\":\"https:\\\/\\\/loginfo24.com\\\/fr\\\/2021\\\/10\\\/19\\\/au-jour-de-la-logistique-la-logistique-montre-ce-quelle-fait-bouger\\\/#article\",\"isPartOf\":{\"@id\":\"https:\\\/\\\/loginfo24.com\\\/fr\\\/2021\\\/10\\\/19\\\/au-jour-de-la-logistique-la-logistique-montre-ce-quelle-fait-bouger\\\/\"},\"author\":{\"name\":\"\",\"@id\":\"\"},\"headline\":\"Au \u00ab\u00a0Jour de la Logistique\u00a0\u00bb, la logistique montre ce qu&rsquo;elle fait bouger\",\"datePublished\":\"2021-10-19T16:43:24+00:00\",\"mainEntityOfPage\":{\"@id\":\"https:\\\/\\\/loginfo24.com\\\/fr\\\/2021\\\/10\\\/19\\\/au-jour-de-la-logistique-la-logistique-montre-ce-quelle-fait-bouger\\\/\"},\"wordCount\":549,\"commentCount\":0,\"publisher\":{\"@id\":\"https:\\\/\\\/loginfo24.com\\\/fr\\\/#organization\"},\"image\":{\"@id\":\"https:\\\/\\\/loginfo24.com\\\/fr\\\/2021\\\/10\\\/19\\\/au-jour-de-la-logistique-la-logistique-montre-ce-quelle-fait-bouger\\\/#primaryimage\"},\"thumbnailUrl\":\"https:\\\/\\\/loginfo24.com\\\/wp-content\\\/uploads\\\/sites\\\/7\\\/2025\\\/12\\\/BVL_19.10.21.jpg\",\"articleSection\":[\"Forwarding &amp; Logistics\",\"Intralogistics\",\"Regions\"],\"inLanguage\":\"fr-FR\",\"potentialAction\":[{\"@type\":\"CommentAction\",\"name\":\"Comment\",\"target\":[\"https:\\\/\\\/loginfo24.com\\\/fr\\\/2021\\\/10\\\/19\\\/au-jour-de-la-logistique-la-logistique-montre-ce-quelle-fait-bouger\\\/#respond\"]}]},{\"@type\":\"WebPage\",\"@id\":\"https:\\\/\\\/loginfo24.com\\\/fr\\\/2021\\\/10\\\/19\\\/au-jour-de-la-logistique-la-logistique-montre-ce-quelle-fait-bouger\\\/\",\"url\":\"https:\\\/\\\/loginfo24.com\\\/fr\\\/2021\\\/10\\\/19\\\/au-jour-de-la-logistique-la-logistique-montre-ce-quelle-fait-bouger\\\/\",\"name\":\"Au \\\"Jour de la Logistique\\\", la logistique montre ce qu'elle fait bouger - Loginfo24.\",\"isPartOf\":{\"@id\":\"https:\\\/\\\/loginfo24.com\\\/fr\\\/#website\"},\"primaryImageOfPage\":{\"@id\":\"https:\\\/\\\/loginfo24.com\\\/fr\\\/2021\\\/10\\\/19\\\/au-jour-de-la-logistique-la-logistique-montre-ce-quelle-fait-bouger\\\/#primaryimage\"},\"image\":{\"@id\":\"https:\\\/\\\/loginfo24.com\\\/fr\\\/2021\\\/10\\\/19\\\/au-jour-de-la-logistique-la-logistique-montre-ce-quelle-fait-bouger\\\/#primaryimage\"},\"thumbnailUrl\":\"https:\\\/\\\/loginfo24.com\\\/wp-content\\\/uploads\\\/sites\\\/7\\\/2025\\\/12\\\/BVL_19.10.21.jpg\",\"datePublished\":\"2021-10-19T16:43:24+00:00\",\"breadcrumb\":{\"@id\":\"https:\\\/\\\/loginfo24.com\\\/fr\\\/2021\\\/10\\\/19\\\/au-jour-de-la-logistique-la-logistique-montre-ce-quelle-fait-bouger\\\/#breadcrumb\"},\"inLanguage\":\"fr-FR\",\"potentialAction\":[{\"@type\":\"ReadAction\",\"target\":[\"https:\\\/\\\/loginfo24.com\\\/fr\\\/2021\\\/10\\\/19\\\/au-jour-de-la-logistique-la-logistique-montre-ce-quelle-fait-bouger\\\/\"]}]},{\"@type\":\"ImageObject\",\"inLanguage\":\"fr-FR\",\"@id\":\"https:\\\/\\\/loginfo24.com\\\/fr\\\/2021\\\/10\\\/19\\\/au-jour-de-la-logistique-la-logistique-montre-ce-quelle-fait-bouger\\\/#primaryimage\",\"url\":\"https:\\\/\\\/loginfo24.com\\\/wp-content\\\/uploads\\\/sites\\\/7\\\/2025\\\/12\\\/BVL_19.10.21.jpg\",\"contentUrl\":\"https:\\\/\\\/loginfo24.com\\\/wp-content\\\/uploads\\\/sites\\\/7\\\/2025\\\/12\\\/BVL_19.10.21.jpg\",\"width\":1389,\"height\":836},{\"@type\":\"BreadcrumbList\",\"@id\":\"https:\\\/\\\/loginfo24.com\\\/fr\\\/2021\\\/10\\\/19\\\/au-jour-de-la-logistique-la-logistique-montre-ce-quelle-fait-bouger\\\/#breadcrumb\",\"itemListElement\":[{\"@type\":\"ListItem\",\"position\":1,\"name\":\"Startseite\",\"item\":\"https:\\\/\\\/loginfo24.com\\\/fr\\\/\"},{\"@type\":\"ListItem\",\"position\":2,\"name\":\"Au &#8222;Jour de la Logistique&#8220;, la logistique montre ce qu&#8217;elle fait bouger\"}]},{\"@type\":\"WebSite\",\"@id\":\"https:\\\/\\\/loginfo24.com\\\/fr\\\/#website\",\"url\":\"https:\\\/\\\/loginfo24.com\\\/fr\\\/\",\"name\":\"Loginfo24\",\"description\":\"Loginfo24 est la plateforme d\u00e9di\u00e9e \u00e0 la logistique et aux cha\u00eenes d&#039;approvisionnement qui fournit des informations 24 heures sur 24.\",\"publisher\":{\"@id\":\"https:\\\/\\\/loginfo24.com\\\/fr\\\/#organization\"},\"potentialAction\":[{\"@type\":\"SearchAction\",\"target\":{\"@type\":\"EntryPoint\",\"urlTemplate\":\"https:\\\/\\\/loginfo24.com\\\/fr\\\/?s={search_term_string}\"},\"query-input\":{\"@type\":\"PropertyValueSpecification\",\"valueRequired\":true,\"valueName\":\"search_term_string\"}}],\"inLanguage\":\"fr-FR\"},{\"@type\":\"Organization\",\"@id\":\"https:\\\/\\\/loginfo24.com\\\/fr\\\/#organization\",\"name\":\"Groupe Logismedia AG\",\"url\":\"https:\\\/\\\/loginfo24.com\\\/fr\\\/\",\"logo\":{\"@type\":\"ImageObject\",\"inLanguage\":\"fr-FR\",\"@id\":\"https:\\\/\\\/loginfo24.com\\\/fr\\\/#\\\/schema\\\/logo\\\/image\\\/\",\"url\":\"https:\\\/\\\/loginfo24.com\\\/wp-content\\\/uploads\\\/sites\\\/7\\\/2026\\\/01\\\/Logo_LogInfo24.png\",\"contentUrl\":\"https:\\\/\\\/loginfo24.com\\\/wp-content\\\/uploads\\\/sites\\\/7\\\/2026\\\/01\\\/Logo_LogInfo24.png\",\"width\":938,\"height\":351,\"caption\":\"Groupe Logismedia AG\"},\"image\":{\"@id\":\"https:\\\/\\\/loginfo24.com\\\/fr\\\/#\\\/schema\\\/logo\\\/image\\\/\"},\"sameAs\":[\"https:\\\/\\\/www.facebook.com\\\/people\\\/Loginfo24\\\/100057360583332\\\/\",\"https:\\\/\\\/www.linkedin.com\\\/company\\\/lofinfo24\\\/\"]}]}<\/script>\n<!-- \/ Yoast SEO plugin. -->","yoast_head_json":{"title":"Au \"Jour de la Logistique\", la logistique montre ce qu'elle fait bouger - Loginfo24.","robots":{"index":"index","follow":"follow","max-snippet":"max-snippet:-1","max-image-preview":"max-image-preview:large","max-video-preview":"max-video-preview:-1"},"canonical":"https:\/\/loginfo24.com\/fr\/2021\/10\/19\/au-jour-de-la-logistique-la-logistique-montre-ce-quelle-fait-bouger\/","og_locale":"fr_FR","og_type":"article","og_title":"Au \"Jour de la Logistique\", la logistique montre ce qu'elle fait bouger - Loginfo24.","og_description":"Le 21 avril 2022, c&rsquo;est le \u00ab\u00a0Jour de la Logistique\u00a0\u00bb. \u00c0 cette occasion, le troisi\u00e8me plus grand secteur \u00e9conomique d&rsquo;Allemagne ouvre \u00e0 nouveau ses portes au [\u2026]","og_url":"https:\/\/loginfo24.com\/fr\/2021\/10\/19\/au-jour-de-la-logistique-la-logistique-montre-ce-quelle-fait-bouger\/","og_site_name":"Loginfo24","article_publisher":"https:\/\/www.facebook.com\/people\/Loginfo24\/100057360583332\/","article_published_time":"2021-10-19T16:43:24+00:00","og_image":[{"width":1389,"height":836,"url":"https:\/\/loginfo24.com\/wp-content\/uploads\/sites\/7\/2025\/12\/BVL_19.10.21.jpg","type":"image\/jpeg"}],"twitter_card":"summary_large_image","twitter_misc":{"Dur\u00e9e de lecture estim\u00e9e":"3 minutes"},"schema":{"@context":"https:\/\/schema.org","@graph":[{"@type":"Article","@id":"https:\/\/loginfo24.com\/fr\/2021\/10\/19\/au-jour-de-la-logistique-la-logistique-montre-ce-quelle-fait-bouger\/#article","isPartOf":{"@id":"https:\/\/loginfo24.com\/fr\/2021\/10\/19\/au-jour-de-la-logistique-la-logistique-montre-ce-quelle-fait-bouger\/"},"author":{"name":"","@id":""},"headline":"Au \u00ab\u00a0Jour de la Logistique\u00a0\u00bb, la logistique montre ce qu&rsquo;elle fait bouger","datePublished":"2021-10-19T16:43:24+00:00","mainEntityOfPage":{"@id":"https:\/\/loginfo24.com\/fr\/2021\/10\/19\/au-jour-de-la-logistique-la-logistique-montre-ce-quelle-fait-bouger\/"},"wordCount":549,"commentCount":0,"publisher":{"@id":"https:\/\/loginfo24.com\/fr\/#organization"},"image":{"@id":"https:\/\/loginfo24.com\/fr\/2021\/10\/19\/au-jour-de-la-logistique-la-logistique-montre-ce-quelle-fait-bouger\/#primaryimage"},"thumbnailUrl":"https:\/\/loginfo24.com\/wp-content\/uploads\/sites\/7\/2025\/12\/BVL_19.10.21.jpg","articleSection":["Forwarding &amp; Logistics","Intralogistics","Regions"],"inLanguage":"fr-FR","potentialAction":[{"@type":"CommentAction","name":"Comment","target":["https:\/\/loginfo24.com\/fr\/2021\/10\/19\/au-jour-de-la-logistique-la-logistique-montre-ce-quelle-fait-bouger\/#respond"]}]},{"@type":"WebPage","@id":"https:\/\/loginfo24.com\/fr\/2021\/10\/19\/au-jour-de-la-logistique-la-logistique-montre-ce-quelle-fait-bouger\/","url":"https:\/\/loginfo24.com\/fr\/2021\/10\/19\/au-jour-de-la-logistique-la-logistique-montre-ce-quelle-fait-bouger\/","name":"Au \"Jour de la Logistique\", la logistique montre ce qu'elle fait bouger - Loginfo24.","isPartOf":{"@id":"https:\/\/loginfo24.com\/fr\/#website"},"primaryImageOfPage":{"@id":"https:\/\/loginfo24.com\/fr\/2021\/10\/19\/au-jour-de-la-logistique-la-logistique-montre-ce-quelle-fait-bouger\/#primaryimage"},"image":{"@id":"https:\/\/loginfo24.com\/fr\/2021\/10\/19\/au-jour-de-la-logistique-la-logistique-montre-ce-quelle-fait-bouger\/#primaryimage"},"thumbnailUrl":"https:\/\/loginfo24.com\/wp-content\/uploads\/sites\/7\/2025\/12\/BVL_19.10.21.jpg","datePublished":"2021-10-19T16:43:24+00:00","breadcrumb":{"@id":"https:\/\/loginfo24.com\/fr\/2021\/10\/19\/au-jour-de-la-logistique-la-logistique-montre-ce-quelle-fait-bouger\/#breadcrumb"},"inLanguage":"fr-FR","potentialAction":[{"@type":"ReadAction","target":["https:\/\/loginfo24.com\/fr\/2021\/10\/19\/au-jour-de-la-logistique-la-logistique-montre-ce-quelle-fait-bouger\/"]}]},{"@type":"ImageObject","inLanguage":"fr-FR","@id":"https:\/\/loginfo24.com\/fr\/2021\/10\/19\/au-jour-de-la-logistique-la-logistique-montre-ce-quelle-fait-bouger\/#primaryimage","url":"https:\/\/loginfo24.com\/wp-content\/uploads\/sites\/7\/2025\/12\/BVL_19.10.21.jpg","contentUrl":"https:\/\/loginfo24.com\/wp-content\/uploads\/sites\/7\/2025\/12\/BVL_19.10.21.jpg","width":1389,"height":836},{"@type":"BreadcrumbList","@id":"https:\/\/loginfo24.com\/fr\/2021\/10\/19\/au-jour-de-la-logistique-la-logistique-montre-ce-quelle-fait-bouger\/#breadcrumb","itemListElement":[{"@type":"ListItem","position":1,"name":"Startseite","item":"https:\/\/loginfo24.com\/fr\/"},{"@type":"ListItem","position":2,"name":"Au &#8222;Jour de la Logistique&#8220;, la logistique montre ce qu&#8217;elle fait bouger"}]},{"@type":"WebSite","@id":"https:\/\/loginfo24.com\/fr\/#website","url":"https:\/\/loginfo24.com\/fr\/","name":"Loginfo24","description":"Loginfo24 est la plateforme d\u00e9di\u00e9e \u00e0 la logistique et aux cha\u00eenes d&#039;approvisionnement qui fournit des informations 24 heures sur 24.","publisher":{"@id":"https:\/\/loginfo24.com\/fr\/#organization"},"potentialAction":[{"@type":"SearchAction","target":{"@type":"EntryPoint","urlTemplate":"https:\/\/loginfo24.com\/fr\/?s={search_term_string}"},"query-input":{"@type":"PropertyValueSpecification","valueRequired":true,"valueName":"search_term_string"}}],"inLanguage":"fr-FR"},{"@type":"Organization","@id":"https:\/\/loginfo24.com\/fr\/#organization","name":"Groupe Logismedia AG","url":"https:\/\/loginfo24.com\/fr\/","logo":{"@type":"ImageObject","inLanguage":"fr-FR","@id":"https:\/\/loginfo24.com\/fr\/#\/schema\/logo\/image\/","url":"https:\/\/loginfo24.com\/wp-content\/uploads\/sites\/7\/2026\/01\/Logo_LogInfo24.png","contentUrl":"https:\/\/loginfo24.com\/wp-content\/uploads\/sites\/7\/2026\/01\/Logo_LogInfo24.png","width":938,"height":351,"caption":"Groupe Logismedia AG"},"image":{"@id":"https:\/\/loginfo24.com\/fr\/#\/schema\/logo\/image\/"},"sameAs":["https:\/\/www.facebook.com\/people\/Loginfo24\/100057360583332\/","https:\/\/www.linkedin.com\/company\/lofinfo24\/"]}]}},"_links":{"self":[{"href":"https:\/\/loginfo24.com\/fr\/wp-json\/wp\/v2\/posts\/52805","targetHints":{"allow":["GET"]}}],"collection":[{"href":"https:\/\/loginfo24.com\/fr\/wp-json\/wp\/v2\/posts"}],"about":[{"href":"https:\/\/loginfo24.com\/fr\/wp-json\/wp\/v2\/types\/post"}],"replies":[{"embeddable":true,"href":"https:\/\/loginfo24.com\/fr\/wp-json\/wp\/v2\/comments?post=52805"}],"version-history":[{"count":0,"href":"https:\/\/loginfo24.com\/fr\/wp-json\/wp\/v2\/posts\/52805\/revisions"}],"wp:featuredmedia":[{"embeddable":true,"href":"https:\/\/loginfo24.com\/fr\/wp-json\/wp\/v2\/media\/12058"}],"wp:attachment":[{"href":"https:\/\/loginfo24.com\/fr\/wp-json\/wp\/v2\/media?parent=52805"}],"wp:term":[{"taxonomy":"category","embeddable":true,"href":"https:\/\/loginfo24.com\/fr\/wp-json\/wp\/v2\/categories?post=52805"},{"taxonomy":"post_tag","embeddable":true,"href":"https:\/\/loginfo24.com\/fr\/wp-json\/wp\/v2\/tags?post=52805"}],"curies":[{"name":"wp","href":"https:\/\/api.w.org\/{rel}","templated":true}]}}