{"id":52373,"date":"2021-10-01T15:02:33","date_gmt":"2021-10-01T13:02:33","guid":{"rendered":"https:\/\/blog.brand-architecture.at\/2021\/10\/01\/harald-jony-devient-le-nouveau-pdg-de-cargoe-en-autriche\/"},"modified":"2021-10-01T15:02:33","modified_gmt":"2021-10-01T13:02:33","slug":"harald-jony-devient-le-nouveau-pdg-de-cargoe-en-autriche","status":"publish","type":"post","link":"https:\/\/loginfo24.com\/fr\/2021\/10\/01\/harald-jony-devient-le-nouveau-pdg-de-cargoe-en-autriche\/","title":{"rendered":"Harald Jony devient le nouveau PDG de cargoe en Autriche"},"content":{"rendered":"<h5><strong>Harald Jony (39 ans) prend la direction unique de la cargoe GmbH &amp; Co. KG, sp\u00e9cialis\u00e9e dans la logistique \u00e0 valeur ajout\u00e9e et la logistique de gros, \u00e0 compter du 1er octobre. Il succ\u00e8de \u00e0 Jan Grubert et Reiner Holzmann, qui assumeront d&rsquo;autres fonctions. Ce changement s&rsquo;inscrit dans le cadre d&rsquo;une r\u00e9organisation visant \u00e0 nommer un directeur g\u00e9n\u00e9ral sp\u00e9cifique pour l&rsquo;Autriche.<\/strong><\/h5>\n<p>(Salzbourg) Alors que la direction pr\u00e9c\u00e9dente de cargoe \u00e9tait responsable \u00e0 la fois du march\u00e9 autrichien et allemand, Jony se concentrera sur l&rsquo;Autriche et, en particulier, sur le d\u00e9veloppement de la logistique \u00e0 valeur ajout\u00e9e. Avec la m\u00eame orientation, Grubert prendra en charge les activit\u00e9s en Allemagne, tandis que Holzmann soutiendra la direction en tant que consultant.<\/p>\n<p>La cargoe est une filiale du groupe Melo, qui souligne l&rsquo;importance croissante de la logistique \u00e0 valeur ajout\u00e9e comme moteur de croissance en Autriche et en Allemagne gr\u00e2ce \u00e0 cette restructuration. Dans les deux march\u00e9s, l&rsquo;offre est continuellement \u00e9largie pour atteindre de nouveaux groupes de clients.<\/p>\n<h5><strong>Activit\u00e9s en<\/strong> <strong>Autriche<\/strong><\/h5>\n<p>La carri\u00e8re de Harald Jony a d\u00e9but\u00e9 en 2003 avec \u00d6BB-Infrastruktur AG et Rail Cargo Logistics \u2013 Austria GmbH, jusqu&rsquo;\u00e0 WienCont Container Terminal GmbH. Derni\u00e8rement, il \u00e9tait directeur g\u00e9n\u00e9ral responsable des op\u00e9rations, des ventes, des ressources humaines et des TI chez WienCont. Il a r\u00e9ussi \u00e0 r\u00e9aliser un retournement vers un r\u00e9sultat positif durable en seulement deux ans. \u00ab\u00a0Je souhaite toujours faire bouger les choses dans une entreprise, c&rsquo;est pourquoi le nouveau d\u00e9fi chez cargoe avec ses objectifs de croissance ambitieux m&rsquo;attire beaucoup\u00a0\u00bb, explique Jony.<\/p>\n<p>\u00ab\u00a0Nous sommes tr\u00e8s heureux d&rsquo;avoir pu recruter Harald Jony en tant que directeur g\u00e9n\u00e9ral unique de cargoe et sommes convaincus qu&rsquo;il d\u00e9veloppera davantage nos activit\u00e9s en Autriche avec un focus clair et des responsabilit\u00e9s\u00a0\u00bb, souligne Frank Haiges, directeur g\u00e9n\u00e9ral de Melo Group GmbH &amp; Co. KG, la soci\u00e9t\u00e9 holding du groupe Melo.<\/p>\n<h5><strong>\u00c0 propos de cargoe GmbH &amp; Co. KG<\/strong><\/h5>\n<p>Cargoe est une filiale du groupe Melo de Munich. Cargoe propose des solutions de transport et de logistique innovantes et de haute qualit\u00e9 sept jours sur sept et dispose d&rsquo;un r\u00e9seau logistique \u00e9tendu en Autriche et en Hongrie avec deux hubs et des d\u00e9p\u00f4ts couvrant l&rsquo;ensemble du territoire. Chaque jour, 450 tourn\u00e9es sont effectu\u00e9es avec 18 000 livraisons. L&rsquo;entreprise, bas\u00e9e \u00e0 Puch en Autriche, emploie environ 400 collaborateurs.<\/p>\n<p>Photo : \u00a9 cargoe<\/p>\n","protected":false},"excerpt":{"rendered":"<p>Harald Jony (39 ans) prend la direction unique de la cargoe GmbH &amp; Co. KG, sp\u00e9cialis\u00e9e dans la logistique \u00e0 valeur ajout\u00e9e et la logistique de<span class=\"excerpt-hellip\"> [\u2026]<\/span><\/p>\n","protected":false},"author":0,"featured_media":12219,"comment_status":"open","ping_status":"open","sticky":false,"template":"","format":"standard","meta":{"_acf_changed":false,"footnotes":""},"categories":[1557,1556,1560,1561],"tags":[],"class_list":["post-52373","post","type-post","status-publish","format-standard","has-post-thumbnail","hentry","category-forwarding-logistics","category-intermodal-road","category-intralogistics","category-regions"],"acf":[],"yoast_head":"<!-- This site is optimized with the Yoast SEO plugin v27.3 - https:\/\/yoast.com\/product\/yoast-seo-wordpress\/ -->\n<title>Harald Jony devient le nouveau PDG de cargoe en Autriche - Loginfo24.<\/title>\n<meta name=\"robots\" content=\"index, follow, max-snippet:-1, max-image-preview:large, max-video-preview:-1\" \/>\n<link rel=\"canonical\" href=\"https:\/\/loginfo24.com\/fr\/2021\/10\/01\/harald-jony-devient-le-nouveau-pdg-de-cargoe-en-autriche\/\" \/>\n<meta property=\"og:locale\" content=\"fr_FR\" \/>\n<meta property=\"og:type\" content=\"article\" \/>\n<meta property=\"og:title\" content=\"Harald Jony devient le nouveau PDG de cargoe en Autriche - Loginfo24.\" \/>\n<meta property=\"og:description\" content=\"Harald Jony (39 ans) prend la direction unique de la cargoe GmbH &amp; Co. KG, sp\u00e9cialis\u00e9e dans la logistique \u00e0 valeur ajout\u00e9e et la logistique de [\u2026]\" \/>\n<meta property=\"og:url\" content=\"https:\/\/loginfo24.com\/fr\/2021\/10\/01\/harald-jony-devient-le-nouveau-pdg-de-cargoe-en-autriche\/\" \/>\n<meta property=\"og:site_name\" content=\"Loginfo24\" \/>\n<meta property=\"article:publisher\" content=\"https:\/\/www.facebook.com\/people\/Loginfo24\/100057360583332\/\" \/>\n<meta property=\"article:published_time\" content=\"2021-10-01T13:02:33+00:00\" \/>\n<meta property=\"og:image\" content=\"https:\/\/loginfo24.com\/wp-content\/uploads\/sites\/7\/2025\/12\/cargoe_1.10.21.jpg\" \/>\n\t<meta property=\"og:image:width\" content=\"1301\" \/>\n\t<meta property=\"og:image:height\" content=\"730\" \/>\n\t<meta property=\"og:image:type\" content=\"image\/jpeg\" \/>\n<meta name=\"twitter:card\" content=\"summary_large_image\" \/>\n<meta name=\"twitter:label1\" content=\"Dur\u00e9e de lecture estim\u00e9e\" \/>\n\t<meta name=\"twitter:data1\" content=\"2 minutes\" \/>\n<script type=\"application\/ld+json\" class=\"yoast-schema-graph\">{\"@context\":\"https:\\\/\\\/schema.org\",\"@graph\":[{\"@type\":\"Article\",\"@id\":\"https:\\\/\\\/loginfo24.com\\\/fr\\\/2021\\\/10\\\/01\\\/harald-jony-devient-le-nouveau-pdg-de-cargoe-en-autriche\\\/#article\",\"isPartOf\":{\"@id\":\"https:\\\/\\\/loginfo24.com\\\/fr\\\/2021\\\/10\\\/01\\\/harald-jony-devient-le-nouveau-pdg-de-cargoe-en-autriche\\\/\"},\"author\":{\"name\":\"\",\"@id\":\"\"},\"headline\":\"Harald Jony devient le nouveau PDG de cargoe en Autriche\",\"datePublished\":\"2021-10-01T13:02:33+00:00\",\"mainEntityOfPage\":{\"@id\":\"https:\\\/\\\/loginfo24.com\\\/fr\\\/2021\\\/10\\\/01\\\/harald-jony-devient-le-nouveau-pdg-de-cargoe-en-autriche\\\/\"},\"wordCount\":431,\"commentCount\":0,\"publisher\":{\"@id\":\"https:\\\/\\\/loginfo24.com\\\/fr\\\/#organization\"},\"image\":{\"@id\":\"https:\\\/\\\/loginfo24.com\\\/fr\\\/2021\\\/10\\\/01\\\/harald-jony-devient-le-nouveau-pdg-de-cargoe-en-autriche\\\/#primaryimage\"},\"thumbnailUrl\":\"https:\\\/\\\/loginfo24.com\\\/wp-content\\\/uploads\\\/sites\\\/7\\\/2025\\\/12\\\/cargoe_1.10.21.jpg\",\"articleSection\":[\"Forwarding &amp; Logistics\",\"Intermodal \\\/ Road\",\"Intralogistics\",\"Regions\"],\"inLanguage\":\"fr-FR\",\"potentialAction\":[{\"@type\":\"CommentAction\",\"name\":\"Comment\",\"target\":[\"https:\\\/\\\/loginfo24.com\\\/fr\\\/2021\\\/10\\\/01\\\/harald-jony-devient-le-nouveau-pdg-de-cargoe-en-autriche\\\/#respond\"]}]},{\"@type\":\"WebPage\",\"@id\":\"https:\\\/\\\/loginfo24.com\\\/fr\\\/2021\\\/10\\\/01\\\/harald-jony-devient-le-nouveau-pdg-de-cargoe-en-autriche\\\/\",\"url\":\"https:\\\/\\\/loginfo24.com\\\/fr\\\/2021\\\/10\\\/01\\\/harald-jony-devient-le-nouveau-pdg-de-cargoe-en-autriche\\\/\",\"name\":\"Harald Jony devient le nouveau PDG de cargoe en Autriche - Loginfo24.\",\"isPartOf\":{\"@id\":\"https:\\\/\\\/loginfo24.com\\\/fr\\\/#website\"},\"primaryImageOfPage\":{\"@id\":\"https:\\\/\\\/loginfo24.com\\\/fr\\\/2021\\\/10\\\/01\\\/harald-jony-devient-le-nouveau-pdg-de-cargoe-en-autriche\\\/#primaryimage\"},\"image\":{\"@id\":\"https:\\\/\\\/loginfo24.com\\\/fr\\\/2021\\\/10\\\/01\\\/harald-jony-devient-le-nouveau-pdg-de-cargoe-en-autriche\\\/#primaryimage\"},\"thumbnailUrl\":\"https:\\\/\\\/loginfo24.com\\\/wp-content\\\/uploads\\\/sites\\\/7\\\/2025\\\/12\\\/cargoe_1.10.21.jpg\",\"datePublished\":\"2021-10-01T13:02:33+00:00\",\"breadcrumb\":{\"@id\":\"https:\\\/\\\/loginfo24.com\\\/fr\\\/2021\\\/10\\\/01\\\/harald-jony-devient-le-nouveau-pdg-de-cargoe-en-autriche\\\/#breadcrumb\"},\"inLanguage\":\"fr-FR\",\"potentialAction\":[{\"@type\":\"ReadAction\",\"target\":[\"https:\\\/\\\/loginfo24.com\\\/fr\\\/2021\\\/10\\\/01\\\/harald-jony-devient-le-nouveau-pdg-de-cargoe-en-autriche\\\/\"]}]},{\"@type\":\"ImageObject\",\"inLanguage\":\"fr-FR\",\"@id\":\"https:\\\/\\\/loginfo24.com\\\/fr\\\/2021\\\/10\\\/01\\\/harald-jony-devient-le-nouveau-pdg-de-cargoe-en-autriche\\\/#primaryimage\",\"url\":\"https:\\\/\\\/loginfo24.com\\\/wp-content\\\/uploads\\\/sites\\\/7\\\/2025\\\/12\\\/cargoe_1.10.21.jpg\",\"contentUrl\":\"https:\\\/\\\/loginfo24.com\\\/wp-content\\\/uploads\\\/sites\\\/7\\\/2025\\\/12\\\/cargoe_1.10.21.jpg\",\"width\":1301,\"height\":730},{\"@type\":\"BreadcrumbList\",\"@id\":\"https:\\\/\\\/loginfo24.com\\\/fr\\\/2021\\\/10\\\/01\\\/harald-jony-devient-le-nouveau-pdg-de-cargoe-en-autriche\\\/#breadcrumb\",\"itemListElement\":[{\"@type\":\"ListItem\",\"position\":1,\"name\":\"Startseite\",\"item\":\"https:\\\/\\\/loginfo24.com\\\/fr\\\/\"},{\"@type\":\"ListItem\",\"position\":2,\"name\":\"Harald Jony devient le nouveau PDG de cargoe en Autriche\"}]},{\"@type\":\"WebSite\",\"@id\":\"https:\\\/\\\/loginfo24.com\\\/fr\\\/#website\",\"url\":\"https:\\\/\\\/loginfo24.com\\\/fr\\\/\",\"name\":\"Loginfo24\",\"description\":\"Loginfo24 est la plateforme d\u00e9di\u00e9e \u00e0 la logistique et aux cha\u00eenes d&#039;approvisionnement qui fournit des informations 24 heures sur 24.\",\"publisher\":{\"@id\":\"https:\\\/\\\/loginfo24.com\\\/fr\\\/#organization\"},\"potentialAction\":[{\"@type\":\"SearchAction\",\"target\":{\"@type\":\"EntryPoint\",\"urlTemplate\":\"https:\\\/\\\/loginfo24.com\\\/fr\\\/?s={search_term_string}\"},\"query-input\":{\"@type\":\"PropertyValueSpecification\",\"valueRequired\":true,\"valueName\":\"search_term_string\"}}],\"inLanguage\":\"fr-FR\"},{\"@type\":\"Organization\",\"@id\":\"https:\\\/\\\/loginfo24.com\\\/fr\\\/#organization\",\"name\":\"Groupe Logismedia AG\",\"url\":\"https:\\\/\\\/loginfo24.com\\\/fr\\\/\",\"logo\":{\"@type\":\"ImageObject\",\"inLanguage\":\"fr-FR\",\"@id\":\"https:\\\/\\\/loginfo24.com\\\/fr\\\/#\\\/schema\\\/logo\\\/image\\\/\",\"url\":\"https:\\\/\\\/loginfo24.com\\\/wp-content\\\/uploads\\\/sites\\\/7\\\/2026\\\/01\\\/Logo_LogInfo24.png\",\"contentUrl\":\"https:\\\/\\\/loginfo24.com\\\/wp-content\\\/uploads\\\/sites\\\/7\\\/2026\\\/01\\\/Logo_LogInfo24.png\",\"width\":938,\"height\":351,\"caption\":\"Groupe Logismedia AG\"},\"image\":{\"@id\":\"https:\\\/\\\/loginfo24.com\\\/fr\\\/#\\\/schema\\\/logo\\\/image\\\/\"},\"sameAs\":[\"https:\\\/\\\/www.facebook.com\\\/people\\\/Loginfo24\\\/100057360583332\\\/\",\"https:\\\/\\\/www.linkedin.com\\\/company\\\/lofinfo24\\\/\"]}]}<\/script>\n<!-- \/ Yoast SEO plugin. -->","yoast_head_json":{"title":"Harald Jony devient le nouveau PDG de cargoe en Autriche - Loginfo24.","robots":{"index":"index","follow":"follow","max-snippet":"max-snippet:-1","max-image-preview":"max-image-preview:large","max-video-preview":"max-video-preview:-1"},"canonical":"https:\/\/loginfo24.com\/fr\/2021\/10\/01\/harald-jony-devient-le-nouveau-pdg-de-cargoe-en-autriche\/","og_locale":"fr_FR","og_type":"article","og_title":"Harald Jony devient le nouveau PDG de cargoe en Autriche - Loginfo24.","og_description":"Harald Jony (39 ans) prend la direction unique de la cargoe GmbH &amp; Co. KG, sp\u00e9cialis\u00e9e dans la logistique \u00e0 valeur ajout\u00e9e et la logistique de [\u2026]","og_url":"https:\/\/loginfo24.com\/fr\/2021\/10\/01\/harald-jony-devient-le-nouveau-pdg-de-cargoe-en-autriche\/","og_site_name":"Loginfo24","article_publisher":"https:\/\/www.facebook.com\/people\/Loginfo24\/100057360583332\/","article_published_time":"2021-10-01T13:02:33+00:00","og_image":[{"width":1301,"height":730,"url":"https:\/\/loginfo24.com\/wp-content\/uploads\/sites\/7\/2025\/12\/cargoe_1.10.21.jpg","type":"image\/jpeg"}],"twitter_card":"summary_large_image","twitter_misc":{"Dur\u00e9e de lecture estim\u00e9e":"2 minutes"},"schema":{"@context":"https:\/\/schema.org","@graph":[{"@type":"Article","@id":"https:\/\/loginfo24.com\/fr\/2021\/10\/01\/harald-jony-devient-le-nouveau-pdg-de-cargoe-en-autriche\/#article","isPartOf":{"@id":"https:\/\/loginfo24.com\/fr\/2021\/10\/01\/harald-jony-devient-le-nouveau-pdg-de-cargoe-en-autriche\/"},"author":{"name":"","@id":""},"headline":"Harald Jony devient le nouveau PDG de cargoe en Autriche","datePublished":"2021-10-01T13:02:33+00:00","mainEntityOfPage":{"@id":"https:\/\/loginfo24.com\/fr\/2021\/10\/01\/harald-jony-devient-le-nouveau-pdg-de-cargoe-en-autriche\/"},"wordCount":431,"commentCount":0,"publisher":{"@id":"https:\/\/loginfo24.com\/fr\/#organization"},"image":{"@id":"https:\/\/loginfo24.com\/fr\/2021\/10\/01\/harald-jony-devient-le-nouveau-pdg-de-cargoe-en-autriche\/#primaryimage"},"thumbnailUrl":"https:\/\/loginfo24.com\/wp-content\/uploads\/sites\/7\/2025\/12\/cargoe_1.10.21.jpg","articleSection":["Forwarding &amp; Logistics","Intermodal \/ Road","Intralogistics","Regions"],"inLanguage":"fr-FR","potentialAction":[{"@type":"CommentAction","name":"Comment","target":["https:\/\/loginfo24.com\/fr\/2021\/10\/01\/harald-jony-devient-le-nouveau-pdg-de-cargoe-en-autriche\/#respond"]}]},{"@type":"WebPage","@id":"https:\/\/loginfo24.com\/fr\/2021\/10\/01\/harald-jony-devient-le-nouveau-pdg-de-cargoe-en-autriche\/","url":"https:\/\/loginfo24.com\/fr\/2021\/10\/01\/harald-jony-devient-le-nouveau-pdg-de-cargoe-en-autriche\/","name":"Harald Jony devient le nouveau PDG de cargoe en Autriche - Loginfo24.","isPartOf":{"@id":"https:\/\/loginfo24.com\/fr\/#website"},"primaryImageOfPage":{"@id":"https:\/\/loginfo24.com\/fr\/2021\/10\/01\/harald-jony-devient-le-nouveau-pdg-de-cargoe-en-autriche\/#primaryimage"},"image":{"@id":"https:\/\/loginfo24.com\/fr\/2021\/10\/01\/harald-jony-devient-le-nouveau-pdg-de-cargoe-en-autriche\/#primaryimage"},"thumbnailUrl":"https:\/\/loginfo24.com\/wp-content\/uploads\/sites\/7\/2025\/12\/cargoe_1.10.21.jpg","datePublished":"2021-10-01T13:02:33+00:00","breadcrumb":{"@id":"https:\/\/loginfo24.com\/fr\/2021\/10\/01\/harald-jony-devient-le-nouveau-pdg-de-cargoe-en-autriche\/#breadcrumb"},"inLanguage":"fr-FR","potentialAction":[{"@type":"ReadAction","target":["https:\/\/loginfo24.com\/fr\/2021\/10\/01\/harald-jony-devient-le-nouveau-pdg-de-cargoe-en-autriche\/"]}]},{"@type":"ImageObject","inLanguage":"fr-FR","@id":"https:\/\/loginfo24.com\/fr\/2021\/10\/01\/harald-jony-devient-le-nouveau-pdg-de-cargoe-en-autriche\/#primaryimage","url":"https:\/\/loginfo24.com\/wp-content\/uploads\/sites\/7\/2025\/12\/cargoe_1.10.21.jpg","contentUrl":"https:\/\/loginfo24.com\/wp-content\/uploads\/sites\/7\/2025\/12\/cargoe_1.10.21.jpg","width":1301,"height":730},{"@type":"BreadcrumbList","@id":"https:\/\/loginfo24.com\/fr\/2021\/10\/01\/harald-jony-devient-le-nouveau-pdg-de-cargoe-en-autriche\/#breadcrumb","itemListElement":[{"@type":"ListItem","position":1,"name":"Startseite","item":"https:\/\/loginfo24.com\/fr\/"},{"@type":"ListItem","position":2,"name":"Harald Jony devient le nouveau PDG de cargoe en Autriche"}]},{"@type":"WebSite","@id":"https:\/\/loginfo24.com\/fr\/#website","url":"https:\/\/loginfo24.com\/fr\/","name":"Loginfo24","description":"Loginfo24 est la plateforme d\u00e9di\u00e9e \u00e0 la logistique et aux cha\u00eenes d&#039;approvisionnement qui fournit des informations 24 heures sur 24.","publisher":{"@id":"https:\/\/loginfo24.com\/fr\/#organization"},"potentialAction":[{"@type":"SearchAction","target":{"@type":"EntryPoint","urlTemplate":"https:\/\/loginfo24.com\/fr\/?s={search_term_string}"},"query-input":{"@type":"PropertyValueSpecification","valueRequired":true,"valueName":"search_term_string"}}],"inLanguage":"fr-FR"},{"@type":"Organization","@id":"https:\/\/loginfo24.com\/fr\/#organization","name":"Groupe Logismedia AG","url":"https:\/\/loginfo24.com\/fr\/","logo":{"@type":"ImageObject","inLanguage":"fr-FR","@id":"https:\/\/loginfo24.com\/fr\/#\/schema\/logo\/image\/","url":"https:\/\/loginfo24.com\/wp-content\/uploads\/sites\/7\/2026\/01\/Logo_LogInfo24.png","contentUrl":"https:\/\/loginfo24.com\/wp-content\/uploads\/sites\/7\/2026\/01\/Logo_LogInfo24.png","width":938,"height":351,"caption":"Groupe Logismedia AG"},"image":{"@id":"https:\/\/loginfo24.com\/fr\/#\/schema\/logo\/image\/"},"sameAs":["https:\/\/www.facebook.com\/people\/Loginfo24\/100057360583332\/","https:\/\/www.linkedin.com\/company\/lofinfo24\/"]}]}},"_links":{"self":[{"href":"https:\/\/loginfo24.com\/fr\/wp-json\/wp\/v2\/posts\/52373","targetHints":{"allow":["GET"]}}],"collection":[{"href":"https:\/\/loginfo24.com\/fr\/wp-json\/wp\/v2\/posts"}],"about":[{"href":"https:\/\/loginfo24.com\/fr\/wp-json\/wp\/v2\/types\/post"}],"replies":[{"embeddable":true,"href":"https:\/\/loginfo24.com\/fr\/wp-json\/wp\/v2\/comments?post=52373"}],"version-history":[{"count":0,"href":"https:\/\/loginfo24.com\/fr\/wp-json\/wp\/v2\/posts\/52373\/revisions"}],"wp:featuredmedia":[{"embeddable":true,"href":"https:\/\/loginfo24.com\/fr\/wp-json\/wp\/v2\/media\/12219"}],"wp:attachment":[{"href":"https:\/\/loginfo24.com\/fr\/wp-json\/wp\/v2\/media?parent=52373"}],"wp:term":[{"taxonomy":"category","embeddable":true,"href":"https:\/\/loginfo24.com\/fr\/wp-json\/wp\/v2\/categories?post=52373"},{"taxonomy":"post_tag","embeddable":true,"href":"https:\/\/loginfo24.com\/fr\/wp-json\/wp\/v2\/tags?post=52373"}],"curies":[{"name":"wp","href":"https:\/\/api.w.org\/{rel}","templated":true}]}}