{"id":52343,"date":"2021-09-30T17:43:26","date_gmt":"2021-09-30T15:43:26","guid":{"rendered":"https:\/\/blog.brand-architecture.at\/2021\/09\/30\/la-poste-examine-la-vente-de-ses-parts-dans-la-poste-du-liechtenstein\/"},"modified":"2021-09-30T17:43:26","modified_gmt":"2021-09-30T15:43:26","slug":"la-poste-examine-la-vente-de-ses-parts-dans-la-poste-du-liechtenstein","status":"publish","type":"post","link":"https:\/\/loginfo24.com\/fr\/2021\/09\/30\/la-poste-examine-la-vente-de-ses-parts-dans-la-poste-du-liechtenstein\/","title":{"rendered":"La Poste examine la vente de ses parts dans la Poste du Liechtenstein"},"content":{"rendered":"<h5><strong>Dans le cadre de la nouvelle strat\u00e9gie, la Poste suisse examine ses participations existantes dans d&rsquo;autres entreprises. Les participations dans d&rsquo;autres soci\u00e9t\u00e9s doivent soutenir les activit\u00e9s principales de la Poste et permettre la croissance. Depuis 2005, la Poste d\u00e9tient \u00e9galement une participation de 25 % dans la Poste du Liechtenstein. La Poste suisse souhaite d\u00e9sormais c\u00e9der cette participation afin de g\u00e9n\u00e9rer des fonds pour de futurs investissements dans son propre c\u0153ur de m\u00e9tier.<\/strong><\/h5>\n<p>(Berne\/Vaduz) La Poste suisse m\u00e8ne des n\u00e9gociations avec le gouvernement du Liechtenstein pour vendre, probablement d&rsquo;ici fin 2021, toutes les actions de la Poste suisse dans la Poste du Liechtenstein au pays du Liechtenstein.<\/p>\n<p>Avec la nouvelle strat\u00e9gie \u00ab La Poste de demain \u00bb, la Poste met l&rsquo;accent sur la croissance et les investissements dans ses domaines cl\u00e9s, la logistique et la communication. Dans ce contexte, elle examine \u00e9galement ses participations existantes dans d&rsquo;autres entreprises. Depuis 2005, la Poste suisse est actionnaire minoritaire de la Poste du Liechtenstein avec une participation de 25 %. La Poste suisse pr\u00e9voit de c\u00e9der sa participation de 25 % dans la Poste du Liechtenstein. Elle m\u00e8ne des n\u00e9gociations \u00e0 cet effet avec le gouvernement du Liechtenstein. Les deux parties ont sign\u00e9 une lettre d&rsquo;intention : le Principaut\u00e9 du Liechtenstein ach\u00e8tera probablement d&rsquo;ici fin 2021 toutes les actions de la Poste suisse dans la Poste du Liechtenstein. Ainsi, la Poste du Liechtenstein redeviendrait enti\u00e8rement la propri\u00e9t\u00e9 du pays du Liechtenstein.<\/p>\n<h5><strong>Collaboration \u00e9troite entre les deux soci\u00e9t\u00e9s postales \u00e0 l&rsquo;avenir<\/strong><\/h5>\n<p>\u00ab Avec la vente de notre participation dans la Poste du Liechtenstein, nous poursuivons le d\u00e9sengagement de nos participations dans d&rsquo;autres entreprises. Nous suivons ainsi notre nouvelle orientation strat\u00e9gique et investissons dans notre c\u0153ur de m\u00e9tier \u00bb, explique Alex Glanzmann, responsable des finances de la Poste suisse. Il souligne \u00e9galement que la Poste suisse restera un partenaire important et fiable pour la Poste du Liechtenstein, m\u00eame apr\u00e8s une \u00e9ventuelle vente des actions : \u00ab Nous continuerons \u00e0 collaborer \u00e9troitement avec nos coll\u00e8gues de la Poste du Liechtenstein, ind\u00e9pendamment de notre participation. \u00bb Dans le domaine du courrier transfrontalier, du tri des lettres et des colis ainsi que des paiements, les deux soci\u00e9t\u00e9s postales continueront de travailler main dans la main.<\/p>\n<p>Photo : \u00a9 Poste suisse<\/p>\n","protected":false},"excerpt":{"rendered":"<p>Dans le cadre de la nouvelle strat\u00e9gie, la Poste suisse examine ses participations existantes dans d&rsquo;autres entreprises. Les participations dans d&rsquo;autres soci\u00e9t\u00e9s doivent soutenir les activit\u00e9s<span class=\"excerpt-hellip\"> [\u2026]<\/span><\/p>\n","protected":false},"author":0,"featured_media":12233,"comment_status":"open","ping_status":"open","sticky":false,"template":"","format":"standard","meta":{"_acf_changed":false,"footnotes":""},"categories":[1557,1561],"tags":[],"class_list":["post-52343","post","type-post","status-publish","format-standard","has-post-thumbnail","hentry","category-forwarding-logistics","category-regions"],"acf":[],"yoast_head":"<!-- This site is optimized with the Yoast SEO plugin v27.3 - https:\/\/yoast.com\/product\/yoast-seo-wordpress\/ -->\n<title>La Poste examine la vente de ses parts dans la Poste du Liechtenstein - Loginfo24.<\/title>\n<meta name=\"robots\" content=\"index, follow, max-snippet:-1, max-image-preview:large, max-video-preview:-1\" \/>\n<link rel=\"canonical\" href=\"https:\/\/loginfo24.com\/fr\/2021\/09\/30\/la-poste-examine-la-vente-de-ses-parts-dans-la-poste-du-liechtenstein\/\" \/>\n<meta property=\"og:locale\" content=\"fr_FR\" \/>\n<meta property=\"og:type\" content=\"article\" \/>\n<meta property=\"og:title\" content=\"La Poste examine la vente de ses parts dans la Poste du Liechtenstein - Loginfo24.\" \/>\n<meta property=\"og:description\" content=\"Dans le cadre de la nouvelle strat\u00e9gie, la Poste suisse examine ses participations existantes dans d&rsquo;autres entreprises. Les participations dans d&rsquo;autres soci\u00e9t\u00e9s doivent soutenir les activit\u00e9s [\u2026]\" \/>\n<meta property=\"og:url\" content=\"https:\/\/loginfo24.com\/fr\/2021\/09\/30\/la-poste-examine-la-vente-de-ses-parts-dans-la-poste-du-liechtenstein\/\" \/>\n<meta property=\"og:site_name\" content=\"Loginfo24\" \/>\n<meta property=\"article:publisher\" content=\"https:\/\/www.facebook.com\/people\/Loginfo24\/100057360583332\/\" \/>\n<meta property=\"article:published_time\" content=\"2021-09-30T15:43:26+00:00\" \/>\n<meta property=\"og:image\" content=\"https:\/\/loginfo24.com\/wp-content\/uploads\/sites\/7\/2025\/12\/CH_Post_30.9.21.jpg\" \/>\n\t<meta property=\"og:image:width\" content=\"1211\" \/>\n\t<meta property=\"og:image:height\" content=\"703\" \/>\n\t<meta property=\"og:image:type\" content=\"image\/jpeg\" \/>\n<meta name=\"twitter:card\" content=\"summary_large_image\" \/>\n<meta name=\"twitter:label1\" content=\"Dur\u00e9e de lecture estim\u00e9e\" \/>\n\t<meta name=\"twitter:data1\" content=\"2 minutes\" \/>\n<script type=\"application\/ld+json\" class=\"yoast-schema-graph\">{\"@context\":\"https:\\\/\\\/schema.org\",\"@graph\":[{\"@type\":\"Article\",\"@id\":\"https:\\\/\\\/loginfo24.com\\\/fr\\\/2021\\\/09\\\/30\\\/la-poste-examine-la-vente-de-ses-parts-dans-la-poste-du-liechtenstein\\\/#article\",\"isPartOf\":{\"@id\":\"https:\\\/\\\/loginfo24.com\\\/fr\\\/2021\\\/09\\\/30\\\/la-poste-examine-la-vente-de-ses-parts-dans-la-poste-du-liechtenstein\\\/\"},\"author\":{\"name\":\"\",\"@id\":\"\"},\"headline\":\"La Poste examine la vente de ses parts dans la Poste du Liechtenstein\",\"datePublished\":\"2021-09-30T15:43:26+00:00\",\"mainEntityOfPage\":{\"@id\":\"https:\\\/\\\/loginfo24.com\\\/fr\\\/2021\\\/09\\\/30\\\/la-poste-examine-la-vente-de-ses-parts-dans-la-poste-du-liechtenstein\\\/\"},\"wordCount\":406,\"commentCount\":0,\"publisher\":{\"@id\":\"https:\\\/\\\/loginfo24.com\\\/fr\\\/#organization\"},\"image\":{\"@id\":\"https:\\\/\\\/loginfo24.com\\\/fr\\\/2021\\\/09\\\/30\\\/la-poste-examine-la-vente-de-ses-parts-dans-la-poste-du-liechtenstein\\\/#primaryimage\"},\"thumbnailUrl\":\"https:\\\/\\\/loginfo24.com\\\/wp-content\\\/uploads\\\/sites\\\/7\\\/2025\\\/12\\\/CH_Post_30.9.21.jpg\",\"articleSection\":[\"Forwarding &amp; Logistics\",\"Regions\"],\"inLanguage\":\"fr-FR\",\"potentialAction\":[{\"@type\":\"CommentAction\",\"name\":\"Comment\",\"target\":[\"https:\\\/\\\/loginfo24.com\\\/fr\\\/2021\\\/09\\\/30\\\/la-poste-examine-la-vente-de-ses-parts-dans-la-poste-du-liechtenstein\\\/#respond\"]}]},{\"@type\":\"WebPage\",\"@id\":\"https:\\\/\\\/loginfo24.com\\\/fr\\\/2021\\\/09\\\/30\\\/la-poste-examine-la-vente-de-ses-parts-dans-la-poste-du-liechtenstein\\\/\",\"url\":\"https:\\\/\\\/loginfo24.com\\\/fr\\\/2021\\\/09\\\/30\\\/la-poste-examine-la-vente-de-ses-parts-dans-la-poste-du-liechtenstein\\\/\",\"name\":\"La Poste examine la vente de ses parts dans la Poste du Liechtenstein - Loginfo24.\",\"isPartOf\":{\"@id\":\"https:\\\/\\\/loginfo24.com\\\/fr\\\/#website\"},\"primaryImageOfPage\":{\"@id\":\"https:\\\/\\\/loginfo24.com\\\/fr\\\/2021\\\/09\\\/30\\\/la-poste-examine-la-vente-de-ses-parts-dans-la-poste-du-liechtenstein\\\/#primaryimage\"},\"image\":{\"@id\":\"https:\\\/\\\/loginfo24.com\\\/fr\\\/2021\\\/09\\\/30\\\/la-poste-examine-la-vente-de-ses-parts-dans-la-poste-du-liechtenstein\\\/#primaryimage\"},\"thumbnailUrl\":\"https:\\\/\\\/loginfo24.com\\\/wp-content\\\/uploads\\\/sites\\\/7\\\/2025\\\/12\\\/CH_Post_30.9.21.jpg\",\"datePublished\":\"2021-09-30T15:43:26+00:00\",\"breadcrumb\":{\"@id\":\"https:\\\/\\\/loginfo24.com\\\/fr\\\/2021\\\/09\\\/30\\\/la-poste-examine-la-vente-de-ses-parts-dans-la-poste-du-liechtenstein\\\/#breadcrumb\"},\"inLanguage\":\"fr-FR\",\"potentialAction\":[{\"@type\":\"ReadAction\",\"target\":[\"https:\\\/\\\/loginfo24.com\\\/fr\\\/2021\\\/09\\\/30\\\/la-poste-examine-la-vente-de-ses-parts-dans-la-poste-du-liechtenstein\\\/\"]}]},{\"@type\":\"ImageObject\",\"inLanguage\":\"fr-FR\",\"@id\":\"https:\\\/\\\/loginfo24.com\\\/fr\\\/2021\\\/09\\\/30\\\/la-poste-examine-la-vente-de-ses-parts-dans-la-poste-du-liechtenstein\\\/#primaryimage\",\"url\":\"https:\\\/\\\/loginfo24.com\\\/wp-content\\\/uploads\\\/sites\\\/7\\\/2025\\\/12\\\/CH_Post_30.9.21.jpg\",\"contentUrl\":\"https:\\\/\\\/loginfo24.com\\\/wp-content\\\/uploads\\\/sites\\\/7\\\/2025\\\/12\\\/CH_Post_30.9.21.jpg\",\"width\":1211,\"height\":703},{\"@type\":\"BreadcrumbList\",\"@id\":\"https:\\\/\\\/loginfo24.com\\\/fr\\\/2021\\\/09\\\/30\\\/la-poste-examine-la-vente-de-ses-parts-dans-la-poste-du-liechtenstein\\\/#breadcrumb\",\"itemListElement\":[{\"@type\":\"ListItem\",\"position\":1,\"name\":\"Startseite\",\"item\":\"https:\\\/\\\/loginfo24.com\\\/fr\\\/\"},{\"@type\":\"ListItem\",\"position\":2,\"name\":\"La Poste examine la vente de ses parts dans la Poste du Liechtenstein\"}]},{\"@type\":\"WebSite\",\"@id\":\"https:\\\/\\\/loginfo24.com\\\/fr\\\/#website\",\"url\":\"https:\\\/\\\/loginfo24.com\\\/fr\\\/\",\"name\":\"Loginfo24\",\"description\":\"Loginfo24 est la plateforme d\u00e9di\u00e9e \u00e0 la logistique et aux cha\u00eenes d&#039;approvisionnement qui fournit des informations 24 heures sur 24.\",\"publisher\":{\"@id\":\"https:\\\/\\\/loginfo24.com\\\/fr\\\/#organization\"},\"potentialAction\":[{\"@type\":\"SearchAction\",\"target\":{\"@type\":\"EntryPoint\",\"urlTemplate\":\"https:\\\/\\\/loginfo24.com\\\/fr\\\/?s={search_term_string}\"},\"query-input\":{\"@type\":\"PropertyValueSpecification\",\"valueRequired\":true,\"valueName\":\"search_term_string\"}}],\"inLanguage\":\"fr-FR\"},{\"@type\":\"Organization\",\"@id\":\"https:\\\/\\\/loginfo24.com\\\/fr\\\/#organization\",\"name\":\"Groupe Logismedia AG\",\"url\":\"https:\\\/\\\/loginfo24.com\\\/fr\\\/\",\"logo\":{\"@type\":\"ImageObject\",\"inLanguage\":\"fr-FR\",\"@id\":\"https:\\\/\\\/loginfo24.com\\\/fr\\\/#\\\/schema\\\/logo\\\/image\\\/\",\"url\":\"https:\\\/\\\/loginfo24.com\\\/wp-content\\\/uploads\\\/sites\\\/7\\\/2026\\\/01\\\/Logo_LogInfo24.png\",\"contentUrl\":\"https:\\\/\\\/loginfo24.com\\\/wp-content\\\/uploads\\\/sites\\\/7\\\/2026\\\/01\\\/Logo_LogInfo24.png\",\"width\":938,\"height\":351,\"caption\":\"Groupe Logismedia AG\"},\"image\":{\"@id\":\"https:\\\/\\\/loginfo24.com\\\/fr\\\/#\\\/schema\\\/logo\\\/image\\\/\"},\"sameAs\":[\"https:\\\/\\\/www.facebook.com\\\/people\\\/Loginfo24\\\/100057360583332\\\/\",\"https:\\\/\\\/www.linkedin.com\\\/company\\\/lofinfo24\\\/\"]}]}<\/script>\n<!-- \/ Yoast SEO plugin. -->","yoast_head_json":{"title":"La Poste examine la vente de ses parts dans la Poste du Liechtenstein - Loginfo24.","robots":{"index":"index","follow":"follow","max-snippet":"max-snippet:-1","max-image-preview":"max-image-preview:large","max-video-preview":"max-video-preview:-1"},"canonical":"https:\/\/loginfo24.com\/fr\/2021\/09\/30\/la-poste-examine-la-vente-de-ses-parts-dans-la-poste-du-liechtenstein\/","og_locale":"fr_FR","og_type":"article","og_title":"La Poste examine la vente de ses parts dans la Poste du Liechtenstein - Loginfo24.","og_description":"Dans le cadre de la nouvelle strat\u00e9gie, la Poste suisse examine ses participations existantes dans d&rsquo;autres entreprises. Les participations dans d&rsquo;autres soci\u00e9t\u00e9s doivent soutenir les activit\u00e9s [\u2026]","og_url":"https:\/\/loginfo24.com\/fr\/2021\/09\/30\/la-poste-examine-la-vente-de-ses-parts-dans-la-poste-du-liechtenstein\/","og_site_name":"Loginfo24","article_publisher":"https:\/\/www.facebook.com\/people\/Loginfo24\/100057360583332\/","article_published_time":"2021-09-30T15:43:26+00:00","og_image":[{"width":1211,"height":703,"url":"https:\/\/loginfo24.com\/wp-content\/uploads\/sites\/7\/2025\/12\/CH_Post_30.9.21.jpg","type":"image\/jpeg"}],"twitter_card":"summary_large_image","twitter_misc":{"Dur\u00e9e de lecture estim\u00e9e":"2 minutes"},"schema":{"@context":"https:\/\/schema.org","@graph":[{"@type":"Article","@id":"https:\/\/loginfo24.com\/fr\/2021\/09\/30\/la-poste-examine-la-vente-de-ses-parts-dans-la-poste-du-liechtenstein\/#article","isPartOf":{"@id":"https:\/\/loginfo24.com\/fr\/2021\/09\/30\/la-poste-examine-la-vente-de-ses-parts-dans-la-poste-du-liechtenstein\/"},"author":{"name":"","@id":""},"headline":"La Poste examine la vente de ses parts dans la Poste du Liechtenstein","datePublished":"2021-09-30T15:43:26+00:00","mainEntityOfPage":{"@id":"https:\/\/loginfo24.com\/fr\/2021\/09\/30\/la-poste-examine-la-vente-de-ses-parts-dans-la-poste-du-liechtenstein\/"},"wordCount":406,"commentCount":0,"publisher":{"@id":"https:\/\/loginfo24.com\/fr\/#organization"},"image":{"@id":"https:\/\/loginfo24.com\/fr\/2021\/09\/30\/la-poste-examine-la-vente-de-ses-parts-dans-la-poste-du-liechtenstein\/#primaryimage"},"thumbnailUrl":"https:\/\/loginfo24.com\/wp-content\/uploads\/sites\/7\/2025\/12\/CH_Post_30.9.21.jpg","articleSection":["Forwarding &amp; Logistics","Regions"],"inLanguage":"fr-FR","potentialAction":[{"@type":"CommentAction","name":"Comment","target":["https:\/\/loginfo24.com\/fr\/2021\/09\/30\/la-poste-examine-la-vente-de-ses-parts-dans-la-poste-du-liechtenstein\/#respond"]}]},{"@type":"WebPage","@id":"https:\/\/loginfo24.com\/fr\/2021\/09\/30\/la-poste-examine-la-vente-de-ses-parts-dans-la-poste-du-liechtenstein\/","url":"https:\/\/loginfo24.com\/fr\/2021\/09\/30\/la-poste-examine-la-vente-de-ses-parts-dans-la-poste-du-liechtenstein\/","name":"La Poste examine la vente de ses parts dans la Poste du Liechtenstein - Loginfo24.","isPartOf":{"@id":"https:\/\/loginfo24.com\/fr\/#website"},"primaryImageOfPage":{"@id":"https:\/\/loginfo24.com\/fr\/2021\/09\/30\/la-poste-examine-la-vente-de-ses-parts-dans-la-poste-du-liechtenstein\/#primaryimage"},"image":{"@id":"https:\/\/loginfo24.com\/fr\/2021\/09\/30\/la-poste-examine-la-vente-de-ses-parts-dans-la-poste-du-liechtenstein\/#primaryimage"},"thumbnailUrl":"https:\/\/loginfo24.com\/wp-content\/uploads\/sites\/7\/2025\/12\/CH_Post_30.9.21.jpg","datePublished":"2021-09-30T15:43:26+00:00","breadcrumb":{"@id":"https:\/\/loginfo24.com\/fr\/2021\/09\/30\/la-poste-examine-la-vente-de-ses-parts-dans-la-poste-du-liechtenstein\/#breadcrumb"},"inLanguage":"fr-FR","potentialAction":[{"@type":"ReadAction","target":["https:\/\/loginfo24.com\/fr\/2021\/09\/30\/la-poste-examine-la-vente-de-ses-parts-dans-la-poste-du-liechtenstein\/"]}]},{"@type":"ImageObject","inLanguage":"fr-FR","@id":"https:\/\/loginfo24.com\/fr\/2021\/09\/30\/la-poste-examine-la-vente-de-ses-parts-dans-la-poste-du-liechtenstein\/#primaryimage","url":"https:\/\/loginfo24.com\/wp-content\/uploads\/sites\/7\/2025\/12\/CH_Post_30.9.21.jpg","contentUrl":"https:\/\/loginfo24.com\/wp-content\/uploads\/sites\/7\/2025\/12\/CH_Post_30.9.21.jpg","width":1211,"height":703},{"@type":"BreadcrumbList","@id":"https:\/\/loginfo24.com\/fr\/2021\/09\/30\/la-poste-examine-la-vente-de-ses-parts-dans-la-poste-du-liechtenstein\/#breadcrumb","itemListElement":[{"@type":"ListItem","position":1,"name":"Startseite","item":"https:\/\/loginfo24.com\/fr\/"},{"@type":"ListItem","position":2,"name":"La Poste examine la vente de ses parts dans la Poste du Liechtenstein"}]},{"@type":"WebSite","@id":"https:\/\/loginfo24.com\/fr\/#website","url":"https:\/\/loginfo24.com\/fr\/","name":"Loginfo24","description":"Loginfo24 est la plateforme d\u00e9di\u00e9e \u00e0 la logistique et aux cha\u00eenes d&#039;approvisionnement qui fournit des informations 24 heures sur 24.","publisher":{"@id":"https:\/\/loginfo24.com\/fr\/#organization"},"potentialAction":[{"@type":"SearchAction","target":{"@type":"EntryPoint","urlTemplate":"https:\/\/loginfo24.com\/fr\/?s={search_term_string}"},"query-input":{"@type":"PropertyValueSpecification","valueRequired":true,"valueName":"search_term_string"}}],"inLanguage":"fr-FR"},{"@type":"Organization","@id":"https:\/\/loginfo24.com\/fr\/#organization","name":"Groupe Logismedia AG","url":"https:\/\/loginfo24.com\/fr\/","logo":{"@type":"ImageObject","inLanguage":"fr-FR","@id":"https:\/\/loginfo24.com\/fr\/#\/schema\/logo\/image\/","url":"https:\/\/loginfo24.com\/wp-content\/uploads\/sites\/7\/2026\/01\/Logo_LogInfo24.png","contentUrl":"https:\/\/loginfo24.com\/wp-content\/uploads\/sites\/7\/2026\/01\/Logo_LogInfo24.png","width":938,"height":351,"caption":"Groupe Logismedia AG"},"image":{"@id":"https:\/\/loginfo24.com\/fr\/#\/schema\/logo\/image\/"},"sameAs":["https:\/\/www.facebook.com\/people\/Loginfo24\/100057360583332\/","https:\/\/www.linkedin.com\/company\/lofinfo24\/"]}]}},"_links":{"self":[{"href":"https:\/\/loginfo24.com\/fr\/wp-json\/wp\/v2\/posts\/52343","targetHints":{"allow":["GET"]}}],"collection":[{"href":"https:\/\/loginfo24.com\/fr\/wp-json\/wp\/v2\/posts"}],"about":[{"href":"https:\/\/loginfo24.com\/fr\/wp-json\/wp\/v2\/types\/post"}],"replies":[{"embeddable":true,"href":"https:\/\/loginfo24.com\/fr\/wp-json\/wp\/v2\/comments?post=52343"}],"version-history":[{"count":0,"href":"https:\/\/loginfo24.com\/fr\/wp-json\/wp\/v2\/posts\/52343\/revisions"}],"wp:featuredmedia":[{"embeddable":true,"href":"https:\/\/loginfo24.com\/fr\/wp-json\/wp\/v2\/media\/12233"}],"wp:attachment":[{"href":"https:\/\/loginfo24.com\/fr\/wp-json\/wp\/v2\/media?parent=52343"}],"wp:term":[{"taxonomy":"category","embeddable":true,"href":"https:\/\/loginfo24.com\/fr\/wp-json\/wp\/v2\/categories?post=52343"},{"taxonomy":"post_tag","embeddable":true,"href":"https:\/\/loginfo24.com\/fr\/wp-json\/wp\/v2\/tags?post=52343"}],"curies":[{"name":"wp","href":"https:\/\/api.w.org\/{rel}","templated":true}]}}