{"id":51753,"date":"2021-09-08T17:44:55","date_gmt":"2021-09-08T15:44:55","guid":{"rendered":"https:\/\/blog.brand-architecture.at\/2021\/09\/08\/la-journee-de-linnovation-de-la-chaine-dapprovisionnement-2021-se-deroule-en-tant-quevenement-en-direct\/"},"modified":"2021-09-08T17:44:55","modified_gmt":"2021-09-08T15:44:55","slug":"la-journee-de-linnovation-de-la-chaine-dapprovisionnement-2021-se-deroule-en-tant-quevenement-en-direct","status":"publish","type":"post","link":"https:\/\/loginfo24.com\/fr\/2021\/09\/08\/la-journee-de-linnovation-de-la-chaine-dapprovisionnement-2021-se-deroule-en-tant-quevenement-en-direct\/","title":{"rendered":"La Journ\u00e9e de l&rsquo;Innovation de la Cha\u00eene d&rsquo;Approvisionnement 2021 se d\u00e9roule en tant qu&rsquo;\u00e9v\u00e9nement en direct"},"content":{"rendered":"<p>Sous le slogan : \u00ab Gestion de la cha\u00eene d&rsquo;approvisionnement en temps de crise \u2013 R\u00e9duction des co\u00fbts et augmentation de l&rsquo;efficacit\u00e9 gr\u00e2ce aux innovations de la cha\u00eene d&rsquo;approvisionnement \u00bb, l&rsquo;Institut de gestion de la cha\u00eene d&rsquo;approvisionnement de l&rsquo;Universit\u00e9 de Saint-Gall organise le 28 septembre 2021 au W\u00fcrth Haus Rorschach (CH) la Journ\u00e9e de l&rsquo;Innovation de la Cha\u00eene d&rsquo;Approvisionnement (SCID) de cette ann\u00e9e. Cet \u00e9v\u00e9nement peut enfin avoir lieu physiquement apr\u00e8s deux reports dus au Corona.<\/p>\n<p>(Saint-Gall\/Rorschach) Les dirigeants, d\u00e9cideurs et int\u00e9ress\u00e9s de la communaut\u00e9 logistique et de la cha\u00eene d&rsquo;approvisionnement se r\u00e9jouissent de pouvoir \u00e0 nouveau avoir de \u00ab vraies \u00bb rencontres. Dans le cadre inspirant du lac de Constance, des experts de haut niveau de l&rsquo;industrie, de la recherche et de la pratique discutent de sujets d&rsquo;actualit\u00e9 tels que la gestion des disruptions et la r\u00e9silience dans les cha\u00eenes d&rsquo;approvisionnement ou de nouveaux services num\u00e9riques pour les cha\u00eenes d&rsquo;approvisionnement.<\/p>\n<p>Les questions et d\u00e9fis li\u00e9s \u00e0 ces th\u00e8mes seront abord\u00e9s lors des sessions interactives. Les participants sont au c\u0153ur du SCID : le public professionnel participe activement aux discussions, guid\u00e9 par nos mod\u00e9rateurs exp\u00e9riment\u00e9s.<\/p>\n<h5><strong>Conf\u00e9rences de personnalit\u00e9s \u00e9minentes<\/strong><\/h5>\n<p>De plus, vous aurez dans nos deux conf\u00e9rences des aper\u00e7us exclusifs sur la mani\u00e8re dont des entreprises renomm\u00e9es rel\u00e8vent les d\u00e9fis actuels en gestion de la cha\u00eene d&rsquo;approvisionnement et en logistique. Nous sommes ravis d&rsquo;accueillir M. Dr. Detlef Trefzger, PDG de K\u00fchne + Nagel International AG, ainsi que M. Hakan Bicil, PDG d&rsquo;Imperial Logistics International, en tant qu&rsquo;intervenants lors de notre \u00e9v\u00e9nement. M. Dr. Trefzger s&rsquo;adressera \u00e0 notre public professionnel avec sa conf\u00e9rence \u00ab Kuehne+Nagel : le r\u00f4le syst\u00e9mique important de la logistique fond\u00e9 sur la technologie, les big data et l&rsquo;innovation continue \u00bb. M. Bicil mettra l&rsquo;accent sur la transformation num\u00e9rique et les d\u00e9fis qui en d\u00e9coulent pour les entreprises avec sa conf\u00e9rence \u00ab De la flamme au feu \u2013 Une entreprise de logistique peut-elle devenir un dragon num\u00e9rique ? \u00bb.<\/p>\n<h5><strong>Start-ups lors du Speed-Dating de la Cha\u00eene d&rsquo;Approvisionnement<\/strong><\/h5>\n<p>Le Speed-Dating de la Cha\u00eene d&rsquo;Approvisionnement avec des start-ups du secteur, une exposition d&rsquo;accompagnement dans le hall ainsi que des pauses g\u00e9n\u00e9reuses avec un walk-around int\u00e9gr\u00e9 compl\u00e8tent l&rsquo;\u00e9v\u00e9nement. Le lieu, le W\u00fcrth Haus Rorschach au bord du lac de Constance, offre un cadre id\u00e9al tout en respectant le concept de s\u00e9curit\u00e9 et d&rsquo;hygi\u00e8ne actuel. En tant qu&rsquo;exposant et sponsor, vous b\u00e9n\u00e9ficierez \u00e9galement d&rsquo;une attention directe dans la communaut\u00e9 de la cha\u00eene d&rsquo;approvisionnement et pr\u00e9senterez vos solutions ainsi que votre marque \u00e0 un large public professionnel.<\/p>\n<p>Le sommet du conseil de direction du soir souligne le caract\u00e8re interactif de notre \u00e9v\u00e9nement : apr\u00e8s un d\u00eener-discussion agr\u00e9able avec la start-up MotionMiners de Dortmund (Allemagne), les participants pourront continuer \u00e0 \u00e9changer dans une atmosph\u00e8re d\u00e9tendue autour d&rsquo;un buffet de grillades exclusif et de boissons fra\u00eeches directement au bord du lac de Constance, tout en cl\u00f4turant cette journ\u00e9e impressionnante.<\/p>\n<p>Et pour le calendrier : la prochaine SCID aura lieu d\u00e9j\u00e0 le 27 septembre 2022 !<\/p>\n<h5><strong>Inscription et informations compl\u00e9mentaires<\/strong><\/h5>\n<p>Pour plus d&rsquo;informations et l&rsquo;inscription en ligne \u00e0 l&rsquo;\u00e9v\u00e9nement (jusqu&rsquo;au 17.09.2021 inclus), veuillez consulter notre site web \u00e0 l&rsquo;adresse :<\/p>\n<h6><a href=\"https:\/\/iscm.unisg.ch\/de\/weiterbildung-und-events\/supply-chain-innovation-day\" target=\"_blank\" rel=\"noopener noreferrer\">https:\/\/iscm.unisg.ch\/de\/weiterbildung-und-events\/supply-chain-innovation-day<\/a><\/h6>\n<p>Photo : \u00a9 Institut f\u00fcr Supply Chain Management<\/p>\n","protected":false},"excerpt":{"rendered":"<p>Sous le slogan : \u00ab Gestion de la cha\u00eene d&rsquo;approvisionnement en temps de crise \u2013 R\u00e9duction des co\u00fbts et augmentation de l&rsquo;efficacit\u00e9 gr\u00e2ce aux innovations de<span class=\"excerpt-hellip\"> [\u2026]<\/span><\/p>\n","protected":false},"author":0,"featured_media":0,"comment_status":"open","ping_status":"open","sticky":false,"template":"","format":"standard","meta":{"_acf_changed":false,"footnotes":""},"categories":[1557,1561],"tags":[],"class_list":["post-51753","post","type-post","status-publish","format-standard","hentry","category-forwarding-logistics","category-regions"],"acf":[],"yoast_head":"<!-- This site is optimized with the Yoast SEO plugin v27.3 - https:\/\/yoast.com\/product\/yoast-seo-wordpress\/ -->\n<title>La Journ\u00e9e de l&#039;Innovation de la Cha\u00eene d&#039;Approvisionnement 2021 se d\u00e9roule en tant qu&#039;\u00e9v\u00e9nement en direct - Loginfo24.<\/title>\n<meta name=\"robots\" content=\"index, follow, max-snippet:-1, max-image-preview:large, max-video-preview:-1\" \/>\n<link rel=\"canonical\" href=\"https:\/\/loginfo24.com\/fr\/2021\/09\/08\/la-journee-de-linnovation-de-la-chaine-dapprovisionnement-2021-se-deroule-en-tant-quevenement-en-direct\/\" \/>\n<meta property=\"og:locale\" content=\"fr_FR\" \/>\n<meta property=\"og:type\" content=\"article\" \/>\n<meta property=\"og:title\" content=\"La Journ\u00e9e de l&#039;Innovation de la Cha\u00eene d&#039;Approvisionnement 2021 se d\u00e9roule en tant qu&#039;\u00e9v\u00e9nement en direct - Loginfo24.\" \/>\n<meta property=\"og:description\" content=\"Sous le slogan : \u00ab Gestion de la cha\u00eene d&rsquo;approvisionnement en temps de crise \u2013 R\u00e9duction des co\u00fbts et augmentation de l&rsquo;efficacit\u00e9 gr\u00e2ce aux innovations de [\u2026]\" \/>\n<meta property=\"og:url\" content=\"https:\/\/loginfo24.com\/fr\/2021\/09\/08\/la-journee-de-linnovation-de-la-chaine-dapprovisionnement-2021-se-deroule-en-tant-quevenement-en-direct\/\" \/>\n<meta property=\"og:site_name\" content=\"Loginfo24\" \/>\n<meta property=\"article:publisher\" content=\"https:\/\/www.facebook.com\/people\/Loginfo24\/100057360583332\/\" \/>\n<meta property=\"article:published_time\" content=\"2021-09-08T15:44:55+00:00\" \/>\n<meta name=\"twitter:card\" content=\"summary_large_image\" \/>\n<meta name=\"twitter:label1\" content=\"Dur\u00e9e de lecture estim\u00e9e\" \/>\n\t<meta name=\"twitter:data1\" content=\"3 minutes\" \/>\n<script type=\"application\/ld+json\" class=\"yoast-schema-graph\">{\"@context\":\"https:\\\/\\\/schema.org\",\"@graph\":[{\"@type\":\"Article\",\"@id\":\"https:\\\/\\\/loginfo24.com\\\/fr\\\/2021\\\/09\\\/08\\\/la-journee-de-linnovation-de-la-chaine-dapprovisionnement-2021-se-deroule-en-tant-quevenement-en-direct\\\/#article\",\"isPartOf\":{\"@id\":\"https:\\\/\\\/loginfo24.com\\\/fr\\\/2021\\\/09\\\/08\\\/la-journee-de-linnovation-de-la-chaine-dapprovisionnement-2021-se-deroule-en-tant-quevenement-en-direct\\\/\"},\"author\":{\"name\":\"\",\"@id\":\"\"},\"headline\":\"La Journ\u00e9e de l&rsquo;Innovation de la Cha\u00eene d&rsquo;Approvisionnement 2021 se d\u00e9roule en tant qu&rsquo;\u00e9v\u00e9nement en direct\",\"datePublished\":\"2021-09-08T15:44:55+00:00\",\"mainEntityOfPage\":{\"@id\":\"https:\\\/\\\/loginfo24.com\\\/fr\\\/2021\\\/09\\\/08\\\/la-journee-de-linnovation-de-la-chaine-dapprovisionnement-2021-se-deroule-en-tant-quevenement-en-direct\\\/\"},\"wordCount\":631,\"commentCount\":0,\"publisher\":{\"@id\":\"https:\\\/\\\/loginfo24.com\\\/fr\\\/#organization\"},\"articleSection\":[\"Forwarding &amp; Logistics\",\"Regions\"],\"inLanguage\":\"fr-FR\",\"potentialAction\":[{\"@type\":\"CommentAction\",\"name\":\"Comment\",\"target\":[\"https:\\\/\\\/loginfo24.com\\\/fr\\\/2021\\\/09\\\/08\\\/la-journee-de-linnovation-de-la-chaine-dapprovisionnement-2021-se-deroule-en-tant-quevenement-en-direct\\\/#respond\"]}]},{\"@type\":\"WebPage\",\"@id\":\"https:\\\/\\\/loginfo24.com\\\/fr\\\/2021\\\/09\\\/08\\\/la-journee-de-linnovation-de-la-chaine-dapprovisionnement-2021-se-deroule-en-tant-quevenement-en-direct\\\/\",\"url\":\"https:\\\/\\\/loginfo24.com\\\/fr\\\/2021\\\/09\\\/08\\\/la-journee-de-linnovation-de-la-chaine-dapprovisionnement-2021-se-deroule-en-tant-quevenement-en-direct\\\/\",\"name\":\"La Journ\u00e9e de l'Innovation de la Cha\u00eene d'Approvisionnement 2021 se d\u00e9roule en tant qu'\u00e9v\u00e9nement en direct - Loginfo24.\",\"isPartOf\":{\"@id\":\"https:\\\/\\\/loginfo24.com\\\/fr\\\/#website\"},\"datePublished\":\"2021-09-08T15:44:55+00:00\",\"breadcrumb\":{\"@id\":\"https:\\\/\\\/loginfo24.com\\\/fr\\\/2021\\\/09\\\/08\\\/la-journee-de-linnovation-de-la-chaine-dapprovisionnement-2021-se-deroule-en-tant-quevenement-en-direct\\\/#breadcrumb\"},\"inLanguage\":\"fr-FR\",\"potentialAction\":[{\"@type\":\"ReadAction\",\"target\":[\"https:\\\/\\\/loginfo24.com\\\/fr\\\/2021\\\/09\\\/08\\\/la-journee-de-linnovation-de-la-chaine-dapprovisionnement-2021-se-deroule-en-tant-quevenement-en-direct\\\/\"]}]},{\"@type\":\"BreadcrumbList\",\"@id\":\"https:\\\/\\\/loginfo24.com\\\/fr\\\/2021\\\/09\\\/08\\\/la-journee-de-linnovation-de-la-chaine-dapprovisionnement-2021-se-deroule-en-tant-quevenement-en-direct\\\/#breadcrumb\",\"itemListElement\":[{\"@type\":\"ListItem\",\"position\":1,\"name\":\"Startseite\",\"item\":\"https:\\\/\\\/loginfo24.com\\\/fr\\\/\"},{\"@type\":\"ListItem\",\"position\":2,\"name\":\"La Journ\u00e9e de l&rsquo;Innovation de la Cha\u00eene d&rsquo;Approvisionnement 2021 se d\u00e9roule en tant qu&rsquo;\u00e9v\u00e9nement en direct\"}]},{\"@type\":\"WebSite\",\"@id\":\"https:\\\/\\\/loginfo24.com\\\/fr\\\/#website\",\"url\":\"https:\\\/\\\/loginfo24.com\\\/fr\\\/\",\"name\":\"Loginfo24\",\"description\":\"Loginfo24 est la plateforme d\u00e9di\u00e9e \u00e0 la logistique et aux cha\u00eenes d&#039;approvisionnement qui fournit des informations 24 heures sur 24.\",\"publisher\":{\"@id\":\"https:\\\/\\\/loginfo24.com\\\/fr\\\/#organization\"},\"potentialAction\":[{\"@type\":\"SearchAction\",\"target\":{\"@type\":\"EntryPoint\",\"urlTemplate\":\"https:\\\/\\\/loginfo24.com\\\/fr\\\/?s={search_term_string}\"},\"query-input\":{\"@type\":\"PropertyValueSpecification\",\"valueRequired\":true,\"valueName\":\"search_term_string\"}}],\"inLanguage\":\"fr-FR\"},{\"@type\":\"Organization\",\"@id\":\"https:\\\/\\\/loginfo24.com\\\/fr\\\/#organization\",\"name\":\"Groupe Logismedia AG\",\"url\":\"https:\\\/\\\/loginfo24.com\\\/fr\\\/\",\"logo\":{\"@type\":\"ImageObject\",\"inLanguage\":\"fr-FR\",\"@id\":\"https:\\\/\\\/loginfo24.com\\\/fr\\\/#\\\/schema\\\/logo\\\/image\\\/\",\"url\":\"https:\\\/\\\/loginfo24.com\\\/wp-content\\\/uploads\\\/sites\\\/7\\\/2026\\\/01\\\/Logo_LogInfo24.png\",\"contentUrl\":\"https:\\\/\\\/loginfo24.com\\\/wp-content\\\/uploads\\\/sites\\\/7\\\/2026\\\/01\\\/Logo_LogInfo24.png\",\"width\":938,\"height\":351,\"caption\":\"Groupe Logismedia AG\"},\"image\":{\"@id\":\"https:\\\/\\\/loginfo24.com\\\/fr\\\/#\\\/schema\\\/logo\\\/image\\\/\"},\"sameAs\":[\"https:\\\/\\\/www.facebook.com\\\/people\\\/Loginfo24\\\/100057360583332\\\/\",\"https:\\\/\\\/www.linkedin.com\\\/company\\\/lofinfo24\\\/\"]}]}<\/script>\n<!-- \/ Yoast SEO plugin. -->","yoast_head_json":{"title":"La Journ\u00e9e de l'Innovation de la Cha\u00eene d'Approvisionnement 2021 se d\u00e9roule en tant qu'\u00e9v\u00e9nement en direct - Loginfo24.","robots":{"index":"index","follow":"follow","max-snippet":"max-snippet:-1","max-image-preview":"max-image-preview:large","max-video-preview":"max-video-preview:-1"},"canonical":"https:\/\/loginfo24.com\/fr\/2021\/09\/08\/la-journee-de-linnovation-de-la-chaine-dapprovisionnement-2021-se-deroule-en-tant-quevenement-en-direct\/","og_locale":"fr_FR","og_type":"article","og_title":"La Journ\u00e9e de l'Innovation de la Cha\u00eene d'Approvisionnement 2021 se d\u00e9roule en tant qu'\u00e9v\u00e9nement en direct - Loginfo24.","og_description":"Sous le slogan : \u00ab Gestion de la cha\u00eene d&rsquo;approvisionnement en temps de crise \u2013 R\u00e9duction des co\u00fbts et augmentation de l&rsquo;efficacit\u00e9 gr\u00e2ce aux innovations de [\u2026]","og_url":"https:\/\/loginfo24.com\/fr\/2021\/09\/08\/la-journee-de-linnovation-de-la-chaine-dapprovisionnement-2021-se-deroule-en-tant-quevenement-en-direct\/","og_site_name":"Loginfo24","article_publisher":"https:\/\/www.facebook.com\/people\/Loginfo24\/100057360583332\/","article_published_time":"2021-09-08T15:44:55+00:00","twitter_card":"summary_large_image","twitter_misc":{"Dur\u00e9e de lecture estim\u00e9e":"3 minutes"},"schema":{"@context":"https:\/\/schema.org","@graph":[{"@type":"Article","@id":"https:\/\/loginfo24.com\/fr\/2021\/09\/08\/la-journee-de-linnovation-de-la-chaine-dapprovisionnement-2021-se-deroule-en-tant-quevenement-en-direct\/#article","isPartOf":{"@id":"https:\/\/loginfo24.com\/fr\/2021\/09\/08\/la-journee-de-linnovation-de-la-chaine-dapprovisionnement-2021-se-deroule-en-tant-quevenement-en-direct\/"},"author":{"name":"","@id":""},"headline":"La Journ\u00e9e de l&rsquo;Innovation de la Cha\u00eene d&rsquo;Approvisionnement 2021 se d\u00e9roule en tant qu&rsquo;\u00e9v\u00e9nement en direct","datePublished":"2021-09-08T15:44:55+00:00","mainEntityOfPage":{"@id":"https:\/\/loginfo24.com\/fr\/2021\/09\/08\/la-journee-de-linnovation-de-la-chaine-dapprovisionnement-2021-se-deroule-en-tant-quevenement-en-direct\/"},"wordCount":631,"commentCount":0,"publisher":{"@id":"https:\/\/loginfo24.com\/fr\/#organization"},"articleSection":["Forwarding &amp; Logistics","Regions"],"inLanguage":"fr-FR","potentialAction":[{"@type":"CommentAction","name":"Comment","target":["https:\/\/loginfo24.com\/fr\/2021\/09\/08\/la-journee-de-linnovation-de-la-chaine-dapprovisionnement-2021-se-deroule-en-tant-quevenement-en-direct\/#respond"]}]},{"@type":"WebPage","@id":"https:\/\/loginfo24.com\/fr\/2021\/09\/08\/la-journee-de-linnovation-de-la-chaine-dapprovisionnement-2021-se-deroule-en-tant-quevenement-en-direct\/","url":"https:\/\/loginfo24.com\/fr\/2021\/09\/08\/la-journee-de-linnovation-de-la-chaine-dapprovisionnement-2021-se-deroule-en-tant-quevenement-en-direct\/","name":"La Journ\u00e9e de l'Innovation de la Cha\u00eene d'Approvisionnement 2021 se d\u00e9roule en tant qu'\u00e9v\u00e9nement en direct - Loginfo24.","isPartOf":{"@id":"https:\/\/loginfo24.com\/fr\/#website"},"datePublished":"2021-09-08T15:44:55+00:00","breadcrumb":{"@id":"https:\/\/loginfo24.com\/fr\/2021\/09\/08\/la-journee-de-linnovation-de-la-chaine-dapprovisionnement-2021-se-deroule-en-tant-quevenement-en-direct\/#breadcrumb"},"inLanguage":"fr-FR","potentialAction":[{"@type":"ReadAction","target":["https:\/\/loginfo24.com\/fr\/2021\/09\/08\/la-journee-de-linnovation-de-la-chaine-dapprovisionnement-2021-se-deroule-en-tant-quevenement-en-direct\/"]}]},{"@type":"BreadcrumbList","@id":"https:\/\/loginfo24.com\/fr\/2021\/09\/08\/la-journee-de-linnovation-de-la-chaine-dapprovisionnement-2021-se-deroule-en-tant-quevenement-en-direct\/#breadcrumb","itemListElement":[{"@type":"ListItem","position":1,"name":"Startseite","item":"https:\/\/loginfo24.com\/fr\/"},{"@type":"ListItem","position":2,"name":"La Journ\u00e9e de l&rsquo;Innovation de la Cha\u00eene d&rsquo;Approvisionnement 2021 se d\u00e9roule en tant qu&rsquo;\u00e9v\u00e9nement en direct"}]},{"@type":"WebSite","@id":"https:\/\/loginfo24.com\/fr\/#website","url":"https:\/\/loginfo24.com\/fr\/","name":"Loginfo24","description":"Loginfo24 est la plateforme d\u00e9di\u00e9e \u00e0 la logistique et aux cha\u00eenes d&#039;approvisionnement qui fournit des informations 24 heures sur 24.","publisher":{"@id":"https:\/\/loginfo24.com\/fr\/#organization"},"potentialAction":[{"@type":"SearchAction","target":{"@type":"EntryPoint","urlTemplate":"https:\/\/loginfo24.com\/fr\/?s={search_term_string}"},"query-input":{"@type":"PropertyValueSpecification","valueRequired":true,"valueName":"search_term_string"}}],"inLanguage":"fr-FR"},{"@type":"Organization","@id":"https:\/\/loginfo24.com\/fr\/#organization","name":"Groupe Logismedia AG","url":"https:\/\/loginfo24.com\/fr\/","logo":{"@type":"ImageObject","inLanguage":"fr-FR","@id":"https:\/\/loginfo24.com\/fr\/#\/schema\/logo\/image\/","url":"https:\/\/loginfo24.com\/wp-content\/uploads\/sites\/7\/2026\/01\/Logo_LogInfo24.png","contentUrl":"https:\/\/loginfo24.com\/wp-content\/uploads\/sites\/7\/2026\/01\/Logo_LogInfo24.png","width":938,"height":351,"caption":"Groupe Logismedia AG"},"image":{"@id":"https:\/\/loginfo24.com\/fr\/#\/schema\/logo\/image\/"},"sameAs":["https:\/\/www.facebook.com\/people\/Loginfo24\/100057360583332\/","https:\/\/www.linkedin.com\/company\/lofinfo24\/"]}]}},"_links":{"self":[{"href":"https:\/\/loginfo24.com\/fr\/wp-json\/wp\/v2\/posts\/51753","targetHints":{"allow":["GET"]}}],"collection":[{"href":"https:\/\/loginfo24.com\/fr\/wp-json\/wp\/v2\/posts"}],"about":[{"href":"https:\/\/loginfo24.com\/fr\/wp-json\/wp\/v2\/types\/post"}],"replies":[{"embeddable":true,"href":"https:\/\/loginfo24.com\/fr\/wp-json\/wp\/v2\/comments?post=51753"}],"version-history":[{"count":0,"href":"https:\/\/loginfo24.com\/fr\/wp-json\/wp\/v2\/posts\/51753\/revisions"}],"wp:attachment":[{"href":"https:\/\/loginfo24.com\/fr\/wp-json\/wp\/v2\/media?parent=51753"}],"wp:term":[{"taxonomy":"category","embeddable":true,"href":"https:\/\/loginfo24.com\/fr\/wp-json\/wp\/v2\/categories?post=51753"},{"taxonomy":"post_tag","embeddable":true,"href":"https:\/\/loginfo24.com\/fr\/wp-json\/wp\/v2\/tags?post=51753"}],"curies":[{"name":"wp","href":"https:\/\/api.w.org\/{rel}","templated":true}]}}