{"id":51675,"date":"2021-09-06T18:44:40","date_gmt":"2021-09-06T16:44:40","guid":{"rendered":"https:\/\/blog.brand-architecture.at\/2021\/09\/06\/craiss-ouvre-un-centre-logistique-a-weiz-en-autriche\/"},"modified":"2021-09-06T18:44:40","modified_gmt":"2021-09-06T16:44:40","slug":"craiss-ouvre-un-centre-logistique-a-weiz-en-autriche","status":"publish","type":"post","link":"https:\/\/loginfo24.com\/fr\/2021\/09\/06\/craiss-ouvre-un-centre-logistique-a-weiz-en-autriche\/","title":{"rendered":"Craiss ouvre un centre logistique \u00e0 Weiz, en Autriche"},"content":{"rendered":"<p>Apr\u00e8s seulement dix mois de construction, la Craiss Generation Logistik GmbH &amp; Co. KG a officiellement inaugur\u00e9 son nouveau centre logistique \u00e0 Weiz, en Autriche. \u00c0 l&rsquo;inauguration officielle vendredi dernier, ont particip\u00e9 notamment les maires de Weiz et de Sankt Ruprecht an der Raab, ainsi que de nombreux fournisseurs, clients et employ\u00e9s.<\/p>\n<p>(M\u00fchlacker\/Weiz) \u00c0 partir de fin septembre, le prestataire logistique schwabien Craiss Generation Logistik, avec sa nouvelle filiale Craiss Generation Logistik Austria GmbH &amp; Co. KG, prendra progressivement en charge la logistique entrante et sortante pour un grand client allemand du secteur technologique sur son site de production en Styrie orientale. De grandes installations pour l&rsquo;approvisionnement en \u00e9lectricit\u00e9 y sont fabriqu\u00e9es.<\/p>\n<p>\u00ab Malgr\u00e9 les d\u00e9fis pos\u00e9s par la pand\u00e9mie de Corona et la p\u00e9nurie de mat\u00e9riaux qui en a r\u00e9sult\u00e9, nous avons toujours respect\u00e9 le calendrier de ce grand projet et pouvons agir \u00e0 temps pour le client \u00bb, d\u00e9clare Thomas Dragon, responsable du nouveau site \u00e0 Weiz chez Craiss Generation Logistik Austria GmbH &amp; Co. KG. La mise en service du nouveau centre logistique est pr\u00e9vue pour fin septembre, en commen\u00e7ant par la logistique sortante pour l&rsquo;usine de Weiz. Dans ce cadre, Craiss r\u00e9alisera le transport de retour depuis le site de production vers le centre logistique, le contr\u00f4le qualit\u00e9 final ainsi que la pr\u00e9paration \u00e0 l&rsquo;exp\u00e9dition et l&#8217;emballage maritime. Ensuite, d&rsquo;ici fin novembre, les processus entrants, y compris la r\u00e9ception des marchandises, la consolidation et le stockage des pi\u00e8ces des fournisseurs, le contr\u00f4le qualit\u00e9 technique, ainsi que l&rsquo;approvisionnement de l&rsquo;usine par camion pendulaire, l&rsquo;exploitation du dernier kilom\u00e8tre interne \u00e0 l&rsquo;usine et l&rsquo;approvisionnement jusqu&rsquo;aux postes de travail, seront \u00e9galement mis en place.<\/p>\n<h5><strong>Environ 20 000 m\u00e8tres carr\u00e9s de surface logistique<\/strong><\/h5>\n<p>Le nouveau centre de distribution, d&rsquo;une superficie d&rsquo;environ 20 000 m\u00e8tres carr\u00e9s, est divis\u00e9 en trois halls, dont deux seront utilis\u00e9s dans un premier temps. La logistique entrante, y compris le contr\u00f4le qualit\u00e9, est situ\u00e9e dans le premier hall. Avec des toits en porte-\u00e0-faux, le d\u00e9chargement des composants peut se faire enti\u00e8rement \u00e0 l&rsquo;abri des intemp\u00e9ries, tant \u00e0 l&rsquo;ext\u00e9rieur qu&rsquo;\u00e0 l&rsquo;int\u00e9rieur du hall. Les processus sortants sont situ\u00e9s dans le hall 2. L\u00e0, les pi\u00e8ces d&rsquo;installation, qui sont d\u00e9mont\u00e9es apr\u00e8s leur ach\u00e8vement, sont contr\u00f4l\u00e9es une derni\u00e8re fois avant l&rsquo;exp\u00e9dition, notamment pour d\u00e9tecter d&rsquo;\u00e9ventuels dommages \u00e0 la peinture. Dans une cabine de r\u00e9paration, d&rsquo;\u00e9ventuels d\u00e9fauts peuvent \u00eatre corrig\u00e9s \u00e0 l&rsquo;aide d&rsquo;installations de soudage, d&rsquo;\u00e9quipements d&rsquo;aspiration et de stations de peinture. Pour la manipulation des composants pesant parfois plusieurs tonnes, plusieurs grues de 30, 10 et 6,5 tonnes, ainsi que des chariots \u00e9l\u00e9vateurs \u00e9lectriques de 12 et 8 tonnes et des chariots \u00e9l\u00e9vateurs \u00e0 quatre voies, sont utilis\u00e9s.<\/p>\n<div id=\"attachment_13982\" style=\"width: 1396px\" class=\"wp-caption alignnone\"><img loading=\"lazy\" decoding=\"async\" aria-describedby=\"caption-attachment-13982\" class=\"wp-image-13982 size-full\" src=\"https:\/\/loginfo24.com\/wp-content\/uploads\/sites\/7\/2025\/12\/Craiss_6.9.21.jpg\" alt=\"\" width=\"1386\" height=\"888\" \/><p id=\"caption-attachment-13982\" class=\"wp-caption-text\">Les maires de la commune de Weiz et de la commune de march\u00e9 de Sankt Ruprecht an der Raab, Erwin Eggenreich (2. \u00e0 droite) et Herbert Pregartner (\u00e0 droite), ont accueilli les actionnaires immobiliers Michael Craiss (3. \u00e0 gauche), Hagen Temmel (2. \u00e0 gauche) et Matthias Unger (3. \u00e0 droite) dans leur nouveau site logistique. Roman Neubauer, conseiller en tourisme et coop\u00e9ration communale de la commune de Weiz, (\u00e0 gauche) a anim\u00e9 la c\u00e9r\u00e9monie d&rsquo;inauguration<\/p><\/div>\n<h5><strong>\u00c9tablissement \u00e0 long terme sur le march\u00e9 autrichien<\/strong><\/h5>\n<p>Le troisi\u00e8me hall a \u00e9t\u00e9 construit de mani\u00e8re prospective et est actuellement encore vide, permettant \u00e0 Craiss d&rsquo;y \u00e9tendre ses activit\u00e9s \u00e0 tout moment, m\u00eame pour d&rsquo;autres clients, si n\u00e9cessaire. \u00ab Nous voulons nous \u00e9tablir \u00e0 long terme sur le march\u00e9 autrichien et attirer d&rsquo;autres projets. Pour pouvoir r\u00e9agir rapidement aux demandes, nous avons \u00e9galement le droit de pr\u00e9emption sur les terrains environnants \u00bb, d\u00e9clare Dragon en \u00e9voquant d&rsquo;\u00e9ventuelles expansions. 50 employ\u00e9s des secteurs commercial, administratif et technique seront affect\u00e9s au nouveau site en Styrie orientale. Une partie d&rsquo;entre eux est d\u00e9j\u00e0 form\u00e9e par le client dans le contr\u00f4le qualit\u00e9.<\/p>\n<p>Lors de l&rsquo;inauguration festive vendredi, Michael Craiss, directeur g\u00e9n\u00e9ral de Craiss Generation Logistik GmbH &amp; Co. KG, a accueilli environ 180 invit\u00e9s, dont des politiciens tels que le maire de Weiz, Erwin Eggenreich, et son homologue de la commune voisine de Sankt Ruprecht an der Raab, Herbert Pregartner, tout en respectant la r\u00e8gle des 3-G.<\/p>\n<p>Photos : \u00a9 Craiss\/Gernot Muhr \/ <em><strong>L\u00e9gende de la photo de titre :<\/strong> Centre logistique de Craiss \u00e0 Weiz<\/em><\/p>\n","protected":false},"excerpt":{"rendered":"<p>Apr\u00e8s seulement dix mois de construction, la Craiss Generation Logistik GmbH &amp; Co. KG a officiellement inaugur\u00e9 son nouveau centre logistique \u00e0 Weiz, en Autriche. \u00c0<span class=\"excerpt-hellip\"> [\u2026]<\/span><\/p>\n","protected":false},"author":0,"featured_media":0,"comment_status":"open","ping_status":"open","sticky":false,"template":"","format":"standard","meta":{"_acf_changed":false,"footnotes":""},"categories":[1557,1560,1561],"tags":[],"class_list":["post-51675","post","type-post","status-publish","format-standard","hentry","category-forwarding-logistics","category-intralogistics","category-regions"],"acf":[],"yoast_head":"<!-- This site is optimized with the Yoast SEO plugin v27.3 - https:\/\/yoast.com\/product\/yoast-seo-wordpress\/ -->\n<title>Craiss ouvre un centre logistique \u00e0 Weiz, en Autriche - Loginfo24.<\/title>\n<meta name=\"robots\" content=\"index, follow, max-snippet:-1, max-image-preview:large, max-video-preview:-1\" \/>\n<link rel=\"canonical\" href=\"https:\/\/loginfo24.com\/fr\/2021\/09\/06\/craiss-ouvre-un-centre-logistique-a-weiz-en-autriche\/\" \/>\n<meta property=\"og:locale\" content=\"fr_FR\" \/>\n<meta property=\"og:type\" content=\"article\" \/>\n<meta property=\"og:title\" content=\"Craiss ouvre un centre logistique \u00e0 Weiz, en Autriche - Loginfo24.\" \/>\n<meta property=\"og:description\" content=\"Apr\u00e8s seulement dix mois de construction, la Craiss Generation Logistik GmbH &amp; Co. KG a officiellement inaugur\u00e9 son nouveau centre logistique \u00e0 Weiz, en Autriche. \u00c0 [\u2026]\" \/>\n<meta property=\"og:url\" content=\"https:\/\/loginfo24.com\/fr\/2021\/09\/06\/craiss-ouvre-un-centre-logistique-a-weiz-en-autriche\/\" \/>\n<meta property=\"og:site_name\" content=\"Loginfo24\" \/>\n<meta property=\"article:publisher\" content=\"https:\/\/www.facebook.com\/people\/Loginfo24\/100057360583332\/\" \/>\n<meta property=\"article:published_time\" content=\"2021-09-06T16:44:40+00:00\" \/>\n<meta property=\"og:image\" content=\"https:\/\/loginfo24.com\/wp-content\/uploads\/sites\/7\/2025\/12\/Craiss_6.9.21.jpg\" \/>\n<meta name=\"twitter:card\" content=\"summary_large_image\" \/>\n<meta name=\"twitter:label1\" content=\"Dur\u00e9e de lecture estim\u00e9e\" \/>\n\t<meta name=\"twitter:data1\" content=\"4 minutes\" \/>\n<script type=\"application\/ld+json\" class=\"yoast-schema-graph\">{\"@context\":\"https:\\\/\\\/schema.org\",\"@graph\":[{\"@type\":\"Article\",\"@id\":\"https:\\\/\\\/loginfo24.com\\\/fr\\\/2021\\\/09\\\/06\\\/craiss-ouvre-un-centre-logistique-a-weiz-en-autriche\\\/#article\",\"isPartOf\":{\"@id\":\"https:\\\/\\\/loginfo24.com\\\/fr\\\/2021\\\/09\\\/06\\\/craiss-ouvre-un-centre-logistique-a-weiz-en-autriche\\\/\"},\"author\":{\"name\":\"\",\"@id\":\"\"},\"headline\":\"Craiss ouvre un centre logistique \u00e0 Weiz, en Autriche\",\"datePublished\":\"2021-09-06T16:44:40+00:00\",\"mainEntityOfPage\":{\"@id\":\"https:\\\/\\\/loginfo24.com\\\/fr\\\/2021\\\/09\\\/06\\\/craiss-ouvre-un-centre-logistique-a-weiz-en-autriche\\\/\"},\"wordCount\":769,\"commentCount\":0,\"publisher\":{\"@id\":\"https:\\\/\\\/loginfo24.com\\\/fr\\\/#organization\"},\"image\":{\"@id\":\"https:\\\/\\\/loginfo24.com\\\/fr\\\/2021\\\/09\\\/06\\\/craiss-ouvre-un-centre-logistique-a-weiz-en-autriche\\\/#primaryimage\"},\"thumbnailUrl\":\"https:\\\/\\\/loginfo24.com\\\/wp-content\\\/uploads\\\/sites\\\/7\\\/2025\\\/12\\\/Craiss_6.9.21.jpg\",\"articleSection\":[\"Forwarding &amp; Logistics\",\"Intralogistics\",\"Regions\"],\"inLanguage\":\"fr-FR\",\"potentialAction\":[{\"@type\":\"CommentAction\",\"name\":\"Comment\",\"target\":[\"https:\\\/\\\/loginfo24.com\\\/fr\\\/2021\\\/09\\\/06\\\/craiss-ouvre-un-centre-logistique-a-weiz-en-autriche\\\/#respond\"]}]},{\"@type\":\"WebPage\",\"@id\":\"https:\\\/\\\/loginfo24.com\\\/fr\\\/2021\\\/09\\\/06\\\/craiss-ouvre-un-centre-logistique-a-weiz-en-autriche\\\/\",\"url\":\"https:\\\/\\\/loginfo24.com\\\/fr\\\/2021\\\/09\\\/06\\\/craiss-ouvre-un-centre-logistique-a-weiz-en-autriche\\\/\",\"name\":\"Craiss ouvre un centre logistique \u00e0 Weiz, en Autriche - Loginfo24.\",\"isPartOf\":{\"@id\":\"https:\\\/\\\/loginfo24.com\\\/fr\\\/#website\"},\"primaryImageOfPage\":{\"@id\":\"https:\\\/\\\/loginfo24.com\\\/fr\\\/2021\\\/09\\\/06\\\/craiss-ouvre-un-centre-logistique-a-weiz-en-autriche\\\/#primaryimage\"},\"image\":{\"@id\":\"https:\\\/\\\/loginfo24.com\\\/fr\\\/2021\\\/09\\\/06\\\/craiss-ouvre-un-centre-logistique-a-weiz-en-autriche\\\/#primaryimage\"},\"thumbnailUrl\":\"https:\\\/\\\/loginfo24.com\\\/wp-content\\\/uploads\\\/sites\\\/7\\\/2025\\\/12\\\/Craiss_6.9.21.jpg\",\"datePublished\":\"2021-09-06T16:44:40+00:00\",\"breadcrumb\":{\"@id\":\"https:\\\/\\\/loginfo24.com\\\/fr\\\/2021\\\/09\\\/06\\\/craiss-ouvre-un-centre-logistique-a-weiz-en-autriche\\\/#breadcrumb\"},\"inLanguage\":\"fr-FR\",\"potentialAction\":[{\"@type\":\"ReadAction\",\"target\":[\"https:\\\/\\\/loginfo24.com\\\/fr\\\/2021\\\/09\\\/06\\\/craiss-ouvre-un-centre-logistique-a-weiz-en-autriche\\\/\"]}]},{\"@type\":\"ImageObject\",\"inLanguage\":\"fr-FR\",\"@id\":\"https:\\\/\\\/loginfo24.com\\\/fr\\\/2021\\\/09\\\/06\\\/craiss-ouvre-un-centre-logistique-a-weiz-en-autriche\\\/#primaryimage\",\"url\":\"https:\\\/\\\/loginfo24.com\\\/wp-content\\\/uploads\\\/sites\\\/7\\\/2025\\\/12\\\/Craiss_6.9.21.jpg\",\"contentUrl\":\"https:\\\/\\\/loginfo24.com\\\/wp-content\\\/uploads\\\/sites\\\/7\\\/2025\\\/12\\\/Craiss_6.9.21.jpg\"},{\"@type\":\"BreadcrumbList\",\"@id\":\"https:\\\/\\\/loginfo24.com\\\/fr\\\/2021\\\/09\\\/06\\\/craiss-ouvre-un-centre-logistique-a-weiz-en-autriche\\\/#breadcrumb\",\"itemListElement\":[{\"@type\":\"ListItem\",\"position\":1,\"name\":\"Startseite\",\"item\":\"https:\\\/\\\/loginfo24.com\\\/fr\\\/\"},{\"@type\":\"ListItem\",\"position\":2,\"name\":\"Craiss ouvre un centre logistique \u00e0 Weiz, en Autriche\"}]},{\"@type\":\"WebSite\",\"@id\":\"https:\\\/\\\/loginfo24.com\\\/fr\\\/#website\",\"url\":\"https:\\\/\\\/loginfo24.com\\\/fr\\\/\",\"name\":\"Loginfo24\",\"description\":\"Loginfo24 est la plateforme d\u00e9di\u00e9e \u00e0 la logistique et aux cha\u00eenes d&#039;approvisionnement qui fournit des informations 24 heures sur 24.\",\"publisher\":{\"@id\":\"https:\\\/\\\/loginfo24.com\\\/fr\\\/#organization\"},\"potentialAction\":[{\"@type\":\"SearchAction\",\"target\":{\"@type\":\"EntryPoint\",\"urlTemplate\":\"https:\\\/\\\/loginfo24.com\\\/fr\\\/?s={search_term_string}\"},\"query-input\":{\"@type\":\"PropertyValueSpecification\",\"valueRequired\":true,\"valueName\":\"search_term_string\"}}],\"inLanguage\":\"fr-FR\"},{\"@type\":\"Organization\",\"@id\":\"https:\\\/\\\/loginfo24.com\\\/fr\\\/#organization\",\"name\":\"Groupe Logismedia AG\",\"url\":\"https:\\\/\\\/loginfo24.com\\\/fr\\\/\",\"logo\":{\"@type\":\"ImageObject\",\"inLanguage\":\"fr-FR\",\"@id\":\"https:\\\/\\\/loginfo24.com\\\/fr\\\/#\\\/schema\\\/logo\\\/image\\\/\",\"url\":\"https:\\\/\\\/loginfo24.com\\\/wp-content\\\/uploads\\\/sites\\\/7\\\/2026\\\/01\\\/Logo_LogInfo24.png\",\"contentUrl\":\"https:\\\/\\\/loginfo24.com\\\/wp-content\\\/uploads\\\/sites\\\/7\\\/2026\\\/01\\\/Logo_LogInfo24.png\",\"width\":938,\"height\":351,\"caption\":\"Groupe Logismedia AG\"},\"image\":{\"@id\":\"https:\\\/\\\/loginfo24.com\\\/fr\\\/#\\\/schema\\\/logo\\\/image\\\/\"},\"sameAs\":[\"https:\\\/\\\/www.facebook.com\\\/people\\\/Loginfo24\\\/100057360583332\\\/\",\"https:\\\/\\\/www.linkedin.com\\\/company\\\/lofinfo24\\\/\"]}]}<\/script>\n<!-- \/ Yoast SEO plugin. -->","yoast_head_json":{"title":"Craiss ouvre un centre logistique \u00e0 Weiz, en Autriche - Loginfo24.","robots":{"index":"index","follow":"follow","max-snippet":"max-snippet:-1","max-image-preview":"max-image-preview:large","max-video-preview":"max-video-preview:-1"},"canonical":"https:\/\/loginfo24.com\/fr\/2021\/09\/06\/craiss-ouvre-un-centre-logistique-a-weiz-en-autriche\/","og_locale":"fr_FR","og_type":"article","og_title":"Craiss ouvre un centre logistique \u00e0 Weiz, en Autriche - Loginfo24.","og_description":"Apr\u00e8s seulement dix mois de construction, la Craiss Generation Logistik GmbH &amp; Co. KG a officiellement inaugur\u00e9 son nouveau centre logistique \u00e0 Weiz, en Autriche. \u00c0 [\u2026]","og_url":"https:\/\/loginfo24.com\/fr\/2021\/09\/06\/craiss-ouvre-un-centre-logistique-a-weiz-en-autriche\/","og_site_name":"Loginfo24","article_publisher":"https:\/\/www.facebook.com\/people\/Loginfo24\/100057360583332\/","article_published_time":"2021-09-06T16:44:40+00:00","og_image":[{"url":"https:\/\/loginfo24.com\/wp-content\/uploads\/sites\/7\/2025\/12\/Craiss_6.9.21.jpg","type":"","width":"","height":""}],"twitter_card":"summary_large_image","twitter_misc":{"Dur\u00e9e de lecture estim\u00e9e":"4 minutes"},"schema":{"@context":"https:\/\/schema.org","@graph":[{"@type":"Article","@id":"https:\/\/loginfo24.com\/fr\/2021\/09\/06\/craiss-ouvre-un-centre-logistique-a-weiz-en-autriche\/#article","isPartOf":{"@id":"https:\/\/loginfo24.com\/fr\/2021\/09\/06\/craiss-ouvre-un-centre-logistique-a-weiz-en-autriche\/"},"author":{"name":"","@id":""},"headline":"Craiss ouvre un centre logistique \u00e0 Weiz, en Autriche","datePublished":"2021-09-06T16:44:40+00:00","mainEntityOfPage":{"@id":"https:\/\/loginfo24.com\/fr\/2021\/09\/06\/craiss-ouvre-un-centre-logistique-a-weiz-en-autriche\/"},"wordCount":769,"commentCount":0,"publisher":{"@id":"https:\/\/loginfo24.com\/fr\/#organization"},"image":{"@id":"https:\/\/loginfo24.com\/fr\/2021\/09\/06\/craiss-ouvre-un-centre-logistique-a-weiz-en-autriche\/#primaryimage"},"thumbnailUrl":"https:\/\/loginfo24.com\/wp-content\/uploads\/sites\/7\/2025\/12\/Craiss_6.9.21.jpg","articleSection":["Forwarding &amp; Logistics","Intralogistics","Regions"],"inLanguage":"fr-FR","potentialAction":[{"@type":"CommentAction","name":"Comment","target":["https:\/\/loginfo24.com\/fr\/2021\/09\/06\/craiss-ouvre-un-centre-logistique-a-weiz-en-autriche\/#respond"]}]},{"@type":"WebPage","@id":"https:\/\/loginfo24.com\/fr\/2021\/09\/06\/craiss-ouvre-un-centre-logistique-a-weiz-en-autriche\/","url":"https:\/\/loginfo24.com\/fr\/2021\/09\/06\/craiss-ouvre-un-centre-logistique-a-weiz-en-autriche\/","name":"Craiss ouvre un centre logistique \u00e0 Weiz, en Autriche - Loginfo24.","isPartOf":{"@id":"https:\/\/loginfo24.com\/fr\/#website"},"primaryImageOfPage":{"@id":"https:\/\/loginfo24.com\/fr\/2021\/09\/06\/craiss-ouvre-un-centre-logistique-a-weiz-en-autriche\/#primaryimage"},"image":{"@id":"https:\/\/loginfo24.com\/fr\/2021\/09\/06\/craiss-ouvre-un-centre-logistique-a-weiz-en-autriche\/#primaryimage"},"thumbnailUrl":"https:\/\/loginfo24.com\/wp-content\/uploads\/sites\/7\/2025\/12\/Craiss_6.9.21.jpg","datePublished":"2021-09-06T16:44:40+00:00","breadcrumb":{"@id":"https:\/\/loginfo24.com\/fr\/2021\/09\/06\/craiss-ouvre-un-centre-logistique-a-weiz-en-autriche\/#breadcrumb"},"inLanguage":"fr-FR","potentialAction":[{"@type":"ReadAction","target":["https:\/\/loginfo24.com\/fr\/2021\/09\/06\/craiss-ouvre-un-centre-logistique-a-weiz-en-autriche\/"]}]},{"@type":"ImageObject","inLanguage":"fr-FR","@id":"https:\/\/loginfo24.com\/fr\/2021\/09\/06\/craiss-ouvre-un-centre-logistique-a-weiz-en-autriche\/#primaryimage","url":"https:\/\/loginfo24.com\/wp-content\/uploads\/sites\/7\/2025\/12\/Craiss_6.9.21.jpg","contentUrl":"https:\/\/loginfo24.com\/wp-content\/uploads\/sites\/7\/2025\/12\/Craiss_6.9.21.jpg"},{"@type":"BreadcrumbList","@id":"https:\/\/loginfo24.com\/fr\/2021\/09\/06\/craiss-ouvre-un-centre-logistique-a-weiz-en-autriche\/#breadcrumb","itemListElement":[{"@type":"ListItem","position":1,"name":"Startseite","item":"https:\/\/loginfo24.com\/fr\/"},{"@type":"ListItem","position":2,"name":"Craiss ouvre un centre logistique \u00e0 Weiz, en Autriche"}]},{"@type":"WebSite","@id":"https:\/\/loginfo24.com\/fr\/#website","url":"https:\/\/loginfo24.com\/fr\/","name":"Loginfo24","description":"Loginfo24 est la plateforme d\u00e9di\u00e9e \u00e0 la logistique et aux cha\u00eenes d&#039;approvisionnement qui fournit des informations 24 heures sur 24.","publisher":{"@id":"https:\/\/loginfo24.com\/fr\/#organization"},"potentialAction":[{"@type":"SearchAction","target":{"@type":"EntryPoint","urlTemplate":"https:\/\/loginfo24.com\/fr\/?s={search_term_string}"},"query-input":{"@type":"PropertyValueSpecification","valueRequired":true,"valueName":"search_term_string"}}],"inLanguage":"fr-FR"},{"@type":"Organization","@id":"https:\/\/loginfo24.com\/fr\/#organization","name":"Groupe Logismedia AG","url":"https:\/\/loginfo24.com\/fr\/","logo":{"@type":"ImageObject","inLanguage":"fr-FR","@id":"https:\/\/loginfo24.com\/fr\/#\/schema\/logo\/image\/","url":"https:\/\/loginfo24.com\/wp-content\/uploads\/sites\/7\/2026\/01\/Logo_LogInfo24.png","contentUrl":"https:\/\/loginfo24.com\/wp-content\/uploads\/sites\/7\/2026\/01\/Logo_LogInfo24.png","width":938,"height":351,"caption":"Groupe Logismedia AG"},"image":{"@id":"https:\/\/loginfo24.com\/fr\/#\/schema\/logo\/image\/"},"sameAs":["https:\/\/www.facebook.com\/people\/Loginfo24\/100057360583332\/","https:\/\/www.linkedin.com\/company\/lofinfo24\/"]}]}},"_links":{"self":[{"href":"https:\/\/loginfo24.com\/fr\/wp-json\/wp\/v2\/posts\/51675","targetHints":{"allow":["GET"]}}],"collection":[{"href":"https:\/\/loginfo24.com\/fr\/wp-json\/wp\/v2\/posts"}],"about":[{"href":"https:\/\/loginfo24.com\/fr\/wp-json\/wp\/v2\/types\/post"}],"replies":[{"embeddable":true,"href":"https:\/\/loginfo24.com\/fr\/wp-json\/wp\/v2\/comments?post=51675"}],"version-history":[{"count":0,"href":"https:\/\/loginfo24.com\/fr\/wp-json\/wp\/v2\/posts\/51675\/revisions"}],"wp:attachment":[{"href":"https:\/\/loginfo24.com\/fr\/wp-json\/wp\/v2\/media?parent=51675"}],"wp:term":[{"taxonomy":"category","embeddable":true,"href":"https:\/\/loginfo24.com\/fr\/wp-json\/wp\/v2\/categories?post=51675"},{"taxonomy":"post_tag","embeddable":true,"href":"https:\/\/loginfo24.com\/fr\/wp-json\/wp\/v2\/tags?post=51675"}],"curies":[{"name":"wp","href":"https:\/\/api.w.org\/{rel}","templated":true}]}}