{"id":51567,"date":"2021-09-01T20:23:11","date_gmt":"2021-09-01T18:23:11","guid":{"rendered":"https:\/\/blog.brand-architecture.at\/2021\/09\/01\/trans-eu-sinstalle-dans-la-metropole-logistique-et-start-up-de-berlin\/"},"modified":"2021-09-01T20:23:11","modified_gmt":"2021-09-01T18:23:11","slug":"trans-eu-sinstalle-dans-la-metropole-logistique-et-start-up-de-berlin","status":"publish","type":"post","link":"https:\/\/loginfo24.com\/fr\/2021\/09\/01\/trans-eu-sinstalle-dans-la-metropole-logistique-et-start-up-de-berlin\/","title":{"rendered":"Trans.eu s&rsquo;installe dans la m\u00e9tropole logistique et start-up de Berlin"},"content":{"rendered":"<p>La plateforme de transport Trans.eu GmbH d\u00e9place son si\u00e8ge social allemand \u00e0 Berlin. Pourquoi le choix s&rsquo;est port\u00e9 sur la capitale allemande et ce que Aleksandra Marszalek, PDG de Trans.eu Group pour l&rsquo;Europe de l&rsquo;Ouest, en attend, elle l&rsquo;explique dans une interview. Le nouveau si\u00e8ge est situ\u00e9 dans la ville, pr\u00e8s de la Potsdamer Platz. Auparavant, Trans.eu \u00e9tait bas\u00e9 \u00e0 Lauenau, pr\u00e8s de Hanovre.<\/p>\n<p>&nbsp;<\/p>\n<p><strong><em>Madame Marszalek, pourquoi Trans.eu d\u00e9m\u00e9nage-t-il \u00e0 Berlin ?<\/em><\/strong><\/p>\n<p>Pour un emplacement dans une m\u00e9tropole dynamique, il y a, \u00e0 mon avis, de nombreuses bonnes raisons : Berlin est, d&rsquo;une part, l&rsquo;un des meilleurs sites logistiques en Allemagne gr\u00e2ce \u00e0 sa situation infrastructurelle strat\u00e9gique. De nombreuses entreprises du secteur du transport et de la logistique y travaillent tr\u00e8s efficacement \u00e0 l&rsquo;international. Berlin est \u00e9galement une porte vers l&rsquo;Europe de l&rsquo;Est et offre des voies rapides vers les march\u00e9s de croissance europ\u00e9ens. D&rsquo;autre part, nous trouvons dans la capitale allemande la proximit\u00e9 avec la politique et les associations, et nous vivons Berlin comme un \u00e9picentre pour la mobilit\u00e9 de demain - \u00e9galement marqu\u00e9 par des start-ups logistiques passionnantes qui apportent un \u00e9lan aux d\u00e9veloppements. Cela est important pour les sujets que nous abordons en tant que l&rsquo;une des principales plateformes logistiques europ\u00e9ennes pour le transport terrestre. Et bien s\u00fbr, de nombreux \u00e9v\u00e9nements int\u00e9ressants ont \u00e9galement lieu ici - par exemple, le Congr\u00e8s allemand de la logistique de la F\u00e9d\u00e9ration allemande de la logistique, pour n&rsquo;en nommer qu&rsquo;un.<\/p>\n<p><strong><em>Quelles attentes associez-vous \u00e0 ce site ?<\/em><\/strong><\/p>\n<p>Berlin et toute la r\u00e9gion environnante se caract\u00e9risent par une grande dynamique \u00e9conomique. La capitale f\u00e9d\u00e9rale est un v\u00e9ritable carrefour d&rsquo;affaires - surtout pour l&rsquo;Europe de l&rsquo;Est. Comme nous nous concentrons actuellement sur l&rsquo;\u00e9tablissement de notre pr\u00e9sence sur le march\u00e9 allemand, cela repr\u00e9sente \u00e9galement un lien avec notre origine d&rsquo;Europe de l&rsquo;Est. Mais ce n&rsquo;est pas seulement \u00e9conomiquement un point n\u00e9vralgique. C&rsquo;est aussi un melting pot pour des personnes de diff\u00e9rentes origines, langues ou mentalit\u00e9s. Cela constitue \u00e9galement une bonne base pour le march\u00e9 des candidats - et donc pour notre recrutement. Car cela attire de nombreux professionnels int\u00e9ressants \u00e0 Berlin. Et il y a aussi une rel\u00e8ve de professionnels, car Berlin dispose d&rsquo;universit\u00e9s de renomm\u00e9e internationale avec des chaires en logistique. Une fois leurs \u00e9tudes termin\u00e9es, ces jeunes talents avec des id\u00e9es cr\u00e9atives trouvent rapidement leur place sur le march\u00e9 du travail. Par exemple chez Trans.eu. Bien que nous soyons une entreprise \u00e9tablie avec des ann\u00e9es d&rsquo;exp\u00e9rience, nous avons conserv\u00e9 notre mentalit\u00e9 de start-up gr\u00e2ce \u00e0 notre entr\u00e9e relativement r\u00e9cente sur le march\u00e9 allemand. C&rsquo;est pourquoi nous sommes en phase avec Berlin et la sc\u00e8ne des \u00ab professionnels \u00bb berlinois nous correspond. Car nous nous sentons int\u00e9rieurement \u00e9troitement li\u00e9s \u00e0 cet esprit exp\u00e9rimental et cr\u00e9atif de la ville et sommes toujours pr\u00eats pour des approches innovantes et de nouvelles impulsions.<\/p>\n<p><strong><em>Qu&rsquo;est-ce qui vous attire personnellement \u00e0 Berlin ?<\/em><\/strong><\/p>\n<p>Berlin est branch\u00e9e, moderne, dynamique, une ville qui ne dort jamais. J&rsquo;aime l&rsquo;animation color\u00e9e, l&rsquo;atmosph\u00e8re d\u00e9contract\u00e9e, l&rsquo;unicit\u00e9 de nombreuses choses - par exemple dans l&rsquo;art et la culture. Bien s\u00fbr, Berlin est aussi un lieu historique avec une histoire impressionnante. Cela se combine ici avec une culture start-up tourn\u00e9e vers l&rsquo;avenir. Cela me pla\u00eet beaucoup.<\/p>\n<h5><\/h5>\n<h5><\/h5>\n<h5><strong>\u00c0 propos de Trans.eu<\/strong><\/h5>\n<p>La plateforme Trans.eu repose sur une base de donn\u00e9es de transporteurs \u00e9tablie depuis plus de 15 ans, particuli\u00e8rement dans le march\u00e9 d&rsquo;Europe de l&rsquo;Est. Toutes les entreprises r\u00e9pertori\u00e9es ont \u00e9t\u00e9 v\u00e9rifi\u00e9es par le fournisseur et activ\u00e9es apr\u00e8s validation. Pour permettre une collaboration s\u00e9curis\u00e9e entre les transporteurs et leurs clients, la plateforme informatique dispose de fonctions simples pour la gestion des commandes num\u00e9riques. Cela inclut des flux de travail pour l&rsquo;attribution des commandes ainsi que des \u00e9valuations mutuelles des partenaires contractuels apr\u00e8s la conclusion d&rsquo;un transport. Dans un messager en ligne int\u00e9gr\u00e9, toute la communication concernant l&rsquo;attribution des cargaisons sur la plateforme Trans.eu se d\u00e9roule. Elle est automatiquement document\u00e9e et archiv\u00e9e num\u00e9riquement. Ainsi, la plateforme cr\u00e9e avec des processus num\u00e9riques simples une s\u00e9curit\u00e9 suppl\u00e9mentaire dans la coop\u00e9ration entre les transporteurs et leurs clients.<\/p>\n<p><a href=\"https:\/\/www.trans.eu\" target=\"_blank\" rel=\"noopener noreferrer\">www.trans.eu<\/a><\/p>\n<p>Photo : \u00a9 Trans.eu<\/p>\n","protected":false},"excerpt":{"rendered":"<p>La plateforme de transport Trans.eu GmbH d\u00e9place son si\u00e8ge social allemand \u00e0 Berlin. Pourquoi le choix s&rsquo;est port\u00e9 sur la capitale allemande et ce que Aleksandra<span class=\"excerpt-hellip\"> [\u2026]<\/span><\/p>\n","protected":false},"author":0,"featured_media":0,"comment_status":"open","ping_status":"open","sticky":false,"template":"","format":"standard","meta":{"_acf_changed":false,"footnotes":""},"categories":[1557,1556,1561],"tags":[],"class_list":["post-51567","post","type-post","status-publish","format-standard","hentry","category-forwarding-logistics","category-intermodal-road","category-regions"],"acf":[],"yoast_head":"<!-- This site is optimized with the Yoast SEO plugin v27.3 - https:\/\/yoast.com\/product\/yoast-seo-wordpress\/ -->\n<title>Trans.eu s&#039;installe dans la m\u00e9tropole logistique et start-up de Berlin - Loginfo24.<\/title>\n<meta name=\"robots\" content=\"index, follow, max-snippet:-1, max-image-preview:large, max-video-preview:-1\" \/>\n<link rel=\"canonical\" href=\"https:\/\/loginfo24.com\/fr\/2021\/09\/01\/trans-eu-sinstalle-dans-la-metropole-logistique-et-start-up-de-berlin\/\" \/>\n<meta property=\"og:locale\" content=\"fr_FR\" \/>\n<meta property=\"og:type\" content=\"article\" \/>\n<meta property=\"og:title\" content=\"Trans.eu s&#039;installe dans la m\u00e9tropole logistique et start-up de Berlin - Loginfo24.\" \/>\n<meta property=\"og:description\" content=\"La plateforme de transport Trans.eu GmbH d\u00e9place son si\u00e8ge social allemand \u00e0 Berlin. Pourquoi le choix s&rsquo;est port\u00e9 sur la capitale allemande et ce que Aleksandra [\u2026]\" \/>\n<meta property=\"og:url\" content=\"https:\/\/loginfo24.com\/fr\/2021\/09\/01\/trans-eu-sinstalle-dans-la-metropole-logistique-et-start-up-de-berlin\/\" \/>\n<meta property=\"og:site_name\" content=\"Loginfo24\" \/>\n<meta property=\"article:publisher\" content=\"https:\/\/www.facebook.com\/people\/Loginfo24\/100057360583332\/\" \/>\n<meta property=\"article:published_time\" content=\"2021-09-01T18:23:11+00:00\" \/>\n<meta name=\"twitter:card\" content=\"summary_large_image\" \/>\n<meta name=\"twitter:label1\" content=\"Dur\u00e9e de lecture estim\u00e9e\" \/>\n\t<meta name=\"twitter:data1\" content=\"4 minutes\" \/>\n<script type=\"application\/ld+json\" class=\"yoast-schema-graph\">{\"@context\":\"https:\\\/\\\/schema.org\",\"@graph\":[{\"@type\":\"Article\",\"@id\":\"https:\\\/\\\/loginfo24.com\\\/fr\\\/2021\\\/09\\\/01\\\/trans-eu-sinstalle-dans-la-metropole-logistique-et-start-up-de-berlin\\\/#article\",\"isPartOf\":{\"@id\":\"https:\\\/\\\/loginfo24.com\\\/fr\\\/2021\\\/09\\\/01\\\/trans-eu-sinstalle-dans-la-metropole-logistique-et-start-up-de-berlin\\\/\"},\"author\":{\"name\":\"\",\"@id\":\"\"},\"headline\":\"Trans.eu s&rsquo;installe dans la m\u00e9tropole logistique et start-up de Berlin\",\"datePublished\":\"2021-09-01T18:23:11+00:00\",\"mainEntityOfPage\":{\"@id\":\"https:\\\/\\\/loginfo24.com\\\/fr\\\/2021\\\/09\\\/01\\\/trans-eu-sinstalle-dans-la-metropole-logistique-et-start-up-de-berlin\\\/\"},\"wordCount\":790,\"commentCount\":0,\"publisher\":{\"@id\":\"https:\\\/\\\/loginfo24.com\\\/fr\\\/#organization\"},\"articleSection\":[\"Forwarding &amp; Logistics\",\"Intermodal \\\/ Road\",\"Regions\"],\"inLanguage\":\"fr-FR\",\"potentialAction\":[{\"@type\":\"CommentAction\",\"name\":\"Comment\",\"target\":[\"https:\\\/\\\/loginfo24.com\\\/fr\\\/2021\\\/09\\\/01\\\/trans-eu-sinstalle-dans-la-metropole-logistique-et-start-up-de-berlin\\\/#respond\"]}]},{\"@type\":\"WebPage\",\"@id\":\"https:\\\/\\\/loginfo24.com\\\/fr\\\/2021\\\/09\\\/01\\\/trans-eu-sinstalle-dans-la-metropole-logistique-et-start-up-de-berlin\\\/\",\"url\":\"https:\\\/\\\/loginfo24.com\\\/fr\\\/2021\\\/09\\\/01\\\/trans-eu-sinstalle-dans-la-metropole-logistique-et-start-up-de-berlin\\\/\",\"name\":\"Trans.eu s'installe dans la m\u00e9tropole logistique et start-up de Berlin - Loginfo24.\",\"isPartOf\":{\"@id\":\"https:\\\/\\\/loginfo24.com\\\/fr\\\/#website\"},\"datePublished\":\"2021-09-01T18:23:11+00:00\",\"breadcrumb\":{\"@id\":\"https:\\\/\\\/loginfo24.com\\\/fr\\\/2021\\\/09\\\/01\\\/trans-eu-sinstalle-dans-la-metropole-logistique-et-start-up-de-berlin\\\/#breadcrumb\"},\"inLanguage\":\"fr-FR\",\"potentialAction\":[{\"@type\":\"ReadAction\",\"target\":[\"https:\\\/\\\/loginfo24.com\\\/fr\\\/2021\\\/09\\\/01\\\/trans-eu-sinstalle-dans-la-metropole-logistique-et-start-up-de-berlin\\\/\"]}]},{\"@type\":\"BreadcrumbList\",\"@id\":\"https:\\\/\\\/loginfo24.com\\\/fr\\\/2021\\\/09\\\/01\\\/trans-eu-sinstalle-dans-la-metropole-logistique-et-start-up-de-berlin\\\/#breadcrumb\",\"itemListElement\":[{\"@type\":\"ListItem\",\"position\":1,\"name\":\"Startseite\",\"item\":\"https:\\\/\\\/loginfo24.com\\\/fr\\\/\"},{\"@type\":\"ListItem\",\"position\":2,\"name\":\"Trans.eu s&rsquo;installe dans la m\u00e9tropole logistique et start-up de Berlin\"}]},{\"@type\":\"WebSite\",\"@id\":\"https:\\\/\\\/loginfo24.com\\\/fr\\\/#website\",\"url\":\"https:\\\/\\\/loginfo24.com\\\/fr\\\/\",\"name\":\"Loginfo24\",\"description\":\"Loginfo24 est la plateforme d\u00e9di\u00e9e \u00e0 la logistique et aux cha\u00eenes d&#039;approvisionnement qui fournit des informations 24 heures sur 24.\",\"publisher\":{\"@id\":\"https:\\\/\\\/loginfo24.com\\\/fr\\\/#organization\"},\"potentialAction\":[{\"@type\":\"SearchAction\",\"target\":{\"@type\":\"EntryPoint\",\"urlTemplate\":\"https:\\\/\\\/loginfo24.com\\\/fr\\\/?s={search_term_string}\"},\"query-input\":{\"@type\":\"PropertyValueSpecification\",\"valueRequired\":true,\"valueName\":\"search_term_string\"}}],\"inLanguage\":\"fr-FR\"},{\"@type\":\"Organization\",\"@id\":\"https:\\\/\\\/loginfo24.com\\\/fr\\\/#organization\",\"name\":\"Groupe Logismedia AG\",\"url\":\"https:\\\/\\\/loginfo24.com\\\/fr\\\/\",\"logo\":{\"@type\":\"ImageObject\",\"inLanguage\":\"fr-FR\",\"@id\":\"https:\\\/\\\/loginfo24.com\\\/fr\\\/#\\\/schema\\\/logo\\\/image\\\/\",\"url\":\"https:\\\/\\\/loginfo24.com\\\/wp-content\\\/uploads\\\/sites\\\/7\\\/2026\\\/01\\\/Logo_LogInfo24.png\",\"contentUrl\":\"https:\\\/\\\/loginfo24.com\\\/wp-content\\\/uploads\\\/sites\\\/7\\\/2026\\\/01\\\/Logo_LogInfo24.png\",\"width\":938,\"height\":351,\"caption\":\"Groupe Logismedia AG\"},\"image\":{\"@id\":\"https:\\\/\\\/loginfo24.com\\\/fr\\\/#\\\/schema\\\/logo\\\/image\\\/\"},\"sameAs\":[\"https:\\\/\\\/www.facebook.com\\\/people\\\/Loginfo24\\\/100057360583332\\\/\",\"https:\\\/\\\/www.linkedin.com\\\/company\\\/lofinfo24\\\/\"]}]}<\/script>\n<!-- \/ Yoast SEO plugin. -->","yoast_head_json":{"title":"Trans.eu s'installe dans la m\u00e9tropole logistique et start-up de Berlin - Loginfo24.","robots":{"index":"index","follow":"follow","max-snippet":"max-snippet:-1","max-image-preview":"max-image-preview:large","max-video-preview":"max-video-preview:-1"},"canonical":"https:\/\/loginfo24.com\/fr\/2021\/09\/01\/trans-eu-sinstalle-dans-la-metropole-logistique-et-start-up-de-berlin\/","og_locale":"fr_FR","og_type":"article","og_title":"Trans.eu s'installe dans la m\u00e9tropole logistique et start-up de Berlin - Loginfo24.","og_description":"La plateforme de transport Trans.eu GmbH d\u00e9place son si\u00e8ge social allemand \u00e0 Berlin. Pourquoi le choix s&rsquo;est port\u00e9 sur la capitale allemande et ce que Aleksandra [\u2026]","og_url":"https:\/\/loginfo24.com\/fr\/2021\/09\/01\/trans-eu-sinstalle-dans-la-metropole-logistique-et-start-up-de-berlin\/","og_site_name":"Loginfo24","article_publisher":"https:\/\/www.facebook.com\/people\/Loginfo24\/100057360583332\/","article_published_time":"2021-09-01T18:23:11+00:00","twitter_card":"summary_large_image","twitter_misc":{"Dur\u00e9e de lecture estim\u00e9e":"4 minutes"},"schema":{"@context":"https:\/\/schema.org","@graph":[{"@type":"Article","@id":"https:\/\/loginfo24.com\/fr\/2021\/09\/01\/trans-eu-sinstalle-dans-la-metropole-logistique-et-start-up-de-berlin\/#article","isPartOf":{"@id":"https:\/\/loginfo24.com\/fr\/2021\/09\/01\/trans-eu-sinstalle-dans-la-metropole-logistique-et-start-up-de-berlin\/"},"author":{"name":"","@id":""},"headline":"Trans.eu s&rsquo;installe dans la m\u00e9tropole logistique et start-up de Berlin","datePublished":"2021-09-01T18:23:11+00:00","mainEntityOfPage":{"@id":"https:\/\/loginfo24.com\/fr\/2021\/09\/01\/trans-eu-sinstalle-dans-la-metropole-logistique-et-start-up-de-berlin\/"},"wordCount":790,"commentCount":0,"publisher":{"@id":"https:\/\/loginfo24.com\/fr\/#organization"},"articleSection":["Forwarding &amp; Logistics","Intermodal \/ Road","Regions"],"inLanguage":"fr-FR","potentialAction":[{"@type":"CommentAction","name":"Comment","target":["https:\/\/loginfo24.com\/fr\/2021\/09\/01\/trans-eu-sinstalle-dans-la-metropole-logistique-et-start-up-de-berlin\/#respond"]}]},{"@type":"WebPage","@id":"https:\/\/loginfo24.com\/fr\/2021\/09\/01\/trans-eu-sinstalle-dans-la-metropole-logistique-et-start-up-de-berlin\/","url":"https:\/\/loginfo24.com\/fr\/2021\/09\/01\/trans-eu-sinstalle-dans-la-metropole-logistique-et-start-up-de-berlin\/","name":"Trans.eu s'installe dans la m\u00e9tropole logistique et start-up de Berlin - Loginfo24.","isPartOf":{"@id":"https:\/\/loginfo24.com\/fr\/#website"},"datePublished":"2021-09-01T18:23:11+00:00","breadcrumb":{"@id":"https:\/\/loginfo24.com\/fr\/2021\/09\/01\/trans-eu-sinstalle-dans-la-metropole-logistique-et-start-up-de-berlin\/#breadcrumb"},"inLanguage":"fr-FR","potentialAction":[{"@type":"ReadAction","target":["https:\/\/loginfo24.com\/fr\/2021\/09\/01\/trans-eu-sinstalle-dans-la-metropole-logistique-et-start-up-de-berlin\/"]}]},{"@type":"BreadcrumbList","@id":"https:\/\/loginfo24.com\/fr\/2021\/09\/01\/trans-eu-sinstalle-dans-la-metropole-logistique-et-start-up-de-berlin\/#breadcrumb","itemListElement":[{"@type":"ListItem","position":1,"name":"Startseite","item":"https:\/\/loginfo24.com\/fr\/"},{"@type":"ListItem","position":2,"name":"Trans.eu s&rsquo;installe dans la m\u00e9tropole logistique et start-up de Berlin"}]},{"@type":"WebSite","@id":"https:\/\/loginfo24.com\/fr\/#website","url":"https:\/\/loginfo24.com\/fr\/","name":"Loginfo24","description":"Loginfo24 est la plateforme d\u00e9di\u00e9e \u00e0 la logistique et aux cha\u00eenes d&#039;approvisionnement qui fournit des informations 24 heures sur 24.","publisher":{"@id":"https:\/\/loginfo24.com\/fr\/#organization"},"potentialAction":[{"@type":"SearchAction","target":{"@type":"EntryPoint","urlTemplate":"https:\/\/loginfo24.com\/fr\/?s={search_term_string}"},"query-input":{"@type":"PropertyValueSpecification","valueRequired":true,"valueName":"search_term_string"}}],"inLanguage":"fr-FR"},{"@type":"Organization","@id":"https:\/\/loginfo24.com\/fr\/#organization","name":"Groupe Logismedia AG","url":"https:\/\/loginfo24.com\/fr\/","logo":{"@type":"ImageObject","inLanguage":"fr-FR","@id":"https:\/\/loginfo24.com\/fr\/#\/schema\/logo\/image\/","url":"https:\/\/loginfo24.com\/wp-content\/uploads\/sites\/7\/2026\/01\/Logo_LogInfo24.png","contentUrl":"https:\/\/loginfo24.com\/wp-content\/uploads\/sites\/7\/2026\/01\/Logo_LogInfo24.png","width":938,"height":351,"caption":"Groupe Logismedia AG"},"image":{"@id":"https:\/\/loginfo24.com\/fr\/#\/schema\/logo\/image\/"},"sameAs":["https:\/\/www.facebook.com\/people\/Loginfo24\/100057360583332\/","https:\/\/www.linkedin.com\/company\/lofinfo24\/"]}]}},"_links":{"self":[{"href":"https:\/\/loginfo24.com\/fr\/wp-json\/wp\/v2\/posts\/51567","targetHints":{"allow":["GET"]}}],"collection":[{"href":"https:\/\/loginfo24.com\/fr\/wp-json\/wp\/v2\/posts"}],"about":[{"href":"https:\/\/loginfo24.com\/fr\/wp-json\/wp\/v2\/types\/post"}],"replies":[{"embeddable":true,"href":"https:\/\/loginfo24.com\/fr\/wp-json\/wp\/v2\/comments?post=51567"}],"version-history":[{"count":0,"href":"https:\/\/loginfo24.com\/fr\/wp-json\/wp\/v2\/posts\/51567\/revisions"}],"wp:attachment":[{"href":"https:\/\/loginfo24.com\/fr\/wp-json\/wp\/v2\/media?parent=51567"}],"wp:term":[{"taxonomy":"category","embeddable":true,"href":"https:\/\/loginfo24.com\/fr\/wp-json\/wp\/v2\/categories?post=51567"},{"taxonomy":"post_tag","embeddable":true,"href":"https:\/\/loginfo24.com\/fr\/wp-json\/wp\/v2\/tags?post=51567"}],"curies":[{"name":"wp","href":"https:\/\/api.w.org\/{rel}","templated":true}]}}