{"id":51331,"date":"2021-08-18T19:42:23","date_gmt":"2021-08-18T17:42:23","guid":{"rendered":"https:\/\/blog.brand-architecture.at\/2021\/08\/18\/dr-trefzger-et-bicil-en-tant-que-conferenciers-principaux-lors-du-supply-chain-innovation-day\/"},"modified":"2021-08-18T19:42:23","modified_gmt":"2021-08-18T17:42:23","slug":"dr-trefzger-et-bicil-en-tant-que-conferenciers-principaux-lors-du-supply-chain-innovation-day","status":"publish","type":"post","link":"https:\/\/loginfo24.com\/fr\/2021\/08\/18\/dr-trefzger-et-bicil-en-tant-que-conferenciers-principaux-lors-du-supply-chain-innovation-day\/","title":{"rendered":"Dr. Trefzger et Bicil en tant que conf\u00e9renciers principaux lors du Supply Chain Innovation Day"},"content":{"rendered":"<p>L&rsquo;Institut de gestion de la cha\u00eene d&rsquo;approvisionnement de l&rsquo;Universit\u00e9 de Saint-Gall (ISCM-HSG) organise cette ann\u00e9e le 28 septembre 2021 au W\u00fcrth Haus Rorschach le Supply Chain Innovation Day 2021 (SCID). Cet \u00e9v\u00e9nement phare d&rsquo;une journ\u00e9e est devenu au fil des ans un \u00e9l\u00e9ment incontournable du calendrier de la communaut\u00e9 logistique et de la cha\u00eene d&rsquo;approvisionnement et peut enfin, apr\u00e8s deux reports dus \u00e0 la Corona, se d\u00e9rouler \u00e0 nouveau physiquement.<\/p>\n<p>(Saint-Gall\/Rorschach) L&rsquo;ISCM-HSG est depuis de nombreuses ann\u00e9es un garant d&rsquo;un \u00e9change unique avec des experts de haut niveau issus de l&rsquo;industrie, de la recherche et de la pratique, avec des repr\u00e9sentants d&rsquo;entreprises renomm\u00e9es ainsi qu&rsquo;avec des start-ups innovantes du domaine de la gestion de la cha\u00eene d&rsquo;approvisionnement.<\/p>\n<p>Cette ann\u00e9e, le SCID se d\u00e9roule sous le th\u00e8me : \u00ab Gestion de la cha\u00eene d&rsquo;approvisionnement en temps de crise \u2013 R\u00e9duction des co\u00fbts et augmentation de l&rsquo;efficacit\u00e9 gr\u00e2ce aux innovations de la cha\u00eene d&rsquo;approvisionnement \u00bb et s&rsquo;adresse particuli\u00e8rement aux dirigeants, d\u00e9cideurs, int\u00e9ress\u00e9s et start-ups de la communaut\u00e9 logistique et de la cha\u00eene d&rsquo;approvisionnement.<\/p>\n<p>En tant qu&rsquo;un des premiers formats sur le march\u00e9, le SCID mise \u00e0 nouveau enti\u00e8rement sur un \u00e9v\u00e9nement physique. Bien entendu, un concept d&rsquo;hygi\u00e8ne complet est pr\u00e9vu sur place, conforme aux r\u00e9glementations en vigueur au moment de l&rsquo;\u00e9v\u00e9nement. Les espaces g\u00e9n\u00e9reux de ce lieu d&rsquo;\u00e9v\u00e9nement exclusif offrent aux participants \u00e0 la fois : suffisamment d&rsquo;espace d&rsquo;un c\u00f4t\u00e9, associ\u00e9 \u00e0 des \u00e9changes interactifs et personnels de l&rsquo;autre.<\/p>\n<h5><strong>Les points forts sont la disruption, l&rsquo;augmentation de l&rsquo;efficacit\u00e9 et la r\u00e9silience<\/strong><\/h5>\n<p>Le programme est encadr\u00e9 par deux conf\u00e9renciers principaux de renom. Cette ann\u00e9e, nous avons pu accueillir Dr. Detlef Trefzger, PDG de K\u00fchne + Nagel International, ainsi que Hakan Bicil, PDG d&rsquo;Imperial Logistics International, en tant qu&rsquo;intervenants pour l&rsquo;\u00e9v\u00e9nement.<\/p>\n<p>Les points th\u00e9matiques du SCID sont les trois sessions suivantes :<\/p>\n<ul>\n<li>Plus de stabilit\u00e9 dans la cha\u00eene d&rsquo;approvisionnement \u2013 Gestion de la disruption ou redesign ?<\/li>\n<li>Nouveaux services num\u00e9riques \u2013 Augmentation de l&rsquo;efficacit\u00e9 ou g\u00e9n\u00e9ration de valeur ajout\u00e9e ?<\/li>\n<li>R\u00e9silience \u2013 Une nouvelle dimension de performance pour les cha\u00eenes d&rsquo;approvisionnement ?<\/li>\n<\/ul>\n<p>Des experts s\u00e9lectionn\u00e9s auront la possibilit\u00e9 de partager leurs exp\u00e9riences et leur expertise sur sc\u00e8ne lors de sessions d&rsquo;une heure, avant que la discussion ne soit \u00e9largie de mani\u00e8re interactive au public professionnel par nos mod\u00e9rateurs exp\u00e9riment\u00e9s. Car les participants sont au c\u0153ur du SCID.<\/p>\n<p>Avec des formats de pause g\u00e9n\u00e9reux, nous veillons \u00e0 ce que le bien-\u00eatre et une possibilit\u00e9 de d\u00e9tente pour les \u00e9changes soient parfaitement assur\u00e9s : gr\u00e2ce \u00e0 notre concept de changement int\u00e9gr\u00e9 dans les pauses, vous aurez l&rsquo;occasion de prendre contact directement avec les experts et dirigeants des sponsors et start-ups participants \u00e0 de nombreux stands d&rsquo;entreprises et d&rsquo;\u00e9largir votre r\u00e9seau.<\/p>\n<h5><strong>Les start-ups jouent un r\u00f4le particulier<\/strong><\/h5>\n<p>Les start-ups, embl\u00e8mes des entreprises innovantes, occupent un r\u00f4le tout \u00e0 fait particulier lors de l&rsquo;\u00e9v\u00e9nement. Au-del\u00e0 des stands d&rsquo;entreprises mentionn\u00e9s, les jeunes entreprises participantes pr\u00e9sentent leurs mod\u00e8les commerciaux innovants lors d&rsquo;une session centrale devant l&rsquo;ensemble de l&rsquo;\u00e9v\u00e9nement. Les repr\u00e9sentants des grandes entreprises ont \u00e9galement la possibilit\u00e9 de r\u00e9server facilement des \u00ab speed-dates \u00bb individuelles avec les start-ups via un outil en ligne. Ces speed-dates dynamiques se d\u00e9roulent parall\u00e8lement au programme du SCID aux stands d&rsquo;exposition des start-ups.<\/p>\n<p>Nous sommes heureux de vous pr\u00e9senter, comme autre point fort de notre \u00e9v\u00e9nement, lors des deux sessions \u00ab Arena des solutions \u2013 Laur\u00e9ats en gestion de la cha\u00eene d&rsquo;approvisionnement \u00bb avec le groupe BMW et la logistique du groupe Volkswagen, les laur\u00e9ats actuels du VDA Logistics Award 2021 ainsi qu&rsquo;avec la coop\u00e9rative Migros de l&rsquo;Est de la Suisse et la soci\u00e9t\u00e9 Sch\u00f6ni Transport AG, les deux laur\u00e9ats actuels de l&rsquo;Eco Performance Award 2020. Attendez-vous \u00e0 des concepts et des mises en \u0153uvre hautement innovants et durables des entreprises prim\u00e9es.<\/p>\n<h5><strong>\u00c9v\u00e9nement du soir : Management Board Summit<\/strong><\/h5>\n<p>Apr\u00e8s la conclusion du programme, l&rsquo;\u00e9v\u00e9nement se poursuit avec la soir\u00e9e, le Management Board Summit, la partie conviviale de l&rsquo;\u00e9v\u00e9nement. Avec un buffet barbecue exclusif et des boissons de votre choix, vous serez d&rsquo;abord accueillis par un d\u00eener-discussion stimulant avec les MotionMiners de Dortmund (Allemagne). La start-up a fait preuve d&rsquo;une cr\u00e9ativit\u00e9 unique avec l&rsquo;extension innovante de son mod\u00e8le commercial en des temps particuli\u00e8rement difficiles pour les tr\u00e8s petites entreprises pendant la crise Corona. Apr\u00e8s un bref discours de bienvenue de l&rsquo;association de soutien de l&rsquo;ISCM-HSG, le reste de la soir\u00e9e vous appartient. Continuez \u00e0 \u00e9changer de mani\u00e8re anim\u00e9e et profitez de l&rsquo;atmosph\u00e8re d\u00e9tendue au bord du magnifique lac de Constance. L&rsquo;\u00e9v\u00e9nement se termine \u00e0 22 heures et se d\u00e9roulera \u00e0 nouveau le 27 septembre 2022 au m\u00eame endroit.<\/p>\n<p>Le SCID repr\u00e9sente depuis des ann\u00e9es une atmosph\u00e8re d\u00e9contract\u00e9e et familiale. Les v\u00eatements d&rsquo;affaires peuvent donc rester \u00e0 la maison. Le code vestimentaire est d\u00e9contract\u00e9 \/ sportif.<\/p>\n<h3><a href=\"https:\/\/iscm.unisg.ch\/de\/weiterbildung-und-events\/supply-chain-innovation-day\" target=\"_blank\" rel=\"noopener noreferrer\"><strong>Plus d&rsquo;informations et inscription en ligne \u00e0 l&rsquo;\u00e9v\u00e9nement<\/strong><\/a><\/h3>\n","protected":false},"excerpt":{"rendered":"<p>L&rsquo;Institut de gestion de la cha\u00eene d&rsquo;approvisionnement de l&rsquo;Universit\u00e9 de Saint-Gall (ISCM-HSG) organise cette ann\u00e9e le 28 septembre 2021 au W\u00fcrth Haus Rorschach le Supply Chain<span class=\"excerpt-hellip\"> [\u2026]<\/span><\/p>\n","protected":false},"author":0,"featured_media":0,"comment_status":"open","ping_status":"open","sticky":false,"template":"","format":"standard","meta":{"_acf_changed":false,"footnotes":""},"categories":[1665,1557,1561],"tags":[],"class_list":["post-51331","post","type-post","status-publish","format-standard","hentry","category-categories","category-forwarding-logistics","category-regions"],"acf":[],"yoast_head":"<!-- This site is optimized with the Yoast SEO plugin v27.3 - https:\/\/yoast.com\/product\/yoast-seo-wordpress\/ -->\n<title>Dr. Trefzger et Bicil en tant que conf\u00e9renciers principaux lors du Supply Chain Innovation Day - Loginfo24.<\/title>\n<meta name=\"robots\" content=\"index, follow, max-snippet:-1, max-image-preview:large, max-video-preview:-1\" \/>\n<link rel=\"canonical\" href=\"https:\/\/loginfo24.com\/fr\/2021\/08\/18\/dr-trefzger-et-bicil-en-tant-que-conferenciers-principaux-lors-du-supply-chain-innovation-day\/\" \/>\n<meta property=\"og:locale\" content=\"fr_FR\" \/>\n<meta property=\"og:type\" content=\"article\" \/>\n<meta property=\"og:title\" content=\"Dr. Trefzger et Bicil en tant que conf\u00e9renciers principaux lors du Supply Chain Innovation Day - Loginfo24.\" \/>\n<meta property=\"og:description\" content=\"L&rsquo;Institut de gestion de la cha\u00eene d&rsquo;approvisionnement de l&rsquo;Universit\u00e9 de Saint-Gall (ISCM-HSG) organise cette ann\u00e9e le 28 septembre 2021 au W\u00fcrth Haus Rorschach le Supply Chain [\u2026]\" \/>\n<meta property=\"og:url\" content=\"https:\/\/loginfo24.com\/fr\/2021\/08\/18\/dr-trefzger-et-bicil-en-tant-que-conferenciers-principaux-lors-du-supply-chain-innovation-day\/\" \/>\n<meta property=\"og:site_name\" content=\"Loginfo24\" \/>\n<meta property=\"article:publisher\" content=\"https:\/\/www.facebook.com\/people\/Loginfo24\/100057360583332\/\" \/>\n<meta property=\"article:published_time\" content=\"2021-08-18T17:42:23+00:00\" \/>\n<meta name=\"twitter:card\" content=\"summary_large_image\" \/>\n<meta name=\"twitter:label1\" content=\"Dur\u00e9e de lecture estim\u00e9e\" \/>\n\t<meta name=\"twitter:data1\" content=\"4 minutes\" \/>\n<script type=\"application\/ld+json\" class=\"yoast-schema-graph\">{\"@context\":\"https:\\\/\\\/schema.org\",\"@graph\":[{\"@type\":\"Article\",\"@id\":\"https:\\\/\\\/loginfo24.com\\\/fr\\\/2021\\\/08\\\/18\\\/dr-trefzger-et-bicil-en-tant-que-conferenciers-principaux-lors-du-supply-chain-innovation-day\\\/#article\",\"isPartOf\":{\"@id\":\"https:\\\/\\\/loginfo24.com\\\/fr\\\/2021\\\/08\\\/18\\\/dr-trefzger-et-bicil-en-tant-que-conferenciers-principaux-lors-du-supply-chain-innovation-day\\\/\"},\"author\":{\"name\":\"\",\"@id\":\"\"},\"headline\":\"Dr. Trefzger et Bicil en tant que conf\u00e9renciers principaux lors du Supply Chain Innovation Day\",\"datePublished\":\"2021-08-18T17:42:23+00:00\",\"mainEntityOfPage\":{\"@id\":\"https:\\\/\\\/loginfo24.com\\\/fr\\\/2021\\\/08\\\/18\\\/dr-trefzger-et-bicil-en-tant-que-conferenciers-principaux-lors-du-supply-chain-innovation-day\\\/\"},\"wordCount\":933,\"commentCount\":0,\"publisher\":{\"@id\":\"https:\\\/\\\/loginfo24.com\\\/fr\\\/#organization\"},\"articleSection\":[\"Categories\",\"Forwarding &amp; Logistics\",\"Regions\"],\"inLanguage\":\"fr-FR\",\"potentialAction\":[{\"@type\":\"CommentAction\",\"name\":\"Comment\",\"target\":[\"https:\\\/\\\/loginfo24.com\\\/fr\\\/2021\\\/08\\\/18\\\/dr-trefzger-et-bicil-en-tant-que-conferenciers-principaux-lors-du-supply-chain-innovation-day\\\/#respond\"]}]},{\"@type\":\"WebPage\",\"@id\":\"https:\\\/\\\/loginfo24.com\\\/fr\\\/2021\\\/08\\\/18\\\/dr-trefzger-et-bicil-en-tant-que-conferenciers-principaux-lors-du-supply-chain-innovation-day\\\/\",\"url\":\"https:\\\/\\\/loginfo24.com\\\/fr\\\/2021\\\/08\\\/18\\\/dr-trefzger-et-bicil-en-tant-que-conferenciers-principaux-lors-du-supply-chain-innovation-day\\\/\",\"name\":\"Dr. Trefzger et Bicil en tant que conf\u00e9renciers principaux lors du Supply Chain Innovation Day - Loginfo24.\",\"isPartOf\":{\"@id\":\"https:\\\/\\\/loginfo24.com\\\/fr\\\/#website\"},\"datePublished\":\"2021-08-18T17:42:23+00:00\",\"breadcrumb\":{\"@id\":\"https:\\\/\\\/loginfo24.com\\\/fr\\\/2021\\\/08\\\/18\\\/dr-trefzger-et-bicil-en-tant-que-conferenciers-principaux-lors-du-supply-chain-innovation-day\\\/#breadcrumb\"},\"inLanguage\":\"fr-FR\",\"potentialAction\":[{\"@type\":\"ReadAction\",\"target\":[\"https:\\\/\\\/loginfo24.com\\\/fr\\\/2021\\\/08\\\/18\\\/dr-trefzger-et-bicil-en-tant-que-conferenciers-principaux-lors-du-supply-chain-innovation-day\\\/\"]}]},{\"@type\":\"BreadcrumbList\",\"@id\":\"https:\\\/\\\/loginfo24.com\\\/fr\\\/2021\\\/08\\\/18\\\/dr-trefzger-et-bicil-en-tant-que-conferenciers-principaux-lors-du-supply-chain-innovation-day\\\/#breadcrumb\",\"itemListElement\":[{\"@type\":\"ListItem\",\"position\":1,\"name\":\"Startseite\",\"item\":\"https:\\\/\\\/loginfo24.com\\\/fr\\\/\"},{\"@type\":\"ListItem\",\"position\":2,\"name\":\"Dr. Trefzger et Bicil en tant que conf\u00e9renciers principaux lors du Supply Chain Innovation Day\"}]},{\"@type\":\"WebSite\",\"@id\":\"https:\\\/\\\/loginfo24.com\\\/fr\\\/#website\",\"url\":\"https:\\\/\\\/loginfo24.com\\\/fr\\\/\",\"name\":\"Loginfo24\",\"description\":\"Loginfo24 est la plateforme d\u00e9di\u00e9e \u00e0 la logistique et aux cha\u00eenes d&#039;approvisionnement qui fournit des informations 24 heures sur 24.\",\"publisher\":{\"@id\":\"https:\\\/\\\/loginfo24.com\\\/fr\\\/#organization\"},\"potentialAction\":[{\"@type\":\"SearchAction\",\"target\":{\"@type\":\"EntryPoint\",\"urlTemplate\":\"https:\\\/\\\/loginfo24.com\\\/fr\\\/?s={search_term_string}\"},\"query-input\":{\"@type\":\"PropertyValueSpecification\",\"valueRequired\":true,\"valueName\":\"search_term_string\"}}],\"inLanguage\":\"fr-FR\"},{\"@type\":\"Organization\",\"@id\":\"https:\\\/\\\/loginfo24.com\\\/fr\\\/#organization\",\"name\":\"Groupe Logismedia AG\",\"url\":\"https:\\\/\\\/loginfo24.com\\\/fr\\\/\",\"logo\":{\"@type\":\"ImageObject\",\"inLanguage\":\"fr-FR\",\"@id\":\"https:\\\/\\\/loginfo24.com\\\/fr\\\/#\\\/schema\\\/logo\\\/image\\\/\",\"url\":\"https:\\\/\\\/loginfo24.com\\\/wp-content\\\/uploads\\\/sites\\\/7\\\/2026\\\/01\\\/Logo_LogInfo24.png\",\"contentUrl\":\"https:\\\/\\\/loginfo24.com\\\/wp-content\\\/uploads\\\/sites\\\/7\\\/2026\\\/01\\\/Logo_LogInfo24.png\",\"width\":938,\"height\":351,\"caption\":\"Groupe Logismedia AG\"},\"image\":{\"@id\":\"https:\\\/\\\/loginfo24.com\\\/fr\\\/#\\\/schema\\\/logo\\\/image\\\/\"},\"sameAs\":[\"https:\\\/\\\/www.facebook.com\\\/people\\\/Loginfo24\\\/100057360583332\\\/\",\"https:\\\/\\\/www.linkedin.com\\\/company\\\/lofinfo24\\\/\"]}]}<\/script>\n<!-- \/ Yoast SEO plugin. -->","yoast_head_json":{"title":"Dr. Trefzger et Bicil en tant que conf\u00e9renciers principaux lors du Supply Chain Innovation Day - Loginfo24.","robots":{"index":"index","follow":"follow","max-snippet":"max-snippet:-1","max-image-preview":"max-image-preview:large","max-video-preview":"max-video-preview:-1"},"canonical":"https:\/\/loginfo24.com\/fr\/2021\/08\/18\/dr-trefzger-et-bicil-en-tant-que-conferenciers-principaux-lors-du-supply-chain-innovation-day\/","og_locale":"fr_FR","og_type":"article","og_title":"Dr. Trefzger et Bicil en tant que conf\u00e9renciers principaux lors du Supply Chain Innovation Day - Loginfo24.","og_description":"L&rsquo;Institut de gestion de la cha\u00eene d&rsquo;approvisionnement de l&rsquo;Universit\u00e9 de Saint-Gall (ISCM-HSG) organise cette ann\u00e9e le 28 septembre 2021 au W\u00fcrth Haus Rorschach le Supply Chain [\u2026]","og_url":"https:\/\/loginfo24.com\/fr\/2021\/08\/18\/dr-trefzger-et-bicil-en-tant-que-conferenciers-principaux-lors-du-supply-chain-innovation-day\/","og_site_name":"Loginfo24","article_publisher":"https:\/\/www.facebook.com\/people\/Loginfo24\/100057360583332\/","article_published_time":"2021-08-18T17:42:23+00:00","twitter_card":"summary_large_image","twitter_misc":{"Dur\u00e9e de lecture estim\u00e9e":"4 minutes"},"schema":{"@context":"https:\/\/schema.org","@graph":[{"@type":"Article","@id":"https:\/\/loginfo24.com\/fr\/2021\/08\/18\/dr-trefzger-et-bicil-en-tant-que-conferenciers-principaux-lors-du-supply-chain-innovation-day\/#article","isPartOf":{"@id":"https:\/\/loginfo24.com\/fr\/2021\/08\/18\/dr-trefzger-et-bicil-en-tant-que-conferenciers-principaux-lors-du-supply-chain-innovation-day\/"},"author":{"name":"","@id":""},"headline":"Dr. Trefzger et Bicil en tant que conf\u00e9renciers principaux lors du Supply Chain Innovation Day","datePublished":"2021-08-18T17:42:23+00:00","mainEntityOfPage":{"@id":"https:\/\/loginfo24.com\/fr\/2021\/08\/18\/dr-trefzger-et-bicil-en-tant-que-conferenciers-principaux-lors-du-supply-chain-innovation-day\/"},"wordCount":933,"commentCount":0,"publisher":{"@id":"https:\/\/loginfo24.com\/fr\/#organization"},"articleSection":["Categories","Forwarding &amp; Logistics","Regions"],"inLanguage":"fr-FR","potentialAction":[{"@type":"CommentAction","name":"Comment","target":["https:\/\/loginfo24.com\/fr\/2021\/08\/18\/dr-trefzger-et-bicil-en-tant-que-conferenciers-principaux-lors-du-supply-chain-innovation-day\/#respond"]}]},{"@type":"WebPage","@id":"https:\/\/loginfo24.com\/fr\/2021\/08\/18\/dr-trefzger-et-bicil-en-tant-que-conferenciers-principaux-lors-du-supply-chain-innovation-day\/","url":"https:\/\/loginfo24.com\/fr\/2021\/08\/18\/dr-trefzger-et-bicil-en-tant-que-conferenciers-principaux-lors-du-supply-chain-innovation-day\/","name":"Dr. Trefzger et Bicil en tant que conf\u00e9renciers principaux lors du Supply Chain Innovation Day - Loginfo24.","isPartOf":{"@id":"https:\/\/loginfo24.com\/fr\/#website"},"datePublished":"2021-08-18T17:42:23+00:00","breadcrumb":{"@id":"https:\/\/loginfo24.com\/fr\/2021\/08\/18\/dr-trefzger-et-bicil-en-tant-que-conferenciers-principaux-lors-du-supply-chain-innovation-day\/#breadcrumb"},"inLanguage":"fr-FR","potentialAction":[{"@type":"ReadAction","target":["https:\/\/loginfo24.com\/fr\/2021\/08\/18\/dr-trefzger-et-bicil-en-tant-que-conferenciers-principaux-lors-du-supply-chain-innovation-day\/"]}]},{"@type":"BreadcrumbList","@id":"https:\/\/loginfo24.com\/fr\/2021\/08\/18\/dr-trefzger-et-bicil-en-tant-que-conferenciers-principaux-lors-du-supply-chain-innovation-day\/#breadcrumb","itemListElement":[{"@type":"ListItem","position":1,"name":"Startseite","item":"https:\/\/loginfo24.com\/fr\/"},{"@type":"ListItem","position":2,"name":"Dr. Trefzger et Bicil en tant que conf\u00e9renciers principaux lors du Supply Chain Innovation Day"}]},{"@type":"WebSite","@id":"https:\/\/loginfo24.com\/fr\/#website","url":"https:\/\/loginfo24.com\/fr\/","name":"Loginfo24","description":"Loginfo24 est la plateforme d\u00e9di\u00e9e \u00e0 la logistique et aux cha\u00eenes d&#039;approvisionnement qui fournit des informations 24 heures sur 24.","publisher":{"@id":"https:\/\/loginfo24.com\/fr\/#organization"},"potentialAction":[{"@type":"SearchAction","target":{"@type":"EntryPoint","urlTemplate":"https:\/\/loginfo24.com\/fr\/?s={search_term_string}"},"query-input":{"@type":"PropertyValueSpecification","valueRequired":true,"valueName":"search_term_string"}}],"inLanguage":"fr-FR"},{"@type":"Organization","@id":"https:\/\/loginfo24.com\/fr\/#organization","name":"Groupe Logismedia AG","url":"https:\/\/loginfo24.com\/fr\/","logo":{"@type":"ImageObject","inLanguage":"fr-FR","@id":"https:\/\/loginfo24.com\/fr\/#\/schema\/logo\/image\/","url":"https:\/\/loginfo24.com\/wp-content\/uploads\/sites\/7\/2026\/01\/Logo_LogInfo24.png","contentUrl":"https:\/\/loginfo24.com\/wp-content\/uploads\/sites\/7\/2026\/01\/Logo_LogInfo24.png","width":938,"height":351,"caption":"Groupe Logismedia AG"},"image":{"@id":"https:\/\/loginfo24.com\/fr\/#\/schema\/logo\/image\/"},"sameAs":["https:\/\/www.facebook.com\/people\/Loginfo24\/100057360583332\/","https:\/\/www.linkedin.com\/company\/lofinfo24\/"]}]}},"_links":{"self":[{"href":"https:\/\/loginfo24.com\/fr\/wp-json\/wp\/v2\/posts\/51331","targetHints":{"allow":["GET"]}}],"collection":[{"href":"https:\/\/loginfo24.com\/fr\/wp-json\/wp\/v2\/posts"}],"about":[{"href":"https:\/\/loginfo24.com\/fr\/wp-json\/wp\/v2\/types\/post"}],"replies":[{"embeddable":true,"href":"https:\/\/loginfo24.com\/fr\/wp-json\/wp\/v2\/comments?post=51331"}],"version-history":[{"count":0,"href":"https:\/\/loginfo24.com\/fr\/wp-json\/wp\/v2\/posts\/51331\/revisions"}],"wp:attachment":[{"href":"https:\/\/loginfo24.com\/fr\/wp-json\/wp\/v2\/media?parent=51331"}],"wp:term":[{"taxonomy":"category","embeddable":true,"href":"https:\/\/loginfo24.com\/fr\/wp-json\/wp\/v2\/categories?post=51331"},{"taxonomy":"post_tag","embeddable":true,"href":"https:\/\/loginfo24.com\/fr\/wp-json\/wp\/v2\/tags?post=51331"}],"curies":[{"name":"wp","href":"https:\/\/api.w.org\/{rel}","templated":true}]}}