{"id":51325,"date":"2021-08-18T15:01:12","date_gmt":"2021-08-18T13:01:12","guid":{"rendered":"https:\/\/blog.brand-architecture.at\/2021\/08\/18\/dhl-freight-pose-la-premiere-pierre-pour-un-nouveau-centre-de-fret-a-erlensee\/"},"modified":"2021-08-18T15:01:12","modified_gmt":"2021-08-18T13:01:12","slug":"dhl-freight-pose-la-premiere-pierre-pour-un-nouveau-centre-de-fret-a-erlensee","status":"publish","type":"post","link":"https:\/\/loginfo24.com\/fr\/2021\/08\/18\/dhl-freight-pose-la-premiere-pierre-pour-un-nouveau-centre-de-fret-a-erlensee\/","title":{"rendered":"DHL Freight pose la premi\u00e8re pierre pour un nouveau centre de fret \u00e0 Erlensee"},"content":{"rendered":"<p>DHL Freight pr\u00e9voit un centre de fret moderne sur l&rsquo;ancien site de l&rsquo;a\u00e9roport dans le parc d&rsquo;activit\u00e9s Fliegerhorst pr\u00e8s d&rsquo;Erlensee. La premi\u00e8re pierre a \u00e9t\u00e9 pos\u00e9e et la nouvelle installation devrait \u00eatre mise en service \u00e0 la mi-2022. Le nouveau b\u00e2timent vise \u00e0 accro\u00eetre l&rsquo;efficacit\u00e9 et la qualit\u00e9 du r\u00e9seau europ\u00e9en de DHL Freight. La tour class\u00e9e monument historique de l&rsquo;ancien a\u00e9roport Fliegerhorst fait partie du concept.<\/p>\n<p>(Bonn\/Erlensee) DHL Freight, l&rsquo;un des principaux fournisseurs de transports routiers en Europe, pr\u00e9voit une nouvelle installation de transbordement dans la r\u00e9gion de Francfort-sur-le-Main, afin d&rsquo;am\u00e9liorer encore l&rsquo;efficacit\u00e9 et la qualit\u00e9 du service dans son r\u00e9seau europ\u00e9en. Le centre de fret moderne sera construit sur l&rsquo;ancien site de l&rsquo;a\u00e9roport dans le parc d&rsquo;activit\u00e9s Fliegerhorst pr\u00e8s d&rsquo;Erlensee. Le concept comprend trois b\u00e2timents : un terminal de crossdock, un entrep\u00f4t pour produits chimiques sp\u00e9ciaux et mati\u00e8res premi\u00e8res g\u00e9n\u00e9rales, ainsi que des bureaux, qui seront en grande partie situ\u00e9s dans la tour class\u00e9e monument historique soigneusement r\u00e9nov\u00e9e. Le projet de construction d&rsquo;environ 82 840 m\u00b2 sera r\u00e9alis\u00e9 selon les normes de construction et environnementales les plus modernes, conform\u00e9ment \u00e0 la feuille de route de durabilit\u00e9 du groupe Deutsche Post DHL, qui pr\u00e9voit une construction durable pour les nouveaux b\u00e2timents.<\/p>\n<h5><strong>Des toits partiellement v\u00e9g\u00e9talis\u00e9s et partiellement \u00e9quip\u00e9s de panneaux photovolta\u00efques<\/strong><\/h5>\n<p>Les toits de l&rsquo;entrep\u00f4t ainsi que du b\u00e2timent de garde seront v\u00e9g\u00e9talis\u00e9s. De plus, la surface du toit du terminal de crossdock offre un potentiel pour l&rsquo;installation d&rsquo;une centrale photovolta\u00efque allant jusqu&rsquo;\u00e0 1 MWc (m\u00e9gawatt cr\u00eate). Le d\u00e9but officiel des travaux a \u00e9t\u00e9 accompagn\u00e9 par Thorsten Stolz, pr\u00e9sident du district de Main-Kinzig, Stefan Erb, maire d&rsquo;Erlensee, le ma\u00eetre d&rsquo;ouvrage Ferdinand F\u00e4th, directeur g\u00e9n\u00e9ral de F\u00e4th Immobilien, Dr. Thomas Vogel, PDG de DHL Freight DACH, G\u00f6tz Hanningsmann, responsable du site d&rsquo;Erlensee et manager de la zone centrale de DHL Freight, et Gero Schiffelmann, membre de la direction de DHL Freight Allemagne.<br \/><div id=\"attachment_13645\" style=\"width: 1034px\" class=\"wp-caption alignnone\"><img loading=\"lazy\" decoding=\"async\" aria-describedby=\"caption-attachment-13645\" class=\"wp-image-13645 size-large\" src=\"https:\/\/loginfo24.com\/wp-content\/uploads\/sites\/7\/2025\/12\/DHL_17.8.21_1.jpg\" alt=\"\" width=\"1024\" height=\"504\" \/><p id=\"caption-attachment-13645\" class=\"wp-caption-text\">(de g. \u00e0 dr.) Sylvia Braun (maire de Bruchk\u00f6bel), Stefan Erb (maire d&rsquo;Erlensee), Thorsten Stolz (pr\u00e9sident du district de Main-Kinzig), Ferdinand F\u00e4th (ma\u00eetre d&rsquo;ouvrage, F\u00e4th Immobilien), Dr. Thomas Vogel (PDG de DHL Freight DACH), G\u00f6tz Hanningsmann (responsable du site d&rsquo;Erlensee et manager de la zone centrale de DHL Freight) et Gero Schiffelmann (membre de la direction de DHL Freight Allemagne) (Photo : \u00a9 DHL)<\/p><\/div><\/p>\n<p>Le nouveau site \u00e0 Erlensee dans le district de Main-Kinzig, r\u00e9alis\u00e9 par F\u00e4th Immobilien, est id\u00e9alement situ\u00e9 aux n\u0153uds autoroutiers BAB 66 et 45, et il ne se trouve qu&rsquo;\u00e0 environ 25 km de Francfort-sur-le-Main. Environ 260 employ\u00e9s des succursales de DHL Freight Maintal et de DHL Freight Euronet d\u00e9m\u00e9nageront \u00e0 Erlensee, et le nombre d&#8217;employ\u00e9s devrait \u00e0 court et moyen terme atteindre environ 300. Cela permet \u00e0 DHL Freight d&rsquo;augmenter encore ses capacit\u00e9s dans son r\u00e9seau europ\u00e9en de fret et de r\u00e9pondre \u00e0 la demande extr\u00eamement \u00e9lev\u00e9e de solutions de transport dans le secteur du transport routier.<\/p>\n<h5><strong>La demande de services logistiques augmente<\/strong><\/h5>\n<p>\u00ab\u00a0La demande de transport routier et de services logistiques sur mesure augmente constamment. En tant qu&rsquo;expert logistique de premier plan, nous sommes souvent l&rsquo;un des premiers points de contact lorsque des solutions efficaces sont n\u00e9cessaires pour des d\u00e9fis complexes. Afin de continuer \u00e0 r\u00e9pondre aux exigences d&rsquo;excellence de nos clients \u00e0 l&rsquo;avenir, nous \u00e9largissons continuellement notre r\u00e9seau. Les capacit\u00e9s de l&rsquo;ancien site \u00e0 Maintal ne suffisent plus\u00a0\u00bb, d\u00e9clare Thomas Vogel, PDG de DHL Freight DACH. \u00ab\u00a0Nous sommes donc d&rsquo;autant plus heureux de pouvoir non seulement agrandir les surfaces de stockage et de transbordement avec le nouveau b\u00e2timent, mais aussi d&rsquo;exploiter un centre logistique moderne et durable.\u00a0\u00bb<\/p>\n<h5><strong>Un entrep\u00f4t pour produits chimiques sp\u00e9ciaux<\/strong><\/h5>\n<p>En plus d&rsquo;un terminal de crossdock de 12 000 m\u00b2, le terrain comprendra \u00e9galement 3 800 m\u00b2 de bureaux ainsi qu&rsquo;un entrep\u00f4t de 10 500 m\u00b2 pour des produits chimiques sp\u00e9ciaux et des mati\u00e8res premi\u00e8res g\u00e9n\u00e9rales. Pour les bureaux, la tour class\u00e9e monument historique de l&rsquo;a\u00e9roport dans le parc d&rsquo;activit\u00e9s Fliegerhorst II sera soigneusement modernis\u00e9e et int\u00e9gr\u00e9e au centre de fret. L&rsquo;entrep\u00f4t pour produits chimiques sp\u00e9ciaux respectera les r\u00e9glementations existantes de la loi f\u00e9d\u00e9rale sur la protection de l&rsquo;environnement (BImSchG) et de l&rsquo;ordonnance sur les installations soumises \u00e0 autorisation (4. BImSchV) et r\u00e9pondra aux normes de s\u00e9curit\u00e9 les plus \u00e9lev\u00e9es.<\/p>\n<p>La premi\u00e8re pierre du projet a \u00e9t\u00e9 pos\u00e9e \u00e0 la mi-ao\u00fbt 2021, et l&rsquo;ach\u00e8vement du centre logistique est pr\u00e9vu pour la mi-2022. Le projet est r\u00e9alis\u00e9 par F\u00e4th Immobilien, la direction du projet \u00e9tant assur\u00e9e par Bockermann Fritze plan4building GmbH.<br \/>Photo : \u00a9 DHL<\/p>\n","protected":false},"excerpt":{"rendered":"<p>DHL Freight pr\u00e9voit un centre de fret moderne sur l&rsquo;ancien site de l&rsquo;a\u00e9roport dans le parc d&rsquo;activit\u00e9s Fliegerhorst pr\u00e8s d&rsquo;Erlensee. La premi\u00e8re pierre a \u00e9t\u00e9 pos\u00e9e<span class=\"excerpt-hellip\"> [\u2026]<\/span><\/p>\n","protected":false},"author":0,"featured_media":0,"comment_status":"open","ping_status":"open","sticky":false,"template":"","format":"standard","meta":{"_acf_changed":false,"footnotes":""},"categories":[1557,1560,1561],"tags":[],"class_list":["post-51325","post","type-post","status-publish","format-standard","hentry","category-forwarding-logistics","category-intralogistics","category-regions"],"acf":[],"yoast_head":"<!-- This site is optimized with the Yoast SEO plugin v27.3 - https:\/\/yoast.com\/product\/yoast-seo-wordpress\/ -->\n<title>DHL Freight pose la premi\u00e8re pierre pour un nouveau centre de fret \u00e0 Erlensee - Loginfo24.<\/title>\n<meta name=\"robots\" content=\"index, follow, max-snippet:-1, max-image-preview:large, max-video-preview:-1\" \/>\n<link rel=\"canonical\" href=\"https:\/\/loginfo24.com\/fr\/2021\/08\/18\/dhl-freight-pose-la-premiere-pierre-pour-un-nouveau-centre-de-fret-a-erlensee\/\" \/>\n<meta property=\"og:locale\" content=\"fr_FR\" \/>\n<meta property=\"og:type\" content=\"article\" \/>\n<meta property=\"og:title\" content=\"DHL Freight pose la premi\u00e8re pierre pour un nouveau centre de fret \u00e0 Erlensee - Loginfo24.\" \/>\n<meta property=\"og:description\" content=\"DHL Freight pr\u00e9voit un centre de fret moderne sur l&rsquo;ancien site de l&rsquo;a\u00e9roport dans le parc d&rsquo;activit\u00e9s Fliegerhorst pr\u00e8s d&rsquo;Erlensee. La premi\u00e8re pierre a \u00e9t\u00e9 pos\u00e9e [\u2026]\" \/>\n<meta property=\"og:url\" content=\"https:\/\/loginfo24.com\/fr\/2021\/08\/18\/dhl-freight-pose-la-premiere-pierre-pour-un-nouveau-centre-de-fret-a-erlensee\/\" \/>\n<meta property=\"og:site_name\" content=\"Loginfo24\" \/>\n<meta property=\"article:publisher\" content=\"https:\/\/www.facebook.com\/people\/Loginfo24\/100057360583332\/\" \/>\n<meta property=\"article:published_time\" content=\"2021-08-18T13:01:12+00:00\" \/>\n<meta property=\"og:image\" content=\"https:\/\/loginfo24.com\/wp-content\/uploads\/sites\/7\/2025\/12\/DHL_17.8.21_1.jpg\" \/>\n<meta name=\"twitter:card\" content=\"summary_large_image\" \/>\n<meta name=\"twitter:label1\" content=\"Dur\u00e9e de lecture estim\u00e9e\" \/>\n\t<meta name=\"twitter:data1\" content=\"4 minutes\" \/>\n<script type=\"application\/ld+json\" class=\"yoast-schema-graph\">{\"@context\":\"https:\\\/\\\/schema.org\",\"@graph\":[{\"@type\":\"Article\",\"@id\":\"https:\\\/\\\/loginfo24.com\\\/fr\\\/2021\\\/08\\\/18\\\/dhl-freight-pose-la-premiere-pierre-pour-un-nouveau-centre-de-fret-a-erlensee\\\/#article\",\"isPartOf\":{\"@id\":\"https:\\\/\\\/loginfo24.com\\\/fr\\\/2021\\\/08\\\/18\\\/dhl-freight-pose-la-premiere-pierre-pour-un-nouveau-centre-de-fret-a-erlensee\\\/\"},\"author\":{\"name\":\"\",\"@id\":\"\"},\"headline\":\"DHL Freight pose la premi\u00e8re pierre pour un nouveau centre de fret \u00e0 Erlensee\",\"datePublished\":\"2021-08-18T13:01:12+00:00\",\"mainEntityOfPage\":{\"@id\":\"https:\\\/\\\/loginfo24.com\\\/fr\\\/2021\\\/08\\\/18\\\/dhl-freight-pose-la-premiere-pierre-pour-un-nouveau-centre-de-fret-a-erlensee\\\/\"},\"wordCount\":877,\"commentCount\":0,\"publisher\":{\"@id\":\"https:\\\/\\\/loginfo24.com\\\/fr\\\/#organization\"},\"image\":{\"@id\":\"https:\\\/\\\/loginfo24.com\\\/fr\\\/2021\\\/08\\\/18\\\/dhl-freight-pose-la-premiere-pierre-pour-un-nouveau-centre-de-fret-a-erlensee\\\/#primaryimage\"},\"thumbnailUrl\":\"https:\\\/\\\/loginfo24.com\\\/wp-content\\\/uploads\\\/sites\\\/7\\\/2025\\\/12\\\/DHL_17.8.21_1.jpg\",\"articleSection\":[\"Forwarding &amp; Logistics\",\"Intralogistics\",\"Regions\"],\"inLanguage\":\"fr-FR\",\"potentialAction\":[{\"@type\":\"CommentAction\",\"name\":\"Comment\",\"target\":[\"https:\\\/\\\/loginfo24.com\\\/fr\\\/2021\\\/08\\\/18\\\/dhl-freight-pose-la-premiere-pierre-pour-un-nouveau-centre-de-fret-a-erlensee\\\/#respond\"]}]},{\"@type\":\"WebPage\",\"@id\":\"https:\\\/\\\/loginfo24.com\\\/fr\\\/2021\\\/08\\\/18\\\/dhl-freight-pose-la-premiere-pierre-pour-un-nouveau-centre-de-fret-a-erlensee\\\/\",\"url\":\"https:\\\/\\\/loginfo24.com\\\/fr\\\/2021\\\/08\\\/18\\\/dhl-freight-pose-la-premiere-pierre-pour-un-nouveau-centre-de-fret-a-erlensee\\\/\",\"name\":\"DHL Freight pose la premi\u00e8re pierre pour un nouveau centre de fret \u00e0 Erlensee - Loginfo24.\",\"isPartOf\":{\"@id\":\"https:\\\/\\\/loginfo24.com\\\/fr\\\/#website\"},\"primaryImageOfPage\":{\"@id\":\"https:\\\/\\\/loginfo24.com\\\/fr\\\/2021\\\/08\\\/18\\\/dhl-freight-pose-la-premiere-pierre-pour-un-nouveau-centre-de-fret-a-erlensee\\\/#primaryimage\"},\"image\":{\"@id\":\"https:\\\/\\\/loginfo24.com\\\/fr\\\/2021\\\/08\\\/18\\\/dhl-freight-pose-la-premiere-pierre-pour-un-nouveau-centre-de-fret-a-erlensee\\\/#primaryimage\"},\"thumbnailUrl\":\"https:\\\/\\\/loginfo24.com\\\/wp-content\\\/uploads\\\/sites\\\/7\\\/2025\\\/12\\\/DHL_17.8.21_1.jpg\",\"datePublished\":\"2021-08-18T13:01:12+00:00\",\"breadcrumb\":{\"@id\":\"https:\\\/\\\/loginfo24.com\\\/fr\\\/2021\\\/08\\\/18\\\/dhl-freight-pose-la-premiere-pierre-pour-un-nouveau-centre-de-fret-a-erlensee\\\/#breadcrumb\"},\"inLanguage\":\"fr-FR\",\"potentialAction\":[{\"@type\":\"ReadAction\",\"target\":[\"https:\\\/\\\/loginfo24.com\\\/fr\\\/2021\\\/08\\\/18\\\/dhl-freight-pose-la-premiere-pierre-pour-un-nouveau-centre-de-fret-a-erlensee\\\/\"]}]},{\"@type\":\"ImageObject\",\"inLanguage\":\"fr-FR\",\"@id\":\"https:\\\/\\\/loginfo24.com\\\/fr\\\/2021\\\/08\\\/18\\\/dhl-freight-pose-la-premiere-pierre-pour-un-nouveau-centre-de-fret-a-erlensee\\\/#primaryimage\",\"url\":\"https:\\\/\\\/loginfo24.com\\\/wp-content\\\/uploads\\\/sites\\\/7\\\/2025\\\/12\\\/DHL_17.8.21_1.jpg\",\"contentUrl\":\"https:\\\/\\\/loginfo24.com\\\/wp-content\\\/uploads\\\/sites\\\/7\\\/2025\\\/12\\\/DHL_17.8.21_1.jpg\"},{\"@type\":\"BreadcrumbList\",\"@id\":\"https:\\\/\\\/loginfo24.com\\\/fr\\\/2021\\\/08\\\/18\\\/dhl-freight-pose-la-premiere-pierre-pour-un-nouveau-centre-de-fret-a-erlensee\\\/#breadcrumb\",\"itemListElement\":[{\"@type\":\"ListItem\",\"position\":1,\"name\":\"Startseite\",\"item\":\"https:\\\/\\\/loginfo24.com\\\/fr\\\/\"},{\"@type\":\"ListItem\",\"position\":2,\"name\":\"DHL Freight pose la premi\u00e8re pierre pour un nouveau centre de fret \u00e0 Erlensee\"}]},{\"@type\":\"WebSite\",\"@id\":\"https:\\\/\\\/loginfo24.com\\\/fr\\\/#website\",\"url\":\"https:\\\/\\\/loginfo24.com\\\/fr\\\/\",\"name\":\"Loginfo24\",\"description\":\"Loginfo24 est la plateforme d\u00e9di\u00e9e \u00e0 la logistique et aux cha\u00eenes d&#039;approvisionnement qui fournit des informations 24 heures sur 24.\",\"publisher\":{\"@id\":\"https:\\\/\\\/loginfo24.com\\\/fr\\\/#organization\"},\"potentialAction\":[{\"@type\":\"SearchAction\",\"target\":{\"@type\":\"EntryPoint\",\"urlTemplate\":\"https:\\\/\\\/loginfo24.com\\\/fr\\\/?s={search_term_string}\"},\"query-input\":{\"@type\":\"PropertyValueSpecification\",\"valueRequired\":true,\"valueName\":\"search_term_string\"}}],\"inLanguage\":\"fr-FR\"},{\"@type\":\"Organization\",\"@id\":\"https:\\\/\\\/loginfo24.com\\\/fr\\\/#organization\",\"name\":\"Groupe Logismedia AG\",\"url\":\"https:\\\/\\\/loginfo24.com\\\/fr\\\/\",\"logo\":{\"@type\":\"ImageObject\",\"inLanguage\":\"fr-FR\",\"@id\":\"https:\\\/\\\/loginfo24.com\\\/fr\\\/#\\\/schema\\\/logo\\\/image\\\/\",\"url\":\"https:\\\/\\\/loginfo24.com\\\/wp-content\\\/uploads\\\/sites\\\/7\\\/2026\\\/01\\\/Logo_LogInfo24.png\",\"contentUrl\":\"https:\\\/\\\/loginfo24.com\\\/wp-content\\\/uploads\\\/sites\\\/7\\\/2026\\\/01\\\/Logo_LogInfo24.png\",\"width\":938,\"height\":351,\"caption\":\"Groupe Logismedia AG\"},\"image\":{\"@id\":\"https:\\\/\\\/loginfo24.com\\\/fr\\\/#\\\/schema\\\/logo\\\/image\\\/\"},\"sameAs\":[\"https:\\\/\\\/www.facebook.com\\\/people\\\/Loginfo24\\\/100057360583332\\\/\",\"https:\\\/\\\/www.linkedin.com\\\/company\\\/lofinfo24\\\/\"]}]}<\/script>\n<!-- \/ Yoast SEO plugin. -->","yoast_head_json":{"title":"DHL Freight pose la premi\u00e8re pierre pour un nouveau centre de fret \u00e0 Erlensee - Loginfo24.","robots":{"index":"index","follow":"follow","max-snippet":"max-snippet:-1","max-image-preview":"max-image-preview:large","max-video-preview":"max-video-preview:-1"},"canonical":"https:\/\/loginfo24.com\/fr\/2021\/08\/18\/dhl-freight-pose-la-premiere-pierre-pour-un-nouveau-centre-de-fret-a-erlensee\/","og_locale":"fr_FR","og_type":"article","og_title":"DHL Freight pose la premi\u00e8re pierre pour un nouveau centre de fret \u00e0 Erlensee - Loginfo24.","og_description":"DHL Freight pr\u00e9voit un centre de fret moderne sur l&rsquo;ancien site de l&rsquo;a\u00e9roport dans le parc d&rsquo;activit\u00e9s Fliegerhorst pr\u00e8s d&rsquo;Erlensee. La premi\u00e8re pierre a \u00e9t\u00e9 pos\u00e9e [\u2026]","og_url":"https:\/\/loginfo24.com\/fr\/2021\/08\/18\/dhl-freight-pose-la-premiere-pierre-pour-un-nouveau-centre-de-fret-a-erlensee\/","og_site_name":"Loginfo24","article_publisher":"https:\/\/www.facebook.com\/people\/Loginfo24\/100057360583332\/","article_published_time":"2021-08-18T13:01:12+00:00","og_image":[{"url":"https:\/\/loginfo24.com\/wp-content\/uploads\/sites\/7\/2025\/12\/DHL_17.8.21_1.jpg","type":"","width":"","height":""}],"twitter_card":"summary_large_image","twitter_misc":{"Dur\u00e9e de lecture estim\u00e9e":"4 minutes"},"schema":{"@context":"https:\/\/schema.org","@graph":[{"@type":"Article","@id":"https:\/\/loginfo24.com\/fr\/2021\/08\/18\/dhl-freight-pose-la-premiere-pierre-pour-un-nouveau-centre-de-fret-a-erlensee\/#article","isPartOf":{"@id":"https:\/\/loginfo24.com\/fr\/2021\/08\/18\/dhl-freight-pose-la-premiere-pierre-pour-un-nouveau-centre-de-fret-a-erlensee\/"},"author":{"name":"","@id":""},"headline":"DHL Freight pose la premi\u00e8re pierre pour un nouveau centre de fret \u00e0 Erlensee","datePublished":"2021-08-18T13:01:12+00:00","mainEntityOfPage":{"@id":"https:\/\/loginfo24.com\/fr\/2021\/08\/18\/dhl-freight-pose-la-premiere-pierre-pour-un-nouveau-centre-de-fret-a-erlensee\/"},"wordCount":877,"commentCount":0,"publisher":{"@id":"https:\/\/loginfo24.com\/fr\/#organization"},"image":{"@id":"https:\/\/loginfo24.com\/fr\/2021\/08\/18\/dhl-freight-pose-la-premiere-pierre-pour-un-nouveau-centre-de-fret-a-erlensee\/#primaryimage"},"thumbnailUrl":"https:\/\/loginfo24.com\/wp-content\/uploads\/sites\/7\/2025\/12\/DHL_17.8.21_1.jpg","articleSection":["Forwarding &amp; Logistics","Intralogistics","Regions"],"inLanguage":"fr-FR","potentialAction":[{"@type":"CommentAction","name":"Comment","target":["https:\/\/loginfo24.com\/fr\/2021\/08\/18\/dhl-freight-pose-la-premiere-pierre-pour-un-nouveau-centre-de-fret-a-erlensee\/#respond"]}]},{"@type":"WebPage","@id":"https:\/\/loginfo24.com\/fr\/2021\/08\/18\/dhl-freight-pose-la-premiere-pierre-pour-un-nouveau-centre-de-fret-a-erlensee\/","url":"https:\/\/loginfo24.com\/fr\/2021\/08\/18\/dhl-freight-pose-la-premiere-pierre-pour-un-nouveau-centre-de-fret-a-erlensee\/","name":"DHL Freight pose la premi\u00e8re pierre pour un nouveau centre de fret \u00e0 Erlensee - Loginfo24.","isPartOf":{"@id":"https:\/\/loginfo24.com\/fr\/#website"},"primaryImageOfPage":{"@id":"https:\/\/loginfo24.com\/fr\/2021\/08\/18\/dhl-freight-pose-la-premiere-pierre-pour-un-nouveau-centre-de-fret-a-erlensee\/#primaryimage"},"image":{"@id":"https:\/\/loginfo24.com\/fr\/2021\/08\/18\/dhl-freight-pose-la-premiere-pierre-pour-un-nouveau-centre-de-fret-a-erlensee\/#primaryimage"},"thumbnailUrl":"https:\/\/loginfo24.com\/wp-content\/uploads\/sites\/7\/2025\/12\/DHL_17.8.21_1.jpg","datePublished":"2021-08-18T13:01:12+00:00","breadcrumb":{"@id":"https:\/\/loginfo24.com\/fr\/2021\/08\/18\/dhl-freight-pose-la-premiere-pierre-pour-un-nouveau-centre-de-fret-a-erlensee\/#breadcrumb"},"inLanguage":"fr-FR","potentialAction":[{"@type":"ReadAction","target":["https:\/\/loginfo24.com\/fr\/2021\/08\/18\/dhl-freight-pose-la-premiere-pierre-pour-un-nouveau-centre-de-fret-a-erlensee\/"]}]},{"@type":"ImageObject","inLanguage":"fr-FR","@id":"https:\/\/loginfo24.com\/fr\/2021\/08\/18\/dhl-freight-pose-la-premiere-pierre-pour-un-nouveau-centre-de-fret-a-erlensee\/#primaryimage","url":"https:\/\/loginfo24.com\/wp-content\/uploads\/sites\/7\/2025\/12\/DHL_17.8.21_1.jpg","contentUrl":"https:\/\/loginfo24.com\/wp-content\/uploads\/sites\/7\/2025\/12\/DHL_17.8.21_1.jpg"},{"@type":"BreadcrumbList","@id":"https:\/\/loginfo24.com\/fr\/2021\/08\/18\/dhl-freight-pose-la-premiere-pierre-pour-un-nouveau-centre-de-fret-a-erlensee\/#breadcrumb","itemListElement":[{"@type":"ListItem","position":1,"name":"Startseite","item":"https:\/\/loginfo24.com\/fr\/"},{"@type":"ListItem","position":2,"name":"DHL Freight pose la premi\u00e8re pierre pour un nouveau centre de fret \u00e0 Erlensee"}]},{"@type":"WebSite","@id":"https:\/\/loginfo24.com\/fr\/#website","url":"https:\/\/loginfo24.com\/fr\/","name":"Loginfo24","description":"Loginfo24 est la plateforme d\u00e9di\u00e9e \u00e0 la logistique et aux cha\u00eenes d&#039;approvisionnement qui fournit des informations 24 heures sur 24.","publisher":{"@id":"https:\/\/loginfo24.com\/fr\/#organization"},"potentialAction":[{"@type":"SearchAction","target":{"@type":"EntryPoint","urlTemplate":"https:\/\/loginfo24.com\/fr\/?s={search_term_string}"},"query-input":{"@type":"PropertyValueSpecification","valueRequired":true,"valueName":"search_term_string"}}],"inLanguage":"fr-FR"},{"@type":"Organization","@id":"https:\/\/loginfo24.com\/fr\/#organization","name":"Groupe Logismedia AG","url":"https:\/\/loginfo24.com\/fr\/","logo":{"@type":"ImageObject","inLanguage":"fr-FR","@id":"https:\/\/loginfo24.com\/fr\/#\/schema\/logo\/image\/","url":"https:\/\/loginfo24.com\/wp-content\/uploads\/sites\/7\/2026\/01\/Logo_LogInfo24.png","contentUrl":"https:\/\/loginfo24.com\/wp-content\/uploads\/sites\/7\/2026\/01\/Logo_LogInfo24.png","width":938,"height":351,"caption":"Groupe Logismedia AG"},"image":{"@id":"https:\/\/loginfo24.com\/fr\/#\/schema\/logo\/image\/"},"sameAs":["https:\/\/www.facebook.com\/people\/Loginfo24\/100057360583332\/","https:\/\/www.linkedin.com\/company\/lofinfo24\/"]}]}},"_links":{"self":[{"href":"https:\/\/loginfo24.com\/fr\/wp-json\/wp\/v2\/posts\/51325","targetHints":{"allow":["GET"]}}],"collection":[{"href":"https:\/\/loginfo24.com\/fr\/wp-json\/wp\/v2\/posts"}],"about":[{"href":"https:\/\/loginfo24.com\/fr\/wp-json\/wp\/v2\/types\/post"}],"replies":[{"embeddable":true,"href":"https:\/\/loginfo24.com\/fr\/wp-json\/wp\/v2\/comments?post=51325"}],"version-history":[{"count":0,"href":"https:\/\/loginfo24.com\/fr\/wp-json\/wp\/v2\/posts\/51325\/revisions"}],"wp:attachment":[{"href":"https:\/\/loginfo24.com\/fr\/wp-json\/wp\/v2\/media?parent=51325"}],"wp:term":[{"taxonomy":"category","embeddable":true,"href":"https:\/\/loginfo24.com\/fr\/wp-json\/wp\/v2\/categories?post=51325"},{"taxonomy":"post_tag","embeddable":true,"href":"https:\/\/loginfo24.com\/fr\/wp-json\/wp\/v2\/tags?post=51325"}],"curies":[{"name":"wp","href":"https:\/\/api.w.org\/{rel}","templated":true}]}}