{"id":27469,"date":"2021-07-05T17:08:49","date_gmt":"2021-07-05T15:08:49","guid":{"rendered":"https:\/\/blog.brand-architecture.at\/2021\/07\/05\/la-digitalisation-du-transport-saloodo-constate-un-marche-du-transport-tendu\/"},"modified":"2025-12-15T13:10:09","modified_gmt":"2025-12-15T12:10:09","slug":"la-digitalisation-du-transport-saloodo-constate-un-marche-du-transport-tendu","status":"publish","type":"post","link":"https:\/\/loginfo24.com\/fr\/2021\/07\/05\/la-digitalisation-du-transport-saloodo-constate-un-marche-du-transport-tendu\/","title":{"rendered":"La digitalisation du transport saloodo! constate un march\u00e9 du transport tendu"},"content":{"rendered":"<p>Comme le constate la digitalisation du transport saloodo!, les capacit\u00e9s sur le march\u00e9 europ\u00e9en du transport sont limit\u00e9es, et ce, depuis un certain temps. Depuis plusieurs semaines, la demande d&rsquo;espace de chargement disponible d\u00e9passe l&rsquo;offre de plus du double. Cela entra\u00eene des prix \u00e9lev\u00e9s et des routes encombr\u00e9es. Dans la situation actuelle, les exp\u00e9diteurs peuvent d\u00e9j\u00e0 se r\u00e9jouir si leurs marchandises peuvent \u00eatre transport\u00e9es.<\/p>\n<p>(Cologne) Un aper\u00e7u des statistiques sur le rapport entre les offres de fret et les offres d&rsquo;espace de chargement sur le march\u00e9 europ\u00e9en du transport, fourni par Statista, montre : En mai 2021 (77 %), la part des offres de fret \u00e9tait sup\u00e9rieure de 44 % \u00e0 celle de mai 2020 (33 %). Par rapport au mois pr\u00e9c\u00e9dent, la part des offres de fret a augment\u00e9 de cinq pour cent.<\/p>\n<p>Un tel d\u00e9s\u00e9quilibre a bien s\u00fbr des r\u00e9percussions sur les prix du transport. Comme le rapporte Verkehrsrundschau, ceux-ci augmentent continuellement depuis mars et ont atteint un sommet de trois ans en mai. Par rapport au mois pr\u00e9c\u00e9dent, les prix du transport ont grimp\u00e9 de 8,4 % en mai 2021. Par rapport au m\u00eame mois de l&rsquo;ann\u00e9e pr\u00e9c\u00e9dente, l&rsquo;augmentation est de 28,0 %.<\/p>\n<h5><strong>La blockade du canal de Suez a entra\u00een\u00e9 des goulets d&rsquo;\u00e9tranglement de capacit\u00e9<\/strong><\/h5>\n<p>La courte semaine apr\u00e8s P\u00e2ques, combin\u00e9e \u00e0 l&rsquo;arriv\u00e9e tardive d&rsquo;un plus grand nombre de navires en raison de la blockade du canal de Suez, a conduit \u00e0 un certain goulet d&rsquo;\u00e9tranglement de capacit\u00e9. Actuellement, le march\u00e9 europ\u00e9en du transport conna\u00eet une sorte d&rsquo;effet \u00ab\u00a0bouteille de ketchup\u00a0\u00bb \u2013 au d\u00e9part, il y avait encore peu de fret \u00e0 transporter, mais ces derni\u00e8res semaines, tout est arriv\u00e9 en m\u00eame temps.<\/p>\n<p>Cette tension extr\u00eame sur le march\u00e9 europ\u00e9en du transport ne se r\u00e9soudra pas rapidement, c&rsquo;est l&rsquo;avis de la plupart des experts. De plus, les goulets d&rsquo;\u00e9tranglement devraient persister cet \u00e9t\u00e9, de sorte qu&rsquo;il sera difficile de ressentir un v\u00e9ritable creux estival cette ann\u00e9e. Cependant, le march\u00e9 \u00e9tant actuellement si volatil, il est difficile de pr\u00e9dire s\u00e9rieusement les d\u00e9veloppements.<\/p>\n<h5><strong>Bonne planification et s\u00e9r\u00e9nit\u00e9<\/strong><\/h5>\n<p>Actuellement, seule une bonne planification et de la s\u00e9r\u00e9nit\u00e9 peuvent aider. Les entreprises ayant un besoin urgent de transport, mais qui le demandent \u00e0 court terme, n&rsquo;ont d&rsquo;autre choix que de se r\u00e9signer \u00e0 la r\u00e9alit\u00e9 de la p\u00e9nurie d&rsquo;espace de chargement. Mais une chose est s\u00fbre : les planificateurs, les transporteurs et les plateformes de fret font tout ce qui est en leur pouvoir pour satisfaire leurs clients et leur fournir le plus rapidement possible l&rsquo;espace de chargement dont ils ont besoin.<\/p>\n<p>Les capacit\u00e9s sur le march\u00e9 europ\u00e9en du transport sont limit\u00e9es, et ce, depuis un certain temps. Depuis plusieurs semaines, la demande d&rsquo;espace de chargement disponible d\u00e9passe l&rsquo;offre de plus du double. Cela entra\u00eene des prix \u00e9lev\u00e9s et des routes encombr\u00e9es. Dans la situation actuelle, les exp\u00e9diteurs peuvent d\u00e9j\u00e0 se r\u00e9jouir si leurs marchandises peuvent \u00eatre transport\u00e9es.<\/p>\n<p>Un aper\u00e7u des statistiques sur le rapport entre les offres de fret et les offres d&rsquo;espace de chargement sur le march\u00e9 europ\u00e9en du transport, fourni par Statista, montre : En mai 2021 (77 %), la part des offres de fret \u00e9tait sup\u00e9rieure de 44 % \u00e0 celle de mai 2020 (33 %). Par rapport au mois pr\u00e9c\u00e9dent, la part des offres de fret a augment\u00e9 de cinq pour cent.<\/p>\n<p>Photo : \u00a9 saloodo!<\/p>\n","protected":false},"excerpt":{"rendered":"<p>Comme le constate la digitalisation du transport saloodo!, les capacit\u00e9s sur le march\u00e9 europ\u00e9en du transport sont limit\u00e9es, et ce, depuis un certain temps. Depuis plusieurs<span class=\"excerpt-hellip\"> [\u2026]<\/span><\/p>\n","protected":false},"author":0,"featured_media":0,"comment_status":"open","ping_status":"open","sticky":false,"template":"","format":"standard","meta":{"_acf_changed":false,"footnotes":""},"categories":[1665,1561],"tags":[],"class_list":["post-27469","post","type-post","status-publish","format-standard","hentry","category-categories","category-regions"],"acf":[],"yoast_head":"<!-- This site is optimized with the Yoast SEO plugin v27.3 - https:\/\/yoast.com\/product\/yoast-seo-wordpress\/ -->\n<title>La digitalisation du transport saloodo! constate un march\u00e9 du transport tendu - Loginfo24.<\/title>\n<meta name=\"robots\" content=\"index, follow, max-snippet:-1, max-image-preview:large, max-video-preview:-1\" \/>\n<link rel=\"canonical\" href=\"https:\/\/loginfo24.com\/fr\/2021\/07\/05\/la-digitalisation-du-transport-saloodo-constate-un-marche-du-transport-tendu\/\" \/>\n<meta property=\"og:locale\" content=\"fr_FR\" \/>\n<meta property=\"og:type\" content=\"article\" \/>\n<meta property=\"og:title\" content=\"La digitalisation du transport saloodo! constate un march\u00e9 du transport tendu - Loginfo24.\" \/>\n<meta property=\"og:description\" content=\"Comme le constate la digitalisation du transport saloodo!, les capacit\u00e9s sur le march\u00e9 europ\u00e9en du transport sont limit\u00e9es, et ce, depuis un certain temps. Depuis plusieurs [\u2026]\" \/>\n<meta property=\"og:url\" content=\"https:\/\/loginfo24.com\/fr\/2021\/07\/05\/la-digitalisation-du-transport-saloodo-constate-un-marche-du-transport-tendu\/\" \/>\n<meta property=\"og:site_name\" content=\"Loginfo24\" \/>\n<meta property=\"article:publisher\" content=\"https:\/\/www.facebook.com\/people\/Loginfo24\/100057360583332\/\" \/>\n<meta property=\"article:published_time\" content=\"2021-07-05T15:08:49+00:00\" \/>\n<meta property=\"article:modified_time\" content=\"2025-12-15T12:10:09+00:00\" \/>\n<meta name=\"twitter:card\" content=\"summary_large_image\" \/>\n<meta name=\"twitter:label1\" content=\"Dur\u00e9e de lecture estim\u00e9e\" \/>\n\t<meta name=\"twitter:data1\" content=\"3 minutes\" \/>\n<script type=\"application\/ld+json\" class=\"yoast-schema-graph\">{\"@context\":\"https:\\\/\\\/schema.org\",\"@graph\":[{\"@type\":\"Article\",\"@id\":\"https:\\\/\\\/loginfo24.com\\\/fr\\\/2021\\\/07\\\/05\\\/la-digitalisation-du-transport-saloodo-constate-un-marche-du-transport-tendu\\\/#article\",\"isPartOf\":{\"@id\":\"https:\\\/\\\/loginfo24.com\\\/fr\\\/2021\\\/07\\\/05\\\/la-digitalisation-du-transport-saloodo-constate-un-marche-du-transport-tendu\\\/\"},\"author\":{\"name\":\"\",\"@id\":\"\"},\"headline\":\"La digitalisation du transport saloodo! constate un march\u00e9 du transport tendu\",\"datePublished\":\"2021-07-05T15:08:49+00:00\",\"dateModified\":\"2025-12-15T12:10:09+00:00\",\"mainEntityOfPage\":{\"@id\":\"https:\\\/\\\/loginfo24.com\\\/fr\\\/2021\\\/07\\\/05\\\/la-digitalisation-du-transport-saloodo-constate-un-marche-du-transport-tendu\\\/\"},\"wordCount\":617,\"commentCount\":0,\"publisher\":{\"@id\":\"https:\\\/\\\/loginfo24.com\\\/fr\\\/#organization\"},\"articleSection\":[\"Categories\",\"Regions\"],\"inLanguage\":\"fr-FR\",\"potentialAction\":[{\"@type\":\"CommentAction\",\"name\":\"Comment\",\"target\":[\"https:\\\/\\\/loginfo24.com\\\/fr\\\/2021\\\/07\\\/05\\\/la-digitalisation-du-transport-saloodo-constate-un-marche-du-transport-tendu\\\/#respond\"]}]},{\"@type\":\"WebPage\",\"@id\":\"https:\\\/\\\/loginfo24.com\\\/fr\\\/2021\\\/07\\\/05\\\/la-digitalisation-du-transport-saloodo-constate-un-marche-du-transport-tendu\\\/\",\"url\":\"https:\\\/\\\/loginfo24.com\\\/fr\\\/2021\\\/07\\\/05\\\/la-digitalisation-du-transport-saloodo-constate-un-marche-du-transport-tendu\\\/\",\"name\":\"La digitalisation du transport saloodo! constate un march\u00e9 du transport tendu - Loginfo24.\",\"isPartOf\":{\"@id\":\"https:\\\/\\\/loginfo24.com\\\/fr\\\/#website\"},\"datePublished\":\"2021-07-05T15:08:49+00:00\",\"dateModified\":\"2025-12-15T12:10:09+00:00\",\"breadcrumb\":{\"@id\":\"https:\\\/\\\/loginfo24.com\\\/fr\\\/2021\\\/07\\\/05\\\/la-digitalisation-du-transport-saloodo-constate-un-marche-du-transport-tendu\\\/#breadcrumb\"},\"inLanguage\":\"fr-FR\",\"potentialAction\":[{\"@type\":\"ReadAction\",\"target\":[\"https:\\\/\\\/loginfo24.com\\\/fr\\\/2021\\\/07\\\/05\\\/la-digitalisation-du-transport-saloodo-constate-un-marche-du-transport-tendu\\\/\"]}]},{\"@type\":\"BreadcrumbList\",\"@id\":\"https:\\\/\\\/loginfo24.com\\\/fr\\\/2021\\\/07\\\/05\\\/la-digitalisation-du-transport-saloodo-constate-un-marche-du-transport-tendu\\\/#breadcrumb\",\"itemListElement\":[{\"@type\":\"ListItem\",\"position\":1,\"name\":\"Startseite\",\"item\":\"https:\\\/\\\/loginfo24.com\\\/fr\\\/\"},{\"@type\":\"ListItem\",\"position\":2,\"name\":\"La digitalisation du transport saloodo! constate un march\u00e9 du transport tendu\"}]},{\"@type\":\"WebSite\",\"@id\":\"https:\\\/\\\/loginfo24.com\\\/fr\\\/#website\",\"url\":\"https:\\\/\\\/loginfo24.com\\\/fr\\\/\",\"name\":\"Loginfo24\",\"description\":\"Loginfo24 est la plateforme d\u00e9di\u00e9e \u00e0 la logistique et aux cha\u00eenes d&#039;approvisionnement qui fournit des informations 24 heures sur 24.\",\"publisher\":{\"@id\":\"https:\\\/\\\/loginfo24.com\\\/fr\\\/#organization\"},\"potentialAction\":[{\"@type\":\"SearchAction\",\"target\":{\"@type\":\"EntryPoint\",\"urlTemplate\":\"https:\\\/\\\/loginfo24.com\\\/fr\\\/?s={search_term_string}\"},\"query-input\":{\"@type\":\"PropertyValueSpecification\",\"valueRequired\":true,\"valueName\":\"search_term_string\"}}],\"inLanguage\":\"fr-FR\"},{\"@type\":\"Organization\",\"@id\":\"https:\\\/\\\/loginfo24.com\\\/fr\\\/#organization\",\"name\":\"Groupe Logismedia AG\",\"url\":\"https:\\\/\\\/loginfo24.com\\\/fr\\\/\",\"logo\":{\"@type\":\"ImageObject\",\"inLanguage\":\"fr-FR\",\"@id\":\"https:\\\/\\\/loginfo24.com\\\/fr\\\/#\\\/schema\\\/logo\\\/image\\\/\",\"url\":\"https:\\\/\\\/loginfo24.com\\\/wp-content\\\/uploads\\\/sites\\\/7\\\/2026\\\/01\\\/Logo_LogInfo24.png\",\"contentUrl\":\"https:\\\/\\\/loginfo24.com\\\/wp-content\\\/uploads\\\/sites\\\/7\\\/2026\\\/01\\\/Logo_LogInfo24.png\",\"width\":938,\"height\":351,\"caption\":\"Groupe Logismedia AG\"},\"image\":{\"@id\":\"https:\\\/\\\/loginfo24.com\\\/fr\\\/#\\\/schema\\\/logo\\\/image\\\/\"},\"sameAs\":[\"https:\\\/\\\/www.facebook.com\\\/people\\\/Loginfo24\\\/100057360583332\\\/\",\"https:\\\/\\\/www.linkedin.com\\\/company\\\/lofinfo24\\\/\"]}]}<\/script>\n<!-- \/ Yoast SEO plugin. -->","yoast_head_json":{"title":"La digitalisation du transport saloodo! constate un march\u00e9 du transport tendu - Loginfo24.","robots":{"index":"index","follow":"follow","max-snippet":"max-snippet:-1","max-image-preview":"max-image-preview:large","max-video-preview":"max-video-preview:-1"},"canonical":"https:\/\/loginfo24.com\/fr\/2021\/07\/05\/la-digitalisation-du-transport-saloodo-constate-un-marche-du-transport-tendu\/","og_locale":"fr_FR","og_type":"article","og_title":"La digitalisation du transport saloodo! constate un march\u00e9 du transport tendu - Loginfo24.","og_description":"Comme le constate la digitalisation du transport saloodo!, les capacit\u00e9s sur le march\u00e9 europ\u00e9en du transport sont limit\u00e9es, et ce, depuis un certain temps. Depuis plusieurs [\u2026]","og_url":"https:\/\/loginfo24.com\/fr\/2021\/07\/05\/la-digitalisation-du-transport-saloodo-constate-un-marche-du-transport-tendu\/","og_site_name":"Loginfo24","article_publisher":"https:\/\/www.facebook.com\/people\/Loginfo24\/100057360583332\/","article_published_time":"2021-07-05T15:08:49+00:00","article_modified_time":"2025-12-15T12:10:09+00:00","twitter_card":"summary_large_image","twitter_misc":{"Dur\u00e9e de lecture estim\u00e9e":"3 minutes"},"schema":{"@context":"https:\/\/schema.org","@graph":[{"@type":"Article","@id":"https:\/\/loginfo24.com\/fr\/2021\/07\/05\/la-digitalisation-du-transport-saloodo-constate-un-marche-du-transport-tendu\/#article","isPartOf":{"@id":"https:\/\/loginfo24.com\/fr\/2021\/07\/05\/la-digitalisation-du-transport-saloodo-constate-un-marche-du-transport-tendu\/"},"author":{"name":"","@id":""},"headline":"La digitalisation du transport saloodo! constate un march\u00e9 du transport tendu","datePublished":"2021-07-05T15:08:49+00:00","dateModified":"2025-12-15T12:10:09+00:00","mainEntityOfPage":{"@id":"https:\/\/loginfo24.com\/fr\/2021\/07\/05\/la-digitalisation-du-transport-saloodo-constate-un-marche-du-transport-tendu\/"},"wordCount":617,"commentCount":0,"publisher":{"@id":"https:\/\/loginfo24.com\/fr\/#organization"},"articleSection":["Categories","Regions"],"inLanguage":"fr-FR","potentialAction":[{"@type":"CommentAction","name":"Comment","target":["https:\/\/loginfo24.com\/fr\/2021\/07\/05\/la-digitalisation-du-transport-saloodo-constate-un-marche-du-transport-tendu\/#respond"]}]},{"@type":"WebPage","@id":"https:\/\/loginfo24.com\/fr\/2021\/07\/05\/la-digitalisation-du-transport-saloodo-constate-un-marche-du-transport-tendu\/","url":"https:\/\/loginfo24.com\/fr\/2021\/07\/05\/la-digitalisation-du-transport-saloodo-constate-un-marche-du-transport-tendu\/","name":"La digitalisation du transport saloodo! constate un march\u00e9 du transport tendu - Loginfo24.","isPartOf":{"@id":"https:\/\/loginfo24.com\/fr\/#website"},"datePublished":"2021-07-05T15:08:49+00:00","dateModified":"2025-12-15T12:10:09+00:00","breadcrumb":{"@id":"https:\/\/loginfo24.com\/fr\/2021\/07\/05\/la-digitalisation-du-transport-saloodo-constate-un-marche-du-transport-tendu\/#breadcrumb"},"inLanguage":"fr-FR","potentialAction":[{"@type":"ReadAction","target":["https:\/\/loginfo24.com\/fr\/2021\/07\/05\/la-digitalisation-du-transport-saloodo-constate-un-marche-du-transport-tendu\/"]}]},{"@type":"BreadcrumbList","@id":"https:\/\/loginfo24.com\/fr\/2021\/07\/05\/la-digitalisation-du-transport-saloodo-constate-un-marche-du-transport-tendu\/#breadcrumb","itemListElement":[{"@type":"ListItem","position":1,"name":"Startseite","item":"https:\/\/loginfo24.com\/fr\/"},{"@type":"ListItem","position":2,"name":"La digitalisation du transport saloodo! constate un march\u00e9 du transport tendu"}]},{"@type":"WebSite","@id":"https:\/\/loginfo24.com\/fr\/#website","url":"https:\/\/loginfo24.com\/fr\/","name":"Loginfo24","description":"Loginfo24 est la plateforme d\u00e9di\u00e9e \u00e0 la logistique et aux cha\u00eenes d&#039;approvisionnement qui fournit des informations 24 heures sur 24.","publisher":{"@id":"https:\/\/loginfo24.com\/fr\/#organization"},"potentialAction":[{"@type":"SearchAction","target":{"@type":"EntryPoint","urlTemplate":"https:\/\/loginfo24.com\/fr\/?s={search_term_string}"},"query-input":{"@type":"PropertyValueSpecification","valueRequired":true,"valueName":"search_term_string"}}],"inLanguage":"fr-FR"},{"@type":"Organization","@id":"https:\/\/loginfo24.com\/fr\/#organization","name":"Groupe Logismedia AG","url":"https:\/\/loginfo24.com\/fr\/","logo":{"@type":"ImageObject","inLanguage":"fr-FR","@id":"https:\/\/loginfo24.com\/fr\/#\/schema\/logo\/image\/","url":"https:\/\/loginfo24.com\/wp-content\/uploads\/sites\/7\/2026\/01\/Logo_LogInfo24.png","contentUrl":"https:\/\/loginfo24.com\/wp-content\/uploads\/sites\/7\/2026\/01\/Logo_LogInfo24.png","width":938,"height":351,"caption":"Groupe Logismedia AG"},"image":{"@id":"https:\/\/loginfo24.com\/fr\/#\/schema\/logo\/image\/"},"sameAs":["https:\/\/www.facebook.com\/people\/Loginfo24\/100057360583332\/","https:\/\/www.linkedin.com\/company\/lofinfo24\/"]}]}},"_links":{"self":[{"href":"https:\/\/loginfo24.com\/fr\/wp-json\/wp\/v2\/posts\/27469","targetHints":{"allow":["GET"]}}],"collection":[{"href":"https:\/\/loginfo24.com\/fr\/wp-json\/wp\/v2\/posts"}],"about":[{"href":"https:\/\/loginfo24.com\/fr\/wp-json\/wp\/v2\/types\/post"}],"replies":[{"embeddable":true,"href":"https:\/\/loginfo24.com\/fr\/wp-json\/wp\/v2\/comments?post=27469"}],"version-history":[{"count":1,"href":"https:\/\/loginfo24.com\/fr\/wp-json\/wp\/v2\/posts\/27469\/revisions"}],"predecessor-version":[{"id":49200,"href":"https:\/\/loginfo24.com\/fr\/wp-json\/wp\/v2\/posts\/27469\/revisions\/49200"}],"wp:attachment":[{"href":"https:\/\/loginfo24.com\/fr\/wp-json\/wp\/v2\/media?parent=27469"}],"wp:term":[{"taxonomy":"category","embeddable":true,"href":"https:\/\/loginfo24.com\/fr\/wp-json\/wp\/v2\/categories?post=27469"},{"taxonomy":"post_tag","embeddable":true,"href":"https:\/\/loginfo24.com\/fr\/wp-json\/wp\/v2\/tags?post=27469"}],"curies":[{"name":"wp","href":"https:\/\/api.w.org\/{rel}","templated":true}]}}