{"id":26749,"date":"2022-01-24T19:46:28","date_gmt":"2022-01-24T18:46:28","guid":{"rendered":"https:\/\/blog.brand-architecture.at\/2022\/01\/24\/la-societe-de-transport-eberl-reprend-la-guido-obermaier-gmbh\/"},"modified":"2022-01-24T19:46:28","modified_gmt":"2022-01-24T18:46:28","slug":"la-societe-de-transport-eberl-reprend-la-guido-obermaier-gmbh","status":"publish","type":"post","link":"https:\/\/loginfo24.com\/fr\/2022\/01\/24\/la-societe-de-transport-eberl-reprend-la-guido-obermaier-gmbh\/","title":{"rendered":"La soci\u00e9t\u00e9 de transport EBERL reprend la Guido Obermaier GmbH"},"content":{"rendered":"<h5><strong>La soci\u00e9t\u00e9 de transport internationale EBERL, bas\u00e9e \u00e0 Nu\u00dfdorf\/Chiemgau, a repris la Guido Obermaier Transporte de Prien-Bachham. <\/strong><strong>La Guido Obermaier GmbH, une entreprise traditionnelle et sp\u00e9cialiste de la Scandinavie en Bavi\u00e8re (transports vers la Su\u00e8de, la Norv\u00e8ge, la Finlande), fait partie du groupe EBERL depuis le 01.01.2022.<\/strong><\/h5>\n<p>(Pressebox; Aiging\/Prien) Onze camions avec un total de 30 unit\u00e9s tractrices et remorqu\u00e9es pour le transport longue distance ont \u00e9t\u00e9 remis \u00e0 la soci\u00e9t\u00e9 EBERL par Obermaier. Il s&rsquo;agit d&rsquo;une reprise partielle de l&rsquo;exploitation, car l&rsquo;ensemble du patrimoine immobilier et deux camions (notamment pour le transport de bois) ont \u00e9t\u00e9 conserv\u00e9s par Guido Obermaier pour son exploitation ind\u00e9pendante.<\/p>\n<p>\u00ab Nous sommes heureux de reprendre les activit\u00e9s du sp\u00e9cialiste scandinave Obermaier Transporte dans notre groupe. \u00c9tant donn\u00e9 que nous travaillons avec un grand client en Su\u00e8de depuis plus de 18 ans, cela cr\u00e9e de nombreuses synergies qui compl\u00e8tent et enrichissent notre portefeuille existant \u00bb, d\u00e9clare le directeur g\u00e9n\u00e9ral Thomas Eberl.<\/p>\n<p>Thomas Eberl se projette positivement dans l&rsquo;avenir : \u00ab Cela nous ouvre de nouveaux potentiels. Nous avons ainsi une gamme plus large et plus attrayante pour nos clients. Tous les emplois seront bien entendu pr\u00e9serv\u00e9s. Nous nous r\u00e9jouissons d&rsquo;accueillir de nouvelles comp\u00e9tences et de nouveaux employ\u00e9s exp\u00e9riment\u00e9s et qualifi\u00e9s. \u00bb<\/p>\n<p>Fond\u00e9e en 1967, la soci\u00e9t\u00e9 de transport internationale EBERL est principalement active dans le transport national et international de marchandises et de fret, ainsi que dans le transport douanier et a\u00e9rien\/maritime. Avec plus de 50 ans d&rsquo;exp\u00e9rience et de connaissance du secteur, nous pouvons offrir \u00e0 nos clients des solutions hautement sp\u00e9cialis\u00e9es.<\/p>\n<h5><strong>Les familles se connaissent depuis des ann\u00e9es<\/strong><\/h5>\n<p>Guido Obermaier attachait une grande importance \u00e0 une solution de taille interm\u00e9diaire. \u00ab Nos clients estim\u00e9s ainsi que nos employ\u00e9s attachent une grande importance \u00e0 un partenariat de confiance. Ces valeurs se retrouvent presque uniquement dans les entreprises de taille interm\u00e9diaire. \u00bb<\/p>\n<p>Les familles Eberl et Obermaier se connaissent et s&rsquo;appr\u00e9cient depuis de nombreuses ann\u00e9es. \u00ab C&rsquo;est pourquoi je suis tr\u00e8s heureux que nous ayons trouv\u00e9 une solution commune. La perspective de toutes les parties repose sur la grande confiance que nous souhaitons pour l&rsquo;avenir. Nous sommes convaincus que Guido Obermaier Transporte est entre de bonnes mains \u00bb, souligne Guido Obermaier.<\/p>\n<p>\u00ab Nous souhaitons la bienvenue \u00e0 tous les employ\u00e9s ainsi qu&rsquo;\u00e0 tous les clients et partenaires de Guido Obermaier Transporte. Nous nous r\u00e9jouissons d&rsquo;un avenir commun et r\u00e9ussi \u00bb, ajoute Thomas Eberl.<\/p>\n<h5><strong>Au total, 300 employ\u00e9s dans le groupe<\/strong><\/h5>\n<p>Le groupe EBERL comprend \u00e9galement la soci\u00e9t\u00e9 KLVrent, sp\u00e9cialis\u00e9e dans la location de v\u00e9hicules utilitaires. Celle-ci dispose actuellement de 1 250 unit\u00e9s tractrices et remorqu\u00e9es sur onze sites en Allemagne, et d&rsquo;ici fin 2022, la flotte de location de v\u00e9hicules utilitaires devrait atteindre un total de 1 800 unit\u00e9s. Au total, 300 employ\u00e9s travaillent dans le groupe EBERL.<\/p>\n<p>Photo : \u00a9 Eberl<\/p>\n<p>&nbsp;<\/p>\n","protected":false},"excerpt":{"rendered":"<p>La soci\u00e9t\u00e9 de transport internationale EBERL, bas\u00e9e \u00e0 Nu\u00dfdorf\/Chiemgau, a repris la Guido Obermaier Transporte de Prien-Bachham. La Guido Obermaier GmbH, une entreprise traditionnelle et sp\u00e9cialiste<span class=\"excerpt-hellip\"> [\u2026]<\/span><\/p>\n","protected":false},"author":0,"featured_media":11190,"comment_status":"open","ping_status":"open","sticky":false,"template":"","format":"standard","meta":{"_acf_changed":false,"footnotes":""},"categories":[1557,1556,1560,1561],"tags":[],"class_list":["post-26749","post","type-post","status-publish","format-standard","has-post-thumbnail","hentry","category-forwarding-logistics","category-intermodal-road","category-intralogistics","category-regions"],"acf":[],"yoast_head":"<!-- This site is optimized with the Yoast SEO plugin v27.3 - https:\/\/yoast.com\/product\/yoast-seo-wordpress\/ -->\n<title>La soci\u00e9t\u00e9 de transport EBERL reprend la Guido Obermaier GmbH - Loginfo24.<\/title>\n<meta name=\"robots\" content=\"index, follow, max-snippet:-1, max-image-preview:large, max-video-preview:-1\" \/>\n<link rel=\"canonical\" href=\"https:\/\/loginfo24.com\/fr\/2022\/01\/24\/la-societe-de-transport-eberl-reprend-la-guido-obermaier-gmbh\/\" \/>\n<meta property=\"og:locale\" content=\"fr_FR\" \/>\n<meta property=\"og:type\" content=\"article\" \/>\n<meta property=\"og:title\" content=\"La soci\u00e9t\u00e9 de transport EBERL reprend la Guido Obermaier GmbH - Loginfo24.\" \/>\n<meta property=\"og:description\" content=\"La soci\u00e9t\u00e9 de transport internationale EBERL, bas\u00e9e \u00e0 Nu\u00dfdorf\/Chiemgau, a repris la Guido Obermaier Transporte de Prien-Bachham. La Guido Obermaier GmbH, une entreprise traditionnelle et sp\u00e9cialiste [\u2026]\" \/>\n<meta property=\"og:url\" content=\"https:\/\/loginfo24.com\/fr\/2022\/01\/24\/la-societe-de-transport-eberl-reprend-la-guido-obermaier-gmbh\/\" \/>\n<meta property=\"og:site_name\" content=\"Loginfo24\" \/>\n<meta property=\"article:publisher\" content=\"https:\/\/www.facebook.com\/people\/Loginfo24\/100057360583332\/\" \/>\n<meta property=\"article:published_time\" content=\"2022-01-24T18:46:28+00:00\" \/>\n<meta property=\"og:image\" content=\"https:\/\/loginfo24.com\/wp-content\/uploads\/sites\/7\/2025\/12\/Eberl_24.1.22.jpg\" \/>\n\t<meta property=\"og:image:width\" content=\"1599\" \/>\n\t<meta property=\"og:image:height\" content=\"750\" \/>\n\t<meta property=\"og:image:type\" content=\"image\/jpeg\" \/>\n<meta name=\"twitter:card\" content=\"summary_large_image\" \/>\n<meta name=\"twitter:label1\" content=\"Dur\u00e9e de lecture estim\u00e9e\" \/>\n\t<meta name=\"twitter:data1\" content=\"2 minutes\" \/>\n<script type=\"application\/ld+json\" class=\"yoast-schema-graph\">{\"@context\":\"https:\\\/\\\/schema.org\",\"@graph\":[{\"@type\":\"Article\",\"@id\":\"https:\\\/\\\/loginfo24.com\\\/fr\\\/2022\\\/01\\\/24\\\/la-societe-de-transport-eberl-reprend-la-guido-obermaier-gmbh\\\/#article\",\"isPartOf\":{\"@id\":\"https:\\\/\\\/loginfo24.com\\\/fr\\\/2022\\\/01\\\/24\\\/la-societe-de-transport-eberl-reprend-la-guido-obermaier-gmbh\\\/\"},\"author\":{\"name\":\"\",\"@id\":\"\"},\"headline\":\"La soci\u00e9t\u00e9 de transport EBERL reprend la Guido Obermaier GmbH\",\"datePublished\":\"2022-01-24T18:46:28+00:00\",\"mainEntityOfPage\":{\"@id\":\"https:\\\/\\\/loginfo24.com\\\/fr\\\/2022\\\/01\\\/24\\\/la-societe-de-transport-eberl-reprend-la-guido-obermaier-gmbh\\\/\"},\"wordCount\":518,\"commentCount\":0,\"publisher\":{\"@id\":\"https:\\\/\\\/loginfo24.com\\\/fr\\\/#organization\"},\"image\":{\"@id\":\"https:\\\/\\\/loginfo24.com\\\/fr\\\/2022\\\/01\\\/24\\\/la-societe-de-transport-eberl-reprend-la-guido-obermaier-gmbh\\\/#primaryimage\"},\"thumbnailUrl\":\"https:\\\/\\\/loginfo24.com\\\/wp-content\\\/uploads\\\/sites\\\/7\\\/2025\\\/12\\\/Eberl_24.1.22.jpg\",\"articleSection\":[\"Forwarding &amp; Logistics\",\"Intermodal \\\/ Road\",\"Intralogistics\",\"Regions\"],\"inLanguage\":\"fr-FR\",\"potentialAction\":[{\"@type\":\"CommentAction\",\"name\":\"Comment\",\"target\":[\"https:\\\/\\\/loginfo24.com\\\/fr\\\/2022\\\/01\\\/24\\\/la-societe-de-transport-eberl-reprend-la-guido-obermaier-gmbh\\\/#respond\"]}]},{\"@type\":\"WebPage\",\"@id\":\"https:\\\/\\\/loginfo24.com\\\/fr\\\/2022\\\/01\\\/24\\\/la-societe-de-transport-eberl-reprend-la-guido-obermaier-gmbh\\\/\",\"url\":\"https:\\\/\\\/loginfo24.com\\\/fr\\\/2022\\\/01\\\/24\\\/la-societe-de-transport-eberl-reprend-la-guido-obermaier-gmbh\\\/\",\"name\":\"La soci\u00e9t\u00e9 de transport EBERL reprend la Guido Obermaier GmbH - Loginfo24.\",\"isPartOf\":{\"@id\":\"https:\\\/\\\/loginfo24.com\\\/fr\\\/#website\"},\"primaryImageOfPage\":{\"@id\":\"https:\\\/\\\/loginfo24.com\\\/fr\\\/2022\\\/01\\\/24\\\/la-societe-de-transport-eberl-reprend-la-guido-obermaier-gmbh\\\/#primaryimage\"},\"image\":{\"@id\":\"https:\\\/\\\/loginfo24.com\\\/fr\\\/2022\\\/01\\\/24\\\/la-societe-de-transport-eberl-reprend-la-guido-obermaier-gmbh\\\/#primaryimage\"},\"thumbnailUrl\":\"https:\\\/\\\/loginfo24.com\\\/wp-content\\\/uploads\\\/sites\\\/7\\\/2025\\\/12\\\/Eberl_24.1.22.jpg\",\"datePublished\":\"2022-01-24T18:46:28+00:00\",\"breadcrumb\":{\"@id\":\"https:\\\/\\\/loginfo24.com\\\/fr\\\/2022\\\/01\\\/24\\\/la-societe-de-transport-eberl-reprend-la-guido-obermaier-gmbh\\\/#breadcrumb\"},\"inLanguage\":\"fr-FR\",\"potentialAction\":[{\"@type\":\"ReadAction\",\"target\":[\"https:\\\/\\\/loginfo24.com\\\/fr\\\/2022\\\/01\\\/24\\\/la-societe-de-transport-eberl-reprend-la-guido-obermaier-gmbh\\\/\"]}]},{\"@type\":\"ImageObject\",\"inLanguage\":\"fr-FR\",\"@id\":\"https:\\\/\\\/loginfo24.com\\\/fr\\\/2022\\\/01\\\/24\\\/la-societe-de-transport-eberl-reprend-la-guido-obermaier-gmbh\\\/#primaryimage\",\"url\":\"https:\\\/\\\/loginfo24.com\\\/wp-content\\\/uploads\\\/sites\\\/7\\\/2025\\\/12\\\/Eberl_24.1.22.jpg\",\"contentUrl\":\"https:\\\/\\\/loginfo24.com\\\/wp-content\\\/uploads\\\/sites\\\/7\\\/2025\\\/12\\\/Eberl_24.1.22.jpg\",\"width\":1599,\"height\":750},{\"@type\":\"BreadcrumbList\",\"@id\":\"https:\\\/\\\/loginfo24.com\\\/fr\\\/2022\\\/01\\\/24\\\/la-societe-de-transport-eberl-reprend-la-guido-obermaier-gmbh\\\/#breadcrumb\",\"itemListElement\":[{\"@type\":\"ListItem\",\"position\":1,\"name\":\"Startseite\",\"item\":\"https:\\\/\\\/loginfo24.com\\\/fr\\\/\"},{\"@type\":\"ListItem\",\"position\":2,\"name\":\"La soci\u00e9t\u00e9 de transport EBERL reprend la Guido Obermaier GmbH\"}]},{\"@type\":\"WebSite\",\"@id\":\"https:\\\/\\\/loginfo24.com\\\/fr\\\/#website\",\"url\":\"https:\\\/\\\/loginfo24.com\\\/fr\\\/\",\"name\":\"Loginfo24\",\"description\":\"Loginfo24 est la plateforme d\u00e9di\u00e9e \u00e0 la logistique et aux cha\u00eenes d&#039;approvisionnement qui fournit des informations 24 heures sur 24.\",\"publisher\":{\"@id\":\"https:\\\/\\\/loginfo24.com\\\/fr\\\/#organization\"},\"potentialAction\":[{\"@type\":\"SearchAction\",\"target\":{\"@type\":\"EntryPoint\",\"urlTemplate\":\"https:\\\/\\\/loginfo24.com\\\/fr\\\/?s={search_term_string}\"},\"query-input\":{\"@type\":\"PropertyValueSpecification\",\"valueRequired\":true,\"valueName\":\"search_term_string\"}}],\"inLanguage\":\"fr-FR\"},{\"@type\":\"Organization\",\"@id\":\"https:\\\/\\\/loginfo24.com\\\/fr\\\/#organization\",\"name\":\"Groupe Logismedia AG\",\"url\":\"https:\\\/\\\/loginfo24.com\\\/fr\\\/\",\"logo\":{\"@type\":\"ImageObject\",\"inLanguage\":\"fr-FR\",\"@id\":\"https:\\\/\\\/loginfo24.com\\\/fr\\\/#\\\/schema\\\/logo\\\/image\\\/\",\"url\":\"https:\\\/\\\/loginfo24.com\\\/wp-content\\\/uploads\\\/sites\\\/7\\\/2026\\\/01\\\/Logo_LogInfo24.png\",\"contentUrl\":\"https:\\\/\\\/loginfo24.com\\\/wp-content\\\/uploads\\\/sites\\\/7\\\/2026\\\/01\\\/Logo_LogInfo24.png\",\"width\":938,\"height\":351,\"caption\":\"Groupe Logismedia AG\"},\"image\":{\"@id\":\"https:\\\/\\\/loginfo24.com\\\/fr\\\/#\\\/schema\\\/logo\\\/image\\\/\"},\"sameAs\":[\"https:\\\/\\\/www.facebook.com\\\/people\\\/Loginfo24\\\/100057360583332\\\/\",\"https:\\\/\\\/www.linkedin.com\\\/company\\\/lofinfo24\\\/\"]}]}<\/script>\n<!-- \/ Yoast SEO plugin. -->","yoast_head_json":{"title":"La soci\u00e9t\u00e9 de transport EBERL reprend la Guido Obermaier GmbH - Loginfo24.","robots":{"index":"index","follow":"follow","max-snippet":"max-snippet:-1","max-image-preview":"max-image-preview:large","max-video-preview":"max-video-preview:-1"},"canonical":"https:\/\/loginfo24.com\/fr\/2022\/01\/24\/la-societe-de-transport-eberl-reprend-la-guido-obermaier-gmbh\/","og_locale":"fr_FR","og_type":"article","og_title":"La soci\u00e9t\u00e9 de transport EBERL reprend la Guido Obermaier GmbH - Loginfo24.","og_description":"La soci\u00e9t\u00e9 de transport internationale EBERL, bas\u00e9e \u00e0 Nu\u00dfdorf\/Chiemgau, a repris la Guido Obermaier Transporte de Prien-Bachham. La Guido Obermaier GmbH, une entreprise traditionnelle et sp\u00e9cialiste [\u2026]","og_url":"https:\/\/loginfo24.com\/fr\/2022\/01\/24\/la-societe-de-transport-eberl-reprend-la-guido-obermaier-gmbh\/","og_site_name":"Loginfo24","article_publisher":"https:\/\/www.facebook.com\/people\/Loginfo24\/100057360583332\/","article_published_time":"2022-01-24T18:46:28+00:00","og_image":[{"width":1599,"height":750,"url":"https:\/\/loginfo24.com\/wp-content\/uploads\/sites\/7\/2025\/12\/Eberl_24.1.22.jpg","type":"image\/jpeg"}],"twitter_card":"summary_large_image","twitter_misc":{"Dur\u00e9e de lecture estim\u00e9e":"2 minutes"},"schema":{"@context":"https:\/\/schema.org","@graph":[{"@type":"Article","@id":"https:\/\/loginfo24.com\/fr\/2022\/01\/24\/la-societe-de-transport-eberl-reprend-la-guido-obermaier-gmbh\/#article","isPartOf":{"@id":"https:\/\/loginfo24.com\/fr\/2022\/01\/24\/la-societe-de-transport-eberl-reprend-la-guido-obermaier-gmbh\/"},"author":{"name":"","@id":""},"headline":"La soci\u00e9t\u00e9 de transport EBERL reprend la Guido Obermaier GmbH","datePublished":"2022-01-24T18:46:28+00:00","mainEntityOfPage":{"@id":"https:\/\/loginfo24.com\/fr\/2022\/01\/24\/la-societe-de-transport-eberl-reprend-la-guido-obermaier-gmbh\/"},"wordCount":518,"commentCount":0,"publisher":{"@id":"https:\/\/loginfo24.com\/fr\/#organization"},"image":{"@id":"https:\/\/loginfo24.com\/fr\/2022\/01\/24\/la-societe-de-transport-eberl-reprend-la-guido-obermaier-gmbh\/#primaryimage"},"thumbnailUrl":"https:\/\/loginfo24.com\/wp-content\/uploads\/sites\/7\/2025\/12\/Eberl_24.1.22.jpg","articleSection":["Forwarding &amp; Logistics","Intermodal \/ Road","Intralogistics","Regions"],"inLanguage":"fr-FR","potentialAction":[{"@type":"CommentAction","name":"Comment","target":["https:\/\/loginfo24.com\/fr\/2022\/01\/24\/la-societe-de-transport-eberl-reprend-la-guido-obermaier-gmbh\/#respond"]}]},{"@type":"WebPage","@id":"https:\/\/loginfo24.com\/fr\/2022\/01\/24\/la-societe-de-transport-eberl-reprend-la-guido-obermaier-gmbh\/","url":"https:\/\/loginfo24.com\/fr\/2022\/01\/24\/la-societe-de-transport-eberl-reprend-la-guido-obermaier-gmbh\/","name":"La soci\u00e9t\u00e9 de transport EBERL reprend la Guido Obermaier GmbH - Loginfo24.","isPartOf":{"@id":"https:\/\/loginfo24.com\/fr\/#website"},"primaryImageOfPage":{"@id":"https:\/\/loginfo24.com\/fr\/2022\/01\/24\/la-societe-de-transport-eberl-reprend-la-guido-obermaier-gmbh\/#primaryimage"},"image":{"@id":"https:\/\/loginfo24.com\/fr\/2022\/01\/24\/la-societe-de-transport-eberl-reprend-la-guido-obermaier-gmbh\/#primaryimage"},"thumbnailUrl":"https:\/\/loginfo24.com\/wp-content\/uploads\/sites\/7\/2025\/12\/Eberl_24.1.22.jpg","datePublished":"2022-01-24T18:46:28+00:00","breadcrumb":{"@id":"https:\/\/loginfo24.com\/fr\/2022\/01\/24\/la-societe-de-transport-eberl-reprend-la-guido-obermaier-gmbh\/#breadcrumb"},"inLanguage":"fr-FR","potentialAction":[{"@type":"ReadAction","target":["https:\/\/loginfo24.com\/fr\/2022\/01\/24\/la-societe-de-transport-eberl-reprend-la-guido-obermaier-gmbh\/"]}]},{"@type":"ImageObject","inLanguage":"fr-FR","@id":"https:\/\/loginfo24.com\/fr\/2022\/01\/24\/la-societe-de-transport-eberl-reprend-la-guido-obermaier-gmbh\/#primaryimage","url":"https:\/\/loginfo24.com\/wp-content\/uploads\/sites\/7\/2025\/12\/Eberl_24.1.22.jpg","contentUrl":"https:\/\/loginfo24.com\/wp-content\/uploads\/sites\/7\/2025\/12\/Eberl_24.1.22.jpg","width":1599,"height":750},{"@type":"BreadcrumbList","@id":"https:\/\/loginfo24.com\/fr\/2022\/01\/24\/la-societe-de-transport-eberl-reprend-la-guido-obermaier-gmbh\/#breadcrumb","itemListElement":[{"@type":"ListItem","position":1,"name":"Startseite","item":"https:\/\/loginfo24.com\/fr\/"},{"@type":"ListItem","position":2,"name":"La soci\u00e9t\u00e9 de transport EBERL reprend la Guido Obermaier GmbH"}]},{"@type":"WebSite","@id":"https:\/\/loginfo24.com\/fr\/#website","url":"https:\/\/loginfo24.com\/fr\/","name":"Loginfo24","description":"Loginfo24 est la plateforme d\u00e9di\u00e9e \u00e0 la logistique et aux cha\u00eenes d&#039;approvisionnement qui fournit des informations 24 heures sur 24.","publisher":{"@id":"https:\/\/loginfo24.com\/fr\/#organization"},"potentialAction":[{"@type":"SearchAction","target":{"@type":"EntryPoint","urlTemplate":"https:\/\/loginfo24.com\/fr\/?s={search_term_string}"},"query-input":{"@type":"PropertyValueSpecification","valueRequired":true,"valueName":"search_term_string"}}],"inLanguage":"fr-FR"},{"@type":"Organization","@id":"https:\/\/loginfo24.com\/fr\/#organization","name":"Groupe Logismedia AG","url":"https:\/\/loginfo24.com\/fr\/","logo":{"@type":"ImageObject","inLanguage":"fr-FR","@id":"https:\/\/loginfo24.com\/fr\/#\/schema\/logo\/image\/","url":"https:\/\/loginfo24.com\/wp-content\/uploads\/sites\/7\/2026\/01\/Logo_LogInfo24.png","contentUrl":"https:\/\/loginfo24.com\/wp-content\/uploads\/sites\/7\/2026\/01\/Logo_LogInfo24.png","width":938,"height":351,"caption":"Groupe Logismedia AG"},"image":{"@id":"https:\/\/loginfo24.com\/fr\/#\/schema\/logo\/image\/"},"sameAs":["https:\/\/www.facebook.com\/people\/Loginfo24\/100057360583332\/","https:\/\/www.linkedin.com\/company\/lofinfo24\/"]}]}},"_links":{"self":[{"href":"https:\/\/loginfo24.com\/fr\/wp-json\/wp\/v2\/posts\/26749","targetHints":{"allow":["GET"]}}],"collection":[{"href":"https:\/\/loginfo24.com\/fr\/wp-json\/wp\/v2\/posts"}],"about":[{"href":"https:\/\/loginfo24.com\/fr\/wp-json\/wp\/v2\/types\/post"}],"replies":[{"embeddable":true,"href":"https:\/\/loginfo24.com\/fr\/wp-json\/wp\/v2\/comments?post=26749"}],"version-history":[{"count":0,"href":"https:\/\/loginfo24.com\/fr\/wp-json\/wp\/v2\/posts\/26749\/revisions"}],"wp:featuredmedia":[{"embeddable":true,"href":"https:\/\/loginfo24.com\/fr\/wp-json\/wp\/v2\/media\/11190"}],"wp:attachment":[{"href":"https:\/\/loginfo24.com\/fr\/wp-json\/wp\/v2\/media?parent=26749"}],"wp:term":[{"taxonomy":"category","embeddable":true,"href":"https:\/\/loginfo24.com\/fr\/wp-json\/wp\/v2\/categories?post=26749"},{"taxonomy":"post_tag","embeddable":true,"href":"https:\/\/loginfo24.com\/fr\/wp-json\/wp\/v2\/tags?post=26749"}],"curies":[{"name":"wp","href":"https:\/\/api.w.org\/{rel}","templated":true}]}}