{"id":25628,"date":"2021-05-20T19:37:46","date_gmt":"2021-05-20T17:37:46","guid":{"rendered":"https:\/\/blog.brand-architecture.at\/2021\/05\/20\/lufthansa-cargo-et-db-schenker-sengagent-ensemble-pour-la-reduction-des-co2\/"},"modified":"2025-12-15T13:03:21","modified_gmt":"2025-12-15T12:03:21","slug":"lufthansa-cargo-et-db-schenker-sengagent-ensemble-pour-la-reduction-des-co2","status":"publish","type":"post","link":"https:\/\/loginfo24.com\/fr\/2021\/05\/20\/lufthansa-cargo-et-db-schenker-sengagent-ensemble-pour-la-reduction-des-co2\/","title":{"rendered":"Lufthansa Cargo et DB Schenker s&rsquo;engagent ensemble pour la r\u00e9duction des CO2"},"content":{"rendered":"<p>Le cargo de Lufthansa, immatricul\u00e9 D-ALFG, est d\u00e9sormais marqu\u00e9 par l&rsquo;inscription &lsquo;Flying 100% CO2 neutral powered by DB Schenker&rsquo;. L&rsquo;inscription sur un Boeing 777F met en avant la r\u00e9duction des CO2 gr\u00e2ce au Sustainable Aviation Fuel. Les deux entreprises collaborent d\u00e9j\u00e0 depuis dix ans dans le domaine de la protection du climat et ont maintenant pu lancer une offre concr\u00e8te sur le march\u00e9.<\/p>\n<p>(Essen\/Francfort) Mercredi, le cargo de Lufthansa, immatricul\u00e9 D-ALFG, a d\u00e9coll\u00e9 pour la premi\u00e8re fois avec un design tr\u00e8s sp\u00e9cial : l&rsquo;inscription &lsquo;Flying 100% CO2 neutral powered by DB Schenker&rsquo; ainsi qu&rsquo;une illustration du Sustainable Aviation Fuel (SAF) mettent en sc\u00e8ne de mani\u00e8re frappante la mission commune de Lufthansa Cargo et de DB Schenker. Les deux entreprises collaborent d\u00e9j\u00e0 depuis dix ans dans le domaine de la protection du climat et ont maintenant pu lancer une offre concr\u00e8te sur le march\u00e9. Gr\u00e2ce \u00e0 l&rsquo;utilisation du SAF, bas\u00e9 sur des recherches approfondies, la compagnie a\u00e9rienne de fret et le prestataire logistique acc\u00e9l\u00e8rent la transition loin des combustibles fossiles, afin de rendre l&rsquo;ensemble du secteur du fret a\u00e9rien plus respectueux du climat. Depuis avril, elles proposent des rotations de fret hebdomadaires, neutres en CO2, entre Francfort et Shanghai. L&rsquo;avion attire l&rsquo;attention sur le sujet du SAF avec son habillage sp\u00e9cial et invite les clients \u00e0 transporter leur fret de mani\u00e8re neutre en CO2. Pour la Deutsche Bahn et DB Schenker, c&rsquo;est seulement la troisi\u00e8me fois que le logo de l&rsquo;entreprise appara\u00eet sur un avion.<\/p>\n<h5><strong>Soutien \u00e0 l&rsquo;objectif de durabilit\u00e9<\/strong><\/h5>\n<p> \u00ab\u00a0Nous sommes heureux d&rsquo;avoir DB Schenker comme partenaire \u00e0 nos c\u00f4t\u00e9s, qui promeut avec tant d&rsquo;\u00e9nergie la r\u00e9duction des CO2 dans le secteur du fret a\u00e9rien. L&rsquo;habillage sp\u00e9cial nous donne l&rsquo;occasion d&rsquo;attirer l&rsquo;attention sur notre engagement commun \u00e0 l&rsquo;\u00e9chelle mondiale. Cela montre \u00e9galement que nous prenons tr\u00e8s au s\u00e9rieux le soutien \u00e0 l&rsquo;objectif de durabilit\u00e9 &lsquo;Climate Action&rsquo; des Nations Unies. L&rsquo;utilisation accrue de Sustainable Aviation Fuel et une flotte de cargos moderne sont des mesures \u00e0 fort impact pour r\u00e9duire durablement nos \u00e9missions de CO2\u00a0\u00bb, explique Ashwin Bhat, membre du conseil d&rsquo;administration produit et vente de Lufthansa Cargo. Thorsten Meincke, membre du conseil d&rsquo;administration pour le fret a\u00e9rien et maritime chez DB Schenker, ajoute : \u00ab\u00a0La durabilit\u00e9 n&rsquo;est pas un luxe. Notre objectif d\u00e9clar\u00e9 est de transporter davantage de marchandises de mani\u00e8re respectueuse de l&rsquo;environnement. Nous agissons l\u00e0 o\u00f9 il est particuli\u00e8rement important d&rsquo;agir \u2013 dans le transport a\u00e9rien ! Ensemble avec Lufthansa Cargo, nous proposons une liaison de fret a\u00e9rien r\u00e9guli\u00e8re, neutre en CO2. Nous c\u00e9l\u00e9brons maintenant cette \u00e9tape de mani\u00e8re visible sur un avion. Nous sommes fiers d&rsquo;avoir d\u00e9j\u00e0 pu enthousiasmer de nombreux clients pour notre offre verte. Nous sommes ravis que ce jet sp\u00e9cial porte d\u00e9sormais litt\u00e9ralement notre partenariat dans le monde entier.\u00a0\u00bb<\/p>\n<h5><strong>Connexion de fret 100 % neutre en gaz \u00e0 effet de serre<\/strong><\/h5>\n<p> Apr\u00e8s le premier cycle de fret neutre en CO2 de Lufthansa Cargo et DB Schenker de Francfort \u00e0 Shanghai en novembre 2020, les entreprises proposent pendant toute la dur\u00e9e du programme de vol d&rsquo;\u00e9t\u00e9 de Lufthansa Cargo une connexion de fret 100 % neutre en gaz \u00e0 effet de serre entre l&rsquo;Europe et l&rsquo;Asie. Les besoins en carburant sur la route Francfort-Shanghai et retour sont enti\u00e8rement couverts par le SAF. Cela permet d&rsquo;\u00e9conomiser environ 174 tonnes de k\u00e9ros\u00e8ne conventionnel chaque semaine. Le Sustainable Aviation Fuel est principalement fabriqu\u00e9 \u00e0 partir de d\u00e9chets de biomasse, par exemple \u00e0 partir d&rsquo;huiles v\u00e9g\u00e9tales et alimentaires usag\u00e9es. Lors de la combustion dans le moteur, seul du CO2 est lib\u00e9r\u00e9, qui avait \u00e9t\u00e9 extrait de l&rsquo;atmosph\u00e8re lors de la croissance des plantes. Les gaz \u00e0 effet de serre g\u00e9n\u00e9r\u00e9s lors de la production et du transport du carburant sont \u00e9galement enti\u00e8rement compens\u00e9s par des projets de compensation certifi\u00e9s. Cela permet d&rsquo;atteindre la neutralit\u00e9 compl\u00e8te en gaz \u00e0 effet de serre des vols. <br \/> Photo : \u00a9 Lufthansa Cargo<\/p>\n","protected":false},"excerpt":{"rendered":"<p>Le cargo de Lufthansa, immatricul\u00e9 D-ALFG, est d\u00e9sormais marqu\u00e9 par l&rsquo;inscription &lsquo;Flying 100% CO2 neutral powered by DB Schenker&rsquo;. L&rsquo;inscription sur un Boeing 777F met en<span class=\"excerpt-hellip\"> [\u2026]<\/span><\/p>\n","protected":false},"author":0,"featured_media":0,"comment_status":"open","ping_status":"open","sticky":false,"template":"","format":"standard","meta":{"_acf_changed":false,"footnotes":""},"categories":[1558,1557,1561],"tags":[],"class_list":["post-25628","post","type-post","status-publish","format-standard","hentry","category-air-freight","category-forwarding-logistics","category-regions"],"acf":[],"yoast_head":"<!-- This site is optimized with the Yoast SEO plugin v27.3 - https:\/\/yoast.com\/product\/yoast-seo-wordpress\/ -->\n<title>Lufthansa Cargo et DB Schenker s&#039;engagent ensemble pour la r\u00e9duction des CO2 - Loginfo24.<\/title>\n<meta name=\"robots\" content=\"index, follow, max-snippet:-1, max-image-preview:large, max-video-preview:-1\" \/>\n<link rel=\"canonical\" href=\"https:\/\/loginfo24.com\/fr\/2021\/05\/20\/lufthansa-cargo-et-db-schenker-sengagent-ensemble-pour-la-reduction-des-co2\/\" \/>\n<meta property=\"og:locale\" content=\"fr_FR\" \/>\n<meta property=\"og:type\" content=\"article\" \/>\n<meta property=\"og:title\" content=\"Lufthansa Cargo et DB Schenker s&#039;engagent ensemble pour la r\u00e9duction des CO2 - Loginfo24.\" \/>\n<meta property=\"og:description\" content=\"Le cargo de Lufthansa, immatricul\u00e9 D-ALFG, est d\u00e9sormais marqu\u00e9 par l&rsquo;inscription &lsquo;Flying 100% CO2 neutral powered by DB Schenker&rsquo;. L&rsquo;inscription sur un Boeing 777F met en [\u2026]\" \/>\n<meta property=\"og:url\" content=\"https:\/\/loginfo24.com\/fr\/2021\/05\/20\/lufthansa-cargo-et-db-schenker-sengagent-ensemble-pour-la-reduction-des-co2\/\" \/>\n<meta property=\"og:site_name\" content=\"Loginfo24\" \/>\n<meta property=\"article:publisher\" content=\"https:\/\/www.facebook.com\/people\/Loginfo24\/100057360583332\/\" \/>\n<meta property=\"article:published_time\" content=\"2021-05-20T17:37:46+00:00\" \/>\n<meta property=\"article:modified_time\" content=\"2025-12-15T12:03:21+00:00\" \/>\n<meta name=\"twitter:card\" content=\"summary_large_image\" \/>\n<meta name=\"twitter:label1\" content=\"Dur\u00e9e de lecture estim\u00e9e\" \/>\n\t<meta name=\"twitter:data1\" content=\"3 minutes\" \/>\n<script type=\"application\/ld+json\" class=\"yoast-schema-graph\">{\"@context\":\"https:\\\/\\\/schema.org\",\"@graph\":[{\"@type\":\"Article\",\"@id\":\"https:\\\/\\\/loginfo24.com\\\/fr\\\/2021\\\/05\\\/20\\\/lufthansa-cargo-et-db-schenker-sengagent-ensemble-pour-la-reduction-des-co2\\\/#article\",\"isPartOf\":{\"@id\":\"https:\\\/\\\/loginfo24.com\\\/fr\\\/2021\\\/05\\\/20\\\/lufthansa-cargo-et-db-schenker-sengagent-ensemble-pour-la-reduction-des-co2\\\/\"},\"author\":{\"name\":\"\",\"@id\":\"\"},\"headline\":\"Lufthansa Cargo et DB Schenker s&rsquo;engagent ensemble pour la r\u00e9duction des CO2\",\"datePublished\":\"2021-05-20T17:37:46+00:00\",\"dateModified\":\"2025-12-15T12:03:21+00:00\",\"mainEntityOfPage\":{\"@id\":\"https:\\\/\\\/loginfo24.com\\\/fr\\\/2021\\\/05\\\/20\\\/lufthansa-cargo-et-db-schenker-sengagent-ensemble-pour-la-reduction-des-co2\\\/\"},\"wordCount\":722,\"commentCount\":0,\"publisher\":{\"@id\":\"https:\\\/\\\/loginfo24.com\\\/fr\\\/#organization\"},\"articleSection\":[\"Air Freight\",\"Forwarding &amp; Logistics\",\"Regions\"],\"inLanguage\":\"fr-FR\",\"potentialAction\":[{\"@type\":\"CommentAction\",\"name\":\"Comment\",\"target\":[\"https:\\\/\\\/loginfo24.com\\\/fr\\\/2021\\\/05\\\/20\\\/lufthansa-cargo-et-db-schenker-sengagent-ensemble-pour-la-reduction-des-co2\\\/#respond\"]}]},{\"@type\":\"WebPage\",\"@id\":\"https:\\\/\\\/loginfo24.com\\\/fr\\\/2021\\\/05\\\/20\\\/lufthansa-cargo-et-db-schenker-sengagent-ensemble-pour-la-reduction-des-co2\\\/\",\"url\":\"https:\\\/\\\/loginfo24.com\\\/fr\\\/2021\\\/05\\\/20\\\/lufthansa-cargo-et-db-schenker-sengagent-ensemble-pour-la-reduction-des-co2\\\/\",\"name\":\"Lufthansa Cargo et DB Schenker s'engagent ensemble pour la r\u00e9duction des CO2 - Loginfo24.\",\"isPartOf\":{\"@id\":\"https:\\\/\\\/loginfo24.com\\\/fr\\\/#website\"},\"datePublished\":\"2021-05-20T17:37:46+00:00\",\"dateModified\":\"2025-12-15T12:03:21+00:00\",\"breadcrumb\":{\"@id\":\"https:\\\/\\\/loginfo24.com\\\/fr\\\/2021\\\/05\\\/20\\\/lufthansa-cargo-et-db-schenker-sengagent-ensemble-pour-la-reduction-des-co2\\\/#breadcrumb\"},\"inLanguage\":\"fr-FR\",\"potentialAction\":[{\"@type\":\"ReadAction\",\"target\":[\"https:\\\/\\\/loginfo24.com\\\/fr\\\/2021\\\/05\\\/20\\\/lufthansa-cargo-et-db-schenker-sengagent-ensemble-pour-la-reduction-des-co2\\\/\"]}]},{\"@type\":\"BreadcrumbList\",\"@id\":\"https:\\\/\\\/loginfo24.com\\\/fr\\\/2021\\\/05\\\/20\\\/lufthansa-cargo-et-db-schenker-sengagent-ensemble-pour-la-reduction-des-co2\\\/#breadcrumb\",\"itemListElement\":[{\"@type\":\"ListItem\",\"position\":1,\"name\":\"Startseite\",\"item\":\"https:\\\/\\\/loginfo24.com\\\/fr\\\/\"},{\"@type\":\"ListItem\",\"position\":2,\"name\":\"Lufthansa Cargo et DB Schenker s&rsquo;engagent ensemble pour la r\u00e9duction des CO2\"}]},{\"@type\":\"WebSite\",\"@id\":\"https:\\\/\\\/loginfo24.com\\\/fr\\\/#website\",\"url\":\"https:\\\/\\\/loginfo24.com\\\/fr\\\/\",\"name\":\"Loginfo24\",\"description\":\"Loginfo24 est la plateforme d\u00e9di\u00e9e \u00e0 la logistique et aux cha\u00eenes d&#039;approvisionnement qui fournit des informations 24 heures sur 24.\",\"publisher\":{\"@id\":\"https:\\\/\\\/loginfo24.com\\\/fr\\\/#organization\"},\"potentialAction\":[{\"@type\":\"SearchAction\",\"target\":{\"@type\":\"EntryPoint\",\"urlTemplate\":\"https:\\\/\\\/loginfo24.com\\\/fr\\\/?s={search_term_string}\"},\"query-input\":{\"@type\":\"PropertyValueSpecification\",\"valueRequired\":true,\"valueName\":\"search_term_string\"}}],\"inLanguage\":\"fr-FR\"},{\"@type\":\"Organization\",\"@id\":\"https:\\\/\\\/loginfo24.com\\\/fr\\\/#organization\",\"name\":\"Groupe Logismedia AG\",\"url\":\"https:\\\/\\\/loginfo24.com\\\/fr\\\/\",\"logo\":{\"@type\":\"ImageObject\",\"inLanguage\":\"fr-FR\",\"@id\":\"https:\\\/\\\/loginfo24.com\\\/fr\\\/#\\\/schema\\\/logo\\\/image\\\/\",\"url\":\"https:\\\/\\\/loginfo24.com\\\/wp-content\\\/uploads\\\/sites\\\/7\\\/2026\\\/01\\\/Logo_LogInfo24.png\",\"contentUrl\":\"https:\\\/\\\/loginfo24.com\\\/wp-content\\\/uploads\\\/sites\\\/7\\\/2026\\\/01\\\/Logo_LogInfo24.png\",\"width\":938,\"height\":351,\"caption\":\"Groupe Logismedia AG\"},\"image\":{\"@id\":\"https:\\\/\\\/loginfo24.com\\\/fr\\\/#\\\/schema\\\/logo\\\/image\\\/\"},\"sameAs\":[\"https:\\\/\\\/www.facebook.com\\\/people\\\/Loginfo24\\\/100057360583332\\\/\",\"https:\\\/\\\/www.linkedin.com\\\/company\\\/lofinfo24\\\/\"]}]}<\/script>\n<!-- \/ Yoast SEO plugin. -->","yoast_head_json":{"title":"Lufthansa Cargo et DB Schenker s'engagent ensemble pour la r\u00e9duction des CO2 - Loginfo24.","robots":{"index":"index","follow":"follow","max-snippet":"max-snippet:-1","max-image-preview":"max-image-preview:large","max-video-preview":"max-video-preview:-1"},"canonical":"https:\/\/loginfo24.com\/fr\/2021\/05\/20\/lufthansa-cargo-et-db-schenker-sengagent-ensemble-pour-la-reduction-des-co2\/","og_locale":"fr_FR","og_type":"article","og_title":"Lufthansa Cargo et DB Schenker s'engagent ensemble pour la r\u00e9duction des CO2 - Loginfo24.","og_description":"Le cargo de Lufthansa, immatricul\u00e9 D-ALFG, est d\u00e9sormais marqu\u00e9 par l&rsquo;inscription &lsquo;Flying 100% CO2 neutral powered by DB Schenker&rsquo;. L&rsquo;inscription sur un Boeing 777F met en [\u2026]","og_url":"https:\/\/loginfo24.com\/fr\/2021\/05\/20\/lufthansa-cargo-et-db-schenker-sengagent-ensemble-pour-la-reduction-des-co2\/","og_site_name":"Loginfo24","article_publisher":"https:\/\/www.facebook.com\/people\/Loginfo24\/100057360583332\/","article_published_time":"2021-05-20T17:37:46+00:00","article_modified_time":"2025-12-15T12:03:21+00:00","twitter_card":"summary_large_image","twitter_misc":{"Dur\u00e9e de lecture estim\u00e9e":"3 minutes"},"schema":{"@context":"https:\/\/schema.org","@graph":[{"@type":"Article","@id":"https:\/\/loginfo24.com\/fr\/2021\/05\/20\/lufthansa-cargo-et-db-schenker-sengagent-ensemble-pour-la-reduction-des-co2\/#article","isPartOf":{"@id":"https:\/\/loginfo24.com\/fr\/2021\/05\/20\/lufthansa-cargo-et-db-schenker-sengagent-ensemble-pour-la-reduction-des-co2\/"},"author":{"name":"","@id":""},"headline":"Lufthansa Cargo et DB Schenker s&rsquo;engagent ensemble pour la r\u00e9duction des CO2","datePublished":"2021-05-20T17:37:46+00:00","dateModified":"2025-12-15T12:03:21+00:00","mainEntityOfPage":{"@id":"https:\/\/loginfo24.com\/fr\/2021\/05\/20\/lufthansa-cargo-et-db-schenker-sengagent-ensemble-pour-la-reduction-des-co2\/"},"wordCount":722,"commentCount":0,"publisher":{"@id":"https:\/\/loginfo24.com\/fr\/#organization"},"articleSection":["Air Freight","Forwarding &amp; Logistics","Regions"],"inLanguage":"fr-FR","potentialAction":[{"@type":"CommentAction","name":"Comment","target":["https:\/\/loginfo24.com\/fr\/2021\/05\/20\/lufthansa-cargo-et-db-schenker-sengagent-ensemble-pour-la-reduction-des-co2\/#respond"]}]},{"@type":"WebPage","@id":"https:\/\/loginfo24.com\/fr\/2021\/05\/20\/lufthansa-cargo-et-db-schenker-sengagent-ensemble-pour-la-reduction-des-co2\/","url":"https:\/\/loginfo24.com\/fr\/2021\/05\/20\/lufthansa-cargo-et-db-schenker-sengagent-ensemble-pour-la-reduction-des-co2\/","name":"Lufthansa Cargo et DB Schenker s'engagent ensemble pour la r\u00e9duction des CO2 - Loginfo24.","isPartOf":{"@id":"https:\/\/loginfo24.com\/fr\/#website"},"datePublished":"2021-05-20T17:37:46+00:00","dateModified":"2025-12-15T12:03:21+00:00","breadcrumb":{"@id":"https:\/\/loginfo24.com\/fr\/2021\/05\/20\/lufthansa-cargo-et-db-schenker-sengagent-ensemble-pour-la-reduction-des-co2\/#breadcrumb"},"inLanguage":"fr-FR","potentialAction":[{"@type":"ReadAction","target":["https:\/\/loginfo24.com\/fr\/2021\/05\/20\/lufthansa-cargo-et-db-schenker-sengagent-ensemble-pour-la-reduction-des-co2\/"]}]},{"@type":"BreadcrumbList","@id":"https:\/\/loginfo24.com\/fr\/2021\/05\/20\/lufthansa-cargo-et-db-schenker-sengagent-ensemble-pour-la-reduction-des-co2\/#breadcrumb","itemListElement":[{"@type":"ListItem","position":1,"name":"Startseite","item":"https:\/\/loginfo24.com\/fr\/"},{"@type":"ListItem","position":2,"name":"Lufthansa Cargo et DB Schenker s&rsquo;engagent ensemble pour la r\u00e9duction des CO2"}]},{"@type":"WebSite","@id":"https:\/\/loginfo24.com\/fr\/#website","url":"https:\/\/loginfo24.com\/fr\/","name":"Loginfo24","description":"Loginfo24 est la plateforme d\u00e9di\u00e9e \u00e0 la logistique et aux cha\u00eenes d&#039;approvisionnement qui fournit des informations 24 heures sur 24.","publisher":{"@id":"https:\/\/loginfo24.com\/fr\/#organization"},"potentialAction":[{"@type":"SearchAction","target":{"@type":"EntryPoint","urlTemplate":"https:\/\/loginfo24.com\/fr\/?s={search_term_string}"},"query-input":{"@type":"PropertyValueSpecification","valueRequired":true,"valueName":"search_term_string"}}],"inLanguage":"fr-FR"},{"@type":"Organization","@id":"https:\/\/loginfo24.com\/fr\/#organization","name":"Groupe Logismedia AG","url":"https:\/\/loginfo24.com\/fr\/","logo":{"@type":"ImageObject","inLanguage":"fr-FR","@id":"https:\/\/loginfo24.com\/fr\/#\/schema\/logo\/image\/","url":"https:\/\/loginfo24.com\/wp-content\/uploads\/sites\/7\/2026\/01\/Logo_LogInfo24.png","contentUrl":"https:\/\/loginfo24.com\/wp-content\/uploads\/sites\/7\/2026\/01\/Logo_LogInfo24.png","width":938,"height":351,"caption":"Groupe Logismedia AG"},"image":{"@id":"https:\/\/loginfo24.com\/fr\/#\/schema\/logo\/image\/"},"sameAs":["https:\/\/www.facebook.com\/people\/Loginfo24\/100057360583332\/","https:\/\/www.linkedin.com\/company\/lofinfo24\/"]}]}},"_links":{"self":[{"href":"https:\/\/loginfo24.com\/fr\/wp-json\/wp\/v2\/posts\/25628","targetHints":{"allow":["GET"]}}],"collection":[{"href":"https:\/\/loginfo24.com\/fr\/wp-json\/wp\/v2\/posts"}],"about":[{"href":"https:\/\/loginfo24.com\/fr\/wp-json\/wp\/v2\/types\/post"}],"replies":[{"embeddable":true,"href":"https:\/\/loginfo24.com\/fr\/wp-json\/wp\/v2\/comments?post=25628"}],"version-history":[{"count":1,"href":"https:\/\/loginfo24.com\/fr\/wp-json\/wp\/v2\/posts\/25628\/revisions"}],"predecessor-version":[{"id":46958,"href":"https:\/\/loginfo24.com\/fr\/wp-json\/wp\/v2\/posts\/25628\/revisions\/46958"}],"wp:attachment":[{"href":"https:\/\/loginfo24.com\/fr\/wp-json\/wp\/v2\/media?parent=25628"}],"wp:term":[{"taxonomy":"category","embeddable":true,"href":"https:\/\/loginfo24.com\/fr\/wp-json\/wp\/v2\/categories?post=25628"},{"taxonomy":"post_tag","embeddable":true,"href":"https:\/\/loginfo24.com\/fr\/wp-json\/wp\/v2\/tags?post=25628"}],"curies":[{"name":"wp","href":"https:\/\/api.w.org\/{rel}","templated":true}]}}