{"id":25322,"date":"2021-05-08T19:17:39","date_gmt":"2021-05-08T17:17:39","guid":{"rendered":"https:\/\/blog.brand-architecture.at\/2021\/05\/08\/politique-climatique-efficace-au-lieu-dune-couteuse-loi-sur-le-co2\/"},"modified":"2025-12-15T13:01:46","modified_gmt":"2025-12-15T12:01:46","slug":"politique-climatique-efficace-au-lieu-dune-couteuse-loi-sur-le-co2","status":"publish","type":"post","link":"https:\/\/loginfo24.com\/fr\/2021\/05\/08\/politique-climatique-efficace-au-lieu-dune-couteuse-loi-sur-le-co2\/","title":{"rendered":"Politique climatique efficace au lieu d&rsquo;une co\u00fbteuse loi sur le CO2"},"content":{"rendered":"<p>L&rsquo;Association suisse des v\u00e9hicules utilitaires ASTAG souhaite am\u00e9liorer encore l&rsquo;impact environnemental et climatique du transport routier. Lors de l&rsquo;assembl\u00e9e des d\u00e9l\u00e9gu\u00e9s de cette ann\u00e9e, en pr\u00e9sence de la conseill\u00e8re f\u00e9d\u00e9rale Simonetta Sommaruga, une r\u00e9solution intitul\u00e9e \u00ab Politique climatique efficace \u00bb a \u00e9t\u00e9 adopt\u00e9e \u00e0 l&rsquo;unanimit\u00e9. L&rsquo;objectif est de r\u00e9duire les \u00e9missions de gaz \u00e0 effet de serre du secteur de 50 % d&rsquo;ici 2030 par rapport \u00e0 1990, ainsi que de mani\u00e8re significative \u00e0 long terme.<\/p>\n<p>(Berne) Le transport de marchandises et de personnes sur la route est d\u00e9j\u00e0 aujourd&rsquo;hui propre. Gr\u00e2ce \u00e0 la modernisation continue des flottes, plus de 94 % des kilom\u00e8tres-tonnes sont parcourus avec des v\u00e9hicules utilitaires conformes aux normes EURO 5 et 6. De plus, de plus en plus de camions \u00e0 motorisations alternatives (\u00e9lectrique, hydrog\u00e8ne, CNG\/LNG, biogaz) sont en service. En cons\u00e9quence, les \u00e9missions polluantes ont presque atteint z\u00e9ro. La part du transport lourd dans les \u00e9missions totales de CO2 de la Suisse ne repr\u00e9sente qu&rsquo;environ 5 %.<\/p>\n<h5><strong>Assembl\u00e9e des d\u00e9l\u00e9gu\u00e9s pour la premi\u00e8re fois en virtuel<\/strong><\/h5>\n<p>Comme prochaine \u00e9tape, l&rsquo;Association suisse des v\u00e9hicules utilitaires ASTAG mise sur une initiative renforc\u00e9e du secteur du transport routier en faveur de l&rsquo;environnement et du climat. Lors de l&rsquo;assembl\u00e9e des d\u00e9l\u00e9gu\u00e9s de 2021 \u2013 tenue pour la premi\u00e8re fois virtuellement dans l&rsquo;histoire de l&rsquo;association \u2013 une r\u00e9solution intitul\u00e9e \u00ab Politique climatique efficace \u00bb a \u00e9t\u00e9 adopt\u00e9e. L&rsquo;ASTAG et ses membres s&rsquo;engagent ainsi clairement \u00e0 am\u00e9liorer encore les valeurs d&rsquo;\u00e9mission dans le transport routier. \u00ab Notre secteur a d\u00e9j\u00e0 investi des milliards dans la modernisation des flottes de v\u00e9hicules pour des transports aussi \u00e9cologiques que possible \u00bb, a soulign\u00e9 le pr\u00e9sident central de l&rsquo;ASTAG et conseiller aux \u00c9tats Thierry Burkart devant la conseill\u00e8re f\u00e9d\u00e9rale Simonetta Sommaruga, qui a transmis un message de salutations, ainsi qu&rsquo;environ 120 d\u00e9l\u00e9gu\u00e9s : \u00ab Nous renfor\u00e7ons maintenant notre engagement commun ! \u00bb<\/p>\n<h5><strong>Vers le succ\u00e8s avec des mesures efficaces<\/strong><\/h5>\n<p>L&rsquo;objectif concret est de r\u00e9duire les \u00e9missions de gaz \u00e0 effet de serre dans le transport de marchandises et de personnes sur la route de 50 % d&rsquo;ici 2030 par rapport \u00e0 1990 et de mani\u00e8re significative \u00e0 long terme. Les moyens sont des mesures raisonnables, sens\u00e9es et efficaces sur une base volontaire. Selon le principe de l&rsquo;auto-engagement, des \u00e9conomies de CO2 doivent \u00eatre r\u00e9alis\u00e9es dans le domaine des v\u00e9hicules (motorisations alternatives), dans la consommation de carburant (EcoDrive, syst\u00e8mes d&rsquo;assistance \u00e0 la conduite), dans l&rsquo;ex\u00e9cution des commandes (optimisation de la planification des tourn\u00e9es et du taux de chargement) et dans l&rsquo;infrastructure (par exemple, \u00e9nergie photovolta\u00efque). La r\u00e9solution entrera en vigueur le 1er juin 2021. Thierry Burkart est convaincu que le secteur apportera ainsi une contribution importante et efficace en faveur de l&rsquo;environnement et du climat : \u00ab Nous agissons activement et avec succ\u00e8s \u2013 tandis que d&rsquo;autres cercles se contentent de stigmatiser le transport routier sans raison ! \u00bb<\/p>\n<h5><strong>Un non clair \u00e0 la loi sur le CO2<\/strong><\/h5>\n<p>En revanche, l&rsquo;ASTAG dit clairement non \u00e0 la loi sur le CO2 lors du r\u00e9f\u00e9rendum populaire du 13 juin 2021. Le projet n&rsquo;apporte aucun b\u00e9n\u00e9fice, mais entra\u00eene en m\u00eame temps des co\u00fbts massifs pour l&rsquo;\u00e9conomie et la population. En particulier, des fonds qui avaient \u00e9t\u00e9 r\u00e9serv\u00e9s par le peuple il y a seulement quatre ans, le 12 f\u00e9vrier 2017, pour le fonds national des routes et du trafic d&rsquo;agglom\u00e9ration NAF, doivent \u00eatre d\u00e9tourn\u00e9s vers un nouveau pot de subventions sous le titre \u00ab Fonds climatique \u00bb. L&rsquo;ASTAG s&rsquo;oppose clairement \u00e0 cette d\u00e9tournement de fonds.<\/p>\n<p>Parmi les points ordinaires de l&rsquo;ordre du jour de l&rsquo;assembl\u00e9e des d\u00e9l\u00e9gu\u00e9s de cette ann\u00e9e, Richard Huber et Nils Planzer ont \u00e9t\u00e9 r\u00e9\u00e9lus au comit\u00e9 de direction de l&rsquo;ASTAG.<\/p>\n<p>Photo : \u00a9 Loginfo24\/Adobe Stock<\/p>\n","protected":false},"excerpt":{"rendered":"<p>L&rsquo;Association suisse des v\u00e9hicules utilitaires ASTAG souhaite am\u00e9liorer encore l&rsquo;impact environnemental et climatique du transport routier. Lors de l&rsquo;assembl\u00e9e des d\u00e9l\u00e9gu\u00e9s de cette ann\u00e9e, en pr\u00e9sence<span class=\"excerpt-hellip\"> [\u2026]<\/span><\/p>\n","protected":false},"author":0,"featured_media":0,"comment_status":"open","ping_status":"open","sticky":false,"template":"","format":"standard","meta":{"_acf_changed":false,"footnotes":""},"categories":[1557,1556,1561],"tags":[],"class_list":["post-25322","post","type-post","status-publish","format-standard","hentry","category-forwarding-logistics","category-intermodal-road","category-regions"],"acf":[],"yoast_head":"<!-- This site is optimized with the Yoast SEO plugin v27.3 - https:\/\/yoast.com\/product\/yoast-seo-wordpress\/ -->\n<title>Politique climatique efficace au lieu d&#039;une co\u00fbteuse loi sur le CO2 - Loginfo24.<\/title>\n<meta name=\"robots\" content=\"index, follow, max-snippet:-1, max-image-preview:large, max-video-preview:-1\" \/>\n<link rel=\"canonical\" href=\"https:\/\/loginfo24.com\/fr\/2021\/05\/08\/politique-climatique-efficace-au-lieu-dune-couteuse-loi-sur-le-co2\/\" \/>\n<meta property=\"og:locale\" content=\"fr_FR\" \/>\n<meta property=\"og:type\" content=\"article\" \/>\n<meta property=\"og:title\" content=\"Politique climatique efficace au lieu d&#039;une co\u00fbteuse loi sur le CO2 - Loginfo24.\" \/>\n<meta property=\"og:description\" content=\"L&rsquo;Association suisse des v\u00e9hicules utilitaires ASTAG souhaite am\u00e9liorer encore l&rsquo;impact environnemental et climatique du transport routier. Lors de l&rsquo;assembl\u00e9e des d\u00e9l\u00e9gu\u00e9s de cette ann\u00e9e, en pr\u00e9sence [\u2026]\" \/>\n<meta property=\"og:url\" content=\"https:\/\/loginfo24.com\/fr\/2021\/05\/08\/politique-climatique-efficace-au-lieu-dune-couteuse-loi-sur-le-co2\/\" \/>\n<meta property=\"og:site_name\" content=\"Loginfo24\" \/>\n<meta property=\"article:publisher\" content=\"https:\/\/www.facebook.com\/people\/Loginfo24\/100057360583332\/\" \/>\n<meta property=\"article:published_time\" content=\"2021-05-08T17:17:39+00:00\" \/>\n<meta property=\"article:modified_time\" content=\"2025-12-15T12:01:46+00:00\" \/>\n<meta name=\"twitter:card\" content=\"summary_large_image\" \/>\n<meta name=\"twitter:label1\" content=\"Dur\u00e9e de lecture estim\u00e9e\" \/>\n\t<meta name=\"twitter:data1\" content=\"3 minutes\" \/>\n<script type=\"application\/ld+json\" class=\"yoast-schema-graph\">{\"@context\":\"https:\\\/\\\/schema.org\",\"@graph\":[{\"@type\":\"Article\",\"@id\":\"https:\\\/\\\/loginfo24.com\\\/fr\\\/2021\\\/05\\\/08\\\/politique-climatique-efficace-au-lieu-dune-couteuse-loi-sur-le-co2\\\/#article\",\"isPartOf\":{\"@id\":\"https:\\\/\\\/loginfo24.com\\\/fr\\\/2021\\\/05\\\/08\\\/politique-climatique-efficace-au-lieu-dune-couteuse-loi-sur-le-co2\\\/\"},\"author\":{\"name\":\"\",\"@id\":\"\"},\"headline\":\"Politique climatique efficace au lieu d&rsquo;une co\u00fbteuse loi sur le CO2\",\"datePublished\":\"2021-05-08T17:17:39+00:00\",\"dateModified\":\"2025-12-15T12:01:46+00:00\",\"mainEntityOfPage\":{\"@id\":\"https:\\\/\\\/loginfo24.com\\\/fr\\\/2021\\\/05\\\/08\\\/politique-climatique-efficace-au-lieu-dune-couteuse-loi-sur-le-co2\\\/\"},\"wordCount\":688,\"commentCount\":0,\"publisher\":{\"@id\":\"https:\\\/\\\/loginfo24.com\\\/fr\\\/#organization\"},\"articleSection\":[\"Forwarding &amp; Logistics\",\"Intermodal \\\/ Road\",\"Regions\"],\"inLanguage\":\"fr-FR\",\"potentialAction\":[{\"@type\":\"CommentAction\",\"name\":\"Comment\",\"target\":[\"https:\\\/\\\/loginfo24.com\\\/fr\\\/2021\\\/05\\\/08\\\/politique-climatique-efficace-au-lieu-dune-couteuse-loi-sur-le-co2\\\/#respond\"]}]},{\"@type\":\"WebPage\",\"@id\":\"https:\\\/\\\/loginfo24.com\\\/fr\\\/2021\\\/05\\\/08\\\/politique-climatique-efficace-au-lieu-dune-couteuse-loi-sur-le-co2\\\/\",\"url\":\"https:\\\/\\\/loginfo24.com\\\/fr\\\/2021\\\/05\\\/08\\\/politique-climatique-efficace-au-lieu-dune-couteuse-loi-sur-le-co2\\\/\",\"name\":\"Politique climatique efficace au lieu d'une co\u00fbteuse loi sur le CO2 - Loginfo24.\",\"isPartOf\":{\"@id\":\"https:\\\/\\\/loginfo24.com\\\/fr\\\/#website\"},\"datePublished\":\"2021-05-08T17:17:39+00:00\",\"dateModified\":\"2025-12-15T12:01:46+00:00\",\"breadcrumb\":{\"@id\":\"https:\\\/\\\/loginfo24.com\\\/fr\\\/2021\\\/05\\\/08\\\/politique-climatique-efficace-au-lieu-dune-couteuse-loi-sur-le-co2\\\/#breadcrumb\"},\"inLanguage\":\"fr-FR\",\"potentialAction\":[{\"@type\":\"ReadAction\",\"target\":[\"https:\\\/\\\/loginfo24.com\\\/fr\\\/2021\\\/05\\\/08\\\/politique-climatique-efficace-au-lieu-dune-couteuse-loi-sur-le-co2\\\/\"]}]},{\"@type\":\"BreadcrumbList\",\"@id\":\"https:\\\/\\\/loginfo24.com\\\/fr\\\/2021\\\/05\\\/08\\\/politique-climatique-efficace-au-lieu-dune-couteuse-loi-sur-le-co2\\\/#breadcrumb\",\"itemListElement\":[{\"@type\":\"ListItem\",\"position\":1,\"name\":\"Startseite\",\"item\":\"https:\\\/\\\/loginfo24.com\\\/fr\\\/\"},{\"@type\":\"ListItem\",\"position\":2,\"name\":\"Politique climatique efficace au lieu d&rsquo;une co\u00fbteuse loi sur le CO2\"}]},{\"@type\":\"WebSite\",\"@id\":\"https:\\\/\\\/loginfo24.com\\\/fr\\\/#website\",\"url\":\"https:\\\/\\\/loginfo24.com\\\/fr\\\/\",\"name\":\"Loginfo24\",\"description\":\"Loginfo24 est la plateforme d\u00e9di\u00e9e \u00e0 la logistique et aux cha\u00eenes d&#039;approvisionnement qui fournit des informations 24 heures sur 24.\",\"publisher\":{\"@id\":\"https:\\\/\\\/loginfo24.com\\\/fr\\\/#organization\"},\"potentialAction\":[{\"@type\":\"SearchAction\",\"target\":{\"@type\":\"EntryPoint\",\"urlTemplate\":\"https:\\\/\\\/loginfo24.com\\\/fr\\\/?s={search_term_string}\"},\"query-input\":{\"@type\":\"PropertyValueSpecification\",\"valueRequired\":true,\"valueName\":\"search_term_string\"}}],\"inLanguage\":\"fr-FR\"},{\"@type\":\"Organization\",\"@id\":\"https:\\\/\\\/loginfo24.com\\\/fr\\\/#organization\",\"name\":\"Groupe Logismedia AG\",\"url\":\"https:\\\/\\\/loginfo24.com\\\/fr\\\/\",\"logo\":{\"@type\":\"ImageObject\",\"inLanguage\":\"fr-FR\",\"@id\":\"https:\\\/\\\/loginfo24.com\\\/fr\\\/#\\\/schema\\\/logo\\\/image\\\/\",\"url\":\"https:\\\/\\\/loginfo24.com\\\/wp-content\\\/uploads\\\/sites\\\/7\\\/2026\\\/01\\\/Logo_LogInfo24.png\",\"contentUrl\":\"https:\\\/\\\/loginfo24.com\\\/wp-content\\\/uploads\\\/sites\\\/7\\\/2026\\\/01\\\/Logo_LogInfo24.png\",\"width\":938,\"height\":351,\"caption\":\"Groupe Logismedia AG\"},\"image\":{\"@id\":\"https:\\\/\\\/loginfo24.com\\\/fr\\\/#\\\/schema\\\/logo\\\/image\\\/\"},\"sameAs\":[\"https:\\\/\\\/www.facebook.com\\\/people\\\/Loginfo24\\\/100057360583332\\\/\",\"https:\\\/\\\/www.linkedin.com\\\/company\\\/lofinfo24\\\/\"]}]}<\/script>\n<!-- \/ Yoast SEO plugin. -->","yoast_head_json":{"title":"Politique climatique efficace au lieu d'une co\u00fbteuse loi sur le CO2 - Loginfo24.","robots":{"index":"index","follow":"follow","max-snippet":"max-snippet:-1","max-image-preview":"max-image-preview:large","max-video-preview":"max-video-preview:-1"},"canonical":"https:\/\/loginfo24.com\/fr\/2021\/05\/08\/politique-climatique-efficace-au-lieu-dune-couteuse-loi-sur-le-co2\/","og_locale":"fr_FR","og_type":"article","og_title":"Politique climatique efficace au lieu d'une co\u00fbteuse loi sur le CO2 - Loginfo24.","og_description":"L&rsquo;Association suisse des v\u00e9hicules utilitaires ASTAG souhaite am\u00e9liorer encore l&rsquo;impact environnemental et climatique du transport routier. Lors de l&rsquo;assembl\u00e9e des d\u00e9l\u00e9gu\u00e9s de cette ann\u00e9e, en pr\u00e9sence [\u2026]","og_url":"https:\/\/loginfo24.com\/fr\/2021\/05\/08\/politique-climatique-efficace-au-lieu-dune-couteuse-loi-sur-le-co2\/","og_site_name":"Loginfo24","article_publisher":"https:\/\/www.facebook.com\/people\/Loginfo24\/100057360583332\/","article_published_time":"2021-05-08T17:17:39+00:00","article_modified_time":"2025-12-15T12:01:46+00:00","twitter_card":"summary_large_image","twitter_misc":{"Dur\u00e9e de lecture estim\u00e9e":"3 minutes"},"schema":{"@context":"https:\/\/schema.org","@graph":[{"@type":"Article","@id":"https:\/\/loginfo24.com\/fr\/2021\/05\/08\/politique-climatique-efficace-au-lieu-dune-couteuse-loi-sur-le-co2\/#article","isPartOf":{"@id":"https:\/\/loginfo24.com\/fr\/2021\/05\/08\/politique-climatique-efficace-au-lieu-dune-couteuse-loi-sur-le-co2\/"},"author":{"name":"","@id":""},"headline":"Politique climatique efficace au lieu d&rsquo;une co\u00fbteuse loi sur le CO2","datePublished":"2021-05-08T17:17:39+00:00","dateModified":"2025-12-15T12:01:46+00:00","mainEntityOfPage":{"@id":"https:\/\/loginfo24.com\/fr\/2021\/05\/08\/politique-climatique-efficace-au-lieu-dune-couteuse-loi-sur-le-co2\/"},"wordCount":688,"commentCount":0,"publisher":{"@id":"https:\/\/loginfo24.com\/fr\/#organization"},"articleSection":["Forwarding &amp; Logistics","Intermodal \/ Road","Regions"],"inLanguage":"fr-FR","potentialAction":[{"@type":"CommentAction","name":"Comment","target":["https:\/\/loginfo24.com\/fr\/2021\/05\/08\/politique-climatique-efficace-au-lieu-dune-couteuse-loi-sur-le-co2\/#respond"]}]},{"@type":"WebPage","@id":"https:\/\/loginfo24.com\/fr\/2021\/05\/08\/politique-climatique-efficace-au-lieu-dune-couteuse-loi-sur-le-co2\/","url":"https:\/\/loginfo24.com\/fr\/2021\/05\/08\/politique-climatique-efficace-au-lieu-dune-couteuse-loi-sur-le-co2\/","name":"Politique climatique efficace au lieu d'une co\u00fbteuse loi sur le CO2 - Loginfo24.","isPartOf":{"@id":"https:\/\/loginfo24.com\/fr\/#website"},"datePublished":"2021-05-08T17:17:39+00:00","dateModified":"2025-12-15T12:01:46+00:00","breadcrumb":{"@id":"https:\/\/loginfo24.com\/fr\/2021\/05\/08\/politique-climatique-efficace-au-lieu-dune-couteuse-loi-sur-le-co2\/#breadcrumb"},"inLanguage":"fr-FR","potentialAction":[{"@type":"ReadAction","target":["https:\/\/loginfo24.com\/fr\/2021\/05\/08\/politique-climatique-efficace-au-lieu-dune-couteuse-loi-sur-le-co2\/"]}]},{"@type":"BreadcrumbList","@id":"https:\/\/loginfo24.com\/fr\/2021\/05\/08\/politique-climatique-efficace-au-lieu-dune-couteuse-loi-sur-le-co2\/#breadcrumb","itemListElement":[{"@type":"ListItem","position":1,"name":"Startseite","item":"https:\/\/loginfo24.com\/fr\/"},{"@type":"ListItem","position":2,"name":"Politique climatique efficace au lieu d&rsquo;une co\u00fbteuse loi sur le CO2"}]},{"@type":"WebSite","@id":"https:\/\/loginfo24.com\/fr\/#website","url":"https:\/\/loginfo24.com\/fr\/","name":"Loginfo24","description":"Loginfo24 est la plateforme d\u00e9di\u00e9e \u00e0 la logistique et aux cha\u00eenes d&#039;approvisionnement qui fournit des informations 24 heures sur 24.","publisher":{"@id":"https:\/\/loginfo24.com\/fr\/#organization"},"potentialAction":[{"@type":"SearchAction","target":{"@type":"EntryPoint","urlTemplate":"https:\/\/loginfo24.com\/fr\/?s={search_term_string}"},"query-input":{"@type":"PropertyValueSpecification","valueRequired":true,"valueName":"search_term_string"}}],"inLanguage":"fr-FR"},{"@type":"Organization","@id":"https:\/\/loginfo24.com\/fr\/#organization","name":"Groupe Logismedia AG","url":"https:\/\/loginfo24.com\/fr\/","logo":{"@type":"ImageObject","inLanguage":"fr-FR","@id":"https:\/\/loginfo24.com\/fr\/#\/schema\/logo\/image\/","url":"https:\/\/loginfo24.com\/wp-content\/uploads\/sites\/7\/2026\/01\/Logo_LogInfo24.png","contentUrl":"https:\/\/loginfo24.com\/wp-content\/uploads\/sites\/7\/2026\/01\/Logo_LogInfo24.png","width":938,"height":351,"caption":"Groupe Logismedia AG"},"image":{"@id":"https:\/\/loginfo24.com\/fr\/#\/schema\/logo\/image\/"},"sameAs":["https:\/\/www.facebook.com\/people\/Loginfo24\/100057360583332\/","https:\/\/www.linkedin.com\/company\/lofinfo24\/"]}]}},"_links":{"self":[{"href":"https:\/\/loginfo24.com\/fr\/wp-json\/wp\/v2\/posts\/25322","targetHints":{"allow":["GET"]}}],"collection":[{"href":"https:\/\/loginfo24.com\/fr\/wp-json\/wp\/v2\/posts"}],"about":[{"href":"https:\/\/loginfo24.com\/fr\/wp-json\/wp\/v2\/types\/post"}],"replies":[{"embeddable":true,"href":"https:\/\/loginfo24.com\/fr\/wp-json\/wp\/v2\/comments?post=25322"}],"version-history":[{"count":1,"href":"https:\/\/loginfo24.com\/fr\/wp-json\/wp\/v2\/posts\/25322\/revisions"}],"predecessor-version":[{"id":46346,"href":"https:\/\/loginfo24.com\/fr\/wp-json\/wp\/v2\/posts\/25322\/revisions\/46346"}],"wp:attachment":[{"href":"https:\/\/loginfo24.com\/fr\/wp-json\/wp\/v2\/media?parent=25322"}],"wp:term":[{"taxonomy":"category","embeddable":true,"href":"https:\/\/loginfo24.com\/fr\/wp-json\/wp\/v2\/categories?post=25322"},{"taxonomy":"post_tag","embeddable":true,"href":"https:\/\/loginfo24.com\/fr\/wp-json\/wp\/v2\/tags?post=25322"}],"curies":[{"name":"wp","href":"https:\/\/api.w.org\/{rel}","templated":true}]}}