{"id":24711,"date":"2021-04-14T19:24:00","date_gmt":"2021-04-14T17:24:00","guid":{"rendered":"https:\/\/blog.brand-architecture.at\/2021\/04\/14\/la-production-de-palettes-epal-augmente-malgre-la-pandemie-de-covid-19\/"},"modified":"2025-12-15T12:58:55","modified_gmt":"2025-12-15T11:58:55","slug":"la-production-de-palettes-epal-augmente-malgre-la-pandemie-de-covid-19","status":"publish","type":"post","link":"https:\/\/loginfo24.com\/fr\/2021\/04\/14\/la-production-de-palettes-epal-augmente-malgre-la-pandemie-de-covid-19\/","title":{"rendered":"La production de palettes EPAL augmente malgr\u00e9 la pand\u00e9mie de Covid-19"},"content":{"rendered":"<p>L&rsquo;Association Europ\u00e9enne des Palettes e.V. (EPAL) a enregistr\u00e9 en 2020 une augmentation de la production de palettes EPAL, apr\u00e8s la croissance des ann\u00e9es pr\u00e9c\u00e9dentes. En 2020, un total de 123,5 millions de supports de charge EPAL ont \u00e9t\u00e9 produits et r\u00e9par\u00e9s.<\/p>\n<p>(D\u00fcsseldorf) Malgr\u00e9 les d\u00e9fis pos\u00e9s par la pand\u00e9mie de Covid-19 et l&rsquo;augmentation des prix du bois, la production de palettes EPAL a augment\u00e9 de 1,14 % en 2020 pour atteindre 97,3 millions de palettes (2019 : 96,2 millions). Les chiffres de signalement pour la r\u00e9paration des palettes EPAL sont l\u00e9g\u00e8rement en baisse. En somme, il y a cependant une augmentation de la production et de la r\u00e9paration des palettes EPAL de 0,5 % pour atteindre 123,5 millions de palettes (2019 : 123 millions de palettes).<br \/>\u00ab Cette \u00e9volution positive est particuli\u00e8rement remarquable compte tenu de la r\u00e9cession \u00e9conomique mondiale due \u00e0 la pand\u00e9mie de Covid-19 \u00bb, explique Robert Holliger, pr\u00e9sident de l&rsquo;EPAL. \u00ab Les perturbations des cha\u00eenes d&rsquo;approvisionnement nationales et internationales ont constitu\u00e9 un d\u00e9fi sans pr\u00e9c\u00e9dent pour les fabricants et les utilisateurs de palettes europ\u00e9ennes EPAL, qui a \u00e9t\u00e9 relev\u00e9 avec succ\u00e8s ensemble. \u00bb<\/p>\n<h5><strong>Les supports de charge EPAL sont une partie indispensable des cha\u00eenes d&rsquo;approvisionnement<\/strong><\/h5>\n<p>La production et la r\u00e9paration des palettes EPAL ont \u00e9t\u00e9 class\u00e9es comme essentielles par de nombreux pays europ\u00e9ens, car la logistique des palettes et en particulier le pool d&rsquo;\u00e9change ouvert des palettes europ\u00e9ennes EPAL sont d&rsquo;une importance cruciale pour le transport de marchandises. Pour maintenir l&rsquo;approvisionnement des consommateurs en aliments et autres biens de consommation et pour s\u00e9curiser les cha\u00eenes d&rsquo;approvisionnement du commerce et de l&rsquo;industrie, les licenci\u00e9s de l&rsquo;EPAL ont \u00e9t\u00e9 et sont toujours en mesure de livrer \u00e0 tout moment, m\u00eame pendant le confinement.<br \/>\u00ab C&rsquo;est pour nous un signe de confiance particulier que de grandes parties du transport des vaccins Covid-19 se fassent sur des palettes europ\u00e9ennes EPAL. Les palettes europ\u00e9ennes EPAL r\u00e9pondent aux normes les plus \u00e9lev\u00e9es en mati\u00e8re de s\u00e9curit\u00e9 et de fiabilit\u00e9 des supports de charge, notamment en cas de refroidissement extr\u00eame comme lors du transport de vaccins \u00bb, d\u00e9clare Robert Holliger.<br \/>Photo : \u00a9 EPAL<\/p>\n","protected":false},"excerpt":{"rendered":"<p>L&rsquo;Association Europ\u00e9enne des Palettes e.V. (EPAL) a enregistr\u00e9 en 2020 une augmentation de la production de palettes EPAL, apr\u00e8s la croissance des ann\u00e9es pr\u00e9c\u00e9dentes. En 2020,<span class=\"excerpt-hellip\"> [\u2026]<\/span><\/p>\n","protected":false},"author":0,"featured_media":0,"comment_status":"open","ping_status":"open","sticky":false,"template":"","format":"standard","meta":{"_acf_changed":false,"footnotes":""},"categories":[1557,1561],"tags":[],"class_list":["post-24711","post","type-post","status-publish","format-standard","hentry","category-forwarding-logistics","category-regions"],"acf":[],"yoast_head":"<!-- This site is optimized with the Yoast SEO plugin v27.3 - https:\/\/yoast.com\/product\/yoast-seo-wordpress\/ -->\n<title>La production de palettes EPAL augmente malgr\u00e9 la pand\u00e9mie de Covid-19 - Loginfo24.<\/title>\n<meta name=\"robots\" content=\"index, follow, max-snippet:-1, max-image-preview:large, max-video-preview:-1\" \/>\n<link rel=\"canonical\" href=\"https:\/\/loginfo24.com\/fr\/2021\/04\/14\/la-production-de-palettes-epal-augmente-malgre-la-pandemie-de-covid-19\/\" \/>\n<meta property=\"og:locale\" content=\"fr_FR\" \/>\n<meta property=\"og:type\" content=\"article\" \/>\n<meta property=\"og:title\" content=\"La production de palettes EPAL augmente malgr\u00e9 la pand\u00e9mie de Covid-19 - Loginfo24.\" \/>\n<meta property=\"og:description\" content=\"L&rsquo;Association Europ\u00e9enne des Palettes e.V. (EPAL) a enregistr\u00e9 en 2020 une augmentation de la production de palettes EPAL, apr\u00e8s la croissance des ann\u00e9es pr\u00e9c\u00e9dentes. En 2020, [\u2026]\" \/>\n<meta property=\"og:url\" content=\"https:\/\/loginfo24.com\/fr\/2021\/04\/14\/la-production-de-palettes-epal-augmente-malgre-la-pandemie-de-covid-19\/\" \/>\n<meta property=\"og:site_name\" content=\"Loginfo24\" \/>\n<meta property=\"article:publisher\" content=\"https:\/\/www.facebook.com\/people\/Loginfo24\/100057360583332\/\" \/>\n<meta property=\"article:published_time\" content=\"2021-04-14T17:24:00+00:00\" \/>\n<meta property=\"article:modified_time\" content=\"2025-12-15T11:58:55+00:00\" \/>\n<meta name=\"twitter:card\" content=\"summary_large_image\" \/>\n<meta name=\"twitter:label1\" content=\"Dur\u00e9e de lecture estim\u00e9e\" \/>\n\t<meta name=\"twitter:data1\" content=\"2 minutes\" \/>\n<script type=\"application\/ld+json\" class=\"yoast-schema-graph\">{\"@context\":\"https:\\\/\\\/schema.org\",\"@graph\":[{\"@type\":\"Article\",\"@id\":\"https:\\\/\\\/loginfo24.com\\\/fr\\\/2021\\\/04\\\/14\\\/la-production-de-palettes-epal-augmente-malgre-la-pandemie-de-covid-19\\\/#article\",\"isPartOf\":{\"@id\":\"https:\\\/\\\/loginfo24.com\\\/fr\\\/2021\\\/04\\\/14\\\/la-production-de-palettes-epal-augmente-malgre-la-pandemie-de-covid-19\\\/\"},\"author\":{\"name\":\"\",\"@id\":\"\"},\"headline\":\"La production de palettes EPAL augmente malgr\u00e9 la pand\u00e9mie de Covid-19\",\"datePublished\":\"2021-04-14T17:24:00+00:00\",\"dateModified\":\"2025-12-15T11:58:55+00:00\",\"mainEntityOfPage\":{\"@id\":\"https:\\\/\\\/loginfo24.com\\\/fr\\\/2021\\\/04\\\/14\\\/la-production-de-palettes-epal-augmente-malgre-la-pandemie-de-covid-19\\\/\"},\"wordCount\":391,\"commentCount\":0,\"publisher\":{\"@id\":\"https:\\\/\\\/loginfo24.com\\\/fr\\\/#organization\"},\"articleSection\":[\"Forwarding &amp; Logistics\",\"Regions\"],\"inLanguage\":\"fr-FR\",\"potentialAction\":[{\"@type\":\"CommentAction\",\"name\":\"Comment\",\"target\":[\"https:\\\/\\\/loginfo24.com\\\/fr\\\/2021\\\/04\\\/14\\\/la-production-de-palettes-epal-augmente-malgre-la-pandemie-de-covid-19\\\/#respond\"]}]},{\"@type\":\"WebPage\",\"@id\":\"https:\\\/\\\/loginfo24.com\\\/fr\\\/2021\\\/04\\\/14\\\/la-production-de-palettes-epal-augmente-malgre-la-pandemie-de-covid-19\\\/\",\"url\":\"https:\\\/\\\/loginfo24.com\\\/fr\\\/2021\\\/04\\\/14\\\/la-production-de-palettes-epal-augmente-malgre-la-pandemie-de-covid-19\\\/\",\"name\":\"La production de palettes EPAL augmente malgr\u00e9 la pand\u00e9mie de Covid-19 - Loginfo24.\",\"isPartOf\":{\"@id\":\"https:\\\/\\\/loginfo24.com\\\/fr\\\/#website\"},\"datePublished\":\"2021-04-14T17:24:00+00:00\",\"dateModified\":\"2025-12-15T11:58:55+00:00\",\"breadcrumb\":{\"@id\":\"https:\\\/\\\/loginfo24.com\\\/fr\\\/2021\\\/04\\\/14\\\/la-production-de-palettes-epal-augmente-malgre-la-pandemie-de-covid-19\\\/#breadcrumb\"},\"inLanguage\":\"fr-FR\",\"potentialAction\":[{\"@type\":\"ReadAction\",\"target\":[\"https:\\\/\\\/loginfo24.com\\\/fr\\\/2021\\\/04\\\/14\\\/la-production-de-palettes-epal-augmente-malgre-la-pandemie-de-covid-19\\\/\"]}]},{\"@type\":\"BreadcrumbList\",\"@id\":\"https:\\\/\\\/loginfo24.com\\\/fr\\\/2021\\\/04\\\/14\\\/la-production-de-palettes-epal-augmente-malgre-la-pandemie-de-covid-19\\\/#breadcrumb\",\"itemListElement\":[{\"@type\":\"ListItem\",\"position\":1,\"name\":\"Startseite\",\"item\":\"https:\\\/\\\/loginfo24.com\\\/fr\\\/\"},{\"@type\":\"ListItem\",\"position\":2,\"name\":\"La production de palettes EPAL augmente malgr\u00e9 la pand\u00e9mie de Covid-19\"}]},{\"@type\":\"WebSite\",\"@id\":\"https:\\\/\\\/loginfo24.com\\\/fr\\\/#website\",\"url\":\"https:\\\/\\\/loginfo24.com\\\/fr\\\/\",\"name\":\"Loginfo24\",\"description\":\"Loginfo24 est la plateforme d\u00e9di\u00e9e \u00e0 la logistique et aux cha\u00eenes d&#039;approvisionnement qui fournit des informations 24 heures sur 24.\",\"publisher\":{\"@id\":\"https:\\\/\\\/loginfo24.com\\\/fr\\\/#organization\"},\"potentialAction\":[{\"@type\":\"SearchAction\",\"target\":{\"@type\":\"EntryPoint\",\"urlTemplate\":\"https:\\\/\\\/loginfo24.com\\\/fr\\\/?s={search_term_string}\"},\"query-input\":{\"@type\":\"PropertyValueSpecification\",\"valueRequired\":true,\"valueName\":\"search_term_string\"}}],\"inLanguage\":\"fr-FR\"},{\"@type\":\"Organization\",\"@id\":\"https:\\\/\\\/loginfo24.com\\\/fr\\\/#organization\",\"name\":\"Groupe Logismedia AG\",\"url\":\"https:\\\/\\\/loginfo24.com\\\/fr\\\/\",\"logo\":{\"@type\":\"ImageObject\",\"inLanguage\":\"fr-FR\",\"@id\":\"https:\\\/\\\/loginfo24.com\\\/fr\\\/#\\\/schema\\\/logo\\\/image\\\/\",\"url\":\"https:\\\/\\\/loginfo24.com\\\/wp-content\\\/uploads\\\/sites\\\/7\\\/2026\\\/01\\\/Logo_LogInfo24.png\",\"contentUrl\":\"https:\\\/\\\/loginfo24.com\\\/wp-content\\\/uploads\\\/sites\\\/7\\\/2026\\\/01\\\/Logo_LogInfo24.png\",\"width\":938,\"height\":351,\"caption\":\"Groupe Logismedia AG\"},\"image\":{\"@id\":\"https:\\\/\\\/loginfo24.com\\\/fr\\\/#\\\/schema\\\/logo\\\/image\\\/\"},\"sameAs\":[\"https:\\\/\\\/www.facebook.com\\\/people\\\/Loginfo24\\\/100057360583332\\\/\",\"https:\\\/\\\/www.linkedin.com\\\/company\\\/lofinfo24\\\/\"]}]}<\/script>\n<!-- \/ Yoast SEO plugin. -->","yoast_head_json":{"title":"La production de palettes EPAL augmente malgr\u00e9 la pand\u00e9mie de Covid-19 - Loginfo24.","robots":{"index":"index","follow":"follow","max-snippet":"max-snippet:-1","max-image-preview":"max-image-preview:large","max-video-preview":"max-video-preview:-1"},"canonical":"https:\/\/loginfo24.com\/fr\/2021\/04\/14\/la-production-de-palettes-epal-augmente-malgre-la-pandemie-de-covid-19\/","og_locale":"fr_FR","og_type":"article","og_title":"La production de palettes EPAL augmente malgr\u00e9 la pand\u00e9mie de Covid-19 - Loginfo24.","og_description":"L&rsquo;Association Europ\u00e9enne des Palettes e.V. (EPAL) a enregistr\u00e9 en 2020 une augmentation de la production de palettes EPAL, apr\u00e8s la croissance des ann\u00e9es pr\u00e9c\u00e9dentes. En 2020, [\u2026]","og_url":"https:\/\/loginfo24.com\/fr\/2021\/04\/14\/la-production-de-palettes-epal-augmente-malgre-la-pandemie-de-covid-19\/","og_site_name":"Loginfo24","article_publisher":"https:\/\/www.facebook.com\/people\/Loginfo24\/100057360583332\/","article_published_time":"2021-04-14T17:24:00+00:00","article_modified_time":"2025-12-15T11:58:55+00:00","twitter_card":"summary_large_image","twitter_misc":{"Dur\u00e9e de lecture estim\u00e9e":"2 minutes"},"schema":{"@context":"https:\/\/schema.org","@graph":[{"@type":"Article","@id":"https:\/\/loginfo24.com\/fr\/2021\/04\/14\/la-production-de-palettes-epal-augmente-malgre-la-pandemie-de-covid-19\/#article","isPartOf":{"@id":"https:\/\/loginfo24.com\/fr\/2021\/04\/14\/la-production-de-palettes-epal-augmente-malgre-la-pandemie-de-covid-19\/"},"author":{"name":"","@id":""},"headline":"La production de palettes EPAL augmente malgr\u00e9 la pand\u00e9mie de Covid-19","datePublished":"2021-04-14T17:24:00+00:00","dateModified":"2025-12-15T11:58:55+00:00","mainEntityOfPage":{"@id":"https:\/\/loginfo24.com\/fr\/2021\/04\/14\/la-production-de-palettes-epal-augmente-malgre-la-pandemie-de-covid-19\/"},"wordCount":391,"commentCount":0,"publisher":{"@id":"https:\/\/loginfo24.com\/fr\/#organization"},"articleSection":["Forwarding &amp; Logistics","Regions"],"inLanguage":"fr-FR","potentialAction":[{"@type":"CommentAction","name":"Comment","target":["https:\/\/loginfo24.com\/fr\/2021\/04\/14\/la-production-de-palettes-epal-augmente-malgre-la-pandemie-de-covid-19\/#respond"]}]},{"@type":"WebPage","@id":"https:\/\/loginfo24.com\/fr\/2021\/04\/14\/la-production-de-palettes-epal-augmente-malgre-la-pandemie-de-covid-19\/","url":"https:\/\/loginfo24.com\/fr\/2021\/04\/14\/la-production-de-palettes-epal-augmente-malgre-la-pandemie-de-covid-19\/","name":"La production de palettes EPAL augmente malgr\u00e9 la pand\u00e9mie de Covid-19 - Loginfo24.","isPartOf":{"@id":"https:\/\/loginfo24.com\/fr\/#website"},"datePublished":"2021-04-14T17:24:00+00:00","dateModified":"2025-12-15T11:58:55+00:00","breadcrumb":{"@id":"https:\/\/loginfo24.com\/fr\/2021\/04\/14\/la-production-de-palettes-epal-augmente-malgre-la-pandemie-de-covid-19\/#breadcrumb"},"inLanguage":"fr-FR","potentialAction":[{"@type":"ReadAction","target":["https:\/\/loginfo24.com\/fr\/2021\/04\/14\/la-production-de-palettes-epal-augmente-malgre-la-pandemie-de-covid-19\/"]}]},{"@type":"BreadcrumbList","@id":"https:\/\/loginfo24.com\/fr\/2021\/04\/14\/la-production-de-palettes-epal-augmente-malgre-la-pandemie-de-covid-19\/#breadcrumb","itemListElement":[{"@type":"ListItem","position":1,"name":"Startseite","item":"https:\/\/loginfo24.com\/fr\/"},{"@type":"ListItem","position":2,"name":"La production de palettes EPAL augmente malgr\u00e9 la pand\u00e9mie de Covid-19"}]},{"@type":"WebSite","@id":"https:\/\/loginfo24.com\/fr\/#website","url":"https:\/\/loginfo24.com\/fr\/","name":"Loginfo24","description":"Loginfo24 est la plateforme d\u00e9di\u00e9e \u00e0 la logistique et aux cha\u00eenes d&#039;approvisionnement qui fournit des informations 24 heures sur 24.","publisher":{"@id":"https:\/\/loginfo24.com\/fr\/#organization"},"potentialAction":[{"@type":"SearchAction","target":{"@type":"EntryPoint","urlTemplate":"https:\/\/loginfo24.com\/fr\/?s={search_term_string}"},"query-input":{"@type":"PropertyValueSpecification","valueRequired":true,"valueName":"search_term_string"}}],"inLanguage":"fr-FR"},{"@type":"Organization","@id":"https:\/\/loginfo24.com\/fr\/#organization","name":"Groupe Logismedia AG","url":"https:\/\/loginfo24.com\/fr\/","logo":{"@type":"ImageObject","inLanguage":"fr-FR","@id":"https:\/\/loginfo24.com\/fr\/#\/schema\/logo\/image\/","url":"https:\/\/loginfo24.com\/wp-content\/uploads\/sites\/7\/2026\/01\/Logo_LogInfo24.png","contentUrl":"https:\/\/loginfo24.com\/wp-content\/uploads\/sites\/7\/2026\/01\/Logo_LogInfo24.png","width":938,"height":351,"caption":"Groupe Logismedia AG"},"image":{"@id":"https:\/\/loginfo24.com\/fr\/#\/schema\/logo\/image\/"},"sameAs":["https:\/\/www.facebook.com\/people\/Loginfo24\/100057360583332\/","https:\/\/www.linkedin.com\/company\/lofinfo24\/"]}]}},"_links":{"self":[{"href":"https:\/\/loginfo24.com\/fr\/wp-json\/wp\/v2\/posts\/24711","targetHints":{"allow":["GET"]}}],"collection":[{"href":"https:\/\/loginfo24.com\/fr\/wp-json\/wp\/v2\/posts"}],"about":[{"href":"https:\/\/loginfo24.com\/fr\/wp-json\/wp\/v2\/types\/post"}],"replies":[{"embeddable":true,"href":"https:\/\/loginfo24.com\/fr\/wp-json\/wp\/v2\/comments?post=24711"}],"version-history":[{"count":1,"href":"https:\/\/loginfo24.com\/fr\/wp-json\/wp\/v2\/posts\/24711\/revisions"}],"predecessor-version":[{"id":45134,"href":"https:\/\/loginfo24.com\/fr\/wp-json\/wp\/v2\/posts\/24711\/revisions\/45134"}],"wp:attachment":[{"href":"https:\/\/loginfo24.com\/fr\/wp-json\/wp\/v2\/media?parent=24711"}],"wp:term":[{"taxonomy":"category","embeddable":true,"href":"https:\/\/loginfo24.com\/fr\/wp-json\/wp\/v2\/categories?post=24711"},{"taxonomy":"post_tag","embeddable":true,"href":"https:\/\/loginfo24.com\/fr\/wp-json\/wp\/v2\/tags?post=24711"}],"curies":[{"name":"wp","href":"https:\/\/api.w.org\/{rel}","templated":true}]}}