{"id":23851,"date":"2021-03-11T19:34:28","date_gmt":"2021-03-11T18:34:28","guid":{"rendered":"https:\/\/blog.brand-architecture.at\/2021\/03\/11\/patrick-oestreich-devient-le-nouveau-chief-commercial-officer-chez-hellmann\/"},"modified":"2025-12-15T12:54:55","modified_gmt":"2025-12-15T11:54:55","slug":"patrick-oestreich-devient-le-nouveau-chief-commercial-officer-chez-hellmann","status":"publish","type":"post","link":"https:\/\/loginfo24.com\/fr\/2021\/03\/11\/patrick-oestreich-devient-le-nouveau-chief-commercial-officer-chez-hellmann\/","title":{"rendered":"Patrick Oestreich devient le nouveau Chief Commercial Officer chez Hellmann"},"content":{"rendered":"<p>Le prestataire de services Full-Service op\u00e9rant \u00e0 l&rsquo;\u00e9chelle mondiale, Hellmann Worldwide Logistics, a r\u00e9ussi \u00e0 recruter Patrick Oestreich en tant que nouveau Chief Commercial Officer (CCO). Il succ\u00e8de ainsi \u00e0 Jens M\u00f6ller, qui avait occup\u00e9 ce poste de mani\u00e8re int\u00e9rimaire en ao\u00fbt dernier. En tant que CCO et membre du conseil ex\u00e9cutif, Oestreich sera responsable de l&rsquo;\u00e9quipe de direction des ventes mondiales \u00e0 partir du 1er avril 2021.<\/p>\n<p><strong>(Osnabr\u00fcck) <\/strong>Patrick Oestreich poss\u00e8de 20 ans d&rsquo;exp\u00e9rience internationale dans le domaine des ventes dans l&rsquo;industrie logistique. Apr\u00e8s avoir travaill\u00e9 pour Deutsche Post\/DHL\/Danzas et UTi Deutschland, il a occup\u00e9 divers postes de direction chez Schenker AG dans la r\u00e9gion EMEA de 2007 \u00e0 2018, le dernier \u00e9tant celui de Senior Vice President Road Brokerage, Transport terrestre en Europe. Au cours des deux derni\u00e8res ann\u00e9es et demie, Patrick Oestreich a \u00e9t\u00e9 Senior Vice President chez XPO Logistics, responsable des ventes strat\u00e9giques et de la gestion des comptes en Europe.<\/p>\n<h5><strong>Poursuivre l&rsquo;agenda de croissance<\/strong><\/h5>\n<p>\u00ab Au cours des derni\u00e8res ann\u00e9es, notre objectif a \u00e9t\u00e9 d&rsquo;\u00e9largir qualitativement et quantitativement l&rsquo;organisation des ventes \u00e0 l&rsquo;\u00e9chelle mondiale, cr\u00e9ant ainsi une condition essentielle pour une croissance durable et rentable dans tous les segments de produits et march\u00e9s. Cette structure de vente optimis\u00e9e a r\u00e9ussi le test de r\u00e9sistance d&rsquo;une ann\u00e9e 2020 tr\u00e8s difficile. Il est maintenant temps, sur cette base solide, de faire avancer notre agenda de croissance en collaboration avec Patrick Oestreich et l&rsquo;\u00e9quipe internationale. Nous allons notamment d\u00e9velopper la vente num\u00e9rique et ainsi r\u00e9pondre aux march\u00e9s en \u00e9volution et aux exigences de nos clients envers un prestataire logistique innovant \u00bb, d\u00e9clare Reiner Heiken, directeur g\u00e9n\u00e9ral de Hellmann Worldwide Logistics.<br \/>Photo : \u00a9 Hellmann<br \/><a href=\"https:\/\/www.hellmann.com\" target=\"_blank\" rel=\"noopener noreferrer\">www.hellmann.com<\/a><\/p>\n","protected":false},"excerpt":{"rendered":"<p>Le prestataire de services Full-Service op\u00e9rant \u00e0 l&rsquo;\u00e9chelle mondiale, Hellmann Worldwide Logistics, a r\u00e9ussi \u00e0 recruter Patrick Oestreich en tant que nouveau Chief Commercial Officer (CCO).<span class=\"excerpt-hellip\"> [\u2026]<\/span><\/p>\n","protected":false},"author":0,"featured_media":0,"comment_status":"open","ping_status":"open","sticky":false,"template":"","format":"standard","meta":{"_acf_changed":false,"footnotes":""},"categories":[1557,1561],"tags":[],"class_list":["post-23851","post","type-post","status-publish","format-standard","hentry","category-forwarding-logistics","category-regions"],"acf":[],"yoast_head":"<!-- This site is optimized with the Yoast SEO plugin v27.3 - https:\/\/yoast.com\/product\/yoast-seo-wordpress\/ -->\n<title>Patrick Oestreich devient le nouveau Chief Commercial Officer chez Hellmann - Loginfo24.<\/title>\n<meta name=\"robots\" content=\"index, follow, max-snippet:-1, max-image-preview:large, max-video-preview:-1\" \/>\n<link rel=\"canonical\" href=\"https:\/\/loginfo24.com\/fr\/2021\/03\/11\/patrick-oestreich-devient-le-nouveau-chief-commercial-officer-chez-hellmann\/\" \/>\n<meta property=\"og:locale\" content=\"fr_FR\" \/>\n<meta property=\"og:type\" content=\"article\" \/>\n<meta property=\"og:title\" content=\"Patrick Oestreich devient le nouveau Chief Commercial Officer chez Hellmann - Loginfo24.\" \/>\n<meta property=\"og:description\" content=\"Le prestataire de services Full-Service op\u00e9rant \u00e0 l&rsquo;\u00e9chelle mondiale, Hellmann Worldwide Logistics, a r\u00e9ussi \u00e0 recruter Patrick Oestreich en tant que nouveau Chief Commercial Officer (CCO). [\u2026]\" \/>\n<meta property=\"og:url\" content=\"https:\/\/loginfo24.com\/fr\/2021\/03\/11\/patrick-oestreich-devient-le-nouveau-chief-commercial-officer-chez-hellmann\/\" \/>\n<meta property=\"og:site_name\" content=\"Loginfo24\" \/>\n<meta property=\"article:publisher\" content=\"https:\/\/www.facebook.com\/people\/Loginfo24\/100057360583332\/\" \/>\n<meta property=\"article:published_time\" content=\"2021-03-11T18:34:28+00:00\" \/>\n<meta property=\"article:modified_time\" content=\"2025-12-15T11:54:55+00:00\" \/>\n<meta name=\"twitter:card\" content=\"summary_large_image\" \/>\n<meta name=\"twitter:label1\" content=\"Dur\u00e9e de lecture estim\u00e9e\" \/>\n\t<meta name=\"twitter:data1\" content=\"2 minutes\" \/>\n<script type=\"application\/ld+json\" class=\"yoast-schema-graph\">{\"@context\":\"https:\\\/\\\/schema.org\",\"@graph\":[{\"@type\":\"Article\",\"@id\":\"https:\\\/\\\/loginfo24.com\\\/fr\\\/2021\\\/03\\\/11\\\/patrick-oestreich-devient-le-nouveau-chief-commercial-officer-chez-hellmann\\\/#article\",\"isPartOf\":{\"@id\":\"https:\\\/\\\/loginfo24.com\\\/fr\\\/2021\\\/03\\\/11\\\/patrick-oestreich-devient-le-nouveau-chief-commercial-officer-chez-hellmann\\\/\"},\"author\":{\"name\":\"\",\"@id\":\"\"},\"headline\":\"Patrick Oestreich devient le nouveau Chief Commercial Officer chez Hellmann\",\"datePublished\":\"2021-03-11T18:34:28+00:00\",\"dateModified\":\"2025-12-15T11:54:55+00:00\",\"mainEntityOfPage\":{\"@id\":\"https:\\\/\\\/loginfo24.com\\\/fr\\\/2021\\\/03\\\/11\\\/patrick-oestreich-devient-le-nouveau-chief-commercial-officer-chez-hellmann\\\/\"},\"wordCount\":318,\"commentCount\":0,\"publisher\":{\"@id\":\"https:\\\/\\\/loginfo24.com\\\/fr\\\/#organization\"},\"articleSection\":[\"Forwarding &amp; Logistics\",\"Regions\"],\"inLanguage\":\"fr-FR\",\"potentialAction\":[{\"@type\":\"CommentAction\",\"name\":\"Comment\",\"target\":[\"https:\\\/\\\/loginfo24.com\\\/fr\\\/2021\\\/03\\\/11\\\/patrick-oestreich-devient-le-nouveau-chief-commercial-officer-chez-hellmann\\\/#respond\"]}]},{\"@type\":\"WebPage\",\"@id\":\"https:\\\/\\\/loginfo24.com\\\/fr\\\/2021\\\/03\\\/11\\\/patrick-oestreich-devient-le-nouveau-chief-commercial-officer-chez-hellmann\\\/\",\"url\":\"https:\\\/\\\/loginfo24.com\\\/fr\\\/2021\\\/03\\\/11\\\/patrick-oestreich-devient-le-nouveau-chief-commercial-officer-chez-hellmann\\\/\",\"name\":\"Patrick Oestreich devient le nouveau Chief Commercial Officer chez Hellmann - Loginfo24.\",\"isPartOf\":{\"@id\":\"https:\\\/\\\/loginfo24.com\\\/fr\\\/#website\"},\"datePublished\":\"2021-03-11T18:34:28+00:00\",\"dateModified\":\"2025-12-15T11:54:55+00:00\",\"breadcrumb\":{\"@id\":\"https:\\\/\\\/loginfo24.com\\\/fr\\\/2021\\\/03\\\/11\\\/patrick-oestreich-devient-le-nouveau-chief-commercial-officer-chez-hellmann\\\/#breadcrumb\"},\"inLanguage\":\"fr-FR\",\"potentialAction\":[{\"@type\":\"ReadAction\",\"target\":[\"https:\\\/\\\/loginfo24.com\\\/fr\\\/2021\\\/03\\\/11\\\/patrick-oestreich-devient-le-nouveau-chief-commercial-officer-chez-hellmann\\\/\"]}]},{\"@type\":\"BreadcrumbList\",\"@id\":\"https:\\\/\\\/loginfo24.com\\\/fr\\\/2021\\\/03\\\/11\\\/patrick-oestreich-devient-le-nouveau-chief-commercial-officer-chez-hellmann\\\/#breadcrumb\",\"itemListElement\":[{\"@type\":\"ListItem\",\"position\":1,\"name\":\"Startseite\",\"item\":\"https:\\\/\\\/loginfo24.com\\\/fr\\\/\"},{\"@type\":\"ListItem\",\"position\":2,\"name\":\"Patrick Oestreich devient le nouveau Chief Commercial Officer chez Hellmann\"}]},{\"@type\":\"WebSite\",\"@id\":\"https:\\\/\\\/loginfo24.com\\\/fr\\\/#website\",\"url\":\"https:\\\/\\\/loginfo24.com\\\/fr\\\/\",\"name\":\"Loginfo24\",\"description\":\"Loginfo24 est la plateforme d\u00e9di\u00e9e \u00e0 la logistique et aux cha\u00eenes d&#039;approvisionnement qui fournit des informations 24 heures sur 24.\",\"publisher\":{\"@id\":\"https:\\\/\\\/loginfo24.com\\\/fr\\\/#organization\"},\"potentialAction\":[{\"@type\":\"SearchAction\",\"target\":{\"@type\":\"EntryPoint\",\"urlTemplate\":\"https:\\\/\\\/loginfo24.com\\\/fr\\\/?s={search_term_string}\"},\"query-input\":{\"@type\":\"PropertyValueSpecification\",\"valueRequired\":true,\"valueName\":\"search_term_string\"}}],\"inLanguage\":\"fr-FR\"},{\"@type\":\"Organization\",\"@id\":\"https:\\\/\\\/loginfo24.com\\\/fr\\\/#organization\",\"name\":\"Groupe Logismedia AG\",\"url\":\"https:\\\/\\\/loginfo24.com\\\/fr\\\/\",\"logo\":{\"@type\":\"ImageObject\",\"inLanguage\":\"fr-FR\",\"@id\":\"https:\\\/\\\/loginfo24.com\\\/fr\\\/#\\\/schema\\\/logo\\\/image\\\/\",\"url\":\"https:\\\/\\\/loginfo24.com\\\/wp-content\\\/uploads\\\/sites\\\/7\\\/2026\\\/01\\\/Logo_LogInfo24.png\",\"contentUrl\":\"https:\\\/\\\/loginfo24.com\\\/wp-content\\\/uploads\\\/sites\\\/7\\\/2026\\\/01\\\/Logo_LogInfo24.png\",\"width\":938,\"height\":351,\"caption\":\"Groupe Logismedia AG\"},\"image\":{\"@id\":\"https:\\\/\\\/loginfo24.com\\\/fr\\\/#\\\/schema\\\/logo\\\/image\\\/\"},\"sameAs\":[\"https:\\\/\\\/www.facebook.com\\\/people\\\/Loginfo24\\\/100057360583332\\\/\",\"https:\\\/\\\/www.linkedin.com\\\/company\\\/lofinfo24\\\/\"]}]}<\/script>\n<!-- \/ Yoast SEO plugin. -->","yoast_head_json":{"title":"Patrick Oestreich devient le nouveau Chief Commercial Officer chez Hellmann - Loginfo24.","robots":{"index":"index","follow":"follow","max-snippet":"max-snippet:-1","max-image-preview":"max-image-preview:large","max-video-preview":"max-video-preview:-1"},"canonical":"https:\/\/loginfo24.com\/fr\/2021\/03\/11\/patrick-oestreich-devient-le-nouveau-chief-commercial-officer-chez-hellmann\/","og_locale":"fr_FR","og_type":"article","og_title":"Patrick Oestreich devient le nouveau Chief Commercial Officer chez Hellmann - Loginfo24.","og_description":"Le prestataire de services Full-Service op\u00e9rant \u00e0 l&rsquo;\u00e9chelle mondiale, Hellmann Worldwide Logistics, a r\u00e9ussi \u00e0 recruter Patrick Oestreich en tant que nouveau Chief Commercial Officer (CCO). [\u2026]","og_url":"https:\/\/loginfo24.com\/fr\/2021\/03\/11\/patrick-oestreich-devient-le-nouveau-chief-commercial-officer-chez-hellmann\/","og_site_name":"Loginfo24","article_publisher":"https:\/\/www.facebook.com\/people\/Loginfo24\/100057360583332\/","article_published_time":"2021-03-11T18:34:28+00:00","article_modified_time":"2025-12-15T11:54:55+00:00","twitter_card":"summary_large_image","twitter_misc":{"Dur\u00e9e de lecture estim\u00e9e":"2 minutes"},"schema":{"@context":"https:\/\/schema.org","@graph":[{"@type":"Article","@id":"https:\/\/loginfo24.com\/fr\/2021\/03\/11\/patrick-oestreich-devient-le-nouveau-chief-commercial-officer-chez-hellmann\/#article","isPartOf":{"@id":"https:\/\/loginfo24.com\/fr\/2021\/03\/11\/patrick-oestreich-devient-le-nouveau-chief-commercial-officer-chez-hellmann\/"},"author":{"name":"","@id":""},"headline":"Patrick Oestreich devient le nouveau Chief Commercial Officer chez Hellmann","datePublished":"2021-03-11T18:34:28+00:00","dateModified":"2025-12-15T11:54:55+00:00","mainEntityOfPage":{"@id":"https:\/\/loginfo24.com\/fr\/2021\/03\/11\/patrick-oestreich-devient-le-nouveau-chief-commercial-officer-chez-hellmann\/"},"wordCount":318,"commentCount":0,"publisher":{"@id":"https:\/\/loginfo24.com\/fr\/#organization"},"articleSection":["Forwarding &amp; Logistics","Regions"],"inLanguage":"fr-FR","potentialAction":[{"@type":"CommentAction","name":"Comment","target":["https:\/\/loginfo24.com\/fr\/2021\/03\/11\/patrick-oestreich-devient-le-nouveau-chief-commercial-officer-chez-hellmann\/#respond"]}]},{"@type":"WebPage","@id":"https:\/\/loginfo24.com\/fr\/2021\/03\/11\/patrick-oestreich-devient-le-nouveau-chief-commercial-officer-chez-hellmann\/","url":"https:\/\/loginfo24.com\/fr\/2021\/03\/11\/patrick-oestreich-devient-le-nouveau-chief-commercial-officer-chez-hellmann\/","name":"Patrick Oestreich devient le nouveau Chief Commercial Officer chez Hellmann - Loginfo24.","isPartOf":{"@id":"https:\/\/loginfo24.com\/fr\/#website"},"datePublished":"2021-03-11T18:34:28+00:00","dateModified":"2025-12-15T11:54:55+00:00","breadcrumb":{"@id":"https:\/\/loginfo24.com\/fr\/2021\/03\/11\/patrick-oestreich-devient-le-nouveau-chief-commercial-officer-chez-hellmann\/#breadcrumb"},"inLanguage":"fr-FR","potentialAction":[{"@type":"ReadAction","target":["https:\/\/loginfo24.com\/fr\/2021\/03\/11\/patrick-oestreich-devient-le-nouveau-chief-commercial-officer-chez-hellmann\/"]}]},{"@type":"BreadcrumbList","@id":"https:\/\/loginfo24.com\/fr\/2021\/03\/11\/patrick-oestreich-devient-le-nouveau-chief-commercial-officer-chez-hellmann\/#breadcrumb","itemListElement":[{"@type":"ListItem","position":1,"name":"Startseite","item":"https:\/\/loginfo24.com\/fr\/"},{"@type":"ListItem","position":2,"name":"Patrick Oestreich devient le nouveau Chief Commercial Officer chez Hellmann"}]},{"@type":"WebSite","@id":"https:\/\/loginfo24.com\/fr\/#website","url":"https:\/\/loginfo24.com\/fr\/","name":"Loginfo24","description":"Loginfo24 est la plateforme d\u00e9di\u00e9e \u00e0 la logistique et aux cha\u00eenes d&#039;approvisionnement qui fournit des informations 24 heures sur 24.","publisher":{"@id":"https:\/\/loginfo24.com\/fr\/#organization"},"potentialAction":[{"@type":"SearchAction","target":{"@type":"EntryPoint","urlTemplate":"https:\/\/loginfo24.com\/fr\/?s={search_term_string}"},"query-input":{"@type":"PropertyValueSpecification","valueRequired":true,"valueName":"search_term_string"}}],"inLanguage":"fr-FR"},{"@type":"Organization","@id":"https:\/\/loginfo24.com\/fr\/#organization","name":"Groupe Logismedia AG","url":"https:\/\/loginfo24.com\/fr\/","logo":{"@type":"ImageObject","inLanguage":"fr-FR","@id":"https:\/\/loginfo24.com\/fr\/#\/schema\/logo\/image\/","url":"https:\/\/loginfo24.com\/wp-content\/uploads\/sites\/7\/2026\/01\/Logo_LogInfo24.png","contentUrl":"https:\/\/loginfo24.com\/wp-content\/uploads\/sites\/7\/2026\/01\/Logo_LogInfo24.png","width":938,"height":351,"caption":"Groupe Logismedia AG"},"image":{"@id":"https:\/\/loginfo24.com\/fr\/#\/schema\/logo\/image\/"},"sameAs":["https:\/\/www.facebook.com\/people\/Loginfo24\/100057360583332\/","https:\/\/www.linkedin.com\/company\/lofinfo24\/"]}]}},"_links":{"self":[{"href":"https:\/\/loginfo24.com\/fr\/wp-json\/wp\/v2\/posts\/23851","targetHints":{"allow":["GET"]}}],"collection":[{"href":"https:\/\/loginfo24.com\/fr\/wp-json\/wp\/v2\/posts"}],"about":[{"href":"https:\/\/loginfo24.com\/fr\/wp-json\/wp\/v2\/types\/post"}],"replies":[{"embeddable":true,"href":"https:\/\/loginfo24.com\/fr\/wp-json\/wp\/v2\/comments?post=23851"}],"version-history":[{"count":1,"href":"https:\/\/loginfo24.com\/fr\/wp-json\/wp\/v2\/posts\/23851\/revisions"}],"predecessor-version":[{"id":43428,"href":"https:\/\/loginfo24.com\/fr\/wp-json\/wp\/v2\/posts\/23851\/revisions\/43428"}],"wp:attachment":[{"href":"https:\/\/loginfo24.com\/fr\/wp-json\/wp\/v2\/media?parent=23851"}],"wp:term":[{"taxonomy":"category","embeddable":true,"href":"https:\/\/loginfo24.com\/fr\/wp-json\/wp\/v2\/categories?post=23851"},{"taxonomy":"post_tag","embeddable":true,"href":"https:\/\/loginfo24.com\/fr\/wp-json\/wp\/v2\/tags?post=23851"}],"curies":[{"name":"wp","href":"https:\/\/api.w.org\/{rel}","templated":true}]}}