{"id":23573,"date":"2021-02-24T19:12:39","date_gmt":"2021-02-24T18:12:39","guid":{"rendered":"https:\/\/blog.brand-architecture.at\/2021\/02\/24\/heiko-nowak-devient-le-nouveau-directeur-general-de-weckpoller\/"},"modified":"2025-12-15T12:53:35","modified_gmt":"2025-12-15T11:53:35","slug":"heiko-nowak-devient-le-nouveau-directeur-general-de-weckpoller","status":"publish","type":"post","link":"https:\/\/loginfo24.com\/fr\/2021\/02\/24\/heiko-nowak-devient-le-nouveau-directeur-general-de-weckpoller\/","title":{"rendered":"Heiko Nowak devient le nouveau directeur g\u00e9n\u00e9ral de Weck+Poller"},"content":{"rendered":"<p>Depuis le 1er janvier 2021, Heiko Nowak est membre de la direction du prestataire logistique saxon Weck+Poller. Le directeur de 54 ans compl\u00e8te la direction jusqu&rsquo;alors repr\u00e9sent\u00e9e par Doreen Paesold-Runge. L&rsquo;ing\u00e9nieur en m\u00e9canique dipl\u00f4m\u00e9 poss\u00e8de des d\u00e9cennies d&rsquo;exp\u00e9rience aupr\u00e8s de prestataires logistiques op\u00e9rant \u00e0 l&rsquo;international.<\/p>\n<p>(Zwickau) Avant de rejoindre Weck+Poller, Heiko Nowak a \u00e9t\u00e9 sous contrat pendant 13 ans en tant que membre de la direction du prestataire logistique mondial Rhenus. Il \u00e9tait d&rsquo;abord responsable des activit\u00e9s de logistique contractuelle dans la r\u00e9gion Ouest, puis dans la r\u00e9gion Est. Auparavant, il a travaill\u00e9 plusieurs ann\u00e9es pour le fournisseur logistique Fiege ainsi que pour le groupe Tengelmann.<\/p>\n<h5><strong>Large \u00e9ventail de services<\/strong><\/h5>\n<p> \u00ab\u00a0En tant qu&rsquo;entreprise logistique r\u00e9gionale avec ses trois divisions logistique d&rsquo;entrep\u00f4t, transport et recyclage \/ production, Weck+Poller offre un large \u00e9ventail de services. Je trouve tr\u00e8s passionnant de peaufiner, de d\u00e9velopper et d&rsquo;\u00e9largir ce potentiel en Saxe et dans les \u00c9tats f\u00e9d\u00e9raux voisins. Je me r\u00e9jouis de la flexibilit\u00e9 et de la rapidit\u00e9 d&rsquo;une entreprise de taille interm\u00e9diaire, o\u00f9 je peux, avec nos employ\u00e9s, transformer les d\u00e9fis de nos clients en solutions imm\u00e9diates\u00a0\u00bb, d\u00e9clare Heiko Nowak, directeur g\u00e9n\u00e9ral de Weck+Poller depuis le d\u00e9but de l&rsquo;ann\u00e9e.<\/p>\n<h5><strong>Diff\u00e9rents d\u00e9fis dans l&rsquo;environnement<\/strong><\/h5>\n<p> Il consid\u00e8re comme les plus grands d\u00e9fis actuels du secteur les cons\u00e9quences de la pand\u00e9mie de COVID-19, la p\u00e9nurie de conducteurs et la num\u00e9risation. \u00ab\u00a0Trouver les bonnes r\u00e9ponses \u00e0 cela sera particuli\u00e8rement important pour nous cette ann\u00e9e. Il est r\u00e9jouissant que le sujet de la formation ait toujours une grande importance chez Weck+Poller\u00a0\u00bb, ajoute Heiko Nowak. \u00ab\u00a0Nous sommes convaincus que Weck+Poller a gagn\u00e9 un excellent directeur g\u00e9n\u00e9ral avec Heiko Nowak, qui renforcera durablement l&rsquo;entreprise et la conduira avec succ\u00e8s vers l&rsquo;avenir. Heiko Nowak allie une longue exp\u00e9rience en tant que directeur g\u00e9n\u00e9ral d&rsquo;entreprises op\u00e9rant \u00e0 l&rsquo;international avec une expertise r\u00e9gionale dans le secteur en Allemagne centrale. S&rsquo;ajoute \u00e0 cela son savoir-faire reconnu dans le domaine de la logistique contractuelle. Je me r\u00e9jouis beaucoup de notre collaboration\u00a0\u00bb, d\u00e9clare Doreen Paesold-Runge, directrice g\u00e9n\u00e9rale de Weck+Poller.<\/p>\n<h5><strong>\u00c0 propos de Weck+Poller<\/strong><\/h5>\n<p> Fond\u00e9 en 2007, le prestataire logistique de taille interm\u00e9diaire Weck+Poller, dont le si\u00e8ge est \u00e0 Zwickau, emploie plus de 1 000 personnes sur six sites en Allemagne. L&rsquo;offre comprend des solutions logistiques int\u00e9gr\u00e9es issues de services combin\u00e9s de transport, de logistique et de conseil en processus. L&rsquo;entreprise de transport et de logistique saxonne emploie plus de 1 000 personnes, dispose d&rsquo;une flotte propre d&rsquo;environ 400 v\u00e9hicules et g\u00e8re actuellement 155 000 m\u00e8tres carr\u00e9s d&rsquo;espace de stockage. <br \/> Photo : \u00a9 Weck+Poller <a href=\"https:\/\/www.wphgroup.de\" target=\"_blank\" rel=\"noopener noreferrer\">www.wphgroup.de<\/a><\/p>\n","protected":false},"excerpt":{"rendered":"<p>Depuis le 1er janvier 2021, Heiko Nowak est membre de la direction du prestataire logistique saxon Weck+Poller. Le directeur de 54 ans compl\u00e8te la direction jusqu&rsquo;alors<span class=\"excerpt-hellip\"> [\u2026]<\/span><\/p>\n","protected":false},"author":0,"featured_media":0,"comment_status":"open","ping_status":"open","sticky":false,"template":"","format":"standard","meta":{"_acf_changed":false,"footnotes":""},"categories":[1557,1556,1560,1561],"tags":[],"class_list":["post-23573","post","type-post","status-publish","format-standard","hentry","category-forwarding-logistics","category-intermodal-road","category-intralogistics","category-regions"],"acf":[],"yoast_head":"<!-- This site is optimized with the Yoast SEO plugin v27.3 - https:\/\/yoast.com\/product\/yoast-seo-wordpress\/ -->\n<title>Heiko Nowak devient le nouveau directeur g\u00e9n\u00e9ral de Weck+Poller - Loginfo24.<\/title>\n<meta name=\"robots\" content=\"index, follow, max-snippet:-1, max-image-preview:large, max-video-preview:-1\" \/>\n<link rel=\"canonical\" href=\"https:\/\/loginfo24.com\/fr\/2021\/02\/24\/heiko-nowak-devient-le-nouveau-directeur-general-de-weckpoller\/\" \/>\n<meta property=\"og:locale\" content=\"fr_FR\" \/>\n<meta property=\"og:type\" content=\"article\" \/>\n<meta property=\"og:title\" content=\"Heiko Nowak devient le nouveau directeur g\u00e9n\u00e9ral de Weck+Poller - Loginfo24.\" \/>\n<meta property=\"og:description\" content=\"Depuis le 1er janvier 2021, Heiko Nowak est membre de la direction du prestataire logistique saxon Weck+Poller. Le directeur de 54 ans compl\u00e8te la direction jusqu&rsquo;alors [\u2026]\" \/>\n<meta property=\"og:url\" content=\"https:\/\/loginfo24.com\/fr\/2021\/02\/24\/heiko-nowak-devient-le-nouveau-directeur-general-de-weckpoller\/\" \/>\n<meta property=\"og:site_name\" content=\"Loginfo24\" \/>\n<meta property=\"article:publisher\" content=\"https:\/\/www.facebook.com\/people\/Loginfo24\/100057360583332\/\" \/>\n<meta property=\"article:published_time\" content=\"2021-02-24T18:12:39+00:00\" \/>\n<meta property=\"article:modified_time\" content=\"2025-12-15T11:53:35+00:00\" \/>\n<meta name=\"twitter:card\" content=\"summary_large_image\" \/>\n<meta name=\"twitter:label1\" content=\"Dur\u00e9e de lecture estim\u00e9e\" \/>\n\t<meta name=\"twitter:data1\" content=\"2 minutes\" \/>\n<script type=\"application\/ld+json\" class=\"yoast-schema-graph\">{\"@context\":\"https:\\\/\\\/schema.org\",\"@graph\":[{\"@type\":\"Article\",\"@id\":\"https:\\\/\\\/loginfo24.com\\\/fr\\\/2021\\\/02\\\/24\\\/heiko-nowak-devient-le-nouveau-directeur-general-de-weckpoller\\\/#article\",\"isPartOf\":{\"@id\":\"https:\\\/\\\/loginfo24.com\\\/fr\\\/2021\\\/02\\\/24\\\/heiko-nowak-devient-le-nouveau-directeur-general-de-weckpoller\\\/\"},\"author\":{\"name\":\"\",\"@id\":\"\"},\"headline\":\"Heiko Nowak devient le nouveau directeur g\u00e9n\u00e9ral de Weck+Poller\",\"datePublished\":\"2021-02-24T18:12:39+00:00\",\"dateModified\":\"2025-12-15T11:53:35+00:00\",\"mainEntityOfPage\":{\"@id\":\"https:\\\/\\\/loginfo24.com\\\/fr\\\/2021\\\/02\\\/24\\\/heiko-nowak-devient-le-nouveau-directeur-general-de-weckpoller\\\/\"},\"wordCount\":506,\"commentCount\":0,\"publisher\":{\"@id\":\"https:\\\/\\\/loginfo24.com\\\/fr\\\/#organization\"},\"articleSection\":[\"Forwarding &amp; Logistics\",\"Intermodal \\\/ Road\",\"Intralogistics\",\"Regions\"],\"inLanguage\":\"fr-FR\",\"potentialAction\":[{\"@type\":\"CommentAction\",\"name\":\"Comment\",\"target\":[\"https:\\\/\\\/loginfo24.com\\\/fr\\\/2021\\\/02\\\/24\\\/heiko-nowak-devient-le-nouveau-directeur-general-de-weckpoller\\\/#respond\"]}]},{\"@type\":\"WebPage\",\"@id\":\"https:\\\/\\\/loginfo24.com\\\/fr\\\/2021\\\/02\\\/24\\\/heiko-nowak-devient-le-nouveau-directeur-general-de-weckpoller\\\/\",\"url\":\"https:\\\/\\\/loginfo24.com\\\/fr\\\/2021\\\/02\\\/24\\\/heiko-nowak-devient-le-nouveau-directeur-general-de-weckpoller\\\/\",\"name\":\"Heiko Nowak devient le nouveau directeur g\u00e9n\u00e9ral de Weck+Poller - Loginfo24.\",\"isPartOf\":{\"@id\":\"https:\\\/\\\/loginfo24.com\\\/fr\\\/#website\"},\"datePublished\":\"2021-02-24T18:12:39+00:00\",\"dateModified\":\"2025-12-15T11:53:35+00:00\",\"breadcrumb\":{\"@id\":\"https:\\\/\\\/loginfo24.com\\\/fr\\\/2021\\\/02\\\/24\\\/heiko-nowak-devient-le-nouveau-directeur-general-de-weckpoller\\\/#breadcrumb\"},\"inLanguage\":\"fr-FR\",\"potentialAction\":[{\"@type\":\"ReadAction\",\"target\":[\"https:\\\/\\\/loginfo24.com\\\/fr\\\/2021\\\/02\\\/24\\\/heiko-nowak-devient-le-nouveau-directeur-general-de-weckpoller\\\/\"]}]},{\"@type\":\"BreadcrumbList\",\"@id\":\"https:\\\/\\\/loginfo24.com\\\/fr\\\/2021\\\/02\\\/24\\\/heiko-nowak-devient-le-nouveau-directeur-general-de-weckpoller\\\/#breadcrumb\",\"itemListElement\":[{\"@type\":\"ListItem\",\"position\":1,\"name\":\"Startseite\",\"item\":\"https:\\\/\\\/loginfo24.com\\\/fr\\\/\"},{\"@type\":\"ListItem\",\"position\":2,\"name\":\"Heiko Nowak devient le nouveau directeur g\u00e9n\u00e9ral de Weck+Poller\"}]},{\"@type\":\"WebSite\",\"@id\":\"https:\\\/\\\/loginfo24.com\\\/fr\\\/#website\",\"url\":\"https:\\\/\\\/loginfo24.com\\\/fr\\\/\",\"name\":\"Loginfo24\",\"description\":\"Loginfo24 est la plateforme d\u00e9di\u00e9e \u00e0 la logistique et aux cha\u00eenes d&#039;approvisionnement qui fournit des informations 24 heures sur 24.\",\"publisher\":{\"@id\":\"https:\\\/\\\/loginfo24.com\\\/fr\\\/#organization\"},\"potentialAction\":[{\"@type\":\"SearchAction\",\"target\":{\"@type\":\"EntryPoint\",\"urlTemplate\":\"https:\\\/\\\/loginfo24.com\\\/fr\\\/?s={search_term_string}\"},\"query-input\":{\"@type\":\"PropertyValueSpecification\",\"valueRequired\":true,\"valueName\":\"search_term_string\"}}],\"inLanguage\":\"fr-FR\"},{\"@type\":\"Organization\",\"@id\":\"https:\\\/\\\/loginfo24.com\\\/fr\\\/#organization\",\"name\":\"Groupe Logismedia AG\",\"url\":\"https:\\\/\\\/loginfo24.com\\\/fr\\\/\",\"logo\":{\"@type\":\"ImageObject\",\"inLanguage\":\"fr-FR\",\"@id\":\"https:\\\/\\\/loginfo24.com\\\/fr\\\/#\\\/schema\\\/logo\\\/image\\\/\",\"url\":\"https:\\\/\\\/loginfo24.com\\\/wp-content\\\/uploads\\\/sites\\\/7\\\/2026\\\/01\\\/Logo_LogInfo24.png\",\"contentUrl\":\"https:\\\/\\\/loginfo24.com\\\/wp-content\\\/uploads\\\/sites\\\/7\\\/2026\\\/01\\\/Logo_LogInfo24.png\",\"width\":938,\"height\":351,\"caption\":\"Groupe Logismedia AG\"},\"image\":{\"@id\":\"https:\\\/\\\/loginfo24.com\\\/fr\\\/#\\\/schema\\\/logo\\\/image\\\/\"},\"sameAs\":[\"https:\\\/\\\/www.facebook.com\\\/people\\\/Loginfo24\\\/100057360583332\\\/\",\"https:\\\/\\\/www.linkedin.com\\\/company\\\/lofinfo24\\\/\"]}]}<\/script>\n<!-- \/ Yoast SEO plugin. -->","yoast_head_json":{"title":"Heiko Nowak devient le nouveau directeur g\u00e9n\u00e9ral de Weck+Poller - Loginfo24.","robots":{"index":"index","follow":"follow","max-snippet":"max-snippet:-1","max-image-preview":"max-image-preview:large","max-video-preview":"max-video-preview:-1"},"canonical":"https:\/\/loginfo24.com\/fr\/2021\/02\/24\/heiko-nowak-devient-le-nouveau-directeur-general-de-weckpoller\/","og_locale":"fr_FR","og_type":"article","og_title":"Heiko Nowak devient le nouveau directeur g\u00e9n\u00e9ral de Weck+Poller - Loginfo24.","og_description":"Depuis le 1er janvier 2021, Heiko Nowak est membre de la direction du prestataire logistique saxon Weck+Poller. Le directeur de 54 ans compl\u00e8te la direction jusqu&rsquo;alors [\u2026]","og_url":"https:\/\/loginfo24.com\/fr\/2021\/02\/24\/heiko-nowak-devient-le-nouveau-directeur-general-de-weckpoller\/","og_site_name":"Loginfo24","article_publisher":"https:\/\/www.facebook.com\/people\/Loginfo24\/100057360583332\/","article_published_time":"2021-02-24T18:12:39+00:00","article_modified_time":"2025-12-15T11:53:35+00:00","twitter_card":"summary_large_image","twitter_misc":{"Dur\u00e9e de lecture estim\u00e9e":"2 minutes"},"schema":{"@context":"https:\/\/schema.org","@graph":[{"@type":"Article","@id":"https:\/\/loginfo24.com\/fr\/2021\/02\/24\/heiko-nowak-devient-le-nouveau-directeur-general-de-weckpoller\/#article","isPartOf":{"@id":"https:\/\/loginfo24.com\/fr\/2021\/02\/24\/heiko-nowak-devient-le-nouveau-directeur-general-de-weckpoller\/"},"author":{"name":"","@id":""},"headline":"Heiko Nowak devient le nouveau directeur g\u00e9n\u00e9ral de Weck+Poller","datePublished":"2021-02-24T18:12:39+00:00","dateModified":"2025-12-15T11:53:35+00:00","mainEntityOfPage":{"@id":"https:\/\/loginfo24.com\/fr\/2021\/02\/24\/heiko-nowak-devient-le-nouveau-directeur-general-de-weckpoller\/"},"wordCount":506,"commentCount":0,"publisher":{"@id":"https:\/\/loginfo24.com\/fr\/#organization"},"articleSection":["Forwarding &amp; Logistics","Intermodal \/ Road","Intralogistics","Regions"],"inLanguage":"fr-FR","potentialAction":[{"@type":"CommentAction","name":"Comment","target":["https:\/\/loginfo24.com\/fr\/2021\/02\/24\/heiko-nowak-devient-le-nouveau-directeur-general-de-weckpoller\/#respond"]}]},{"@type":"WebPage","@id":"https:\/\/loginfo24.com\/fr\/2021\/02\/24\/heiko-nowak-devient-le-nouveau-directeur-general-de-weckpoller\/","url":"https:\/\/loginfo24.com\/fr\/2021\/02\/24\/heiko-nowak-devient-le-nouveau-directeur-general-de-weckpoller\/","name":"Heiko Nowak devient le nouveau directeur g\u00e9n\u00e9ral de Weck+Poller - Loginfo24.","isPartOf":{"@id":"https:\/\/loginfo24.com\/fr\/#website"},"datePublished":"2021-02-24T18:12:39+00:00","dateModified":"2025-12-15T11:53:35+00:00","breadcrumb":{"@id":"https:\/\/loginfo24.com\/fr\/2021\/02\/24\/heiko-nowak-devient-le-nouveau-directeur-general-de-weckpoller\/#breadcrumb"},"inLanguage":"fr-FR","potentialAction":[{"@type":"ReadAction","target":["https:\/\/loginfo24.com\/fr\/2021\/02\/24\/heiko-nowak-devient-le-nouveau-directeur-general-de-weckpoller\/"]}]},{"@type":"BreadcrumbList","@id":"https:\/\/loginfo24.com\/fr\/2021\/02\/24\/heiko-nowak-devient-le-nouveau-directeur-general-de-weckpoller\/#breadcrumb","itemListElement":[{"@type":"ListItem","position":1,"name":"Startseite","item":"https:\/\/loginfo24.com\/fr\/"},{"@type":"ListItem","position":2,"name":"Heiko Nowak devient le nouveau directeur g\u00e9n\u00e9ral de Weck+Poller"}]},{"@type":"WebSite","@id":"https:\/\/loginfo24.com\/fr\/#website","url":"https:\/\/loginfo24.com\/fr\/","name":"Loginfo24","description":"Loginfo24 est la plateforme d\u00e9di\u00e9e \u00e0 la logistique et aux cha\u00eenes d&#039;approvisionnement qui fournit des informations 24 heures sur 24.","publisher":{"@id":"https:\/\/loginfo24.com\/fr\/#organization"},"potentialAction":[{"@type":"SearchAction","target":{"@type":"EntryPoint","urlTemplate":"https:\/\/loginfo24.com\/fr\/?s={search_term_string}"},"query-input":{"@type":"PropertyValueSpecification","valueRequired":true,"valueName":"search_term_string"}}],"inLanguage":"fr-FR"},{"@type":"Organization","@id":"https:\/\/loginfo24.com\/fr\/#organization","name":"Groupe Logismedia AG","url":"https:\/\/loginfo24.com\/fr\/","logo":{"@type":"ImageObject","inLanguage":"fr-FR","@id":"https:\/\/loginfo24.com\/fr\/#\/schema\/logo\/image\/","url":"https:\/\/loginfo24.com\/wp-content\/uploads\/sites\/7\/2026\/01\/Logo_LogInfo24.png","contentUrl":"https:\/\/loginfo24.com\/wp-content\/uploads\/sites\/7\/2026\/01\/Logo_LogInfo24.png","width":938,"height":351,"caption":"Groupe Logismedia AG"},"image":{"@id":"https:\/\/loginfo24.com\/fr\/#\/schema\/logo\/image\/"},"sameAs":["https:\/\/www.facebook.com\/people\/Loginfo24\/100057360583332\/","https:\/\/www.linkedin.com\/company\/lofinfo24\/"]}]}},"_links":{"self":[{"href":"https:\/\/loginfo24.com\/fr\/wp-json\/wp\/v2\/posts\/23573","targetHints":{"allow":["GET"]}}],"collection":[{"href":"https:\/\/loginfo24.com\/fr\/wp-json\/wp\/v2\/posts"}],"about":[{"href":"https:\/\/loginfo24.com\/fr\/wp-json\/wp\/v2\/types\/post"}],"replies":[{"embeddable":true,"href":"https:\/\/loginfo24.com\/fr\/wp-json\/wp\/v2\/comments?post=23573"}],"version-history":[{"count":1,"href":"https:\/\/loginfo24.com\/fr\/wp-json\/wp\/v2\/posts\/23573\/revisions"}],"predecessor-version":[{"id":42872,"href":"https:\/\/loginfo24.com\/fr\/wp-json\/wp\/v2\/posts\/23573\/revisions\/42872"}],"wp:attachment":[{"href":"https:\/\/loginfo24.com\/fr\/wp-json\/wp\/v2\/media?parent=23573"}],"wp:term":[{"taxonomy":"category","embeddable":true,"href":"https:\/\/loginfo24.com\/fr\/wp-json\/wp\/v2\/categories?post=23573"},{"taxonomy":"post_tag","embeddable":true,"href":"https:\/\/loginfo24.com\/fr\/wp-json\/wp\/v2\/tags?post=23573"}],"curies":[{"name":"wp","href":"https:\/\/api.w.org\/{rel}","templated":true}]}}