{"id":23512,"date":"2021-02-22T17:05:57","date_gmt":"2021-02-22T16:05:57","guid":{"rendered":"https:\/\/blog.brand-architecture.at\/2021\/02\/22\/blg-logistics-prevoit-un-centre-logistique-durable-c3-bremen\/"},"modified":"2025-12-15T12:53:19","modified_gmt":"2025-12-15T11:53:19","slug":"blg-logistics-prevoit-un-centre-logistique-durable-c3-bremen","status":"publish","type":"post","link":"https:\/\/loginfo24.com\/fr\/2021\/02\/22\/blg-logistics-prevoit-un-centre-logistique-durable-c3-bremen\/","title":{"rendered":"BLG Logistics pr\u00e9voit un centre logistique durable \u00ab\u00a0C3-Bremen\u00a0\u00bb"},"content":{"rendered":"<p>BLG Logistics pr\u00e9voit, avec l&rsquo;aide de Logivest, un nouveau site pour la logistique automobile dans le GVZ de Br\u00eame. Le complexe sera r\u00e9alis\u00e9 par le d\u00e9veloppeur Baytree Logistics Properties. L&rsquo;immobilier logistique \u00e9tablit de nouvelles normes en mati\u00e8re d&rsquo;\u00e9cologie et d&rsquo;\u00e9quipement. Le d\u00e9but des travaux est pr\u00e9vu au printemps 2021 et la mise en service devrait avoir lieu \u00e0 la mi-2022.<\/p>\n<p><strong>(Br\u00eame) <\/strong>Dans le plus grand centre de transport de marchandises d&rsquo;Allemagne, le GVZ \u00e0 Br\u00eame, le prestataire logistique BLG LOGISTICS pr\u00e9voit un nouveau site pour la logistique industrielle. \u00c0 partir de la mi-2022, l&rsquo;approvisionnement en production des usines d&rsquo;assemblage mondiales d&rsquo;un constructeur automobile de premier plan sera centralis\u00e9 dans le nouveau centre logistique, rempla\u00e7ant plusieurs sites actuellement situ\u00e9s \u00e0 Br\u00eame. Le d\u00e9but des travaux est pr\u00e9vu pour le printemps 2021.<\/p>\n<h5><strong>Approbation de tous les comit\u00e9s<\/strong><\/h5>\n<p>Apr\u00e8s l&rsquo;approbation r\u00e9cente de tous les comit\u00e9s, la signature du contrat d&rsquo;achat du terrain par l&rsquo;investisseur et la WFB Wirtschaftsf\u00f6rderung Bremen GmbH, qui d\u00e9veloppe et commercialise les terrains industriels de la ville pour le compte de Br\u00eame, peut avoir lieu.<\/p>\n<p>Pour le compte de BLG LOGISTICS, Logivest GmbH a men\u00e9 un processus d&rsquo;appel d&rsquo;offres en plusieurs \u00e9tapes, au cours duquel le d\u00e9veloppeur sp\u00e9cialis\u00e9 dans l&rsquo;immobilier industriel et logistique, Baytree Logistics Properties, a \u00e9t\u00e9 s\u00e9lectionn\u00e9 pour la r\u00e9alisation de l&rsquo;immeuble. Logivest continue d&rsquo;accompagner ce projet d&rsquo;avenir avec son expertise professionnelle. BLG LOGISTICS exploitera la parcelle de 152 000 m\u00e8tres carr\u00e9s avec un immeuble logistique de plus de 95 000 m\u00e8tres carr\u00e9s.<\/p>\n<h5><strong>C3-Bremen<\/strong><\/h5>\n<p>Le nouveau centre logistique sera nomm\u00e9 C3-Bremen, o\u00f9 \u00ab\u00a0C3\u00a0\u00bb repr\u00e9sente les termes client, climat et confort. \u00ab\u00a0Le C3-Bremen est un projet de construction puissant et tourn\u00e9 vers l&rsquo;avenir, qui nous offre la possibilit\u00e9 de combiner de mani\u00e8re exceptionnelle les souhaits des clients, la durabilit\u00e9 et les besoins des employ\u00e9s\u00a0\u00bb, se r\u00e9jouit Jens Wollesen, membre du conseil d&rsquo;administration de BLG LOGISTICS.<\/p>\n<h5><strong>Client - Optimiser les processus<\/strong><\/h5>\n<p>Avec une planification intralogistique intelligente et des flux de travail efficaces, le traitement logistique sera adapt\u00e9 aux besoins des clients. Les processus \u00e0 l&rsquo;int\u00e9rieur de la nouvelle installation suivront le principe du Lean Management et seront soutenus par un degr\u00e9 d&rsquo;automatisation et de num\u00e9risation tourn\u00e9 vers l&rsquo;avenir.<\/p>\n<p>\u00c0 partir du C3-Bremen, le prestataire logistique BLG fournira l&rsquo;approvisionnement durable et efficace des usines d&rsquo;assemblage \u00e0 l&rsquo;\u00e9tranger d&rsquo;un constructeur automobile renomm\u00e9. Les services \u00e9tendus comprennent, en plus de la logistique des pi\u00e8ces automobiles, la formation de sets et la conteneurisation, ainsi que l&rsquo;exportation des pi\u00e8ces d&rsquo;assemblage. Dans le nouveau centre logistique, environ 500 employ\u00e9s fourniront ces services logistiques complexes dans des processus efficaces et robustes, et ce, \u00e0 un niveau de qualit\u00e9 \u00e9lev\u00e9.<\/p>\n<p>\u00ab\u00a0Le nouveau projet de d\u00e9veloppement de BLG s&rsquo;int\u00e8gre parfaitement dans le centre de transport de marchandises de Br\u00eame, avec sa grande comp\u00e9tence logistique, et enrichira le site\u00a0\u00bb, affirme Andreas Heyer, pr\u00e9sident de la direction de la WFB Wirtschaftsf\u00f6rderung Bremen GmbH. \u00ab\u00a0Il est particuli\u00e8rement r\u00e9jouissant que ce projet soit associ\u00e9 \u00e0 la s\u00e9curisation de nombreux emplois qualifi\u00e9s dans la logistique automobile et qu&rsquo;avec l&rsquo;approche respectueuse de l&rsquo;environnement, une contribution \u00e0 la protection du climat soit \u00e9galement apport\u00e9e\u00a0\u00bb, ajoute Heyer.<\/p>\n<h5><strong>Climat - Durabilit\u00e9 par excellence<\/strong><\/h5>\n<p>En plus d&rsquo;un concept \u00e9nerg\u00e9tique complet, qui pr\u00e9voit un fonctionnement neutre en CO2 de l&rsquo;immeuble, une certification DGNB en or en tant que b\u00e2timent climatiquement positif est vis\u00e9e. Parmi d&rsquo;autres, il est pr\u00e9vu d&rsquo;installer un syst\u00e8me photovolta\u00efque sur l&rsquo;ensemble de la surface du toit. Un syst\u00e8me de chauffage solaire doit soutenir le syst\u00e8me de chauffage et la production d&rsquo;eau chaude. L&rsquo;enveloppe du b\u00e2timent est d\u00e9lib\u00e9r\u00e9ment isol\u00e9e au-dessus de la moyenne.<\/p>\n<p>\u00ab\u00a0BLG s&rsquo;est fix\u00e9 pour objectif de devenir une entreprise climatiquement neutre d&rsquo;ici 2030. Le nouveau site est un phare en mati\u00e8re de durabilit\u00e9\u00a0\u00bb, d\u00e9clare Jens Wollesen, membre du conseil d&rsquo;administration de BLG LOGISTICS.<\/p>\n<p>L&rsquo;installation r\u00e9pond aux normes \u00e9nerg\u00e9tiques les plus \u00e9lev\u00e9es et constitue une \u00e9tape importante vers une meilleure protection du climat.<\/p>\n<p>\u00ab\u00a0Avec le C3-Bremen, la ville hans\u00e9atique et le GVZ envoient un signal clair et font un pas important vers l&rsquo;avenir. Le th\u00e8me de la durabilit\u00e9 est d\u00e9j\u00e0 bien ancr\u00e9 dans la logistique, mais il faut des projets innovants comme le C3 pour le faire avancer\u00a0\u00bb, d\u00e9clare Kuno Neumeier, PDG de Logivest.<\/p>\n<h5><strong>Confort - Les employ\u00e9s au centre<\/strong><\/h5>\n<p>Le nouveau projet doit convaincre non seulement par son design. Les espaces de s\u00e9jour et les espaces ext\u00e9rieurs seront d\u00e9velopp\u00e9s selon un concept de bien-\u00eatre pour l&rsquo;homme et l&rsquo;environnement, afin de rendre l&rsquo;environnement de travail plus agr\u00e9able. La sant\u00e9 des employ\u00e9s au travail est au c\u0153ur de ce projet de construction. De plus, des espaces verts soigneusement am\u00e9nag\u00e9s sont pr\u00e9vus.<\/p>\n<p>\u00ab\u00a0Avec le centre logistique C3-Bremen, d\u00e9velopper un bien immobilier logistique qui r\u00e9pond aux principes les plus modernes et innovants correspond exactement \u00e0 notre id\u00e9e fondamentale de r\u00e9unir les innovations techniques, l&rsquo;utilisation responsable des ressources naturelles et le bien-\u00eatre des employ\u00e9s dans un d\u00e9veloppement. Nous sommes donc tr\u00e8s heureux de pouvoir apporter notre expertise \u00e0 ce nouveau d\u00e9veloppement tourn\u00e9 vers l&rsquo;avenir\u00a0\u00bb, souligne Sascha Petersmann, responsable de l&rsquo;Allemagne chez Baytree.<\/p>\n<p>Photo : \u00a9 Goldbeck International<\/p>\n<p><a href=\"https:\/\/www.blg-logistics.com\" target=\"_blank\" rel=\"noopener noreferrer\">www.blg-logistics.com<\/a>\u00a0\u00a0 <a href=\"https:\/\/logivest.de\/\" target=\"_blank\" rel=\"noopener noreferrer\">logivest.de<\/a>\u00a0 \u00a0<a href=\"https:\/\/www.baytree.com\" target=\"_blank\" rel=\"noopener noreferrer\">www.baytree.com<\/a> \u00a0\u00a0<a href=\"https:\/\/www.wfb-bremen.de\" target=\"_blank\" rel=\"noopener noreferrer\">www.wfb-bremen.de<\/a><\/p>\n","protected":false},"excerpt":{"rendered":"<p>BLG Logistics pr\u00e9voit, avec l&rsquo;aide de Logivest, un nouveau site pour la logistique automobile dans le GVZ de Br\u00eame. Le complexe sera r\u00e9alis\u00e9 par le d\u00e9veloppeur<span class=\"excerpt-hellip\"> [\u2026]<\/span><\/p>\n","protected":false},"author":0,"featured_media":0,"comment_status":"open","ping_status":"open","sticky":false,"template":"","format":"standard","meta":{"_acf_changed":false,"footnotes":""},"categories":[1557,1561],"tags":[],"class_list":["post-23512","post","type-post","status-publish","format-standard","hentry","category-forwarding-logistics","category-regions"],"acf":[],"yoast_head":"<!-- This site is optimized with the Yoast SEO plugin v27.3 - https:\/\/yoast.com\/product\/yoast-seo-wordpress\/ -->\n<title>BLG Logistics pr\u00e9voit un centre logistique durable &quot;C3-Bremen&quot; - Loginfo24.<\/title>\n<meta name=\"robots\" content=\"index, follow, max-snippet:-1, max-image-preview:large, max-video-preview:-1\" \/>\n<link rel=\"canonical\" href=\"https:\/\/loginfo24.com\/fr\/2021\/02\/22\/blg-logistics-prevoit-un-centre-logistique-durable-c3-bremen\/\" \/>\n<meta property=\"og:locale\" content=\"fr_FR\" \/>\n<meta property=\"og:type\" content=\"article\" \/>\n<meta property=\"og:title\" content=\"BLG Logistics pr\u00e9voit un centre logistique durable &quot;C3-Bremen&quot; - Loginfo24.\" \/>\n<meta property=\"og:description\" content=\"BLG Logistics pr\u00e9voit, avec l&rsquo;aide de Logivest, un nouveau site pour la logistique automobile dans le GVZ de Br\u00eame. Le complexe sera r\u00e9alis\u00e9 par le d\u00e9veloppeur [\u2026]\" \/>\n<meta property=\"og:url\" content=\"https:\/\/loginfo24.com\/fr\/2021\/02\/22\/blg-logistics-prevoit-un-centre-logistique-durable-c3-bremen\/\" \/>\n<meta property=\"og:site_name\" content=\"Loginfo24\" \/>\n<meta property=\"article:publisher\" content=\"https:\/\/www.facebook.com\/people\/Loginfo24\/100057360583332\/\" \/>\n<meta property=\"article:published_time\" content=\"2021-02-22T16:05:57+00:00\" \/>\n<meta property=\"article:modified_time\" content=\"2025-12-15T11:53:19+00:00\" \/>\n<meta name=\"twitter:card\" content=\"summary_large_image\" \/>\n<meta name=\"twitter:label1\" content=\"Dur\u00e9e de lecture estim\u00e9e\" \/>\n\t<meta name=\"twitter:data1\" content=\"5 minutes\" \/>\n<script type=\"application\/ld+json\" class=\"yoast-schema-graph\">{\"@context\":\"https:\\\/\\\/schema.org\",\"@graph\":[{\"@type\":\"Article\",\"@id\":\"https:\\\/\\\/loginfo24.com\\\/fr\\\/2021\\\/02\\\/22\\\/blg-logistics-prevoit-un-centre-logistique-durable-c3-bremen\\\/#article\",\"isPartOf\":{\"@id\":\"https:\\\/\\\/loginfo24.com\\\/fr\\\/2021\\\/02\\\/22\\\/blg-logistics-prevoit-un-centre-logistique-durable-c3-bremen\\\/\"},\"author\":{\"name\":\"\",\"@id\":\"\"},\"headline\":\"BLG Logistics pr\u00e9voit un centre logistique durable \u00ab\u00a0C3-Bremen\u00a0\u00bb\",\"datePublished\":\"2021-02-22T16:05:57+00:00\",\"dateModified\":\"2025-12-15T11:53:19+00:00\",\"mainEntityOfPage\":{\"@id\":\"https:\\\/\\\/loginfo24.com\\\/fr\\\/2021\\\/02\\\/22\\\/blg-logistics-prevoit-un-centre-logistique-durable-c3-bremen\\\/\"},\"wordCount\":976,\"commentCount\":0,\"publisher\":{\"@id\":\"https:\\\/\\\/loginfo24.com\\\/fr\\\/#organization\"},\"articleSection\":[\"Forwarding &amp; Logistics\",\"Regions\"],\"inLanguage\":\"fr-FR\",\"potentialAction\":[{\"@type\":\"CommentAction\",\"name\":\"Comment\",\"target\":[\"https:\\\/\\\/loginfo24.com\\\/fr\\\/2021\\\/02\\\/22\\\/blg-logistics-prevoit-un-centre-logistique-durable-c3-bremen\\\/#respond\"]}]},{\"@type\":\"WebPage\",\"@id\":\"https:\\\/\\\/loginfo24.com\\\/fr\\\/2021\\\/02\\\/22\\\/blg-logistics-prevoit-un-centre-logistique-durable-c3-bremen\\\/\",\"url\":\"https:\\\/\\\/loginfo24.com\\\/fr\\\/2021\\\/02\\\/22\\\/blg-logistics-prevoit-un-centre-logistique-durable-c3-bremen\\\/\",\"name\":\"BLG Logistics pr\u00e9voit un centre logistique durable \\\"C3-Bremen\\\" - Loginfo24.\",\"isPartOf\":{\"@id\":\"https:\\\/\\\/loginfo24.com\\\/fr\\\/#website\"},\"datePublished\":\"2021-02-22T16:05:57+00:00\",\"dateModified\":\"2025-12-15T11:53:19+00:00\",\"breadcrumb\":{\"@id\":\"https:\\\/\\\/loginfo24.com\\\/fr\\\/2021\\\/02\\\/22\\\/blg-logistics-prevoit-un-centre-logistique-durable-c3-bremen\\\/#breadcrumb\"},\"inLanguage\":\"fr-FR\",\"potentialAction\":[{\"@type\":\"ReadAction\",\"target\":[\"https:\\\/\\\/loginfo24.com\\\/fr\\\/2021\\\/02\\\/22\\\/blg-logistics-prevoit-un-centre-logistique-durable-c3-bremen\\\/\"]}]},{\"@type\":\"BreadcrumbList\",\"@id\":\"https:\\\/\\\/loginfo24.com\\\/fr\\\/2021\\\/02\\\/22\\\/blg-logistics-prevoit-un-centre-logistique-durable-c3-bremen\\\/#breadcrumb\",\"itemListElement\":[{\"@type\":\"ListItem\",\"position\":1,\"name\":\"Startseite\",\"item\":\"https:\\\/\\\/loginfo24.com\\\/fr\\\/\"},{\"@type\":\"ListItem\",\"position\":2,\"name\":\"BLG Logistics pr\u00e9voit un centre logistique durable &#8222;C3-Bremen&#8220;\"}]},{\"@type\":\"WebSite\",\"@id\":\"https:\\\/\\\/loginfo24.com\\\/fr\\\/#website\",\"url\":\"https:\\\/\\\/loginfo24.com\\\/fr\\\/\",\"name\":\"Loginfo24\",\"description\":\"Loginfo24 est la plateforme d\u00e9di\u00e9e \u00e0 la logistique et aux cha\u00eenes d&#039;approvisionnement qui fournit des informations 24 heures sur 24.\",\"publisher\":{\"@id\":\"https:\\\/\\\/loginfo24.com\\\/fr\\\/#organization\"},\"potentialAction\":[{\"@type\":\"SearchAction\",\"target\":{\"@type\":\"EntryPoint\",\"urlTemplate\":\"https:\\\/\\\/loginfo24.com\\\/fr\\\/?s={search_term_string}\"},\"query-input\":{\"@type\":\"PropertyValueSpecification\",\"valueRequired\":true,\"valueName\":\"search_term_string\"}}],\"inLanguage\":\"fr-FR\"},{\"@type\":\"Organization\",\"@id\":\"https:\\\/\\\/loginfo24.com\\\/fr\\\/#organization\",\"name\":\"Groupe Logismedia AG\",\"url\":\"https:\\\/\\\/loginfo24.com\\\/fr\\\/\",\"logo\":{\"@type\":\"ImageObject\",\"inLanguage\":\"fr-FR\",\"@id\":\"https:\\\/\\\/loginfo24.com\\\/fr\\\/#\\\/schema\\\/logo\\\/image\\\/\",\"url\":\"https:\\\/\\\/loginfo24.com\\\/wp-content\\\/uploads\\\/sites\\\/7\\\/2026\\\/01\\\/Logo_LogInfo24.png\",\"contentUrl\":\"https:\\\/\\\/loginfo24.com\\\/wp-content\\\/uploads\\\/sites\\\/7\\\/2026\\\/01\\\/Logo_LogInfo24.png\",\"width\":938,\"height\":351,\"caption\":\"Groupe Logismedia AG\"},\"image\":{\"@id\":\"https:\\\/\\\/loginfo24.com\\\/fr\\\/#\\\/schema\\\/logo\\\/image\\\/\"},\"sameAs\":[\"https:\\\/\\\/www.facebook.com\\\/people\\\/Loginfo24\\\/100057360583332\\\/\",\"https:\\\/\\\/www.linkedin.com\\\/company\\\/lofinfo24\\\/\"]}]}<\/script>\n<!-- \/ Yoast SEO plugin. -->","yoast_head_json":{"title":"BLG Logistics pr\u00e9voit un centre logistique durable \"C3-Bremen\" - Loginfo24.","robots":{"index":"index","follow":"follow","max-snippet":"max-snippet:-1","max-image-preview":"max-image-preview:large","max-video-preview":"max-video-preview:-1"},"canonical":"https:\/\/loginfo24.com\/fr\/2021\/02\/22\/blg-logistics-prevoit-un-centre-logistique-durable-c3-bremen\/","og_locale":"fr_FR","og_type":"article","og_title":"BLG Logistics pr\u00e9voit un centre logistique durable \"C3-Bremen\" - Loginfo24.","og_description":"BLG Logistics pr\u00e9voit, avec l&rsquo;aide de Logivest, un nouveau site pour la logistique automobile dans le GVZ de Br\u00eame. Le complexe sera r\u00e9alis\u00e9 par le d\u00e9veloppeur [\u2026]","og_url":"https:\/\/loginfo24.com\/fr\/2021\/02\/22\/blg-logistics-prevoit-un-centre-logistique-durable-c3-bremen\/","og_site_name":"Loginfo24","article_publisher":"https:\/\/www.facebook.com\/people\/Loginfo24\/100057360583332\/","article_published_time":"2021-02-22T16:05:57+00:00","article_modified_time":"2025-12-15T11:53:19+00:00","twitter_card":"summary_large_image","twitter_misc":{"Dur\u00e9e de lecture estim\u00e9e":"5 minutes"},"schema":{"@context":"https:\/\/schema.org","@graph":[{"@type":"Article","@id":"https:\/\/loginfo24.com\/fr\/2021\/02\/22\/blg-logistics-prevoit-un-centre-logistique-durable-c3-bremen\/#article","isPartOf":{"@id":"https:\/\/loginfo24.com\/fr\/2021\/02\/22\/blg-logistics-prevoit-un-centre-logistique-durable-c3-bremen\/"},"author":{"name":"","@id":""},"headline":"BLG Logistics pr\u00e9voit un centre logistique durable \u00ab\u00a0C3-Bremen\u00a0\u00bb","datePublished":"2021-02-22T16:05:57+00:00","dateModified":"2025-12-15T11:53:19+00:00","mainEntityOfPage":{"@id":"https:\/\/loginfo24.com\/fr\/2021\/02\/22\/blg-logistics-prevoit-un-centre-logistique-durable-c3-bremen\/"},"wordCount":976,"commentCount":0,"publisher":{"@id":"https:\/\/loginfo24.com\/fr\/#organization"},"articleSection":["Forwarding &amp; Logistics","Regions"],"inLanguage":"fr-FR","potentialAction":[{"@type":"CommentAction","name":"Comment","target":["https:\/\/loginfo24.com\/fr\/2021\/02\/22\/blg-logistics-prevoit-un-centre-logistique-durable-c3-bremen\/#respond"]}]},{"@type":"WebPage","@id":"https:\/\/loginfo24.com\/fr\/2021\/02\/22\/blg-logistics-prevoit-un-centre-logistique-durable-c3-bremen\/","url":"https:\/\/loginfo24.com\/fr\/2021\/02\/22\/blg-logistics-prevoit-un-centre-logistique-durable-c3-bremen\/","name":"BLG Logistics pr\u00e9voit un centre logistique durable \"C3-Bremen\" - Loginfo24.","isPartOf":{"@id":"https:\/\/loginfo24.com\/fr\/#website"},"datePublished":"2021-02-22T16:05:57+00:00","dateModified":"2025-12-15T11:53:19+00:00","breadcrumb":{"@id":"https:\/\/loginfo24.com\/fr\/2021\/02\/22\/blg-logistics-prevoit-un-centre-logistique-durable-c3-bremen\/#breadcrumb"},"inLanguage":"fr-FR","potentialAction":[{"@type":"ReadAction","target":["https:\/\/loginfo24.com\/fr\/2021\/02\/22\/blg-logistics-prevoit-un-centre-logistique-durable-c3-bremen\/"]}]},{"@type":"BreadcrumbList","@id":"https:\/\/loginfo24.com\/fr\/2021\/02\/22\/blg-logistics-prevoit-un-centre-logistique-durable-c3-bremen\/#breadcrumb","itemListElement":[{"@type":"ListItem","position":1,"name":"Startseite","item":"https:\/\/loginfo24.com\/fr\/"},{"@type":"ListItem","position":2,"name":"BLG Logistics pr\u00e9voit un centre logistique durable &#8222;C3-Bremen&#8220;"}]},{"@type":"WebSite","@id":"https:\/\/loginfo24.com\/fr\/#website","url":"https:\/\/loginfo24.com\/fr\/","name":"Loginfo24","description":"Loginfo24 est la plateforme d\u00e9di\u00e9e \u00e0 la logistique et aux cha\u00eenes d&#039;approvisionnement qui fournit des informations 24 heures sur 24.","publisher":{"@id":"https:\/\/loginfo24.com\/fr\/#organization"},"potentialAction":[{"@type":"SearchAction","target":{"@type":"EntryPoint","urlTemplate":"https:\/\/loginfo24.com\/fr\/?s={search_term_string}"},"query-input":{"@type":"PropertyValueSpecification","valueRequired":true,"valueName":"search_term_string"}}],"inLanguage":"fr-FR"},{"@type":"Organization","@id":"https:\/\/loginfo24.com\/fr\/#organization","name":"Groupe Logismedia AG","url":"https:\/\/loginfo24.com\/fr\/","logo":{"@type":"ImageObject","inLanguage":"fr-FR","@id":"https:\/\/loginfo24.com\/fr\/#\/schema\/logo\/image\/","url":"https:\/\/loginfo24.com\/wp-content\/uploads\/sites\/7\/2026\/01\/Logo_LogInfo24.png","contentUrl":"https:\/\/loginfo24.com\/wp-content\/uploads\/sites\/7\/2026\/01\/Logo_LogInfo24.png","width":938,"height":351,"caption":"Groupe Logismedia AG"},"image":{"@id":"https:\/\/loginfo24.com\/fr\/#\/schema\/logo\/image\/"},"sameAs":["https:\/\/www.facebook.com\/people\/Loginfo24\/100057360583332\/","https:\/\/www.linkedin.com\/company\/lofinfo24\/"]}]}},"_links":{"self":[{"href":"https:\/\/loginfo24.com\/fr\/wp-json\/wp\/v2\/posts\/23512","targetHints":{"allow":["GET"]}}],"collection":[{"href":"https:\/\/loginfo24.com\/fr\/wp-json\/wp\/v2\/posts"}],"about":[{"href":"https:\/\/loginfo24.com\/fr\/wp-json\/wp\/v2\/types\/post"}],"replies":[{"embeddable":true,"href":"https:\/\/loginfo24.com\/fr\/wp-json\/wp\/v2\/comments?post=23512"}],"version-history":[{"count":1,"href":"https:\/\/loginfo24.com\/fr\/wp-json\/wp\/v2\/posts\/23512\/revisions"}],"predecessor-version":[{"id":42750,"href":"https:\/\/loginfo24.com\/fr\/wp-json\/wp\/v2\/posts\/23512\/revisions\/42750"}],"wp:attachment":[{"href":"https:\/\/loginfo24.com\/fr\/wp-json\/wp\/v2\/media?parent=23512"}],"wp:term":[{"taxonomy":"category","embeddable":true,"href":"https:\/\/loginfo24.com\/fr\/wp-json\/wp\/v2\/categories?post=23512"},{"taxonomy":"post_tag","embeddable":true,"href":"https:\/\/loginfo24.com\/fr\/wp-json\/wp\/v2\/tags?post=23512"}],"curies":[{"name":"wp","href":"https:\/\/api.w.org\/{rel}","templated":true}]}}