{"id":22963,"date":"2021-02-01T16:04:18","date_gmt":"2021-02-01T15:04:18","guid":{"rendered":"https:\/\/blog.brand-architecture.at\/2021\/02\/01\/karin-radstrom-prend-la-direction-de-mercedes-benz-camions\/"},"modified":"2025-12-15T12:50:47","modified_gmt":"2025-12-15T11:50:47","slug":"karin-radstrom-prend-la-direction-de-mercedes-benz-camions","status":"publish","type":"post","link":"https:\/\/loginfo24.com\/fr\/2021\/02\/01\/karin-radstrom-prend-la-direction-de-mercedes-benz-camions\/","title":{"rendered":"Karin R\u00e5dstr\u00f6m prend la direction de Mercedes-Benz Camions"},"content":{"rendered":"<p><p>\u00c0 partir d&rsquo;aujourd&rsquo;hui, Karin R\u00e5dstr\u00f6m prend la direction de Mercedes-Benz Camions et fait \u00e9galement partie du conseil d&rsquo;administration de Daimler Truck AG gr\u00e2ce \u00e0 cette fonction. R\u00e5dstr\u00f6m vient du concurrent Scania o\u00f9 elle \u00e9tait membre du conseil d&rsquo;administration responsable des ventes et du marketing.<\/p>\n<p>(Stuttgart) Karin R\u00e5dstr\u00f6m a aujourd&rsquo;hui commenc\u00e9 son mandat en tant que membre du conseil d&rsquo;administration de Daimler Truck AG, responsable de Mercedes-Benz Camions. R\u00e5dstr\u00f6m \u00e9tait auparavant chez Scania, o\u00f9 elle \u00e9tait membre du conseil d&rsquo;administration responsable des ventes et du marketing.<\/p>\n<p>\u00ab\u00a0Nous sommes tr\u00e8s heureux d&rsquo;accueillir Karin dans notre \u00e9quipe de direction mondiale. Elle poss\u00e8de une vaste exp\u00e9rience internationale dans l&rsquo;industrie des v\u00e9hicules utilitaires et a connu un grand succ\u00e8s dans la cr\u00e9ation d&rsquo;une organisation de vente ax\u00e9e sur le client et de l&rsquo;image de marque qui en d\u00e9coule\u00a0\u00bb, d\u00e9clare Martin Daum, pr\u00e9sident du conseil d&rsquo;administration de Daimler Truck AG et membre du conseil d&rsquo;administration de Daimler AG.<\/p>\n<h5><strong>Diff\u00e9rents postes de direction<\/strong><\/h5>\n<p>Originaire de Su\u00e8de, R\u00e5dstr\u00f6m a commenc\u00e9 en 2004 en tant que stagiaire chez Scania, apr\u00e8s avoir obtenu son Master en ing\u00e9nierie en gestion industrielle \u00e0 l&rsquo;\u00c9cole polytechnique royale de Stockholm. Depuis 2007, elle a occup\u00e9 divers postes de direction au sein de l&rsquo;organisation des ventes et des services de Scania, y compris la direction de l&rsquo;activit\u00e9 bus de l&rsquo;entreprise ainsi que le d\u00e9veloppement des affaires li\u00e9es aux v\u00e9hicules num\u00e9riques et connect\u00e9s.<\/p>\n<p>R\u00e5dstr\u00f6m succ\u00e8de \u00e0 Stefan Buchner, qui a pris sa retraite en octobre 2020.<\/p>\n<p>Photo : \u00a9 Mercedes Benz Camions<\/p>\n<p><a href=\"https:\/\/www.mercedes-benz-trucks.com\" target=\"_blank\" rel=\"noopener noreferrer\">www.mercedes-benz-trucks.com<\/a>\u00a0\u00a0\u00a0\u00a0\u00a0 <a href=\"https:\/\/www.daimler-truck.com\" target=\"_blank\" rel=\"noopener noreferrer\">www.daimler-truck.com<\/a><\/p>\n","protected":false},"excerpt":{"rendered":"<p>\u00c0 partir d&rsquo;aujourd&rsquo;hui, Karin R\u00e5dstr\u00f6m prend la direction de Mercedes-Benz Camions et fait \u00e9galement partie du conseil d&rsquo;administration de Daimler Truck AG gr\u00e2ce \u00e0 cette fonction.<span class=\"excerpt-hellip\"> [\u2026]<\/span><\/p>\n","protected":false},"author":0,"featured_media":0,"comment_status":"open","ping_status":"open","sticky":false,"template":"","format":"standard","meta":{"_acf_changed":false,"footnotes":""},"categories":[1557,1561],"tags":[],"class_list":["post-22963","post","type-post","status-publish","format-standard","hentry","category-forwarding-logistics","category-regions"],"acf":[],"yoast_head":"<!-- This site is optimized with the Yoast SEO plugin v27.3 - https:\/\/yoast.com\/product\/yoast-seo-wordpress\/ -->\n<title>Karin R\u00e5dstr\u00f6m prend la direction de Mercedes-Benz Camions - Loginfo24.<\/title>\n<meta name=\"robots\" content=\"index, follow, max-snippet:-1, max-image-preview:large, max-video-preview:-1\" \/>\n<link rel=\"canonical\" href=\"https:\/\/loginfo24.com\/fr\/2021\/02\/01\/karin-radstrom-prend-la-direction-de-mercedes-benz-camions\/\" \/>\n<meta property=\"og:locale\" content=\"fr_FR\" \/>\n<meta property=\"og:type\" content=\"article\" \/>\n<meta property=\"og:title\" content=\"Karin R\u00e5dstr\u00f6m prend la direction de Mercedes-Benz Camions - Loginfo24.\" \/>\n<meta property=\"og:description\" content=\"\u00c0 partir d&rsquo;aujourd&rsquo;hui, Karin R\u00e5dstr\u00f6m prend la direction de Mercedes-Benz Camions et fait \u00e9galement partie du conseil d&rsquo;administration de Daimler Truck AG gr\u00e2ce \u00e0 cette fonction. [\u2026]\" \/>\n<meta property=\"og:url\" content=\"https:\/\/loginfo24.com\/fr\/2021\/02\/01\/karin-radstrom-prend-la-direction-de-mercedes-benz-camions\/\" \/>\n<meta property=\"og:site_name\" content=\"Loginfo24\" \/>\n<meta property=\"article:publisher\" content=\"https:\/\/www.facebook.com\/people\/Loginfo24\/100057360583332\/\" \/>\n<meta property=\"article:published_time\" content=\"2021-02-01T15:04:18+00:00\" \/>\n<meta property=\"article:modified_time\" content=\"2025-12-15T11:50:47+00:00\" \/>\n<meta name=\"twitter:card\" content=\"summary_large_image\" \/>\n<meta name=\"twitter:label1\" content=\"Dur\u00e9e de lecture estim\u00e9e\" \/>\n\t<meta name=\"twitter:data1\" content=\"1 minute\" \/>\n<script type=\"application\/ld+json\" class=\"yoast-schema-graph\">{\"@context\":\"https:\\\/\\\/schema.org\",\"@graph\":[{\"@type\":\"Article\",\"@id\":\"https:\\\/\\\/loginfo24.com\\\/fr\\\/2021\\\/02\\\/01\\\/karin-radstrom-prend-la-direction-de-mercedes-benz-camions\\\/#article\",\"isPartOf\":{\"@id\":\"https:\\\/\\\/loginfo24.com\\\/fr\\\/2021\\\/02\\\/01\\\/karin-radstrom-prend-la-direction-de-mercedes-benz-camions\\\/\"},\"author\":{\"name\":\"\",\"@id\":\"\"},\"headline\":\"Karin R\u00e5dstr\u00f6m prend la direction de Mercedes-Benz Camions\",\"datePublished\":\"2021-02-01T15:04:18+00:00\",\"dateModified\":\"2025-12-15T11:50:47+00:00\",\"mainEntityOfPage\":{\"@id\":\"https:\\\/\\\/loginfo24.com\\\/fr\\\/2021\\\/02\\\/01\\\/karin-radstrom-prend-la-direction-de-mercedes-benz-camions\\\/\"},\"wordCount\":303,\"commentCount\":0,\"publisher\":{\"@id\":\"https:\\\/\\\/loginfo24.com\\\/fr\\\/#organization\"},\"articleSection\":[\"Forwarding &amp; Logistics\",\"Regions\"],\"inLanguage\":\"fr-FR\",\"potentialAction\":[{\"@type\":\"CommentAction\",\"name\":\"Comment\",\"target\":[\"https:\\\/\\\/loginfo24.com\\\/fr\\\/2021\\\/02\\\/01\\\/karin-radstrom-prend-la-direction-de-mercedes-benz-camions\\\/#respond\"]}]},{\"@type\":\"WebPage\",\"@id\":\"https:\\\/\\\/loginfo24.com\\\/fr\\\/2021\\\/02\\\/01\\\/karin-radstrom-prend-la-direction-de-mercedes-benz-camions\\\/\",\"url\":\"https:\\\/\\\/loginfo24.com\\\/fr\\\/2021\\\/02\\\/01\\\/karin-radstrom-prend-la-direction-de-mercedes-benz-camions\\\/\",\"name\":\"Karin R\u00e5dstr\u00f6m prend la direction de Mercedes-Benz Camions - Loginfo24.\",\"isPartOf\":{\"@id\":\"https:\\\/\\\/loginfo24.com\\\/fr\\\/#website\"},\"datePublished\":\"2021-02-01T15:04:18+00:00\",\"dateModified\":\"2025-12-15T11:50:47+00:00\",\"breadcrumb\":{\"@id\":\"https:\\\/\\\/loginfo24.com\\\/fr\\\/2021\\\/02\\\/01\\\/karin-radstrom-prend-la-direction-de-mercedes-benz-camions\\\/#breadcrumb\"},\"inLanguage\":\"fr-FR\",\"potentialAction\":[{\"@type\":\"ReadAction\",\"target\":[\"https:\\\/\\\/loginfo24.com\\\/fr\\\/2021\\\/02\\\/01\\\/karin-radstrom-prend-la-direction-de-mercedes-benz-camions\\\/\"]}]},{\"@type\":\"BreadcrumbList\",\"@id\":\"https:\\\/\\\/loginfo24.com\\\/fr\\\/2021\\\/02\\\/01\\\/karin-radstrom-prend-la-direction-de-mercedes-benz-camions\\\/#breadcrumb\",\"itemListElement\":[{\"@type\":\"ListItem\",\"position\":1,\"name\":\"Startseite\",\"item\":\"https:\\\/\\\/loginfo24.com\\\/fr\\\/\"},{\"@type\":\"ListItem\",\"position\":2,\"name\":\"Karin R\u00e5dstr\u00f6m prend la direction de Mercedes-Benz Camions\"}]},{\"@type\":\"WebSite\",\"@id\":\"https:\\\/\\\/loginfo24.com\\\/fr\\\/#website\",\"url\":\"https:\\\/\\\/loginfo24.com\\\/fr\\\/\",\"name\":\"Loginfo24\",\"description\":\"Loginfo24 est la plateforme d\u00e9di\u00e9e \u00e0 la logistique et aux cha\u00eenes d&#039;approvisionnement qui fournit des informations 24 heures sur 24.\",\"publisher\":{\"@id\":\"https:\\\/\\\/loginfo24.com\\\/fr\\\/#organization\"},\"potentialAction\":[{\"@type\":\"SearchAction\",\"target\":{\"@type\":\"EntryPoint\",\"urlTemplate\":\"https:\\\/\\\/loginfo24.com\\\/fr\\\/?s={search_term_string}\"},\"query-input\":{\"@type\":\"PropertyValueSpecification\",\"valueRequired\":true,\"valueName\":\"search_term_string\"}}],\"inLanguage\":\"fr-FR\"},{\"@type\":\"Organization\",\"@id\":\"https:\\\/\\\/loginfo24.com\\\/fr\\\/#organization\",\"name\":\"Groupe Logismedia AG\",\"url\":\"https:\\\/\\\/loginfo24.com\\\/fr\\\/\",\"logo\":{\"@type\":\"ImageObject\",\"inLanguage\":\"fr-FR\",\"@id\":\"https:\\\/\\\/loginfo24.com\\\/fr\\\/#\\\/schema\\\/logo\\\/image\\\/\",\"url\":\"https:\\\/\\\/loginfo24.com\\\/wp-content\\\/uploads\\\/sites\\\/7\\\/2026\\\/01\\\/Logo_LogInfo24.png\",\"contentUrl\":\"https:\\\/\\\/loginfo24.com\\\/wp-content\\\/uploads\\\/sites\\\/7\\\/2026\\\/01\\\/Logo_LogInfo24.png\",\"width\":938,\"height\":351,\"caption\":\"Groupe Logismedia AG\"},\"image\":{\"@id\":\"https:\\\/\\\/loginfo24.com\\\/fr\\\/#\\\/schema\\\/logo\\\/image\\\/\"},\"sameAs\":[\"https:\\\/\\\/www.facebook.com\\\/people\\\/Loginfo24\\\/100057360583332\\\/\",\"https:\\\/\\\/www.linkedin.com\\\/company\\\/lofinfo24\\\/\"]}]}<\/script>\n<!-- \/ Yoast SEO plugin. -->","yoast_head_json":{"title":"Karin R\u00e5dstr\u00f6m prend la direction de Mercedes-Benz Camions - Loginfo24.","robots":{"index":"index","follow":"follow","max-snippet":"max-snippet:-1","max-image-preview":"max-image-preview:large","max-video-preview":"max-video-preview:-1"},"canonical":"https:\/\/loginfo24.com\/fr\/2021\/02\/01\/karin-radstrom-prend-la-direction-de-mercedes-benz-camions\/","og_locale":"fr_FR","og_type":"article","og_title":"Karin R\u00e5dstr\u00f6m prend la direction de Mercedes-Benz Camions - Loginfo24.","og_description":"\u00c0 partir d&rsquo;aujourd&rsquo;hui, Karin R\u00e5dstr\u00f6m prend la direction de Mercedes-Benz Camions et fait \u00e9galement partie du conseil d&rsquo;administration de Daimler Truck AG gr\u00e2ce \u00e0 cette fonction. [\u2026]","og_url":"https:\/\/loginfo24.com\/fr\/2021\/02\/01\/karin-radstrom-prend-la-direction-de-mercedes-benz-camions\/","og_site_name":"Loginfo24","article_publisher":"https:\/\/www.facebook.com\/people\/Loginfo24\/100057360583332\/","article_published_time":"2021-02-01T15:04:18+00:00","article_modified_time":"2025-12-15T11:50:47+00:00","twitter_card":"summary_large_image","twitter_misc":{"Dur\u00e9e de lecture estim\u00e9e":"1 minute"},"schema":{"@context":"https:\/\/schema.org","@graph":[{"@type":"Article","@id":"https:\/\/loginfo24.com\/fr\/2021\/02\/01\/karin-radstrom-prend-la-direction-de-mercedes-benz-camions\/#article","isPartOf":{"@id":"https:\/\/loginfo24.com\/fr\/2021\/02\/01\/karin-radstrom-prend-la-direction-de-mercedes-benz-camions\/"},"author":{"name":"","@id":""},"headline":"Karin R\u00e5dstr\u00f6m prend la direction de Mercedes-Benz Camions","datePublished":"2021-02-01T15:04:18+00:00","dateModified":"2025-12-15T11:50:47+00:00","mainEntityOfPage":{"@id":"https:\/\/loginfo24.com\/fr\/2021\/02\/01\/karin-radstrom-prend-la-direction-de-mercedes-benz-camions\/"},"wordCount":303,"commentCount":0,"publisher":{"@id":"https:\/\/loginfo24.com\/fr\/#organization"},"articleSection":["Forwarding &amp; Logistics","Regions"],"inLanguage":"fr-FR","potentialAction":[{"@type":"CommentAction","name":"Comment","target":["https:\/\/loginfo24.com\/fr\/2021\/02\/01\/karin-radstrom-prend-la-direction-de-mercedes-benz-camions\/#respond"]}]},{"@type":"WebPage","@id":"https:\/\/loginfo24.com\/fr\/2021\/02\/01\/karin-radstrom-prend-la-direction-de-mercedes-benz-camions\/","url":"https:\/\/loginfo24.com\/fr\/2021\/02\/01\/karin-radstrom-prend-la-direction-de-mercedes-benz-camions\/","name":"Karin R\u00e5dstr\u00f6m prend la direction de Mercedes-Benz Camions - Loginfo24.","isPartOf":{"@id":"https:\/\/loginfo24.com\/fr\/#website"},"datePublished":"2021-02-01T15:04:18+00:00","dateModified":"2025-12-15T11:50:47+00:00","breadcrumb":{"@id":"https:\/\/loginfo24.com\/fr\/2021\/02\/01\/karin-radstrom-prend-la-direction-de-mercedes-benz-camions\/#breadcrumb"},"inLanguage":"fr-FR","potentialAction":[{"@type":"ReadAction","target":["https:\/\/loginfo24.com\/fr\/2021\/02\/01\/karin-radstrom-prend-la-direction-de-mercedes-benz-camions\/"]}]},{"@type":"BreadcrumbList","@id":"https:\/\/loginfo24.com\/fr\/2021\/02\/01\/karin-radstrom-prend-la-direction-de-mercedes-benz-camions\/#breadcrumb","itemListElement":[{"@type":"ListItem","position":1,"name":"Startseite","item":"https:\/\/loginfo24.com\/fr\/"},{"@type":"ListItem","position":2,"name":"Karin R\u00e5dstr\u00f6m prend la direction de Mercedes-Benz Camions"}]},{"@type":"WebSite","@id":"https:\/\/loginfo24.com\/fr\/#website","url":"https:\/\/loginfo24.com\/fr\/","name":"Loginfo24","description":"Loginfo24 est la plateforme d\u00e9di\u00e9e \u00e0 la logistique et aux cha\u00eenes d&#039;approvisionnement qui fournit des informations 24 heures sur 24.","publisher":{"@id":"https:\/\/loginfo24.com\/fr\/#organization"},"potentialAction":[{"@type":"SearchAction","target":{"@type":"EntryPoint","urlTemplate":"https:\/\/loginfo24.com\/fr\/?s={search_term_string}"},"query-input":{"@type":"PropertyValueSpecification","valueRequired":true,"valueName":"search_term_string"}}],"inLanguage":"fr-FR"},{"@type":"Organization","@id":"https:\/\/loginfo24.com\/fr\/#organization","name":"Groupe Logismedia AG","url":"https:\/\/loginfo24.com\/fr\/","logo":{"@type":"ImageObject","inLanguage":"fr-FR","@id":"https:\/\/loginfo24.com\/fr\/#\/schema\/logo\/image\/","url":"https:\/\/loginfo24.com\/wp-content\/uploads\/sites\/7\/2026\/01\/Logo_LogInfo24.png","contentUrl":"https:\/\/loginfo24.com\/wp-content\/uploads\/sites\/7\/2026\/01\/Logo_LogInfo24.png","width":938,"height":351,"caption":"Groupe Logismedia AG"},"image":{"@id":"https:\/\/loginfo24.com\/fr\/#\/schema\/logo\/image\/"},"sameAs":["https:\/\/www.facebook.com\/people\/Loginfo24\/100057360583332\/","https:\/\/www.linkedin.com\/company\/lofinfo24\/"]}]}},"_links":{"self":[{"href":"https:\/\/loginfo24.com\/fr\/wp-json\/wp\/v2\/posts\/22963","targetHints":{"allow":["GET"]}}],"collection":[{"href":"https:\/\/loginfo24.com\/fr\/wp-json\/wp\/v2\/posts"}],"about":[{"href":"https:\/\/loginfo24.com\/fr\/wp-json\/wp\/v2\/types\/post"}],"replies":[{"embeddable":true,"href":"https:\/\/loginfo24.com\/fr\/wp-json\/wp\/v2\/comments?post=22963"}],"version-history":[{"count":1,"href":"https:\/\/loginfo24.com\/fr\/wp-json\/wp\/v2\/posts\/22963\/revisions"}],"predecessor-version":[{"id":41652,"href":"https:\/\/loginfo24.com\/fr\/wp-json\/wp\/v2\/posts\/22963\/revisions\/41652"}],"wp:attachment":[{"href":"https:\/\/loginfo24.com\/fr\/wp-json\/wp\/v2\/media?parent=22963"}],"wp:term":[{"taxonomy":"category","embeddable":true,"href":"https:\/\/loginfo24.com\/fr\/wp-json\/wp\/v2\/categories?post=22963"},{"taxonomy":"post_tag","embeddable":true,"href":"https:\/\/loginfo24.com\/fr\/wp-json\/wp\/v2\/tags?post=22963"}],"curies":[{"name":"wp","href":"https:\/\/api.w.org\/{rel}","templated":true}]}}