{"id":22564,"date":"2021-01-14T19:11:30","date_gmt":"2021-01-14T18:11:30","guid":{"rendered":"https:\/\/blog.brand-architecture.at\/2021\/01\/14\/ladministration-federale-des-douanes-annonce-la-premiere-entree-dun-camion-eets-en-suisse\/"},"modified":"2025-12-15T12:49:44","modified_gmt":"2025-12-15T11:49:44","slug":"ladministration-federale-des-douanes-annonce-la-premiere-entree-dun-camion-eets-en-suisse","status":"publish","type":"post","link":"https:\/\/loginfo24.com\/fr\/2021\/01\/14\/ladministration-federale-des-douanes-annonce-la-premiere-entree-dun-camion-eets-en-suisse\/","title":{"rendered":"L&rsquo;Administration f\u00e9d\u00e9rale des douanes annonce la premi\u00e8re entr\u00e9e d&rsquo;un camion EETS en Suisse"},"content":{"rendered":"<p>EETS est le service de p\u00e9age \u00e9lectronique compatible \u00e0 l&rsquo;\u00e9chelle europ\u00e9enne de l&rsquo;UE \u2013 d\u00e9sormais connect\u00e9 \u00e0 la Suisse. Cela simplifie et acc\u00e9l\u00e8re le trafic de marchandises \u00e0 la fronti\u00e8re. La connexion \u00e0 EETS est une \u00e9tape importante du programme de num\u00e9risation et de transformation DaziT.<\/p>\n<p>(Berne) L&rsquo;Administration f\u00e9d\u00e9rale des douanes (AFD) cr\u00e9e les conditions pour la connexion de la Suisse \u00e0 EETS, le service de p\u00e9age \u00e9lectronique compatible \u00e0 l&rsquo;\u00e9chelle europ\u00e9enne de l&rsquo;UE (European Electronic Toll Service, EETS). Ainsi, les conducteurs de v\u00e9hicules de transport \u00e9trangers n&rsquo;ont plus besoin de descendre \u00e0 la fronti\u00e8re pour payer la redevance sur le trafic lourd (LSVA). Cela peut d\u00e9sormais se faire de mani\u00e8re enti\u00e8rement num\u00e9ris\u00e9e \u00e0 l&rsquo;aide d&rsquo;un petit appareil de collecte embarqu\u00e9.<\/p>\n<h5><strong>Collaboration avec les fournisseurs EETS<\/strong><\/h5>\n<p>Nouvellement, l&rsquo;AFD collabore avec des prestataires de services de collecte priv\u00e9s, appel\u00e9s fournisseurs EETS. Un premier fournisseur EETS, Telepass, a r\u00e9ussi le processus d&rsquo;approbation en plusieurs \u00e9tapes requis. Le premier trajet officiel EETS en Suisse a eu lieu aujourd&rsquo;hui \u00e0 Chiasso. Le remplacement du syst\u00e8me de collecte LSVA existant pour les v\u00e9hicules nationaux (emotach) est pr\u00e9vu selon la feuille de route du programme de transformation DaziT pour d\u00e9but 2024. La liste des autres fournisseurs EETS autoris\u00e9s sera publi\u00e9e en continu sur le site web de l&rsquo;AFD. <br \/>Photo : \u00a9 Administration f\u00e9d\u00e9rale des douanes<br \/><a href=\"https:\/\/www.ezv.admin.ch\" target=\"_blank\" rel=\"noopener noreferrer\">https:\/\/www.ezv.admin.ch<\/a><\/p>\n","protected":false},"excerpt":{"rendered":"<p>EETS est le service de p\u00e9age \u00e9lectronique compatible \u00e0 l&rsquo;\u00e9chelle europ\u00e9enne de l&rsquo;UE \u2013 d\u00e9sormais connect\u00e9 \u00e0 la Suisse. Cela simplifie et acc\u00e9l\u00e8re le trafic de<span class=\"excerpt-hellip\"> [\u2026]<\/span><\/p>\n","protected":false},"author":0,"featured_media":0,"comment_status":"open","ping_status":"open","sticky":false,"template":"","format":"standard","meta":{"_acf_changed":false,"footnotes":""},"categories":[1665,1557,1561],"tags":[],"class_list":["post-22564","post","type-post","status-publish","format-standard","hentry","category-categories","category-forwarding-logistics","category-regions"],"acf":[],"yoast_head":"<!-- This site is optimized with the Yoast SEO plugin v27.3 - https:\/\/yoast.com\/product\/yoast-seo-wordpress\/ -->\n<title>L&#039;Administration f\u00e9d\u00e9rale des douanes annonce la premi\u00e8re entr\u00e9e d&#039;un camion EETS en Suisse - Loginfo24.<\/title>\n<meta name=\"robots\" content=\"index, follow, max-snippet:-1, max-image-preview:large, max-video-preview:-1\" \/>\n<link rel=\"canonical\" href=\"https:\/\/loginfo24.com\/fr\/2021\/01\/14\/ladministration-federale-des-douanes-annonce-la-premiere-entree-dun-camion-eets-en-suisse\/\" \/>\n<meta property=\"og:locale\" content=\"fr_FR\" \/>\n<meta property=\"og:type\" content=\"article\" \/>\n<meta property=\"og:title\" content=\"L&#039;Administration f\u00e9d\u00e9rale des douanes annonce la premi\u00e8re entr\u00e9e d&#039;un camion EETS en Suisse - Loginfo24.\" \/>\n<meta property=\"og:description\" content=\"EETS est le service de p\u00e9age \u00e9lectronique compatible \u00e0 l&rsquo;\u00e9chelle europ\u00e9enne de l&rsquo;UE \u2013 d\u00e9sormais connect\u00e9 \u00e0 la Suisse. Cela simplifie et acc\u00e9l\u00e8re le trafic de [\u2026]\" \/>\n<meta property=\"og:url\" content=\"https:\/\/loginfo24.com\/fr\/2021\/01\/14\/ladministration-federale-des-douanes-annonce-la-premiere-entree-dun-camion-eets-en-suisse\/\" \/>\n<meta property=\"og:site_name\" content=\"Loginfo24\" \/>\n<meta property=\"article:publisher\" content=\"https:\/\/www.facebook.com\/people\/Loginfo24\/100057360583332\/\" \/>\n<meta property=\"article:published_time\" content=\"2021-01-14T18:11:30+00:00\" \/>\n<meta property=\"article:modified_time\" content=\"2025-12-15T11:49:44+00:00\" \/>\n<meta name=\"twitter:card\" content=\"summary_large_image\" \/>\n<meta name=\"twitter:label1\" content=\"Dur\u00e9e de lecture estim\u00e9e\" \/>\n\t<meta name=\"twitter:data1\" content=\"1 minute\" \/>\n<script type=\"application\/ld+json\" class=\"yoast-schema-graph\">{\"@context\":\"https:\\\/\\\/schema.org\",\"@graph\":[{\"@type\":\"Article\",\"@id\":\"https:\\\/\\\/loginfo24.com\\\/fr\\\/2021\\\/01\\\/14\\\/ladministration-federale-des-douanes-annonce-la-premiere-entree-dun-camion-eets-en-suisse\\\/#article\",\"isPartOf\":{\"@id\":\"https:\\\/\\\/loginfo24.com\\\/fr\\\/2021\\\/01\\\/14\\\/ladministration-federale-des-douanes-annonce-la-premiere-entree-dun-camion-eets-en-suisse\\\/\"},\"author\":{\"name\":\"\",\"@id\":\"\"},\"headline\":\"L&rsquo;Administration f\u00e9d\u00e9rale des douanes annonce la premi\u00e8re entr\u00e9e d&rsquo;un camion EETS en Suisse\",\"datePublished\":\"2021-01-14T18:11:30+00:00\",\"dateModified\":\"2025-12-15T11:49:44+00:00\",\"mainEntityOfPage\":{\"@id\":\"https:\\\/\\\/loginfo24.com\\\/fr\\\/2021\\\/01\\\/14\\\/ladministration-federale-des-douanes-annonce-la-premiere-entree-dun-camion-eets-en-suisse\\\/\"},\"wordCount\":272,\"commentCount\":0,\"publisher\":{\"@id\":\"https:\\\/\\\/loginfo24.com\\\/fr\\\/#organization\"},\"articleSection\":[\"Categories\",\"Forwarding &amp; Logistics\",\"Regions\"],\"inLanguage\":\"fr-FR\",\"potentialAction\":[{\"@type\":\"CommentAction\",\"name\":\"Comment\",\"target\":[\"https:\\\/\\\/loginfo24.com\\\/fr\\\/2021\\\/01\\\/14\\\/ladministration-federale-des-douanes-annonce-la-premiere-entree-dun-camion-eets-en-suisse\\\/#respond\"]}]},{\"@type\":\"WebPage\",\"@id\":\"https:\\\/\\\/loginfo24.com\\\/fr\\\/2021\\\/01\\\/14\\\/ladministration-federale-des-douanes-annonce-la-premiere-entree-dun-camion-eets-en-suisse\\\/\",\"url\":\"https:\\\/\\\/loginfo24.com\\\/fr\\\/2021\\\/01\\\/14\\\/ladministration-federale-des-douanes-annonce-la-premiere-entree-dun-camion-eets-en-suisse\\\/\",\"name\":\"L'Administration f\u00e9d\u00e9rale des douanes annonce la premi\u00e8re entr\u00e9e d'un camion EETS en Suisse - Loginfo24.\",\"isPartOf\":{\"@id\":\"https:\\\/\\\/loginfo24.com\\\/fr\\\/#website\"},\"datePublished\":\"2021-01-14T18:11:30+00:00\",\"dateModified\":\"2025-12-15T11:49:44+00:00\",\"breadcrumb\":{\"@id\":\"https:\\\/\\\/loginfo24.com\\\/fr\\\/2021\\\/01\\\/14\\\/ladministration-federale-des-douanes-annonce-la-premiere-entree-dun-camion-eets-en-suisse\\\/#breadcrumb\"},\"inLanguage\":\"fr-FR\",\"potentialAction\":[{\"@type\":\"ReadAction\",\"target\":[\"https:\\\/\\\/loginfo24.com\\\/fr\\\/2021\\\/01\\\/14\\\/ladministration-federale-des-douanes-annonce-la-premiere-entree-dun-camion-eets-en-suisse\\\/\"]}]},{\"@type\":\"BreadcrumbList\",\"@id\":\"https:\\\/\\\/loginfo24.com\\\/fr\\\/2021\\\/01\\\/14\\\/ladministration-federale-des-douanes-annonce-la-premiere-entree-dun-camion-eets-en-suisse\\\/#breadcrumb\",\"itemListElement\":[{\"@type\":\"ListItem\",\"position\":1,\"name\":\"Startseite\",\"item\":\"https:\\\/\\\/loginfo24.com\\\/fr\\\/\"},{\"@type\":\"ListItem\",\"position\":2,\"name\":\"L&rsquo;Administration f\u00e9d\u00e9rale des douanes annonce la premi\u00e8re entr\u00e9e d&rsquo;un camion EETS en Suisse\"}]},{\"@type\":\"WebSite\",\"@id\":\"https:\\\/\\\/loginfo24.com\\\/fr\\\/#website\",\"url\":\"https:\\\/\\\/loginfo24.com\\\/fr\\\/\",\"name\":\"Loginfo24\",\"description\":\"Loginfo24 est la plateforme d\u00e9di\u00e9e \u00e0 la logistique et aux cha\u00eenes d&#039;approvisionnement qui fournit des informations 24 heures sur 24.\",\"publisher\":{\"@id\":\"https:\\\/\\\/loginfo24.com\\\/fr\\\/#organization\"},\"potentialAction\":[{\"@type\":\"SearchAction\",\"target\":{\"@type\":\"EntryPoint\",\"urlTemplate\":\"https:\\\/\\\/loginfo24.com\\\/fr\\\/?s={search_term_string}\"},\"query-input\":{\"@type\":\"PropertyValueSpecification\",\"valueRequired\":true,\"valueName\":\"search_term_string\"}}],\"inLanguage\":\"fr-FR\"},{\"@type\":\"Organization\",\"@id\":\"https:\\\/\\\/loginfo24.com\\\/fr\\\/#organization\",\"name\":\"Groupe Logismedia AG\",\"url\":\"https:\\\/\\\/loginfo24.com\\\/fr\\\/\",\"logo\":{\"@type\":\"ImageObject\",\"inLanguage\":\"fr-FR\",\"@id\":\"https:\\\/\\\/loginfo24.com\\\/fr\\\/#\\\/schema\\\/logo\\\/image\\\/\",\"url\":\"https:\\\/\\\/loginfo24.com\\\/wp-content\\\/uploads\\\/sites\\\/7\\\/2026\\\/01\\\/Logo_LogInfo24.png\",\"contentUrl\":\"https:\\\/\\\/loginfo24.com\\\/wp-content\\\/uploads\\\/sites\\\/7\\\/2026\\\/01\\\/Logo_LogInfo24.png\",\"width\":938,\"height\":351,\"caption\":\"Groupe Logismedia AG\"},\"image\":{\"@id\":\"https:\\\/\\\/loginfo24.com\\\/fr\\\/#\\\/schema\\\/logo\\\/image\\\/\"},\"sameAs\":[\"https:\\\/\\\/www.facebook.com\\\/people\\\/Loginfo24\\\/100057360583332\\\/\",\"https:\\\/\\\/www.linkedin.com\\\/company\\\/lofinfo24\\\/\"]}]}<\/script>\n<!-- \/ Yoast SEO plugin. -->","yoast_head_json":{"title":"L'Administration f\u00e9d\u00e9rale des douanes annonce la premi\u00e8re entr\u00e9e d'un camion EETS en Suisse - Loginfo24.","robots":{"index":"index","follow":"follow","max-snippet":"max-snippet:-1","max-image-preview":"max-image-preview:large","max-video-preview":"max-video-preview:-1"},"canonical":"https:\/\/loginfo24.com\/fr\/2021\/01\/14\/ladministration-federale-des-douanes-annonce-la-premiere-entree-dun-camion-eets-en-suisse\/","og_locale":"fr_FR","og_type":"article","og_title":"L'Administration f\u00e9d\u00e9rale des douanes annonce la premi\u00e8re entr\u00e9e d'un camion EETS en Suisse - Loginfo24.","og_description":"EETS est le service de p\u00e9age \u00e9lectronique compatible \u00e0 l&rsquo;\u00e9chelle europ\u00e9enne de l&rsquo;UE \u2013 d\u00e9sormais connect\u00e9 \u00e0 la Suisse. Cela simplifie et acc\u00e9l\u00e8re le trafic de [\u2026]","og_url":"https:\/\/loginfo24.com\/fr\/2021\/01\/14\/ladministration-federale-des-douanes-annonce-la-premiere-entree-dun-camion-eets-en-suisse\/","og_site_name":"Loginfo24","article_publisher":"https:\/\/www.facebook.com\/people\/Loginfo24\/100057360583332\/","article_published_time":"2021-01-14T18:11:30+00:00","article_modified_time":"2025-12-15T11:49:44+00:00","twitter_card":"summary_large_image","twitter_misc":{"Dur\u00e9e de lecture estim\u00e9e":"1 minute"},"schema":{"@context":"https:\/\/schema.org","@graph":[{"@type":"Article","@id":"https:\/\/loginfo24.com\/fr\/2021\/01\/14\/ladministration-federale-des-douanes-annonce-la-premiere-entree-dun-camion-eets-en-suisse\/#article","isPartOf":{"@id":"https:\/\/loginfo24.com\/fr\/2021\/01\/14\/ladministration-federale-des-douanes-annonce-la-premiere-entree-dun-camion-eets-en-suisse\/"},"author":{"name":"","@id":""},"headline":"L&rsquo;Administration f\u00e9d\u00e9rale des douanes annonce la premi\u00e8re entr\u00e9e d&rsquo;un camion EETS en Suisse","datePublished":"2021-01-14T18:11:30+00:00","dateModified":"2025-12-15T11:49:44+00:00","mainEntityOfPage":{"@id":"https:\/\/loginfo24.com\/fr\/2021\/01\/14\/ladministration-federale-des-douanes-annonce-la-premiere-entree-dun-camion-eets-en-suisse\/"},"wordCount":272,"commentCount":0,"publisher":{"@id":"https:\/\/loginfo24.com\/fr\/#organization"},"articleSection":["Categories","Forwarding &amp; Logistics","Regions"],"inLanguage":"fr-FR","potentialAction":[{"@type":"CommentAction","name":"Comment","target":["https:\/\/loginfo24.com\/fr\/2021\/01\/14\/ladministration-federale-des-douanes-annonce-la-premiere-entree-dun-camion-eets-en-suisse\/#respond"]}]},{"@type":"WebPage","@id":"https:\/\/loginfo24.com\/fr\/2021\/01\/14\/ladministration-federale-des-douanes-annonce-la-premiere-entree-dun-camion-eets-en-suisse\/","url":"https:\/\/loginfo24.com\/fr\/2021\/01\/14\/ladministration-federale-des-douanes-annonce-la-premiere-entree-dun-camion-eets-en-suisse\/","name":"L'Administration f\u00e9d\u00e9rale des douanes annonce la premi\u00e8re entr\u00e9e d'un camion EETS en Suisse - Loginfo24.","isPartOf":{"@id":"https:\/\/loginfo24.com\/fr\/#website"},"datePublished":"2021-01-14T18:11:30+00:00","dateModified":"2025-12-15T11:49:44+00:00","breadcrumb":{"@id":"https:\/\/loginfo24.com\/fr\/2021\/01\/14\/ladministration-federale-des-douanes-annonce-la-premiere-entree-dun-camion-eets-en-suisse\/#breadcrumb"},"inLanguage":"fr-FR","potentialAction":[{"@type":"ReadAction","target":["https:\/\/loginfo24.com\/fr\/2021\/01\/14\/ladministration-federale-des-douanes-annonce-la-premiere-entree-dun-camion-eets-en-suisse\/"]}]},{"@type":"BreadcrumbList","@id":"https:\/\/loginfo24.com\/fr\/2021\/01\/14\/ladministration-federale-des-douanes-annonce-la-premiere-entree-dun-camion-eets-en-suisse\/#breadcrumb","itemListElement":[{"@type":"ListItem","position":1,"name":"Startseite","item":"https:\/\/loginfo24.com\/fr\/"},{"@type":"ListItem","position":2,"name":"L&rsquo;Administration f\u00e9d\u00e9rale des douanes annonce la premi\u00e8re entr\u00e9e d&rsquo;un camion EETS en Suisse"}]},{"@type":"WebSite","@id":"https:\/\/loginfo24.com\/fr\/#website","url":"https:\/\/loginfo24.com\/fr\/","name":"Loginfo24","description":"Loginfo24 est la plateforme d\u00e9di\u00e9e \u00e0 la logistique et aux cha\u00eenes d&#039;approvisionnement qui fournit des informations 24 heures sur 24.","publisher":{"@id":"https:\/\/loginfo24.com\/fr\/#organization"},"potentialAction":[{"@type":"SearchAction","target":{"@type":"EntryPoint","urlTemplate":"https:\/\/loginfo24.com\/fr\/?s={search_term_string}"},"query-input":{"@type":"PropertyValueSpecification","valueRequired":true,"valueName":"search_term_string"}}],"inLanguage":"fr-FR"},{"@type":"Organization","@id":"https:\/\/loginfo24.com\/fr\/#organization","name":"Groupe Logismedia AG","url":"https:\/\/loginfo24.com\/fr\/","logo":{"@type":"ImageObject","inLanguage":"fr-FR","@id":"https:\/\/loginfo24.com\/fr\/#\/schema\/logo\/image\/","url":"https:\/\/loginfo24.com\/wp-content\/uploads\/sites\/7\/2026\/01\/Logo_LogInfo24.png","contentUrl":"https:\/\/loginfo24.com\/wp-content\/uploads\/sites\/7\/2026\/01\/Logo_LogInfo24.png","width":938,"height":351,"caption":"Groupe Logismedia AG"},"image":{"@id":"https:\/\/loginfo24.com\/fr\/#\/schema\/logo\/image\/"},"sameAs":["https:\/\/www.facebook.com\/people\/Loginfo24\/100057360583332\/","https:\/\/www.linkedin.com\/company\/lofinfo24\/"]}]}},"_links":{"self":[{"href":"https:\/\/loginfo24.com\/fr\/wp-json\/wp\/v2\/posts\/22564","targetHints":{"allow":["GET"]}}],"collection":[{"href":"https:\/\/loginfo24.com\/fr\/wp-json\/wp\/v2\/posts"}],"about":[{"href":"https:\/\/loginfo24.com\/fr\/wp-json\/wp\/v2\/types\/post"}],"replies":[{"embeddable":true,"href":"https:\/\/loginfo24.com\/fr\/wp-json\/wp\/v2\/comments?post=22564"}],"version-history":[{"count":1,"href":"https:\/\/loginfo24.com\/fr\/wp-json\/wp\/v2\/posts\/22564\/revisions"}],"predecessor-version":[{"id":41314,"href":"https:\/\/loginfo24.com\/fr\/wp-json\/wp\/v2\/posts\/22564\/revisions\/41314"}],"wp:attachment":[{"href":"https:\/\/loginfo24.com\/fr\/wp-json\/wp\/v2\/media?parent=22564"}],"wp:term":[{"taxonomy":"category","embeddable":true,"href":"https:\/\/loginfo24.com\/fr\/wp-json\/wp\/v2\/categories?post=22564"},{"taxonomy":"post_tag","embeddable":true,"href":"https:\/\/loginfo24.com\/fr\/wp-json\/wp\/v2\/tags?post=22564"}],"curies":[{"name":"wp","href":"https:\/\/api.w.org\/{rel}","templated":true}]}}