{"id":22201,"date":"2020-12-15T19:15:21","date_gmt":"2020-12-15T18:15:21","guid":{"rendered":"https:\/\/blog.brand-architecture.at\/2020\/12\/15\/kuhnenagel-est-pret-pour-la-logistique-des-vaccins-en-rhenanie-du-nord-westphalie\/"},"modified":"2025-12-15T12:47:28","modified_gmt":"2025-12-15T11:47:28","slug":"kuhnenagel-est-pret-pour-la-logistique-des-vaccins-en-rhenanie-du-nord-westphalie","status":"publish","type":"post","link":"https:\/\/loginfo24.com\/fr\/2020\/12\/15\/kuhnenagel-est-pret-pour-la-logistique-des-vaccins-en-rhenanie-du-nord-westphalie\/","title":{"rendered":"K\u00fchne+Nagel est pr\u00eat pour la logistique des vaccins en Rh\u00e9nanie-du-Nord-Westphalie"},"content":{"rendered":"<p>Le prestataire logistique K\u00fchne + Nagel re\u00e7oit le mandat du minist\u00e8re du Travail, de la Sant\u00e9 et des Affaires sociales pour la distribution des vaccins Covid-19 en Rh\u00e9nanie-du-Nord-Westphalie. Un stockage central est pr\u00e9vu en Rh\u00e9nanie-du-Nord-Westphalie et une livraison \u00e9tendue \u00e0 53 centres de vaccination dans le Land le plus peupl\u00e9 d&rsquo;Allemagne.<\/p>\n<p>(Schinellegi\/D\u00fcsseldorf) Le minist\u00e8re du Travail, de la Sant\u00e9 et des Affaires sociales du Land de Rh\u00e9nanie-du-Nord-Westphalie a mandat\u00e9 K\u00fchne+Nagel pour la logistique des vaccins Covid-19. En coordination avec le minist\u00e8re, le prestataire logistique a d\u00e9velopp\u00e9 au cours des derni\u00e8res semaines une solution globale pour le stockage et la distribution dans tout le Land. Cette solution est maintenant pr\u00eate \u00e0 \u00eatre mise en \u0153uvre.<\/p>\n<p>Les doses de vaccin seront livr\u00e9es au centre de distribution central g\u00e9r\u00e9 par K\u00fchne+Nagel, reconditionn\u00e9es en plus petites quantit\u00e9s et distribu\u00e9es quotidiennement de mani\u00e8re contr\u00f4l\u00e9e \u00e0 53 centres de vaccination ainsi qu&rsquo;\u00e0 d&rsquo;autres \u00e9tablissements de sant\u00e9 dans toute la Rh\u00e9nanie-du-Nord-Westphalie.<\/p>\n<h5><strong>T\u00e2che historique<\/strong><\/h5>\n<p>Karl-Josef Laumann, ministre du Travail, de la Sant\u00e9 et des Affaires sociales du Land de Rh\u00e9nanie-du-Nord-Westphalie, d\u00e9clare : \u201cVacciner des millions de personnes dans un Land comme la Rh\u00e9nanie-du-Nord-Westphalie est une t\u00e2che historique d&rsquo;une ampleur sans pr\u00e9c\u00e9dent. Je suis tr\u00e8s satisfait que le Land ait pu s&rsquo;associer \u00e0 un partenaire aussi exp\u00e9riment\u00e9 et comp\u00e9tent pour le stockage et la distribution centralis\u00e9s des vaccins.\u02ee<\/p>\n<p>Au cours des derniers mois, K\u00fchne+Nagel a \u00e9labor\u00e9 une solution compl\u00e8te pour la distribution et le stockage mondiaux des vaccins Covid-19 ainsi que pour leurs mati\u00e8res premi\u00e8res et auxiliaires. La base de cette solution repose sur le r\u00e9seau \u00e9prouv\u00e9 de K\u00fchne+Nagel en mati\u00e8re de pharmacie et de sant\u00e9, qui compte plus de 230 sites certifi\u00e9s dans le monde entier pour le transport a\u00e9rien, maritime et terrestre ainsi que pour la logistique contractuelle.<\/p>\n<p>Holger Ketz, pr\u00e9sident de la direction de K\u00fchne+Nagel Allemagne, d\u00e9clare : \u201cNous avons abord\u00e9 la logistique des vaccins tr\u00e8s t\u00f4t et \u00e9labor\u00e9 des solutions. Nous sommes fiers d&rsquo;avoir d\u00e9velopp\u00e9, en collaboration avec le Land de Rh\u00e9nanie-du-Nord-Westphalie, une solution sp\u00e9cifiquement adapt\u00e9e aux besoins locaux. Nous sommes pr\u00eats \u00e0 fournir le vaccin de mani\u00e8re \u00e9tendue.\u02ee<\/p>\n<h5><strong>Le traceur Corona avertit en cas d&rsquo;infection<\/strong><\/h5>\n<p>Les employ\u00e9s de K\u00fchne+Nagel et leurs partenaires seront \u00e9quip\u00e9s de traceurs Corona lors de leur intervention en Rh\u00e9nanie-du-Nord-Westphalie. Ces petits appareils portables enregistrent anonymement les rapprochements \u00e0 moins de deux m\u00e8tres. En cas d&rsquo;infection par le Covid-19, les contacts du traceur concern\u00e9 peuvent \u00eatre extraits et les personnes contact\u00e9es identifi\u00e9es. La technologie utilis\u00e9e par K\u00fchne+Nagel r\u00e9pond aux exigences les plus strictes en mati\u00e8re de protection des donn\u00e9es et de vie priv\u00e9e.<\/p>\n<p>Photo : @ K\u00fchne + Nagel<\/p>\n<p><a href=\"https:\/\/www.kuehne-nagel.com\" target=\"_blank\" rel=\"noopener noreferrer\">www.kuehne-nagel.com<\/a><\/p>\n","protected":false},"excerpt":{"rendered":"<p>Le prestataire logistique K\u00fchne + Nagel re\u00e7oit le mandat du minist\u00e8re du Travail, de la Sant\u00e9 et des Affaires sociales pour la distribution des vaccins Covid-19<span class=\"excerpt-hellip\"> [\u2026]<\/span><\/p>\n","protected":false},"author":0,"featured_media":0,"comment_status":"open","ping_status":"open","sticky":false,"template":"","format":"standard","meta":{"_acf_changed":false,"footnotes":""},"categories":[1557,1556,1560,1561],"tags":[],"class_list":["post-22201","post","type-post","status-publish","format-standard","hentry","category-forwarding-logistics","category-intermodal-road","category-intralogistics","category-regions"],"acf":[],"yoast_head":"<!-- This site is optimized with the Yoast SEO plugin v27.3 - https:\/\/yoast.com\/product\/yoast-seo-wordpress\/ -->\n<title>K\u00fchne+Nagel est pr\u00eat pour la logistique des vaccins en Rh\u00e9nanie-du-Nord-Westphalie - Loginfo24.<\/title>\n<meta name=\"robots\" content=\"index, follow, max-snippet:-1, max-image-preview:large, max-video-preview:-1\" \/>\n<link rel=\"canonical\" href=\"https:\/\/loginfo24.com\/fr\/2020\/12\/15\/kuhnenagel-est-pret-pour-la-logistique-des-vaccins-en-rhenanie-du-nord-westphalie\/\" \/>\n<meta property=\"og:locale\" content=\"fr_FR\" \/>\n<meta property=\"og:type\" content=\"article\" \/>\n<meta property=\"og:title\" content=\"K\u00fchne+Nagel est pr\u00eat pour la logistique des vaccins en Rh\u00e9nanie-du-Nord-Westphalie - Loginfo24.\" \/>\n<meta property=\"og:description\" content=\"Le prestataire logistique K\u00fchne + Nagel re\u00e7oit le mandat du minist\u00e8re du Travail, de la Sant\u00e9 et des Affaires sociales pour la distribution des vaccins Covid-19 [\u2026]\" \/>\n<meta property=\"og:url\" content=\"https:\/\/loginfo24.com\/fr\/2020\/12\/15\/kuhnenagel-est-pret-pour-la-logistique-des-vaccins-en-rhenanie-du-nord-westphalie\/\" \/>\n<meta property=\"og:site_name\" content=\"Loginfo24\" \/>\n<meta property=\"article:publisher\" content=\"https:\/\/www.facebook.com\/people\/Loginfo24\/100057360583332\/\" \/>\n<meta property=\"article:published_time\" content=\"2020-12-15T18:15:21+00:00\" \/>\n<meta property=\"article:modified_time\" content=\"2025-12-15T11:47:28+00:00\" \/>\n<meta name=\"twitter:card\" content=\"summary_large_image\" \/>\n<meta name=\"twitter:label1\" content=\"Dur\u00e9e de lecture estim\u00e9e\" \/>\n\t<meta name=\"twitter:data1\" content=\"2 minutes\" \/>\n<script type=\"application\/ld+json\" class=\"yoast-schema-graph\">{\"@context\":\"https:\\\/\\\/schema.org\",\"@graph\":[{\"@type\":\"Article\",\"@id\":\"https:\\\/\\\/loginfo24.com\\\/fr\\\/2020\\\/12\\\/15\\\/kuhnenagel-est-pret-pour-la-logistique-des-vaccins-en-rhenanie-du-nord-westphalie\\\/#article\",\"isPartOf\":{\"@id\":\"https:\\\/\\\/loginfo24.com\\\/fr\\\/2020\\\/12\\\/15\\\/kuhnenagel-est-pret-pour-la-logistique-des-vaccins-en-rhenanie-du-nord-westphalie\\\/\"},\"author\":{\"name\":\"\",\"@id\":\"\"},\"headline\":\"K\u00fchne+Nagel est pr\u00eat pour la logistique des vaccins en Rh\u00e9nanie-du-Nord-Westphalie\",\"datePublished\":\"2020-12-15T18:15:21+00:00\",\"dateModified\":\"2025-12-15T11:47:28+00:00\",\"mainEntityOfPage\":{\"@id\":\"https:\\\/\\\/loginfo24.com\\\/fr\\\/2020\\\/12\\\/15\\\/kuhnenagel-est-pret-pour-la-logistique-des-vaccins-en-rhenanie-du-nord-westphalie\\\/\"},\"wordCount\":514,\"commentCount\":0,\"publisher\":{\"@id\":\"https:\\\/\\\/loginfo24.com\\\/fr\\\/#organization\"},\"articleSection\":[\"Forwarding &amp; Logistics\",\"Intermodal \\\/ Road\",\"Intralogistics\",\"Regions\"],\"inLanguage\":\"fr-FR\",\"potentialAction\":[{\"@type\":\"CommentAction\",\"name\":\"Comment\",\"target\":[\"https:\\\/\\\/loginfo24.com\\\/fr\\\/2020\\\/12\\\/15\\\/kuhnenagel-est-pret-pour-la-logistique-des-vaccins-en-rhenanie-du-nord-westphalie\\\/#respond\"]}]},{\"@type\":\"WebPage\",\"@id\":\"https:\\\/\\\/loginfo24.com\\\/fr\\\/2020\\\/12\\\/15\\\/kuhnenagel-est-pret-pour-la-logistique-des-vaccins-en-rhenanie-du-nord-westphalie\\\/\",\"url\":\"https:\\\/\\\/loginfo24.com\\\/fr\\\/2020\\\/12\\\/15\\\/kuhnenagel-est-pret-pour-la-logistique-des-vaccins-en-rhenanie-du-nord-westphalie\\\/\",\"name\":\"K\u00fchne+Nagel est pr\u00eat pour la logistique des vaccins en Rh\u00e9nanie-du-Nord-Westphalie - Loginfo24.\",\"isPartOf\":{\"@id\":\"https:\\\/\\\/loginfo24.com\\\/fr\\\/#website\"},\"datePublished\":\"2020-12-15T18:15:21+00:00\",\"dateModified\":\"2025-12-15T11:47:28+00:00\",\"breadcrumb\":{\"@id\":\"https:\\\/\\\/loginfo24.com\\\/fr\\\/2020\\\/12\\\/15\\\/kuhnenagel-est-pret-pour-la-logistique-des-vaccins-en-rhenanie-du-nord-westphalie\\\/#breadcrumb\"},\"inLanguage\":\"fr-FR\",\"potentialAction\":[{\"@type\":\"ReadAction\",\"target\":[\"https:\\\/\\\/loginfo24.com\\\/fr\\\/2020\\\/12\\\/15\\\/kuhnenagel-est-pret-pour-la-logistique-des-vaccins-en-rhenanie-du-nord-westphalie\\\/\"]}]},{\"@type\":\"BreadcrumbList\",\"@id\":\"https:\\\/\\\/loginfo24.com\\\/fr\\\/2020\\\/12\\\/15\\\/kuhnenagel-est-pret-pour-la-logistique-des-vaccins-en-rhenanie-du-nord-westphalie\\\/#breadcrumb\",\"itemListElement\":[{\"@type\":\"ListItem\",\"position\":1,\"name\":\"Startseite\",\"item\":\"https:\\\/\\\/loginfo24.com\\\/fr\\\/\"},{\"@type\":\"ListItem\",\"position\":2,\"name\":\"K\u00fchne+Nagel est pr\u00eat pour la logistique des vaccins en Rh\u00e9nanie-du-Nord-Westphalie\"}]},{\"@type\":\"WebSite\",\"@id\":\"https:\\\/\\\/loginfo24.com\\\/fr\\\/#website\",\"url\":\"https:\\\/\\\/loginfo24.com\\\/fr\\\/\",\"name\":\"Loginfo24\",\"description\":\"Loginfo24 est la plateforme d\u00e9di\u00e9e \u00e0 la logistique et aux cha\u00eenes d&#039;approvisionnement qui fournit des informations 24 heures sur 24.\",\"publisher\":{\"@id\":\"https:\\\/\\\/loginfo24.com\\\/fr\\\/#organization\"},\"potentialAction\":[{\"@type\":\"SearchAction\",\"target\":{\"@type\":\"EntryPoint\",\"urlTemplate\":\"https:\\\/\\\/loginfo24.com\\\/fr\\\/?s={search_term_string}\"},\"query-input\":{\"@type\":\"PropertyValueSpecification\",\"valueRequired\":true,\"valueName\":\"search_term_string\"}}],\"inLanguage\":\"fr-FR\"},{\"@type\":\"Organization\",\"@id\":\"https:\\\/\\\/loginfo24.com\\\/fr\\\/#organization\",\"name\":\"Groupe Logismedia AG\",\"url\":\"https:\\\/\\\/loginfo24.com\\\/fr\\\/\",\"logo\":{\"@type\":\"ImageObject\",\"inLanguage\":\"fr-FR\",\"@id\":\"https:\\\/\\\/loginfo24.com\\\/fr\\\/#\\\/schema\\\/logo\\\/image\\\/\",\"url\":\"https:\\\/\\\/loginfo24.com\\\/wp-content\\\/uploads\\\/sites\\\/7\\\/2026\\\/01\\\/Logo_LogInfo24.png\",\"contentUrl\":\"https:\\\/\\\/loginfo24.com\\\/wp-content\\\/uploads\\\/sites\\\/7\\\/2026\\\/01\\\/Logo_LogInfo24.png\",\"width\":938,\"height\":351,\"caption\":\"Groupe Logismedia AG\"},\"image\":{\"@id\":\"https:\\\/\\\/loginfo24.com\\\/fr\\\/#\\\/schema\\\/logo\\\/image\\\/\"},\"sameAs\":[\"https:\\\/\\\/www.facebook.com\\\/people\\\/Loginfo24\\\/100057360583332\\\/\",\"https:\\\/\\\/www.linkedin.com\\\/company\\\/lofinfo24\\\/\"]}]}<\/script>\n<!-- \/ Yoast SEO plugin. -->","yoast_head_json":{"title":"K\u00fchne+Nagel est pr\u00eat pour la logistique des vaccins en Rh\u00e9nanie-du-Nord-Westphalie - Loginfo24.","robots":{"index":"index","follow":"follow","max-snippet":"max-snippet:-1","max-image-preview":"max-image-preview:large","max-video-preview":"max-video-preview:-1"},"canonical":"https:\/\/loginfo24.com\/fr\/2020\/12\/15\/kuhnenagel-est-pret-pour-la-logistique-des-vaccins-en-rhenanie-du-nord-westphalie\/","og_locale":"fr_FR","og_type":"article","og_title":"K\u00fchne+Nagel est pr\u00eat pour la logistique des vaccins en Rh\u00e9nanie-du-Nord-Westphalie - Loginfo24.","og_description":"Le prestataire logistique K\u00fchne + Nagel re\u00e7oit le mandat du minist\u00e8re du Travail, de la Sant\u00e9 et des Affaires sociales pour la distribution des vaccins Covid-19 [\u2026]","og_url":"https:\/\/loginfo24.com\/fr\/2020\/12\/15\/kuhnenagel-est-pret-pour-la-logistique-des-vaccins-en-rhenanie-du-nord-westphalie\/","og_site_name":"Loginfo24","article_publisher":"https:\/\/www.facebook.com\/people\/Loginfo24\/100057360583332\/","article_published_time":"2020-12-15T18:15:21+00:00","article_modified_time":"2025-12-15T11:47:28+00:00","twitter_card":"summary_large_image","twitter_misc":{"Dur\u00e9e de lecture estim\u00e9e":"2 minutes"},"schema":{"@context":"https:\/\/schema.org","@graph":[{"@type":"Article","@id":"https:\/\/loginfo24.com\/fr\/2020\/12\/15\/kuhnenagel-est-pret-pour-la-logistique-des-vaccins-en-rhenanie-du-nord-westphalie\/#article","isPartOf":{"@id":"https:\/\/loginfo24.com\/fr\/2020\/12\/15\/kuhnenagel-est-pret-pour-la-logistique-des-vaccins-en-rhenanie-du-nord-westphalie\/"},"author":{"name":"","@id":""},"headline":"K\u00fchne+Nagel est pr\u00eat pour la logistique des vaccins en Rh\u00e9nanie-du-Nord-Westphalie","datePublished":"2020-12-15T18:15:21+00:00","dateModified":"2025-12-15T11:47:28+00:00","mainEntityOfPage":{"@id":"https:\/\/loginfo24.com\/fr\/2020\/12\/15\/kuhnenagel-est-pret-pour-la-logistique-des-vaccins-en-rhenanie-du-nord-westphalie\/"},"wordCount":514,"commentCount":0,"publisher":{"@id":"https:\/\/loginfo24.com\/fr\/#organization"},"articleSection":["Forwarding &amp; Logistics","Intermodal \/ Road","Intralogistics","Regions"],"inLanguage":"fr-FR","potentialAction":[{"@type":"CommentAction","name":"Comment","target":["https:\/\/loginfo24.com\/fr\/2020\/12\/15\/kuhnenagel-est-pret-pour-la-logistique-des-vaccins-en-rhenanie-du-nord-westphalie\/#respond"]}]},{"@type":"WebPage","@id":"https:\/\/loginfo24.com\/fr\/2020\/12\/15\/kuhnenagel-est-pret-pour-la-logistique-des-vaccins-en-rhenanie-du-nord-westphalie\/","url":"https:\/\/loginfo24.com\/fr\/2020\/12\/15\/kuhnenagel-est-pret-pour-la-logistique-des-vaccins-en-rhenanie-du-nord-westphalie\/","name":"K\u00fchne+Nagel est pr\u00eat pour la logistique des vaccins en Rh\u00e9nanie-du-Nord-Westphalie - Loginfo24.","isPartOf":{"@id":"https:\/\/loginfo24.com\/fr\/#website"},"datePublished":"2020-12-15T18:15:21+00:00","dateModified":"2025-12-15T11:47:28+00:00","breadcrumb":{"@id":"https:\/\/loginfo24.com\/fr\/2020\/12\/15\/kuhnenagel-est-pret-pour-la-logistique-des-vaccins-en-rhenanie-du-nord-westphalie\/#breadcrumb"},"inLanguage":"fr-FR","potentialAction":[{"@type":"ReadAction","target":["https:\/\/loginfo24.com\/fr\/2020\/12\/15\/kuhnenagel-est-pret-pour-la-logistique-des-vaccins-en-rhenanie-du-nord-westphalie\/"]}]},{"@type":"BreadcrumbList","@id":"https:\/\/loginfo24.com\/fr\/2020\/12\/15\/kuhnenagel-est-pret-pour-la-logistique-des-vaccins-en-rhenanie-du-nord-westphalie\/#breadcrumb","itemListElement":[{"@type":"ListItem","position":1,"name":"Startseite","item":"https:\/\/loginfo24.com\/fr\/"},{"@type":"ListItem","position":2,"name":"K\u00fchne+Nagel est pr\u00eat pour la logistique des vaccins en Rh\u00e9nanie-du-Nord-Westphalie"}]},{"@type":"WebSite","@id":"https:\/\/loginfo24.com\/fr\/#website","url":"https:\/\/loginfo24.com\/fr\/","name":"Loginfo24","description":"Loginfo24 est la plateforme d\u00e9di\u00e9e \u00e0 la logistique et aux cha\u00eenes d&#039;approvisionnement qui fournit des informations 24 heures sur 24.","publisher":{"@id":"https:\/\/loginfo24.com\/fr\/#organization"},"potentialAction":[{"@type":"SearchAction","target":{"@type":"EntryPoint","urlTemplate":"https:\/\/loginfo24.com\/fr\/?s={search_term_string}"},"query-input":{"@type":"PropertyValueSpecification","valueRequired":true,"valueName":"search_term_string"}}],"inLanguage":"fr-FR"},{"@type":"Organization","@id":"https:\/\/loginfo24.com\/fr\/#organization","name":"Groupe Logismedia AG","url":"https:\/\/loginfo24.com\/fr\/","logo":{"@type":"ImageObject","inLanguage":"fr-FR","@id":"https:\/\/loginfo24.com\/fr\/#\/schema\/logo\/image\/","url":"https:\/\/loginfo24.com\/wp-content\/uploads\/sites\/7\/2026\/01\/Logo_LogInfo24.png","contentUrl":"https:\/\/loginfo24.com\/wp-content\/uploads\/sites\/7\/2026\/01\/Logo_LogInfo24.png","width":938,"height":351,"caption":"Groupe Logismedia AG"},"image":{"@id":"https:\/\/loginfo24.com\/fr\/#\/schema\/logo\/image\/"},"sameAs":["https:\/\/www.facebook.com\/people\/Loginfo24\/100057360583332\/","https:\/\/www.linkedin.com\/company\/lofinfo24\/"]}]}},"_links":{"self":[{"href":"https:\/\/loginfo24.com\/fr\/wp-json\/wp\/v2\/posts\/22201","targetHints":{"allow":["GET"]}}],"collection":[{"href":"https:\/\/loginfo24.com\/fr\/wp-json\/wp\/v2\/posts"}],"about":[{"href":"https:\/\/loginfo24.com\/fr\/wp-json\/wp\/v2\/types\/post"}],"replies":[{"embeddable":true,"href":"https:\/\/loginfo24.com\/fr\/wp-json\/wp\/v2\/comments?post=22201"}],"version-history":[{"count":1,"href":"https:\/\/loginfo24.com\/fr\/wp-json\/wp\/v2\/posts\/22201\/revisions"}],"predecessor-version":[{"id":40588,"href":"https:\/\/loginfo24.com\/fr\/wp-json\/wp\/v2\/posts\/22201\/revisions\/40588"}],"wp:attachment":[{"href":"https:\/\/loginfo24.com\/fr\/wp-json\/wp\/v2\/media?parent=22201"}],"wp:term":[{"taxonomy":"category","embeddable":true,"href":"https:\/\/loginfo24.com\/fr\/wp-json\/wp\/v2\/categories?post=22201"},{"taxonomy":"post_tag","embeddable":true,"href":"https:\/\/loginfo24.com\/fr\/wp-json\/wp\/v2\/tags?post=22201"}],"curies":[{"name":"wp","href":"https:\/\/api.w.org\/{rel}","templated":true}]}}