{"id":21946,"date":"2020-12-07T19:33:03","date_gmt":"2020-12-07T18:33:03","guid":{"rendered":"https:\/\/blog.brand-architecture.at\/2020\/12\/07\/vahle-obtient-le-certificat-iso-pour-la-securite-au-travail-interne\/"},"modified":"2025-12-15T12:46:24","modified_gmt":"2025-12-15T11:46:24","slug":"vahle-obtient-le-certificat-iso-pour-la-securite-au-travail-interne","status":"publish","type":"post","link":"https:\/\/loginfo24.com\/fr\/2020\/12\/07\/vahle-obtient-le-certificat-iso-pour-la-securite-au-travail-interne\/","title":{"rendered":"VAHLE obtient le certificat ISO pour la s\u00e9curit\u00e9 au travail interne"},"content":{"rendered":"<p>Le syst\u00e8me de gestion de la s\u00e9curit\u00e9 au travail de Vahle r\u00e9pond aux exigences l\u00e9gales. Pour l&rsquo;entreprise familiale de Kamen, la s\u00e9curit\u00e9 des employ\u00e9s est la priorit\u00e9 absolue. La norme ISO remplace la s\u00e9rie d&rsquo;\u00e9valuation de la sant\u00e9 et de la s\u00e9curit\u00e9 au travail (OHSAS).<\/p>\n<p>(Kamen) La Paul Vahle GmbH &amp; Co. KG a \u00e9t\u00e9 certifi\u00e9e selon la norme ISO 45001 pour son syst\u00e8me exemplaire de gestion de la s\u00e9curit\u00e9 au travail. Avec les mesures v\u00e9rifi\u00e9es, le fournisseur de syst\u00e8mes pour applications industrielles mobiles augmente la s\u00e9curit\u00e9 de ses employ\u00e9s et assure des processus transparents vis-\u00e0-vis de ses partenaires et clients. Le certificat ISO confirme que les structures internes ainsi que leur contr\u00f4le respectent les prescriptions l\u00e9gales.<\/p>\n<h5><strong>En tant qu&rsquo;entreprise responsable<\/strong><\/h5>\n<p><strong> <\/strong>\u00ab En tant qu&rsquo;entreprise, nous sommes responsables de nos employ\u00e9es et employ\u00e9s et attachons une grande importance \u00e0 leur s\u00e9curit\u00e9 sur le lieu de travail \u00bb, explique Achim Dries, directeur g\u00e9n\u00e9ral de la Paul Vahle GmbH &amp; Co. KG. L&rsquo;entreprise familiale de Kamen a r\u00e9cemment \u00e9t\u00e9 certifi\u00e9e pour son syst\u00e8me de gestion de la s\u00e9curit\u00e9 au travail nouvellement con\u00e7u. \u00ab Le nouveau plan d&rsquo;action comprend d\u00e9sormais \u00e9galement des processus tels que l&rsquo;\u00e9valuation des risques, la gestion des urgences ou la consultation et la participation du personnel \u00bb, d\u00e9clare Dries et ajoute : \u00ab D&rsquo;autres domaines suivront. \u00bb Ces extensions sont devenues n\u00e9cessaires lorsque la s\u00e9rie d&rsquo;\u00e9valuation de la sant\u00e9 et de la s\u00e9curit\u00e9 au travail en vigueur a \u00e9t\u00e9 remplac\u00e9e il y a deux ans par la norme DIN 45001:2018. Marc Rubeau, sp\u00e9cialiste de la s\u00e9curit\u00e9 au travail chez VAHLE, rapporte : \u00ab La norme est beaucoup plus ax\u00e9e sur les processus. Nous avons \u00e9labor\u00e9 les nouvelles exigences \u00e0 l&rsquo;aide d&rsquo;une liste de contr\u00f4le et avons r\u00e9parti les t\u00e2ches entre les diff\u00e9rents d\u00e9partements. \u00bb La mise en \u0153uvre s&rsquo;est d\u00e9roul\u00e9e sans accroc, car toute l&rsquo;\u00e9quipe a travaill\u00e9 ensemble.<\/p>\n<h5><strong>Gestion de la s\u00e9curit\u00e9 au travail optimis\u00e9e<\/strong><\/h5>\n<p>\u00ab La priorit\u00e9 absolue est que tous les employ\u00e9s arrivent au travail en bonne sant\u00e9 le matin et repartent \u00e9galement en bonne sant\u00e9 le soir \u00bb, d\u00e9clare Rubeau. Gr\u00e2ce \u00e0 la gestion optimis\u00e9e de la s\u00e9curit\u00e9 au travail, le fournisseur de syst\u00e8mes de Kamen assure \u00e9galement une plus grande transparence \u00e0 l&rsquo;ext\u00e9rieur : \u00ab Avec le certificat, nous prouvons aux autorit\u00e9s ainsi qu&rsquo;\u00e0 nos partenaires et clients que nous travaillons conform\u00e9ment \u00e0 la loi. Cela nous garantit des commandes et, \u00e0 long terme, des emplois \u00bb, conclut Rubeau.<br \/>Photo : \u00a9 Vahle<br \/><a href=\"https:\/\/vahle.de\/\" target=\"_blank\" rel=\"noopener noreferrer\">https:\/\/vahle.de<\/a><\/p>\n","protected":false},"excerpt":{"rendered":"<p>Le syst\u00e8me de gestion de la s\u00e9curit\u00e9 au travail de Vahle r\u00e9pond aux exigences l\u00e9gales. Pour l&rsquo;entreprise familiale de Kamen, la s\u00e9curit\u00e9 des employ\u00e9s est la<span class=\"excerpt-hellip\"> [\u2026]<\/span><\/p>\n","protected":false},"author":0,"featured_media":0,"comment_status":"open","ping_status":"open","sticky":false,"template":"","format":"standard","meta":{"_acf_changed":false,"footnotes":""},"categories":[1557,1560,1561],"tags":[],"class_list":["post-21946","post","type-post","status-publish","format-standard","hentry","category-forwarding-logistics","category-intralogistics","category-regions"],"acf":[],"yoast_head":"<!-- This site is optimized with the Yoast SEO plugin v27.3 - https:\/\/yoast.com\/product\/yoast-seo-wordpress\/ -->\n<title>VAHLE obtient le certificat ISO pour la s\u00e9curit\u00e9 au travail interne - Loginfo24.<\/title>\n<meta name=\"robots\" content=\"index, follow, max-snippet:-1, max-image-preview:large, max-video-preview:-1\" \/>\n<link rel=\"canonical\" href=\"https:\/\/loginfo24.com\/fr\/2020\/12\/07\/vahle-obtient-le-certificat-iso-pour-la-securite-au-travail-interne\/\" \/>\n<meta property=\"og:locale\" content=\"fr_FR\" \/>\n<meta property=\"og:type\" content=\"article\" \/>\n<meta property=\"og:title\" content=\"VAHLE obtient le certificat ISO pour la s\u00e9curit\u00e9 au travail interne - Loginfo24.\" \/>\n<meta property=\"og:description\" content=\"Le syst\u00e8me de gestion de la s\u00e9curit\u00e9 au travail de Vahle r\u00e9pond aux exigences l\u00e9gales. Pour l&rsquo;entreprise familiale de Kamen, la s\u00e9curit\u00e9 des employ\u00e9s est la [\u2026]\" \/>\n<meta property=\"og:url\" content=\"https:\/\/loginfo24.com\/fr\/2020\/12\/07\/vahle-obtient-le-certificat-iso-pour-la-securite-au-travail-interne\/\" \/>\n<meta property=\"og:site_name\" content=\"Loginfo24\" \/>\n<meta property=\"article:publisher\" content=\"https:\/\/www.facebook.com\/people\/Loginfo24\/100057360583332\/\" \/>\n<meta property=\"article:published_time\" content=\"2020-12-07T18:33:03+00:00\" \/>\n<meta property=\"article:modified_time\" content=\"2025-12-15T11:46:24+00:00\" \/>\n<meta name=\"twitter:card\" content=\"summary_large_image\" \/>\n<meta name=\"twitter:label1\" content=\"Dur\u00e9e de lecture estim\u00e9e\" \/>\n\t<meta name=\"twitter:data1\" content=\"2 minutes\" \/>\n<script type=\"application\/ld+json\" class=\"yoast-schema-graph\">{\"@context\":\"https:\\\/\\\/schema.org\",\"@graph\":[{\"@type\":\"Article\",\"@id\":\"https:\\\/\\\/loginfo24.com\\\/fr\\\/2020\\\/12\\\/07\\\/vahle-obtient-le-certificat-iso-pour-la-securite-au-travail-interne\\\/#article\",\"isPartOf\":{\"@id\":\"https:\\\/\\\/loginfo24.com\\\/fr\\\/2020\\\/12\\\/07\\\/vahle-obtient-le-certificat-iso-pour-la-securite-au-travail-interne\\\/\"},\"author\":{\"name\":\"\",\"@id\":\"\"},\"headline\":\"VAHLE obtient le certificat ISO pour la s\u00e9curit\u00e9 au travail interne\",\"datePublished\":\"2020-12-07T18:33:03+00:00\",\"dateModified\":\"2025-12-15T11:46:24+00:00\",\"mainEntityOfPage\":{\"@id\":\"https:\\\/\\\/loginfo24.com\\\/fr\\\/2020\\\/12\\\/07\\\/vahle-obtient-le-certificat-iso-pour-la-securite-au-travail-interne\\\/\"},\"wordCount\":468,\"commentCount\":0,\"publisher\":{\"@id\":\"https:\\\/\\\/loginfo24.com\\\/fr\\\/#organization\"},\"articleSection\":[\"Forwarding &amp; Logistics\",\"Intralogistics\",\"Regions\"],\"inLanguage\":\"fr-FR\",\"potentialAction\":[{\"@type\":\"CommentAction\",\"name\":\"Comment\",\"target\":[\"https:\\\/\\\/loginfo24.com\\\/fr\\\/2020\\\/12\\\/07\\\/vahle-obtient-le-certificat-iso-pour-la-securite-au-travail-interne\\\/#respond\"]}]},{\"@type\":\"WebPage\",\"@id\":\"https:\\\/\\\/loginfo24.com\\\/fr\\\/2020\\\/12\\\/07\\\/vahle-obtient-le-certificat-iso-pour-la-securite-au-travail-interne\\\/\",\"url\":\"https:\\\/\\\/loginfo24.com\\\/fr\\\/2020\\\/12\\\/07\\\/vahle-obtient-le-certificat-iso-pour-la-securite-au-travail-interne\\\/\",\"name\":\"VAHLE obtient le certificat ISO pour la s\u00e9curit\u00e9 au travail interne - Loginfo24.\",\"isPartOf\":{\"@id\":\"https:\\\/\\\/loginfo24.com\\\/fr\\\/#website\"},\"datePublished\":\"2020-12-07T18:33:03+00:00\",\"dateModified\":\"2025-12-15T11:46:24+00:00\",\"breadcrumb\":{\"@id\":\"https:\\\/\\\/loginfo24.com\\\/fr\\\/2020\\\/12\\\/07\\\/vahle-obtient-le-certificat-iso-pour-la-securite-au-travail-interne\\\/#breadcrumb\"},\"inLanguage\":\"fr-FR\",\"potentialAction\":[{\"@type\":\"ReadAction\",\"target\":[\"https:\\\/\\\/loginfo24.com\\\/fr\\\/2020\\\/12\\\/07\\\/vahle-obtient-le-certificat-iso-pour-la-securite-au-travail-interne\\\/\"]}]},{\"@type\":\"BreadcrumbList\",\"@id\":\"https:\\\/\\\/loginfo24.com\\\/fr\\\/2020\\\/12\\\/07\\\/vahle-obtient-le-certificat-iso-pour-la-securite-au-travail-interne\\\/#breadcrumb\",\"itemListElement\":[{\"@type\":\"ListItem\",\"position\":1,\"name\":\"Startseite\",\"item\":\"https:\\\/\\\/loginfo24.com\\\/fr\\\/\"},{\"@type\":\"ListItem\",\"position\":2,\"name\":\"VAHLE obtient le certificat ISO pour la s\u00e9curit\u00e9 au travail interne\"}]},{\"@type\":\"WebSite\",\"@id\":\"https:\\\/\\\/loginfo24.com\\\/fr\\\/#website\",\"url\":\"https:\\\/\\\/loginfo24.com\\\/fr\\\/\",\"name\":\"Loginfo24\",\"description\":\"Loginfo24 est la plateforme d\u00e9di\u00e9e \u00e0 la logistique et aux cha\u00eenes d&#039;approvisionnement qui fournit des informations 24 heures sur 24.\",\"publisher\":{\"@id\":\"https:\\\/\\\/loginfo24.com\\\/fr\\\/#organization\"},\"potentialAction\":[{\"@type\":\"SearchAction\",\"target\":{\"@type\":\"EntryPoint\",\"urlTemplate\":\"https:\\\/\\\/loginfo24.com\\\/fr\\\/?s={search_term_string}\"},\"query-input\":{\"@type\":\"PropertyValueSpecification\",\"valueRequired\":true,\"valueName\":\"search_term_string\"}}],\"inLanguage\":\"fr-FR\"},{\"@type\":\"Organization\",\"@id\":\"https:\\\/\\\/loginfo24.com\\\/fr\\\/#organization\",\"name\":\"Groupe Logismedia AG\",\"url\":\"https:\\\/\\\/loginfo24.com\\\/fr\\\/\",\"logo\":{\"@type\":\"ImageObject\",\"inLanguage\":\"fr-FR\",\"@id\":\"https:\\\/\\\/loginfo24.com\\\/fr\\\/#\\\/schema\\\/logo\\\/image\\\/\",\"url\":\"https:\\\/\\\/loginfo24.com\\\/wp-content\\\/uploads\\\/sites\\\/7\\\/2026\\\/01\\\/Logo_LogInfo24.png\",\"contentUrl\":\"https:\\\/\\\/loginfo24.com\\\/wp-content\\\/uploads\\\/sites\\\/7\\\/2026\\\/01\\\/Logo_LogInfo24.png\",\"width\":938,\"height\":351,\"caption\":\"Groupe Logismedia AG\"},\"image\":{\"@id\":\"https:\\\/\\\/loginfo24.com\\\/fr\\\/#\\\/schema\\\/logo\\\/image\\\/\"},\"sameAs\":[\"https:\\\/\\\/www.facebook.com\\\/people\\\/Loginfo24\\\/100057360583332\\\/\",\"https:\\\/\\\/www.linkedin.com\\\/company\\\/lofinfo24\\\/\"]}]}<\/script>\n<!-- \/ Yoast SEO plugin. -->","yoast_head_json":{"title":"VAHLE obtient le certificat ISO pour la s\u00e9curit\u00e9 au travail interne - Loginfo24.","robots":{"index":"index","follow":"follow","max-snippet":"max-snippet:-1","max-image-preview":"max-image-preview:large","max-video-preview":"max-video-preview:-1"},"canonical":"https:\/\/loginfo24.com\/fr\/2020\/12\/07\/vahle-obtient-le-certificat-iso-pour-la-securite-au-travail-interne\/","og_locale":"fr_FR","og_type":"article","og_title":"VAHLE obtient le certificat ISO pour la s\u00e9curit\u00e9 au travail interne - Loginfo24.","og_description":"Le syst\u00e8me de gestion de la s\u00e9curit\u00e9 au travail de Vahle r\u00e9pond aux exigences l\u00e9gales. Pour l&rsquo;entreprise familiale de Kamen, la s\u00e9curit\u00e9 des employ\u00e9s est la [\u2026]","og_url":"https:\/\/loginfo24.com\/fr\/2020\/12\/07\/vahle-obtient-le-certificat-iso-pour-la-securite-au-travail-interne\/","og_site_name":"Loginfo24","article_publisher":"https:\/\/www.facebook.com\/people\/Loginfo24\/100057360583332\/","article_published_time":"2020-12-07T18:33:03+00:00","article_modified_time":"2025-12-15T11:46:24+00:00","twitter_card":"summary_large_image","twitter_misc":{"Dur\u00e9e de lecture estim\u00e9e":"2 minutes"},"schema":{"@context":"https:\/\/schema.org","@graph":[{"@type":"Article","@id":"https:\/\/loginfo24.com\/fr\/2020\/12\/07\/vahle-obtient-le-certificat-iso-pour-la-securite-au-travail-interne\/#article","isPartOf":{"@id":"https:\/\/loginfo24.com\/fr\/2020\/12\/07\/vahle-obtient-le-certificat-iso-pour-la-securite-au-travail-interne\/"},"author":{"name":"","@id":""},"headline":"VAHLE obtient le certificat ISO pour la s\u00e9curit\u00e9 au travail interne","datePublished":"2020-12-07T18:33:03+00:00","dateModified":"2025-12-15T11:46:24+00:00","mainEntityOfPage":{"@id":"https:\/\/loginfo24.com\/fr\/2020\/12\/07\/vahle-obtient-le-certificat-iso-pour-la-securite-au-travail-interne\/"},"wordCount":468,"commentCount":0,"publisher":{"@id":"https:\/\/loginfo24.com\/fr\/#organization"},"articleSection":["Forwarding &amp; Logistics","Intralogistics","Regions"],"inLanguage":"fr-FR","potentialAction":[{"@type":"CommentAction","name":"Comment","target":["https:\/\/loginfo24.com\/fr\/2020\/12\/07\/vahle-obtient-le-certificat-iso-pour-la-securite-au-travail-interne\/#respond"]}]},{"@type":"WebPage","@id":"https:\/\/loginfo24.com\/fr\/2020\/12\/07\/vahle-obtient-le-certificat-iso-pour-la-securite-au-travail-interne\/","url":"https:\/\/loginfo24.com\/fr\/2020\/12\/07\/vahle-obtient-le-certificat-iso-pour-la-securite-au-travail-interne\/","name":"VAHLE obtient le certificat ISO pour la s\u00e9curit\u00e9 au travail interne - Loginfo24.","isPartOf":{"@id":"https:\/\/loginfo24.com\/fr\/#website"},"datePublished":"2020-12-07T18:33:03+00:00","dateModified":"2025-12-15T11:46:24+00:00","breadcrumb":{"@id":"https:\/\/loginfo24.com\/fr\/2020\/12\/07\/vahle-obtient-le-certificat-iso-pour-la-securite-au-travail-interne\/#breadcrumb"},"inLanguage":"fr-FR","potentialAction":[{"@type":"ReadAction","target":["https:\/\/loginfo24.com\/fr\/2020\/12\/07\/vahle-obtient-le-certificat-iso-pour-la-securite-au-travail-interne\/"]}]},{"@type":"BreadcrumbList","@id":"https:\/\/loginfo24.com\/fr\/2020\/12\/07\/vahle-obtient-le-certificat-iso-pour-la-securite-au-travail-interne\/#breadcrumb","itemListElement":[{"@type":"ListItem","position":1,"name":"Startseite","item":"https:\/\/loginfo24.com\/fr\/"},{"@type":"ListItem","position":2,"name":"VAHLE obtient le certificat ISO pour la s\u00e9curit\u00e9 au travail interne"}]},{"@type":"WebSite","@id":"https:\/\/loginfo24.com\/fr\/#website","url":"https:\/\/loginfo24.com\/fr\/","name":"Loginfo24","description":"Loginfo24 est la plateforme d\u00e9di\u00e9e \u00e0 la logistique et aux cha\u00eenes d&#039;approvisionnement qui fournit des informations 24 heures sur 24.","publisher":{"@id":"https:\/\/loginfo24.com\/fr\/#organization"},"potentialAction":[{"@type":"SearchAction","target":{"@type":"EntryPoint","urlTemplate":"https:\/\/loginfo24.com\/fr\/?s={search_term_string}"},"query-input":{"@type":"PropertyValueSpecification","valueRequired":true,"valueName":"search_term_string"}}],"inLanguage":"fr-FR"},{"@type":"Organization","@id":"https:\/\/loginfo24.com\/fr\/#organization","name":"Groupe Logismedia AG","url":"https:\/\/loginfo24.com\/fr\/","logo":{"@type":"ImageObject","inLanguage":"fr-FR","@id":"https:\/\/loginfo24.com\/fr\/#\/schema\/logo\/image\/","url":"https:\/\/loginfo24.com\/wp-content\/uploads\/sites\/7\/2026\/01\/Logo_LogInfo24.png","contentUrl":"https:\/\/loginfo24.com\/wp-content\/uploads\/sites\/7\/2026\/01\/Logo_LogInfo24.png","width":938,"height":351,"caption":"Groupe Logismedia AG"},"image":{"@id":"https:\/\/loginfo24.com\/fr\/#\/schema\/logo\/image\/"},"sameAs":["https:\/\/www.facebook.com\/people\/Loginfo24\/100057360583332\/","https:\/\/www.linkedin.com\/company\/lofinfo24\/"]}]}},"_links":{"self":[{"href":"https:\/\/loginfo24.com\/fr\/wp-json\/wp\/v2\/posts\/21946","targetHints":{"allow":["GET"]}}],"collection":[{"href":"https:\/\/loginfo24.com\/fr\/wp-json\/wp\/v2\/posts"}],"about":[{"href":"https:\/\/loginfo24.com\/fr\/wp-json\/wp\/v2\/types\/post"}],"replies":[{"embeddable":true,"href":"https:\/\/loginfo24.com\/fr\/wp-json\/wp\/v2\/comments?post=21946"}],"version-history":[{"count":1,"href":"https:\/\/loginfo24.com\/fr\/wp-json\/wp\/v2\/posts\/21946\/revisions"}],"predecessor-version":[{"id":40082,"href":"https:\/\/loginfo24.com\/fr\/wp-json\/wp\/v2\/posts\/21946\/revisions\/40082"}],"wp:attachment":[{"href":"https:\/\/loginfo24.com\/fr\/wp-json\/wp\/v2\/media?parent=21946"}],"wp:term":[{"taxonomy":"category","embeddable":true,"href":"https:\/\/loginfo24.com\/fr\/wp-json\/wp\/v2\/categories?post=21946"},{"taxonomy":"post_tag","embeddable":true,"href":"https:\/\/loginfo24.com\/fr\/wp-json\/wp\/v2\/tags?post=21946"}],"curies":[{"name":"wp","href":"https:\/\/api.w.org\/{rel}","templated":true}]}}