{"id":21199,"date":"2020-11-11T17:00:12","date_gmt":"2020-11-11T16:00:12","guid":{"rendered":"https:\/\/blog.brand-architecture.at\/2020\/11\/11\/attentes-du-bgl-pour-le-sommet-des-vehicules-utilitaires-du-11-novembre-2020\/"},"modified":"2025-12-15T12:43:02","modified_gmt":"2025-12-15T11:43:02","slug":"attentes-du-bgl-pour-le-sommet-des-vehicules-utilitaires-du-11-novembre-2020","status":"publish","type":"post","link":"https:\/\/loginfo24.com\/fr\/2020\/11\/11\/attentes-du-bgl-pour-le-sommet-des-vehicules-utilitaires-du-11-novembre-2020\/","title":{"rendered":"Attentes du BGL pour le sommet des v\u00e9hicules utilitaires du 11 novembre 2020"},"content":{"rendered":"<p>L&rsquo;Association f\u00e9d\u00e9rale du transport de marchandises, de la logistique et de l&rsquo;\u00e9limination (BGL) e.V. exige de toute urgence un plan fiable pour plus de durabilit\u00e9 dans les services de transport et de logistique. Il est n\u00e9cessaire d&rsquo;avoir une s\u00e9curit\u00e9 en mati\u00e8re de planification, de droit et d&rsquo;investissement afin que l&rsquo;avenir puisse \u00eatre abord\u00e9 de mani\u00e8re durable.<\/p>\n<p>(Francfort-sur-le-Main) \u2013 Le 11 novembre 2020, un sommet sur les v\u00e9hicules utilitaires, longtemps r\u00e9clam\u00e9 par le BGL, se tiendra \u00e0 l&rsquo;invitation du ministre f\u00e9d\u00e9ral des Transports Andreas Scheuer. \u00c0 ce sujet, le porte-parole du conseil d&rsquo;administration du BGL, le Prof. Dr. Dirk Engelhardt, d\u00e9clare :<\/p>\n<p>Les entrepreneurs en transport et logistique en Allemagne veillent chaque jour, avec leurs camions, \u00e0 ce que l&rsquo;approvisionnement et l&rsquo;\u00e9limination de notre soci\u00e9t\u00e9 fonctionnent sans accroc. Ils souhaitent remplir cette mission en accord avec la protection du climat et ont donc besoin d&rsquo;engagements contraignants sur le moment o\u00f9 ils peuvent investir dans quelles technologies.<\/p>\n<p>Actuellement, il existe une grande incertitude quant \u00e0 la direction que prendra la situation d&rsquo;ici 2030. Cependant, pour les investissements dans les technologies de camions climatiquement neutres, il est urgent d&rsquo;avoir une s\u00e9curit\u00e9 en mati\u00e8re de planification et d&rsquo;investissement. Le sommet des v\u00e9hicules utilitaires est une occasion unique de convenir, en collaboration avec la politique, l&rsquo;industrie et le secteur logistique, d&rsquo;un plan d&rsquo;action contraignant, pr\u00e9cisant dans quel d\u00e9lai et avec quelles technologies, et dans quelles conditions politiques, les objectifs de protection du climat du gouvernement f\u00e9d\u00e9ral peuvent \u00eatre atteints.<\/p>\n<p><a href=\"https:\/\/www.bgl-ev.de\/\" target=\"_blank\" rel=\"noopener noreferrer\">www.bgl-ev.de<\/a><\/p>\n<p>Image : \u00a9 Association f\u00e9d\u00e9rale du transport de marchandises, de la logistique et de l&rsquo;\u00e9limination (BGL) e.V.<\/p>\n","protected":false},"excerpt":{"rendered":"<p>L&rsquo;Association f\u00e9d\u00e9rale du transport de marchandises, de la logistique et de l&rsquo;\u00e9limination (BGL) e.V. exige de toute urgence un plan fiable pour plus de durabilit\u00e9 dans<span class=\"excerpt-hellip\"> [\u2026]<\/span><\/p>\n","protected":false},"author":0,"featured_media":0,"comment_status":"open","ping_status":"open","sticky":false,"template":"","format":"standard","meta":{"_acf_changed":false,"footnotes":""},"categories":[1557,1561],"tags":[],"class_list":["post-21199","post","type-post","status-publish","format-standard","hentry","category-forwarding-logistics","category-regions"],"acf":[],"yoast_head":"<!-- This site is optimized with the Yoast SEO plugin v27.3 - https:\/\/yoast.com\/product\/yoast-seo-wordpress\/ -->\n<title>Attentes du BGL pour le sommet des v\u00e9hicules utilitaires du 11 novembre 2020 - Loginfo24.<\/title>\n<meta name=\"robots\" content=\"index, follow, max-snippet:-1, max-image-preview:large, max-video-preview:-1\" \/>\n<link rel=\"canonical\" href=\"https:\/\/loginfo24.com\/fr\/2020\/11\/11\/attentes-du-bgl-pour-le-sommet-des-vehicules-utilitaires-du-11-novembre-2020\/\" \/>\n<meta property=\"og:locale\" content=\"fr_FR\" \/>\n<meta property=\"og:type\" content=\"article\" \/>\n<meta property=\"og:title\" content=\"Attentes du BGL pour le sommet des v\u00e9hicules utilitaires du 11 novembre 2020 - Loginfo24.\" \/>\n<meta property=\"og:description\" content=\"L&rsquo;Association f\u00e9d\u00e9rale du transport de marchandises, de la logistique et de l&rsquo;\u00e9limination (BGL) e.V. exige de toute urgence un plan fiable pour plus de durabilit\u00e9 dans [\u2026]\" \/>\n<meta property=\"og:url\" content=\"https:\/\/loginfo24.com\/fr\/2020\/11\/11\/attentes-du-bgl-pour-le-sommet-des-vehicules-utilitaires-du-11-novembre-2020\/\" \/>\n<meta property=\"og:site_name\" content=\"Loginfo24\" \/>\n<meta property=\"article:publisher\" content=\"https:\/\/www.facebook.com\/people\/Loginfo24\/100057360583332\/\" \/>\n<meta property=\"article:published_time\" content=\"2020-11-11T16:00:12+00:00\" \/>\n<meta property=\"article:modified_time\" content=\"2025-12-15T11:43:02+00:00\" \/>\n<meta name=\"twitter:card\" content=\"summary_large_image\" \/>\n<meta name=\"twitter:label1\" content=\"Dur\u00e9e de lecture estim\u00e9e\" \/>\n\t<meta name=\"twitter:data1\" content=\"1 minute\" \/>\n<script type=\"application\/ld+json\" class=\"yoast-schema-graph\">{\"@context\":\"https:\\\/\\\/schema.org\",\"@graph\":[{\"@type\":\"Article\",\"@id\":\"https:\\\/\\\/loginfo24.com\\\/fr\\\/2020\\\/11\\\/11\\\/attentes-du-bgl-pour-le-sommet-des-vehicules-utilitaires-du-11-novembre-2020\\\/#article\",\"isPartOf\":{\"@id\":\"https:\\\/\\\/loginfo24.com\\\/fr\\\/2020\\\/11\\\/11\\\/attentes-du-bgl-pour-le-sommet-des-vehicules-utilitaires-du-11-novembre-2020\\\/\"},\"author\":{\"name\":\"\",\"@id\":\"\"},\"headline\":\"Attentes du BGL pour le sommet des v\u00e9hicules utilitaires du 11 novembre 2020\",\"datePublished\":\"2020-11-11T16:00:12+00:00\",\"dateModified\":\"2025-12-15T11:43:02+00:00\",\"mainEntityOfPage\":{\"@id\":\"https:\\\/\\\/loginfo24.com\\\/fr\\\/2020\\\/11\\\/11\\\/attentes-du-bgl-pour-le-sommet-des-vehicules-utilitaires-du-11-novembre-2020\\\/\"},\"wordCount\":305,\"commentCount\":0,\"publisher\":{\"@id\":\"https:\\\/\\\/loginfo24.com\\\/fr\\\/#organization\"},\"articleSection\":[\"Forwarding &amp; Logistics\",\"Regions\"],\"inLanguage\":\"fr-FR\",\"potentialAction\":[{\"@type\":\"CommentAction\",\"name\":\"Comment\",\"target\":[\"https:\\\/\\\/loginfo24.com\\\/fr\\\/2020\\\/11\\\/11\\\/attentes-du-bgl-pour-le-sommet-des-vehicules-utilitaires-du-11-novembre-2020\\\/#respond\"]}]},{\"@type\":\"WebPage\",\"@id\":\"https:\\\/\\\/loginfo24.com\\\/fr\\\/2020\\\/11\\\/11\\\/attentes-du-bgl-pour-le-sommet-des-vehicules-utilitaires-du-11-novembre-2020\\\/\",\"url\":\"https:\\\/\\\/loginfo24.com\\\/fr\\\/2020\\\/11\\\/11\\\/attentes-du-bgl-pour-le-sommet-des-vehicules-utilitaires-du-11-novembre-2020\\\/\",\"name\":\"Attentes du BGL pour le sommet des v\u00e9hicules utilitaires du 11 novembre 2020 - Loginfo24.\",\"isPartOf\":{\"@id\":\"https:\\\/\\\/loginfo24.com\\\/fr\\\/#website\"},\"datePublished\":\"2020-11-11T16:00:12+00:00\",\"dateModified\":\"2025-12-15T11:43:02+00:00\",\"breadcrumb\":{\"@id\":\"https:\\\/\\\/loginfo24.com\\\/fr\\\/2020\\\/11\\\/11\\\/attentes-du-bgl-pour-le-sommet-des-vehicules-utilitaires-du-11-novembre-2020\\\/#breadcrumb\"},\"inLanguage\":\"fr-FR\",\"potentialAction\":[{\"@type\":\"ReadAction\",\"target\":[\"https:\\\/\\\/loginfo24.com\\\/fr\\\/2020\\\/11\\\/11\\\/attentes-du-bgl-pour-le-sommet-des-vehicules-utilitaires-du-11-novembre-2020\\\/\"]}]},{\"@type\":\"BreadcrumbList\",\"@id\":\"https:\\\/\\\/loginfo24.com\\\/fr\\\/2020\\\/11\\\/11\\\/attentes-du-bgl-pour-le-sommet-des-vehicules-utilitaires-du-11-novembre-2020\\\/#breadcrumb\",\"itemListElement\":[{\"@type\":\"ListItem\",\"position\":1,\"name\":\"Startseite\",\"item\":\"https:\\\/\\\/loginfo24.com\\\/fr\\\/\"},{\"@type\":\"ListItem\",\"position\":2,\"name\":\"Attentes du BGL pour le sommet des v\u00e9hicules utilitaires du 11 novembre 2020\"}]},{\"@type\":\"WebSite\",\"@id\":\"https:\\\/\\\/loginfo24.com\\\/fr\\\/#website\",\"url\":\"https:\\\/\\\/loginfo24.com\\\/fr\\\/\",\"name\":\"Loginfo24\",\"description\":\"Loginfo24 est la plateforme d\u00e9di\u00e9e \u00e0 la logistique et aux cha\u00eenes d&#039;approvisionnement qui fournit des informations 24 heures sur 24.\",\"publisher\":{\"@id\":\"https:\\\/\\\/loginfo24.com\\\/fr\\\/#organization\"},\"potentialAction\":[{\"@type\":\"SearchAction\",\"target\":{\"@type\":\"EntryPoint\",\"urlTemplate\":\"https:\\\/\\\/loginfo24.com\\\/fr\\\/?s={search_term_string}\"},\"query-input\":{\"@type\":\"PropertyValueSpecification\",\"valueRequired\":true,\"valueName\":\"search_term_string\"}}],\"inLanguage\":\"fr-FR\"},{\"@type\":\"Organization\",\"@id\":\"https:\\\/\\\/loginfo24.com\\\/fr\\\/#organization\",\"name\":\"Groupe Logismedia AG\",\"url\":\"https:\\\/\\\/loginfo24.com\\\/fr\\\/\",\"logo\":{\"@type\":\"ImageObject\",\"inLanguage\":\"fr-FR\",\"@id\":\"https:\\\/\\\/loginfo24.com\\\/fr\\\/#\\\/schema\\\/logo\\\/image\\\/\",\"url\":\"https:\\\/\\\/loginfo24.com\\\/wp-content\\\/uploads\\\/sites\\\/7\\\/2026\\\/01\\\/Logo_LogInfo24.png\",\"contentUrl\":\"https:\\\/\\\/loginfo24.com\\\/wp-content\\\/uploads\\\/sites\\\/7\\\/2026\\\/01\\\/Logo_LogInfo24.png\",\"width\":938,\"height\":351,\"caption\":\"Groupe Logismedia AG\"},\"image\":{\"@id\":\"https:\\\/\\\/loginfo24.com\\\/fr\\\/#\\\/schema\\\/logo\\\/image\\\/\"},\"sameAs\":[\"https:\\\/\\\/www.facebook.com\\\/people\\\/Loginfo24\\\/100057360583332\\\/\",\"https:\\\/\\\/www.linkedin.com\\\/company\\\/lofinfo24\\\/\"]}]}<\/script>\n<!-- \/ Yoast SEO plugin. -->","yoast_head_json":{"title":"Attentes du BGL pour le sommet des v\u00e9hicules utilitaires du 11 novembre 2020 - Loginfo24.","robots":{"index":"index","follow":"follow","max-snippet":"max-snippet:-1","max-image-preview":"max-image-preview:large","max-video-preview":"max-video-preview:-1"},"canonical":"https:\/\/loginfo24.com\/fr\/2020\/11\/11\/attentes-du-bgl-pour-le-sommet-des-vehicules-utilitaires-du-11-novembre-2020\/","og_locale":"fr_FR","og_type":"article","og_title":"Attentes du BGL pour le sommet des v\u00e9hicules utilitaires du 11 novembre 2020 - Loginfo24.","og_description":"L&rsquo;Association f\u00e9d\u00e9rale du transport de marchandises, de la logistique et de l&rsquo;\u00e9limination (BGL) e.V. exige de toute urgence un plan fiable pour plus de durabilit\u00e9 dans [\u2026]","og_url":"https:\/\/loginfo24.com\/fr\/2020\/11\/11\/attentes-du-bgl-pour-le-sommet-des-vehicules-utilitaires-du-11-novembre-2020\/","og_site_name":"Loginfo24","article_publisher":"https:\/\/www.facebook.com\/people\/Loginfo24\/100057360583332\/","article_published_time":"2020-11-11T16:00:12+00:00","article_modified_time":"2025-12-15T11:43:02+00:00","twitter_card":"summary_large_image","twitter_misc":{"Dur\u00e9e de lecture estim\u00e9e":"1 minute"},"schema":{"@context":"https:\/\/schema.org","@graph":[{"@type":"Article","@id":"https:\/\/loginfo24.com\/fr\/2020\/11\/11\/attentes-du-bgl-pour-le-sommet-des-vehicules-utilitaires-du-11-novembre-2020\/#article","isPartOf":{"@id":"https:\/\/loginfo24.com\/fr\/2020\/11\/11\/attentes-du-bgl-pour-le-sommet-des-vehicules-utilitaires-du-11-novembre-2020\/"},"author":{"name":"","@id":""},"headline":"Attentes du BGL pour le sommet des v\u00e9hicules utilitaires du 11 novembre 2020","datePublished":"2020-11-11T16:00:12+00:00","dateModified":"2025-12-15T11:43:02+00:00","mainEntityOfPage":{"@id":"https:\/\/loginfo24.com\/fr\/2020\/11\/11\/attentes-du-bgl-pour-le-sommet-des-vehicules-utilitaires-du-11-novembre-2020\/"},"wordCount":305,"commentCount":0,"publisher":{"@id":"https:\/\/loginfo24.com\/fr\/#organization"},"articleSection":["Forwarding &amp; Logistics","Regions"],"inLanguage":"fr-FR","potentialAction":[{"@type":"CommentAction","name":"Comment","target":["https:\/\/loginfo24.com\/fr\/2020\/11\/11\/attentes-du-bgl-pour-le-sommet-des-vehicules-utilitaires-du-11-novembre-2020\/#respond"]}]},{"@type":"WebPage","@id":"https:\/\/loginfo24.com\/fr\/2020\/11\/11\/attentes-du-bgl-pour-le-sommet-des-vehicules-utilitaires-du-11-novembre-2020\/","url":"https:\/\/loginfo24.com\/fr\/2020\/11\/11\/attentes-du-bgl-pour-le-sommet-des-vehicules-utilitaires-du-11-novembre-2020\/","name":"Attentes du BGL pour le sommet des v\u00e9hicules utilitaires du 11 novembre 2020 - Loginfo24.","isPartOf":{"@id":"https:\/\/loginfo24.com\/fr\/#website"},"datePublished":"2020-11-11T16:00:12+00:00","dateModified":"2025-12-15T11:43:02+00:00","breadcrumb":{"@id":"https:\/\/loginfo24.com\/fr\/2020\/11\/11\/attentes-du-bgl-pour-le-sommet-des-vehicules-utilitaires-du-11-novembre-2020\/#breadcrumb"},"inLanguage":"fr-FR","potentialAction":[{"@type":"ReadAction","target":["https:\/\/loginfo24.com\/fr\/2020\/11\/11\/attentes-du-bgl-pour-le-sommet-des-vehicules-utilitaires-du-11-novembre-2020\/"]}]},{"@type":"BreadcrumbList","@id":"https:\/\/loginfo24.com\/fr\/2020\/11\/11\/attentes-du-bgl-pour-le-sommet-des-vehicules-utilitaires-du-11-novembre-2020\/#breadcrumb","itemListElement":[{"@type":"ListItem","position":1,"name":"Startseite","item":"https:\/\/loginfo24.com\/fr\/"},{"@type":"ListItem","position":2,"name":"Attentes du BGL pour le sommet des v\u00e9hicules utilitaires du 11 novembre 2020"}]},{"@type":"WebSite","@id":"https:\/\/loginfo24.com\/fr\/#website","url":"https:\/\/loginfo24.com\/fr\/","name":"Loginfo24","description":"Loginfo24 est la plateforme d\u00e9di\u00e9e \u00e0 la logistique et aux cha\u00eenes d&#039;approvisionnement qui fournit des informations 24 heures sur 24.","publisher":{"@id":"https:\/\/loginfo24.com\/fr\/#organization"},"potentialAction":[{"@type":"SearchAction","target":{"@type":"EntryPoint","urlTemplate":"https:\/\/loginfo24.com\/fr\/?s={search_term_string}"},"query-input":{"@type":"PropertyValueSpecification","valueRequired":true,"valueName":"search_term_string"}}],"inLanguage":"fr-FR"},{"@type":"Organization","@id":"https:\/\/loginfo24.com\/fr\/#organization","name":"Groupe Logismedia AG","url":"https:\/\/loginfo24.com\/fr\/","logo":{"@type":"ImageObject","inLanguage":"fr-FR","@id":"https:\/\/loginfo24.com\/fr\/#\/schema\/logo\/image\/","url":"https:\/\/loginfo24.com\/wp-content\/uploads\/sites\/7\/2026\/01\/Logo_LogInfo24.png","contentUrl":"https:\/\/loginfo24.com\/wp-content\/uploads\/sites\/7\/2026\/01\/Logo_LogInfo24.png","width":938,"height":351,"caption":"Groupe Logismedia AG"},"image":{"@id":"https:\/\/loginfo24.com\/fr\/#\/schema\/logo\/image\/"},"sameAs":["https:\/\/www.facebook.com\/people\/Loginfo24\/100057360583332\/","https:\/\/www.linkedin.com\/company\/lofinfo24\/"]}]}},"_links":{"self":[{"href":"https:\/\/loginfo24.com\/fr\/wp-json\/wp\/v2\/posts\/21199","targetHints":{"allow":["GET"]}}],"collection":[{"href":"https:\/\/loginfo24.com\/fr\/wp-json\/wp\/v2\/posts"}],"about":[{"href":"https:\/\/loginfo24.com\/fr\/wp-json\/wp\/v2\/types\/post"}],"replies":[{"embeddable":true,"href":"https:\/\/loginfo24.com\/fr\/wp-json\/wp\/v2\/comments?post=21199"}],"version-history":[{"count":1,"href":"https:\/\/loginfo24.com\/fr\/wp-json\/wp\/v2\/posts\/21199\/revisions"}],"predecessor-version":[{"id":38592,"href":"https:\/\/loginfo24.com\/fr\/wp-json\/wp\/v2\/posts\/21199\/revisions\/38592"}],"wp:attachment":[{"href":"https:\/\/loginfo24.com\/fr\/wp-json\/wp\/v2\/media?parent=21199"}],"wp:term":[{"taxonomy":"category","embeddable":true,"href":"https:\/\/loginfo24.com\/fr\/wp-json\/wp\/v2\/categories?post=21199"},{"taxonomy":"post_tag","embeddable":true,"href":"https:\/\/loginfo24.com\/fr\/wp-json\/wp\/v2\/tags?post=21199"}],"curies":[{"name":"wp","href":"https:\/\/api.w.org\/{rel}","templated":true}]}}