{"id":20131,"date":"2020-09-29T15:24:23","date_gmt":"2020-09-29T13:24:23","guid":{"rendered":"https:\/\/blog.brand-architecture.at\/2020\/09\/29\/reseau-des-chemins-de-fer-europeens-avec-une-action-spectaculaire-a-berlin\/"},"modified":"2025-12-15T12:38:16","modified_gmt":"2025-12-15T11:38:16","slug":"reseau-des-chemins-de-fer-europeens-avec-une-action-spectaculaire-a-berlin","status":"publish","type":"post","link":"https:\/\/loginfo24.com\/fr\/2020\/09\/29\/reseau-des-chemins-de-fer-europeens-avec-une-action-spectaculaire-a-berlin\/","title":{"rendered":"R\u00e9seau des Chemins de Fer Europ\u00e9ens avec une action spectaculaire \u00e0 Berlin"},"content":{"rendered":"<p><p>Le R\u00e9seau des Chemins de Fer Europ\u00e9ens (NEE) fait sensation avec une action de protestation spectaculaire. Un train de protestation au sens propre du terme a circul\u00e9 avec beaucoup de bruit et de spectacle \u00e0 Berlin. Les chemins de fer de marchandises veulent retirer le trafic de la route, au lieu d&rsquo;\u00eatre r\u00e9duits \u2013 Assurer une concurrence \u00e9quitable avec les exigences de l&rsquo;UE.<\/p>\n<p>(Berlin) Avec la toute premi\u00e8re et particuli\u00e8rement puissante et largement audible d\u00e9monstration sur rails, le R\u00e9seau des Chemins de Fer Europ\u00e9ens (NEE) a exig\u00e9 hier, lundi, des conditions de concurrence \u00e9quitables et un<br \/>soutien efficace aux chemins de fer de marchandises respectueux du climat pendant la crise du Corona et au-del\u00e0. Un train de protestation de pr\u00e8s de 400 m\u00e8tres de long a d\u00e9marr\u00e9 \u00e0 11h20 en p\u00e9riph\u00e9rie de la capitale pour le voyage sp\u00e9cial \u00ab\u00a0Entends le signal, Berlin !\u00a0\u00bb. L&rsquo;une des locomotives modernes de train de marchandises, envoy\u00e9e \u00e0 Berlin par 19 des 73 membres du NEE,<br \/>porte en plus du titre le slogan de l&rsquo;action \u2013 \u00ab\u00a0100 % d&rsquo;engagement, 50 % de part de march\u00e9, 0 % d&rsquo;aide Corona\u00a0\u00bb et les logos de tous les membres du NEE.<\/p>\n<p>Ludolf Kerkeling, pr\u00e9sident de l&rsquo;association des chemins de fer de marchandises, a d\u00e9clar\u00e9 au d\u00e9part du train de protestation \u00e0 Wustermark : \u00ab\u00a0Nous exigeons que le gouvernement f\u00e9d\u00e9ral n&rsquo;accorde pas de traitement pr\u00e9f\u00e9rentiel \u00e0 la DB Cargo, propri\u00e9t\u00e9 de l&rsquo;\u00c9tat.\u00a0\u00bb En particulier, les concurrents ne doivent pas \u00eatre exclus de l&rsquo;aide Corona pr\u00e9vue.<br \/>Kerkeling : \u00ab\u00a0Le soutien en capital pr\u00e9vu uniquement pour la DB, financ\u00e9 par des fonds publics, est ill\u00e9gal selon le droit de la concurrence de l&rsquo;UE, car il permet \u00e0 la DB Cargo, entre autres, d&rsquo;\u00e9liminer ses concurrents du march\u00e9.\u00a0\u00bb Les aides Corona de l&rsquo;\u00c9tat doivent \u00eatre appliqu\u00e9es selon les m\u00eames principes \u00e0 tous les chemins de fer de marchandises. Un<br \/>traitement pr\u00e9f\u00e9rentiel des chemins de fer de marchandises de la DB ne doit pas exister dans une concurrence \u00e9quitable.<\/p>\n<h5><strong>Demandes concr\u00e9tis\u00e9es<\/strong><\/h5>\n<p>L&rsquo;association des concurrents a pr\u00e9cis\u00e9 dans la proc\u00e9dure en cours d&rsquo;examen de l&rsquo;aide \u00e0 la DB sa demande de pr\u00e9venir la distorsion de la concurrence mena\u00e7ante, au moins par des conditions appropri\u00e9es.<br \/>Kerkeling a d\u00e9clar\u00e9 : \u00ab\u00a0L&rsquo;alternative 1 est la suivante : Les contrats de transfert de r\u00e9sultats et de contr\u00f4le existants au sein du groupe DB seront r\u00e9sili\u00e9s. Cela signifierait que les pertes de DB Cargo, qui ne peuvent pas \u00eatre attribu\u00e9es uniquement \u00e0 la pand\u00e9mie, ne seraient plus automatiquement compens\u00e9es par le groupe DB ou l&rsquo;\u00c9tat.\u00a0\u00bb DB Cargo doit \u00eatre soumis aux m\u00eames m\u00e9canismes de march\u00e9 que tout autre chemin de fer de marchandises. \u00ab\u00a0L&rsquo;alternative 2 pour atteindre cet objectif\u00a0\u00bb serait selon les mots de Kerkeling, \u00ab\u00a0que la DB Cargo rembourse le soutien f\u00e9d\u00e9ral dans un d\u00e9lai raisonnable \u2013 par des revenus soit d&rsquo;une activit\u00e9 commerciale r\u00e9ussie, soit par la vente de parts de l&rsquo;entreprise.\u00a0\u00bb<\/p>\n<p>Les chemins de fer de marchandises ont renouvel\u00e9 leur annonce de soumettre une d\u00e9cision critique sur la concurrence de la Commission europ\u00e9enne concernant l&rsquo;aide \u00e9ventuellement au tribunal de l&rsquo;Union europ\u00e9enne pour r\u00e9examen. Kerkeling a ajout\u00e9 : \u00ab\u00a0Nos membres portent depuis longtemps seuls la croissance du transport ferroviaire de marchandises. Ils souhaitent tous contribuer encore plus au transfert modal par des offres modernes et orient\u00e9es vers le client. Ils veulent laisser la crise du Corona derri\u00e8re eux le plus rapidement possible et ne pas \u00eatre r\u00e9duits par la politique f\u00e9d\u00e9rale focalis\u00e9e sur la DB.\u00a0\u00bb Par cons\u00e9quent, a d\u00e9clar\u00e9 Kerkeling, la Commission europ\u00e9enne doit interdire au gouvernement f\u00e9d\u00e9ral un soutien unilat\u00e9ral \u00e0 la DB. \u00ab\u00a0Aussi par int\u00e9r\u00eat politique : Un transport ferroviaire de marchandises performant est indispensable en tant qu&rsquo;alternative au transport routier polluant pour le Green Deal.\u00a0\u00bb, a conclu Kerkeling.<\/p>\n<h5><strong>Un train de 1 700 tonnes compos\u00e9 uniquement de locomotives<\/strong><\/h5>\n<p>Le train de protestation d&rsquo;environ 1 700 tonnes compos\u00e9 de locomotives de train de marchandises color\u00e9es, avec une puissance \u00e9lectrique install\u00e9e d&rsquo;environ 100 000 kilowatts, est tir\u00e9 par une seule locomotive. Il a d&rsquo;abord travers\u00e9 le quartier gouvernemental sur la ligne de ville et s&rsquo;est arr\u00eat\u00e9 pendant un quart d&rsquo;heure comme toile de fond pour des photos et des d\u00e9clarations \u00e0 la gare centrale de Berlin, avant de poursuivre son trajet \u00e0 travers l&rsquo;est, le sud-est, le sud et l&rsquo;ouest de la capitale, en klaxonnant \u00e0 plusieurs reprises.<\/p>\n<h3><a href=\"https:\/\/www.youtube.com\/watch?v=C4rDLtvhvuI\" target=\"_blank\" rel=\"noopener noreferrer\"><strong>Vid\u00e9o du spectacle \u00e0 Berlin<\/strong><\/a><\/h3>\n<p>Vid\u00e9o : \u00a9 Max Berger<\/p>\n<p>Photo : \u00a9 Captrain Deutschland<\/p>\n<p><a href=\"https:\/\/www.netzwerk-bahnen.de\" target=\"_blank\" rel=\"noopener noreferrer\">www.netzwerk-bahnen.de<\/a><\/p>\n","protected":false},"excerpt":{"rendered":"<p>Le R\u00e9seau des Chemins de Fer Europ\u00e9ens (NEE) fait sensation avec une action de protestation spectaculaire. Un train de protestation au sens propre du terme a<span class=\"excerpt-hellip\"> [\u2026]<\/span><\/p>\n","protected":false},"author":0,"featured_media":0,"comment_status":"open","ping_status":"open","sticky":false,"template":"","format":"standard","meta":{"_acf_changed":false,"footnotes":""},"categories":[1557,1561],"tags":[],"class_list":["post-20131","post","type-post","status-publish","format-standard","hentry","category-forwarding-logistics","category-regions"],"acf":[],"yoast_head":"<!-- This site is optimized with the Yoast SEO plugin v27.3 - https:\/\/yoast.com\/product\/yoast-seo-wordpress\/ -->\n<title>R\u00e9seau des Chemins de Fer Europ\u00e9ens avec une action spectaculaire \u00e0 Berlin - Loginfo24.<\/title>\n<meta name=\"robots\" content=\"index, follow, max-snippet:-1, max-image-preview:large, max-video-preview:-1\" \/>\n<link rel=\"canonical\" href=\"https:\/\/loginfo24.com\/fr\/2020\/09\/29\/reseau-des-chemins-de-fer-europeens-avec-une-action-spectaculaire-a-berlin\/\" \/>\n<meta property=\"og:locale\" content=\"fr_FR\" \/>\n<meta property=\"og:type\" content=\"article\" \/>\n<meta property=\"og:title\" content=\"R\u00e9seau des Chemins de Fer Europ\u00e9ens avec une action spectaculaire \u00e0 Berlin - Loginfo24.\" \/>\n<meta property=\"og:description\" content=\"Le R\u00e9seau des Chemins de Fer Europ\u00e9ens (NEE) fait sensation avec une action de protestation spectaculaire. Un train de protestation au sens propre du terme a [\u2026]\" \/>\n<meta property=\"og:url\" content=\"https:\/\/loginfo24.com\/fr\/2020\/09\/29\/reseau-des-chemins-de-fer-europeens-avec-une-action-spectaculaire-a-berlin\/\" \/>\n<meta property=\"og:site_name\" content=\"Loginfo24\" \/>\n<meta property=\"article:publisher\" content=\"https:\/\/www.facebook.com\/people\/Loginfo24\/100057360583332\/\" \/>\n<meta property=\"article:published_time\" content=\"2020-09-29T13:24:23+00:00\" \/>\n<meta property=\"article:modified_time\" content=\"2025-12-15T11:38:16+00:00\" \/>\n<meta name=\"twitter:card\" content=\"summary_large_image\" \/>\n<meta name=\"twitter:label1\" content=\"Dur\u00e9e de lecture estim\u00e9e\" \/>\n\t<meta name=\"twitter:data1\" content=\"4 minutes\" \/>\n<script type=\"application\/ld+json\" class=\"yoast-schema-graph\">{\"@context\":\"https:\\\/\\\/schema.org\",\"@graph\":[{\"@type\":\"Article\",\"@id\":\"https:\\\/\\\/loginfo24.com\\\/fr\\\/2020\\\/09\\\/29\\\/reseau-des-chemins-de-fer-europeens-avec-une-action-spectaculaire-a-berlin\\\/#article\",\"isPartOf\":{\"@id\":\"https:\\\/\\\/loginfo24.com\\\/fr\\\/2020\\\/09\\\/29\\\/reseau-des-chemins-de-fer-europeens-avec-une-action-spectaculaire-a-berlin\\\/\"},\"author\":{\"name\":\"\",\"@id\":\"\"},\"headline\":\"R\u00e9seau des Chemins de Fer Europ\u00e9ens avec une action spectaculaire \u00e0 Berlin\",\"datePublished\":\"2020-09-29T13:24:23+00:00\",\"dateModified\":\"2025-12-15T11:38:16+00:00\",\"mainEntityOfPage\":{\"@id\":\"https:\\\/\\\/loginfo24.com\\\/fr\\\/2020\\\/09\\\/29\\\/reseau-des-chemins-de-fer-europeens-avec-une-action-spectaculaire-a-berlin\\\/\"},\"wordCount\":802,\"commentCount\":0,\"publisher\":{\"@id\":\"https:\\\/\\\/loginfo24.com\\\/fr\\\/#organization\"},\"articleSection\":[\"Forwarding &amp; Logistics\",\"Regions\"],\"inLanguage\":\"fr-FR\",\"potentialAction\":[{\"@type\":\"CommentAction\",\"name\":\"Comment\",\"target\":[\"https:\\\/\\\/loginfo24.com\\\/fr\\\/2020\\\/09\\\/29\\\/reseau-des-chemins-de-fer-europeens-avec-une-action-spectaculaire-a-berlin\\\/#respond\"]}]},{\"@type\":\"WebPage\",\"@id\":\"https:\\\/\\\/loginfo24.com\\\/fr\\\/2020\\\/09\\\/29\\\/reseau-des-chemins-de-fer-europeens-avec-une-action-spectaculaire-a-berlin\\\/\",\"url\":\"https:\\\/\\\/loginfo24.com\\\/fr\\\/2020\\\/09\\\/29\\\/reseau-des-chemins-de-fer-europeens-avec-une-action-spectaculaire-a-berlin\\\/\",\"name\":\"R\u00e9seau des Chemins de Fer Europ\u00e9ens avec une action spectaculaire \u00e0 Berlin - Loginfo24.\",\"isPartOf\":{\"@id\":\"https:\\\/\\\/loginfo24.com\\\/fr\\\/#website\"},\"datePublished\":\"2020-09-29T13:24:23+00:00\",\"dateModified\":\"2025-12-15T11:38:16+00:00\",\"breadcrumb\":{\"@id\":\"https:\\\/\\\/loginfo24.com\\\/fr\\\/2020\\\/09\\\/29\\\/reseau-des-chemins-de-fer-europeens-avec-une-action-spectaculaire-a-berlin\\\/#breadcrumb\"},\"inLanguage\":\"fr-FR\",\"potentialAction\":[{\"@type\":\"ReadAction\",\"target\":[\"https:\\\/\\\/loginfo24.com\\\/fr\\\/2020\\\/09\\\/29\\\/reseau-des-chemins-de-fer-europeens-avec-une-action-spectaculaire-a-berlin\\\/\"]}]},{\"@type\":\"BreadcrumbList\",\"@id\":\"https:\\\/\\\/loginfo24.com\\\/fr\\\/2020\\\/09\\\/29\\\/reseau-des-chemins-de-fer-europeens-avec-une-action-spectaculaire-a-berlin\\\/#breadcrumb\",\"itemListElement\":[{\"@type\":\"ListItem\",\"position\":1,\"name\":\"Startseite\",\"item\":\"https:\\\/\\\/loginfo24.com\\\/fr\\\/\"},{\"@type\":\"ListItem\",\"position\":2,\"name\":\"R\u00e9seau des Chemins de Fer Europ\u00e9ens avec une action spectaculaire \u00e0 Berlin\"}]},{\"@type\":\"WebSite\",\"@id\":\"https:\\\/\\\/loginfo24.com\\\/fr\\\/#website\",\"url\":\"https:\\\/\\\/loginfo24.com\\\/fr\\\/\",\"name\":\"Loginfo24\",\"description\":\"Loginfo24 est la plateforme d\u00e9di\u00e9e \u00e0 la logistique et aux cha\u00eenes d&#039;approvisionnement qui fournit des informations 24 heures sur 24.\",\"publisher\":{\"@id\":\"https:\\\/\\\/loginfo24.com\\\/fr\\\/#organization\"},\"potentialAction\":[{\"@type\":\"SearchAction\",\"target\":{\"@type\":\"EntryPoint\",\"urlTemplate\":\"https:\\\/\\\/loginfo24.com\\\/fr\\\/?s={search_term_string}\"},\"query-input\":{\"@type\":\"PropertyValueSpecification\",\"valueRequired\":true,\"valueName\":\"search_term_string\"}}],\"inLanguage\":\"fr-FR\"},{\"@type\":\"Organization\",\"@id\":\"https:\\\/\\\/loginfo24.com\\\/fr\\\/#organization\",\"name\":\"Groupe Logismedia AG\",\"url\":\"https:\\\/\\\/loginfo24.com\\\/fr\\\/\",\"logo\":{\"@type\":\"ImageObject\",\"inLanguage\":\"fr-FR\",\"@id\":\"https:\\\/\\\/loginfo24.com\\\/fr\\\/#\\\/schema\\\/logo\\\/image\\\/\",\"url\":\"https:\\\/\\\/loginfo24.com\\\/wp-content\\\/uploads\\\/sites\\\/7\\\/2026\\\/01\\\/Logo_LogInfo24.png\",\"contentUrl\":\"https:\\\/\\\/loginfo24.com\\\/wp-content\\\/uploads\\\/sites\\\/7\\\/2026\\\/01\\\/Logo_LogInfo24.png\",\"width\":938,\"height\":351,\"caption\":\"Groupe Logismedia AG\"},\"image\":{\"@id\":\"https:\\\/\\\/loginfo24.com\\\/fr\\\/#\\\/schema\\\/logo\\\/image\\\/\"},\"sameAs\":[\"https:\\\/\\\/www.facebook.com\\\/people\\\/Loginfo24\\\/100057360583332\\\/\",\"https:\\\/\\\/www.linkedin.com\\\/company\\\/lofinfo24\\\/\"]}]}<\/script>\n<!-- \/ Yoast SEO plugin. -->","yoast_head_json":{"title":"R\u00e9seau des Chemins de Fer Europ\u00e9ens avec une action spectaculaire \u00e0 Berlin - Loginfo24.","robots":{"index":"index","follow":"follow","max-snippet":"max-snippet:-1","max-image-preview":"max-image-preview:large","max-video-preview":"max-video-preview:-1"},"canonical":"https:\/\/loginfo24.com\/fr\/2020\/09\/29\/reseau-des-chemins-de-fer-europeens-avec-une-action-spectaculaire-a-berlin\/","og_locale":"fr_FR","og_type":"article","og_title":"R\u00e9seau des Chemins de Fer Europ\u00e9ens avec une action spectaculaire \u00e0 Berlin - Loginfo24.","og_description":"Le R\u00e9seau des Chemins de Fer Europ\u00e9ens (NEE) fait sensation avec une action de protestation spectaculaire. Un train de protestation au sens propre du terme a [\u2026]","og_url":"https:\/\/loginfo24.com\/fr\/2020\/09\/29\/reseau-des-chemins-de-fer-europeens-avec-une-action-spectaculaire-a-berlin\/","og_site_name":"Loginfo24","article_publisher":"https:\/\/www.facebook.com\/people\/Loginfo24\/100057360583332\/","article_published_time":"2020-09-29T13:24:23+00:00","article_modified_time":"2025-12-15T11:38:16+00:00","twitter_card":"summary_large_image","twitter_misc":{"Dur\u00e9e de lecture estim\u00e9e":"4 minutes"},"schema":{"@context":"https:\/\/schema.org","@graph":[{"@type":"Article","@id":"https:\/\/loginfo24.com\/fr\/2020\/09\/29\/reseau-des-chemins-de-fer-europeens-avec-une-action-spectaculaire-a-berlin\/#article","isPartOf":{"@id":"https:\/\/loginfo24.com\/fr\/2020\/09\/29\/reseau-des-chemins-de-fer-europeens-avec-une-action-spectaculaire-a-berlin\/"},"author":{"name":"","@id":""},"headline":"R\u00e9seau des Chemins de Fer Europ\u00e9ens avec une action spectaculaire \u00e0 Berlin","datePublished":"2020-09-29T13:24:23+00:00","dateModified":"2025-12-15T11:38:16+00:00","mainEntityOfPage":{"@id":"https:\/\/loginfo24.com\/fr\/2020\/09\/29\/reseau-des-chemins-de-fer-europeens-avec-une-action-spectaculaire-a-berlin\/"},"wordCount":802,"commentCount":0,"publisher":{"@id":"https:\/\/loginfo24.com\/fr\/#organization"},"articleSection":["Forwarding &amp; Logistics","Regions"],"inLanguage":"fr-FR","potentialAction":[{"@type":"CommentAction","name":"Comment","target":["https:\/\/loginfo24.com\/fr\/2020\/09\/29\/reseau-des-chemins-de-fer-europeens-avec-une-action-spectaculaire-a-berlin\/#respond"]}]},{"@type":"WebPage","@id":"https:\/\/loginfo24.com\/fr\/2020\/09\/29\/reseau-des-chemins-de-fer-europeens-avec-une-action-spectaculaire-a-berlin\/","url":"https:\/\/loginfo24.com\/fr\/2020\/09\/29\/reseau-des-chemins-de-fer-europeens-avec-une-action-spectaculaire-a-berlin\/","name":"R\u00e9seau des Chemins de Fer Europ\u00e9ens avec une action spectaculaire \u00e0 Berlin - Loginfo24.","isPartOf":{"@id":"https:\/\/loginfo24.com\/fr\/#website"},"datePublished":"2020-09-29T13:24:23+00:00","dateModified":"2025-12-15T11:38:16+00:00","breadcrumb":{"@id":"https:\/\/loginfo24.com\/fr\/2020\/09\/29\/reseau-des-chemins-de-fer-europeens-avec-une-action-spectaculaire-a-berlin\/#breadcrumb"},"inLanguage":"fr-FR","potentialAction":[{"@type":"ReadAction","target":["https:\/\/loginfo24.com\/fr\/2020\/09\/29\/reseau-des-chemins-de-fer-europeens-avec-une-action-spectaculaire-a-berlin\/"]}]},{"@type":"BreadcrumbList","@id":"https:\/\/loginfo24.com\/fr\/2020\/09\/29\/reseau-des-chemins-de-fer-europeens-avec-une-action-spectaculaire-a-berlin\/#breadcrumb","itemListElement":[{"@type":"ListItem","position":1,"name":"Startseite","item":"https:\/\/loginfo24.com\/fr\/"},{"@type":"ListItem","position":2,"name":"R\u00e9seau des Chemins de Fer Europ\u00e9ens avec une action spectaculaire \u00e0 Berlin"}]},{"@type":"WebSite","@id":"https:\/\/loginfo24.com\/fr\/#website","url":"https:\/\/loginfo24.com\/fr\/","name":"Loginfo24","description":"Loginfo24 est la plateforme d\u00e9di\u00e9e \u00e0 la logistique et aux cha\u00eenes d&#039;approvisionnement qui fournit des informations 24 heures sur 24.","publisher":{"@id":"https:\/\/loginfo24.com\/fr\/#organization"},"potentialAction":[{"@type":"SearchAction","target":{"@type":"EntryPoint","urlTemplate":"https:\/\/loginfo24.com\/fr\/?s={search_term_string}"},"query-input":{"@type":"PropertyValueSpecification","valueRequired":true,"valueName":"search_term_string"}}],"inLanguage":"fr-FR"},{"@type":"Organization","@id":"https:\/\/loginfo24.com\/fr\/#organization","name":"Groupe Logismedia AG","url":"https:\/\/loginfo24.com\/fr\/","logo":{"@type":"ImageObject","inLanguage":"fr-FR","@id":"https:\/\/loginfo24.com\/fr\/#\/schema\/logo\/image\/","url":"https:\/\/loginfo24.com\/wp-content\/uploads\/sites\/7\/2026\/01\/Logo_LogInfo24.png","contentUrl":"https:\/\/loginfo24.com\/wp-content\/uploads\/sites\/7\/2026\/01\/Logo_LogInfo24.png","width":938,"height":351,"caption":"Groupe Logismedia AG"},"image":{"@id":"https:\/\/loginfo24.com\/fr\/#\/schema\/logo\/image\/"},"sameAs":["https:\/\/www.facebook.com\/people\/Loginfo24\/100057360583332\/","https:\/\/www.linkedin.com\/company\/lofinfo24\/"]}]}},"_links":{"self":[{"href":"https:\/\/loginfo24.com\/fr\/wp-json\/wp\/v2\/posts\/20131","targetHints":{"allow":["GET"]}}],"collection":[{"href":"https:\/\/loginfo24.com\/fr\/wp-json\/wp\/v2\/posts"}],"about":[{"href":"https:\/\/loginfo24.com\/fr\/wp-json\/wp\/v2\/types\/post"}],"replies":[{"embeddable":true,"href":"https:\/\/loginfo24.com\/fr\/wp-json\/wp\/v2\/comments?post=20131"}],"version-history":[{"count":1,"href":"https:\/\/loginfo24.com\/fr\/wp-json\/wp\/v2\/posts\/20131\/revisions"}],"predecessor-version":[{"id":36466,"href":"https:\/\/loginfo24.com\/fr\/wp-json\/wp\/v2\/posts\/20131\/revisions\/36466"}],"wp:attachment":[{"href":"https:\/\/loginfo24.com\/fr\/wp-json\/wp\/v2\/media?parent=20131"}],"wp:term":[{"taxonomy":"category","embeddable":true,"href":"https:\/\/loginfo24.com\/fr\/wp-json\/wp\/v2\/categories?post=20131"},{"taxonomy":"post_tag","embeddable":true,"href":"https:\/\/loginfo24.com\/fr\/wp-json\/wp\/v2\/tags?post=20131"}],"curies":[{"name":"wp","href":"https:\/\/api.w.org\/{rel}","templated":true}]}}