{"id":19830,"date":"2020-09-16T14:52:04","date_gmt":"2020-09-16T12:52:04","guid":{"rendered":"https:\/\/blog.brand-architecture.at\/2020\/09\/16\/jugement-la-deutsche-post-doit-enregistrer-les-temps-de-conduite-et-de-repos\/"},"modified":"2025-12-15T12:37:01","modified_gmt":"2025-12-15T11:37:01","slug":"jugement-la-deutsche-post-doit-enregistrer-les-temps-de-conduite-et-de-repos","status":"publish","type":"post","link":"https:\/\/loginfo24.com\/fr\/2020\/09\/16\/jugement-la-deutsche-post-doit-enregistrer-les-temps-de-conduite-et-de-repos\/","title":{"rendered":"Jugement : La Deutsche Post doit enregistrer les temps de conduite et de repos"},"content":{"rendered":"<p>Succ\u00e8s r\u00e9volutionnaire pour la F\u00e9d\u00e9ration allemande des colis et de la logistique express (BIEK). Le tribunal r\u00e9gional de Cologne a donn\u00e9 raison au BIEK et a d\u00e9cid\u00e9 que la Deutsche Post doit documenter les temps de conduite et de repos pour les v\u00e9hicules de livraison. Cela cr\u00e9e les conditions d&rsquo;une concurrence \u00e9quitable sur le march\u00e9 des colis.<\/p>\n<p>(Berlin) Par son jugement d&rsquo;aujourd&rsquo;hui, le tribunal r\u00e9gional de Cologne a d\u00e9cid\u00e9 : La Deutsche Post (DP AG) est interdite d&rsquo;utiliser des v\u00e9hicules de livraison sans la documentation des temps de conduite et de repos.<\/p>\n<p>Le tribunal donne ainsi raison \u00e0 l&rsquo;association des colis BIEK, qui avait poursuivi la DP AG pour l&rsquo;absence d&rsquo;enregistrement des temps de conduite et de repos. En principe, toutes les entreprises de transport sont tenues de faire un tel enregistrement pour les v\u00e9hicules d&rsquo;une certaine cat\u00e9gorie de poids.<\/p>\n<h5>Contourner l&rsquo;enregistrement avec des chargements mixtes<\/h5>\n<p>La DP AG ne respecte pas cette obligation en se r\u00e9f\u00e9rant \u00e0 une disposition d&rsquo;exception lors de l&rsquo;utilisation de v\u00e9hicules dans le cadre du service universel. Elle \u00e9tend cette disposition d&rsquo;exception aux v\u00e9hicules qui ne sont que partiellement charg\u00e9s avec des envois transport\u00e9s dans le cadre du service universel - avec pour effet que la DP AG ne documente pas du tout les temps de conduite et de repos. Cela entra\u00eene des d\u00e9savantages consid\u00e9rables pour les concurrents qui respectent l&rsquo;obligation de documentation, qui est associ\u00e9e \u00e0 une charge administrative \u00e9lev\u00e9e.<\/p>\n<p>Le tribunal a maintenant jug\u00e9 : Le chargement mixte de la DP AG d&rsquo;envois dans et hors du service universel ne justifie pas l&rsquo;exemption de l&rsquo;obligation de documentation. L&rsquo;ancien monopoleur est d\u00e9sormais interdit d&rsquo;utiliser des v\u00e9hicules de livraison de certaines cat\u00e9gories de poids sans enregistrer les temps de conduite et de repos.<\/p>\n<p>Marten Bosselmann, pr\u00e9sident du BIEK : \u00ab Ce jugement est bon pour le march\u00e9 des colis : Enfin, les avantages injustifi\u00e9s de la Deutsche Post sont supprim\u00e9s et d&rsquo;autres conditions pour une concurrence \u00e9quitable sont cr\u00e9\u00e9es. \u00bb<\/p>\n<p>Photo : \u00a9 Adobe Stock\/eyewave<\/p>\n<p><a href=\"https:\/\/www.biek.de\" target=\"_blank\" rel=\"noopener noreferrer\">www.biek.de<\/a><\/p>\n","protected":false},"excerpt":{"rendered":"<p>Succ\u00e8s r\u00e9volutionnaire pour la F\u00e9d\u00e9ration allemande des colis et de la logistique express (BIEK). Le tribunal r\u00e9gional de Cologne a donn\u00e9 raison au BIEK et a<span class=\"excerpt-hellip\"> [\u2026]<\/span><\/p>\n","protected":false},"author":0,"featured_media":0,"comment_status":"open","ping_status":"open","sticky":false,"template":"","format":"standard","meta":{"_acf_changed":false,"footnotes":""},"categories":[1557,1556,1561],"tags":[],"class_list":["post-19830","post","type-post","status-publish","format-standard","hentry","category-forwarding-logistics","category-intermodal-road","category-regions"],"acf":[],"yoast_head":"<!-- This site is optimized with the Yoast SEO plugin v27.3 - https:\/\/yoast.com\/product\/yoast-seo-wordpress\/ -->\n<title>Jugement : La Deutsche Post doit enregistrer les temps de conduite et de repos - Loginfo24.<\/title>\n<meta name=\"robots\" content=\"index, follow, max-snippet:-1, max-image-preview:large, max-video-preview:-1\" \/>\n<link rel=\"canonical\" href=\"https:\/\/loginfo24.com\/fr\/2020\/09\/16\/jugement-la-deutsche-post-doit-enregistrer-les-temps-de-conduite-et-de-repos\/\" \/>\n<meta property=\"og:locale\" content=\"fr_FR\" \/>\n<meta property=\"og:type\" content=\"article\" \/>\n<meta property=\"og:title\" content=\"Jugement : La Deutsche Post doit enregistrer les temps de conduite et de repos - Loginfo24.\" \/>\n<meta property=\"og:description\" content=\"Succ\u00e8s r\u00e9volutionnaire pour la F\u00e9d\u00e9ration allemande des colis et de la logistique express (BIEK). Le tribunal r\u00e9gional de Cologne a donn\u00e9 raison au BIEK et a [\u2026]\" \/>\n<meta property=\"og:url\" content=\"https:\/\/loginfo24.com\/fr\/2020\/09\/16\/jugement-la-deutsche-post-doit-enregistrer-les-temps-de-conduite-et-de-repos\/\" \/>\n<meta property=\"og:site_name\" content=\"Loginfo24\" \/>\n<meta property=\"article:publisher\" content=\"https:\/\/www.facebook.com\/people\/Loginfo24\/100057360583332\/\" \/>\n<meta property=\"article:published_time\" content=\"2020-09-16T12:52:04+00:00\" \/>\n<meta property=\"article:modified_time\" content=\"2025-12-15T11:37:01+00:00\" \/>\n<meta name=\"twitter:card\" content=\"summary_large_image\" \/>\n<meta name=\"twitter:label1\" content=\"Dur\u00e9e de lecture estim\u00e9e\" \/>\n\t<meta name=\"twitter:data1\" content=\"2 minutes\" \/>\n<script type=\"application\/ld+json\" class=\"yoast-schema-graph\">{\"@context\":\"https:\\\/\\\/schema.org\",\"@graph\":[{\"@type\":\"Article\",\"@id\":\"https:\\\/\\\/loginfo24.com\\\/fr\\\/2020\\\/09\\\/16\\\/jugement-la-deutsche-post-doit-enregistrer-les-temps-de-conduite-et-de-repos\\\/#article\",\"isPartOf\":{\"@id\":\"https:\\\/\\\/loginfo24.com\\\/fr\\\/2020\\\/09\\\/16\\\/jugement-la-deutsche-post-doit-enregistrer-les-temps-de-conduite-et-de-repos\\\/\"},\"author\":{\"name\":\"\",\"@id\":\"\"},\"headline\":\"Jugement : La Deutsche Post doit enregistrer les temps de conduite et de repos\",\"datePublished\":\"2020-09-16T12:52:04+00:00\",\"dateModified\":\"2025-12-15T11:37:01+00:00\",\"mainEntityOfPage\":{\"@id\":\"https:\\\/\\\/loginfo24.com\\\/fr\\\/2020\\\/09\\\/16\\\/jugement-la-deutsche-post-doit-enregistrer-les-temps-de-conduite-et-de-repos\\\/\"},\"wordCount\":386,\"commentCount\":0,\"publisher\":{\"@id\":\"https:\\\/\\\/loginfo24.com\\\/fr\\\/#organization\"},\"articleSection\":[\"Forwarding &amp; Logistics\",\"Intermodal \\\/ Road\",\"Regions\"],\"inLanguage\":\"fr-FR\",\"potentialAction\":[{\"@type\":\"CommentAction\",\"name\":\"Comment\",\"target\":[\"https:\\\/\\\/loginfo24.com\\\/fr\\\/2020\\\/09\\\/16\\\/jugement-la-deutsche-post-doit-enregistrer-les-temps-de-conduite-et-de-repos\\\/#respond\"]}]},{\"@type\":\"WebPage\",\"@id\":\"https:\\\/\\\/loginfo24.com\\\/fr\\\/2020\\\/09\\\/16\\\/jugement-la-deutsche-post-doit-enregistrer-les-temps-de-conduite-et-de-repos\\\/\",\"url\":\"https:\\\/\\\/loginfo24.com\\\/fr\\\/2020\\\/09\\\/16\\\/jugement-la-deutsche-post-doit-enregistrer-les-temps-de-conduite-et-de-repos\\\/\",\"name\":\"Jugement : La Deutsche Post doit enregistrer les temps de conduite et de repos - Loginfo24.\",\"isPartOf\":{\"@id\":\"https:\\\/\\\/loginfo24.com\\\/fr\\\/#website\"},\"datePublished\":\"2020-09-16T12:52:04+00:00\",\"dateModified\":\"2025-12-15T11:37:01+00:00\",\"breadcrumb\":{\"@id\":\"https:\\\/\\\/loginfo24.com\\\/fr\\\/2020\\\/09\\\/16\\\/jugement-la-deutsche-post-doit-enregistrer-les-temps-de-conduite-et-de-repos\\\/#breadcrumb\"},\"inLanguage\":\"fr-FR\",\"potentialAction\":[{\"@type\":\"ReadAction\",\"target\":[\"https:\\\/\\\/loginfo24.com\\\/fr\\\/2020\\\/09\\\/16\\\/jugement-la-deutsche-post-doit-enregistrer-les-temps-de-conduite-et-de-repos\\\/\"]}]},{\"@type\":\"BreadcrumbList\",\"@id\":\"https:\\\/\\\/loginfo24.com\\\/fr\\\/2020\\\/09\\\/16\\\/jugement-la-deutsche-post-doit-enregistrer-les-temps-de-conduite-et-de-repos\\\/#breadcrumb\",\"itemListElement\":[{\"@type\":\"ListItem\",\"position\":1,\"name\":\"Startseite\",\"item\":\"https:\\\/\\\/loginfo24.com\\\/fr\\\/\"},{\"@type\":\"ListItem\",\"position\":2,\"name\":\"Jugement : La Deutsche Post doit enregistrer les temps de conduite et de repos\"}]},{\"@type\":\"WebSite\",\"@id\":\"https:\\\/\\\/loginfo24.com\\\/fr\\\/#website\",\"url\":\"https:\\\/\\\/loginfo24.com\\\/fr\\\/\",\"name\":\"Loginfo24\",\"description\":\"Loginfo24 est la plateforme d\u00e9di\u00e9e \u00e0 la logistique et aux cha\u00eenes d&#039;approvisionnement qui fournit des informations 24 heures sur 24.\",\"publisher\":{\"@id\":\"https:\\\/\\\/loginfo24.com\\\/fr\\\/#organization\"},\"potentialAction\":[{\"@type\":\"SearchAction\",\"target\":{\"@type\":\"EntryPoint\",\"urlTemplate\":\"https:\\\/\\\/loginfo24.com\\\/fr\\\/?s={search_term_string}\"},\"query-input\":{\"@type\":\"PropertyValueSpecification\",\"valueRequired\":true,\"valueName\":\"search_term_string\"}}],\"inLanguage\":\"fr-FR\"},{\"@type\":\"Organization\",\"@id\":\"https:\\\/\\\/loginfo24.com\\\/fr\\\/#organization\",\"name\":\"Groupe Logismedia AG\",\"url\":\"https:\\\/\\\/loginfo24.com\\\/fr\\\/\",\"logo\":{\"@type\":\"ImageObject\",\"inLanguage\":\"fr-FR\",\"@id\":\"https:\\\/\\\/loginfo24.com\\\/fr\\\/#\\\/schema\\\/logo\\\/image\\\/\",\"url\":\"https:\\\/\\\/loginfo24.com\\\/wp-content\\\/uploads\\\/sites\\\/7\\\/2026\\\/01\\\/Logo_LogInfo24.png\",\"contentUrl\":\"https:\\\/\\\/loginfo24.com\\\/wp-content\\\/uploads\\\/sites\\\/7\\\/2026\\\/01\\\/Logo_LogInfo24.png\",\"width\":938,\"height\":351,\"caption\":\"Groupe Logismedia AG\"},\"image\":{\"@id\":\"https:\\\/\\\/loginfo24.com\\\/fr\\\/#\\\/schema\\\/logo\\\/image\\\/\"},\"sameAs\":[\"https:\\\/\\\/www.facebook.com\\\/people\\\/Loginfo24\\\/100057360583332\\\/\",\"https:\\\/\\\/www.linkedin.com\\\/company\\\/lofinfo24\\\/\"]}]}<\/script>\n<!-- \/ Yoast SEO plugin. -->","yoast_head_json":{"title":"Jugement : La Deutsche Post doit enregistrer les temps de conduite et de repos - Loginfo24.","robots":{"index":"index","follow":"follow","max-snippet":"max-snippet:-1","max-image-preview":"max-image-preview:large","max-video-preview":"max-video-preview:-1"},"canonical":"https:\/\/loginfo24.com\/fr\/2020\/09\/16\/jugement-la-deutsche-post-doit-enregistrer-les-temps-de-conduite-et-de-repos\/","og_locale":"fr_FR","og_type":"article","og_title":"Jugement : La Deutsche Post doit enregistrer les temps de conduite et de repos - Loginfo24.","og_description":"Succ\u00e8s r\u00e9volutionnaire pour la F\u00e9d\u00e9ration allemande des colis et de la logistique express (BIEK). Le tribunal r\u00e9gional de Cologne a donn\u00e9 raison au BIEK et a [\u2026]","og_url":"https:\/\/loginfo24.com\/fr\/2020\/09\/16\/jugement-la-deutsche-post-doit-enregistrer-les-temps-de-conduite-et-de-repos\/","og_site_name":"Loginfo24","article_publisher":"https:\/\/www.facebook.com\/people\/Loginfo24\/100057360583332\/","article_published_time":"2020-09-16T12:52:04+00:00","article_modified_time":"2025-12-15T11:37:01+00:00","twitter_card":"summary_large_image","twitter_misc":{"Dur\u00e9e de lecture estim\u00e9e":"2 minutes"},"schema":{"@context":"https:\/\/schema.org","@graph":[{"@type":"Article","@id":"https:\/\/loginfo24.com\/fr\/2020\/09\/16\/jugement-la-deutsche-post-doit-enregistrer-les-temps-de-conduite-et-de-repos\/#article","isPartOf":{"@id":"https:\/\/loginfo24.com\/fr\/2020\/09\/16\/jugement-la-deutsche-post-doit-enregistrer-les-temps-de-conduite-et-de-repos\/"},"author":{"name":"","@id":""},"headline":"Jugement : La Deutsche Post doit enregistrer les temps de conduite et de repos","datePublished":"2020-09-16T12:52:04+00:00","dateModified":"2025-12-15T11:37:01+00:00","mainEntityOfPage":{"@id":"https:\/\/loginfo24.com\/fr\/2020\/09\/16\/jugement-la-deutsche-post-doit-enregistrer-les-temps-de-conduite-et-de-repos\/"},"wordCount":386,"commentCount":0,"publisher":{"@id":"https:\/\/loginfo24.com\/fr\/#organization"},"articleSection":["Forwarding &amp; Logistics","Intermodal \/ Road","Regions"],"inLanguage":"fr-FR","potentialAction":[{"@type":"CommentAction","name":"Comment","target":["https:\/\/loginfo24.com\/fr\/2020\/09\/16\/jugement-la-deutsche-post-doit-enregistrer-les-temps-de-conduite-et-de-repos\/#respond"]}]},{"@type":"WebPage","@id":"https:\/\/loginfo24.com\/fr\/2020\/09\/16\/jugement-la-deutsche-post-doit-enregistrer-les-temps-de-conduite-et-de-repos\/","url":"https:\/\/loginfo24.com\/fr\/2020\/09\/16\/jugement-la-deutsche-post-doit-enregistrer-les-temps-de-conduite-et-de-repos\/","name":"Jugement : La Deutsche Post doit enregistrer les temps de conduite et de repos - Loginfo24.","isPartOf":{"@id":"https:\/\/loginfo24.com\/fr\/#website"},"datePublished":"2020-09-16T12:52:04+00:00","dateModified":"2025-12-15T11:37:01+00:00","breadcrumb":{"@id":"https:\/\/loginfo24.com\/fr\/2020\/09\/16\/jugement-la-deutsche-post-doit-enregistrer-les-temps-de-conduite-et-de-repos\/#breadcrumb"},"inLanguage":"fr-FR","potentialAction":[{"@type":"ReadAction","target":["https:\/\/loginfo24.com\/fr\/2020\/09\/16\/jugement-la-deutsche-post-doit-enregistrer-les-temps-de-conduite-et-de-repos\/"]}]},{"@type":"BreadcrumbList","@id":"https:\/\/loginfo24.com\/fr\/2020\/09\/16\/jugement-la-deutsche-post-doit-enregistrer-les-temps-de-conduite-et-de-repos\/#breadcrumb","itemListElement":[{"@type":"ListItem","position":1,"name":"Startseite","item":"https:\/\/loginfo24.com\/fr\/"},{"@type":"ListItem","position":2,"name":"Jugement : La Deutsche Post doit enregistrer les temps de conduite et de repos"}]},{"@type":"WebSite","@id":"https:\/\/loginfo24.com\/fr\/#website","url":"https:\/\/loginfo24.com\/fr\/","name":"Loginfo24","description":"Loginfo24 est la plateforme d\u00e9di\u00e9e \u00e0 la logistique et aux cha\u00eenes d&#039;approvisionnement qui fournit des informations 24 heures sur 24.","publisher":{"@id":"https:\/\/loginfo24.com\/fr\/#organization"},"potentialAction":[{"@type":"SearchAction","target":{"@type":"EntryPoint","urlTemplate":"https:\/\/loginfo24.com\/fr\/?s={search_term_string}"},"query-input":{"@type":"PropertyValueSpecification","valueRequired":true,"valueName":"search_term_string"}}],"inLanguage":"fr-FR"},{"@type":"Organization","@id":"https:\/\/loginfo24.com\/fr\/#organization","name":"Groupe Logismedia AG","url":"https:\/\/loginfo24.com\/fr\/","logo":{"@type":"ImageObject","inLanguage":"fr-FR","@id":"https:\/\/loginfo24.com\/fr\/#\/schema\/logo\/image\/","url":"https:\/\/loginfo24.com\/wp-content\/uploads\/sites\/7\/2026\/01\/Logo_LogInfo24.png","contentUrl":"https:\/\/loginfo24.com\/wp-content\/uploads\/sites\/7\/2026\/01\/Logo_LogInfo24.png","width":938,"height":351,"caption":"Groupe Logismedia AG"},"image":{"@id":"https:\/\/loginfo24.com\/fr\/#\/schema\/logo\/image\/"},"sameAs":["https:\/\/www.facebook.com\/people\/Loginfo24\/100057360583332\/","https:\/\/www.linkedin.com\/company\/lofinfo24\/"]}]}},"_links":{"self":[{"href":"https:\/\/loginfo24.com\/fr\/wp-json\/wp\/v2\/posts\/19830","targetHints":{"allow":["GET"]}}],"collection":[{"href":"https:\/\/loginfo24.com\/fr\/wp-json\/wp\/v2\/posts"}],"about":[{"href":"https:\/\/loginfo24.com\/fr\/wp-json\/wp\/v2\/types\/post"}],"replies":[{"embeddable":true,"href":"https:\/\/loginfo24.com\/fr\/wp-json\/wp\/v2\/comments?post=19830"}],"version-history":[{"count":1,"href":"https:\/\/loginfo24.com\/fr\/wp-json\/wp\/v2\/posts\/19830\/revisions"}],"predecessor-version":[{"id":35905,"href":"https:\/\/loginfo24.com\/fr\/wp-json\/wp\/v2\/posts\/19830\/revisions\/35905"}],"wp:attachment":[{"href":"https:\/\/loginfo24.com\/fr\/wp-json\/wp\/v2\/media?parent=19830"}],"wp:term":[{"taxonomy":"category","embeddable":true,"href":"https:\/\/loginfo24.com\/fr\/wp-json\/wp\/v2\/categories?post=19830"},{"taxonomy":"post_tag","embeddable":true,"href":"https:\/\/loginfo24.com\/fr\/wp-json\/wp\/v2\/tags?post=19830"}],"curies":[{"name":"wp","href":"https:\/\/api.w.org\/{rel}","templated":true}]}}