{"id":19758,"date":"2020-09-13T18:00:25","date_gmt":"2020-09-13T16:00:25","guid":{"rendered":"https:\/\/blog.brand-architecture.at\/2020\/09\/13\/tegut-pose-la-premiere-pierre-pour-un-nouveau-centre-logistique-a-hunfeld\/"},"modified":"2025-12-15T12:36:44","modified_gmt":"2025-12-15T11:36:44","slug":"tegut-pose-la-premiere-pierre-pour-un-nouveau-centre-logistique-a-hunfeld","status":"publish","type":"post","link":"https:\/\/loginfo24.com\/fr\/2020\/09\/13\/tegut-pose-la-premiere-pierre-pour-un-nouveau-centre-logistique-a-hunfeld\/","title":{"rendered":"tegut pose la premi\u00e8re pierre pour un nouveau centre logistique \u00e0 H\u00fcnfeld"},"content":{"rendered":"<p>Le d\u00e9taillant alimentaire tegut\u2026 c\u00e9l\u00e8bre la pose de la premi\u00e8re pierre pour un nouveau centre logistique \u00e0 H\u00fcnfeld-Michelsrombach. L&rsquo;utilisation finale du centre est pr\u00e9vue pour 2023. Le site couvre 23 hectares et se trouve \u00e0 proximit\u00e9 de l&rsquo;A7. La surface utile est de 90 000 m2. Le volume d&rsquo;investissement se situe dans une fourchette basse \u00e0 trois chiffres en millions.<\/p>\n<p>(Fulda\/H\u00fcnfeld) Le d\u00e9taillant alimentaire fuldain tegut\u2026 bonnes nourritures a donn\u00e9 aujourd&rsquo;hui le coup d&rsquo;envoi \u00e0 la r\u00e9alisation de la nouvelle construction du nouveau centre logistique tegut\u2026 \u00e0 H\u00fcnfeld \u2013 Michelsrombach. Dans le parc logistique Hessisches Kegelspiel, non loin de l&rsquo;A7, la premi\u00e8re pierre a \u00e9t\u00e9 pos\u00e9e sur le site d&rsquo;environ 23 hectares.<\/p>\n<h5><strong>tegut&#8230; se pr\u00e9pare pour l&rsquo;avenir <\/strong><\/h5>\n<p>tegut\u2026 a connu une croissance continue ces derni\u00e8res ann\u00e9es et est toujours en phase d&rsquo;expansion. \u00ab Avec le centre logistique \u00e0 H\u00fcnfeld-Michelsrombach, tegut\u2026 se pr\u00e9pare pour l&rsquo;avenir. Nous d\u00e9veloppons et optimisons l&rsquo;infrastructure existante afin de fournir efficacement et de mani\u00e8re fiable les march\u00e9s tegut\u2026 et cr\u00e9ons des capacit\u00e9s suppl\u00e9mentaires pour s\u00e9curiser la croissance de l&rsquo;entreprise \u00bb, explique Michael Egerer, direction logistique\/supply chain management de tegut\u2026. L&rsquo;entreprise investit un montant dans la fourchette basse \u00e0 trois chiffres en millions.<\/p>\n<h5><strong>La technologie d&rsquo;automatisation soutient les processus futurs<\/strong><\/h5>\n<p>\u00ab Dans le nouveau centre logistique \u00e0 H\u00fcnfeld-Michelsrombach, plus de 800 employ\u00e9s organiseront la gestion et la livraison d&rsquo;environ 17 000 articles diff\u00e9rents sur une surface de b\u00e2timent de plus de 90 000 m\u00e8tres carr\u00e9s \u00bb, rapporte Kathrin Wendt, responsable de projet logistique chez tegut\u2026. La technologie d&rsquo;automatisation soutiendra \u00e9galement les processus futurs : La soci\u00e9t\u00e9 SSI Sch\u00e4fer de Giebelstadt r\u00e9alisera pour tegut\u2026 un entrep\u00f4t automatique \u00e0 grande hauteur avec environ 38 000 emplacements de palettes et un entrep\u00f4t de conteneurs avec environ 85 000 emplacements de conteneurs.<\/p>\n<h5><strong><img loading=\"lazy\" decoding=\"async\" class=\"aligncenter wp-image-5425 size-full\" src=\"https:\/\/loginfo24.com\/wp-content\/uploads\/sites\/7\/2025\/12\/tegut_14.9.20_2.jpg\" alt=\"\" width=\"890\" height=\"395\" \/><\/strong><\/h5>\n<h5><strong>Un emplacement central est id\u00e9al<\/strong><\/h5>\n<p>Dans les mois \u00e0 venir, le sous-sol du terrain d&rsquo;environ 230 000 m\u00e8tres carr\u00e9s sera pr\u00e9par\u00e9 pour la construction. La pente du terrain sera ainsi compens\u00e9e par des talus et des structures de soutien. La situation en pente du terrain repr\u00e9sente un d\u00e9fi architectural, mais l&#8217;emplacement central dans la zone de chalandise de tegut\u2026 directement le long de l&rsquo;autoroute f\u00e9d\u00e9rale A7 et la taille du terrain sont id\u00e9aux pour tegut\u2026 \u00bb, explique Michael M\u00f6ller, responsable de projet construction chez tegut\u2026.<\/p>\n<h5><strong>La durabilit\u00e9 a \u00e9t\u00e9 prise en compte <\/strong><\/h5>\n<p>Au cours de la p\u00e9riode de construction, environ 570 000 tonnes de mat\u00e9riaux meubles et environ 480 000 tonnes de mat\u00e9riaux solides seront excav\u00e9es et remani\u00e9es sur le site de construction. La planification a tenu compte de la durabilit\u00e9, de sorte que presque toutes les masses de sol sur le site de construction peuvent \u00eatre r\u00e9utilis\u00e9es. Le d\u00e9but de la construction est pr\u00e9vu pour le printemps 2021, l&rsquo;utilisation finale est pr\u00e9vue pour 2023. Une collaboration pr\u00e9coce et coop\u00e9rative avec la ville de H\u00fcnfeld, le bureau de construction \u00e0 Fulda et d&rsquo;autres autorit\u00e9s et bureaux comp\u00e9tents a permis un d\u00e9roulement de planification fluide avec de bons r\u00e9sultats.<\/p>\n<h5><strong>Un atout pour la ville de H\u00fcnfeld et la r\u00e9gion <\/strong><\/h5>\n<p>Benjamin Tschesnok, maire de la ville de H\u00fcnfeld, a d\u00e9clar\u00e9 lors de la pose de la premi\u00e8re pierre du nouveau b\u00e2timent tegut\u2026 : \u00ab C&rsquo;est un \u00e9norme atout pour notre ville, mais toute la r\u00e9gion b\u00e9n\u00e9ficie du fait que les emplois existants restent dans la r\u00e9gion et que de nombreux nouveaux emplois sont cr\u00e9\u00e9s. Je remercie tegut\u2026 d&rsquo;avoir plac\u00e9 beaucoup de confiance dans la dynamique du site de H\u00fcnfeld. Nous avons investi beaucoup de force et de travail dans le d\u00e9veloppement de ce site. Il est donc d&rsquo;autant plus agr\u00e9able que nous puissions maintenant commencer ensemble \u00e0 r\u00e9colter les fruits de notre travail. \u00bb Michael Hohenhaus, responsable de projet de la soci\u00e9t\u00e9 de planification Toll\u00e9 GmbH &amp; Co. KG \u00e0 Verden, a exprim\u00e9 sa joie quant au d\u00e9but des travaux : \u00ab Je suis tr\u00e8s heureux que nous puissions maintenant commencer la r\u00e9alisation de l&rsquo;objet apr\u00e8s un long et intense processus de planification. Nous sommes ravis et fiers du r\u00e9sultat atteint ensemble. \u00bb Uwe Gl\u00fcck, procuriste de Bickhardt Bau AG, a donn\u00e9 un aper\u00e7u des mois \u00e0 venir : \u00ab Nous vous remercions pour l&rsquo;attribution du contrat pour la r\u00e9alisation des travaux de terrassement, de g\u00e9nie civil et de construction routi\u00e8re ainsi que des prestations de g\u00e9nie. En tant que fournisseur complet r\u00e9gional, nous sommes ravis de pouvoir participer \u00e0 ce projet passionnant, certainement l&rsquo;un des plus grands projets du district de Fulda, et d&rsquo;apporter notre savoir-faire technique. \u00bb<br \/>Photo 1 : \u00a9 UM-Werbephotographie Ulrich Mayer, tegut\u2026 \/ <strong><em>L\u00e9gende de l&rsquo;image :<\/em><\/strong><em> Coup d&rsquo;envoi de la nouvelle construction du centre logistique tegut\u2026 de gauche \u00e0 droite : Uwe Gl\u00fcck (procuriste Bickhardt-Bau), Kathrin Wendt (responsable de projet tegut\u2026 Logistik GmbH &amp; Co. KG), Michael Egerer (responsable logistique et membre de la direction de tegut\u2026 bonnes nourritures GmbH &amp; Co. KG), Michael Hohenhaus (responsable de projet de la soci\u00e9t\u00e9 de planification g\u00e9n\u00e9rale Toll\u00e9), Michael M\u00f6ller (responsable de projet construction tegut\u2026 bonnes nourritures GmbH &amp; Co. KG), Martina Sauerbier (conseill\u00e8re municipale de la ville de H\u00fcnfeld) <\/em><br \/>Photo 2 : \u00a9 UM-Werbephotographie Ulrich Mayer, tegut\u2026 \/ <strong><em>L\u00e9gende de l&rsquo;image : <\/em><\/strong><em>Simulation du nouveau centre logistique de tegut\u2026 \u00e0 H\u00fcnfeld<\/em><br \/><em> <\/em><a href=\"https:\/\/www.tegut.com\" target=\"_blank\" rel=\"noopener noreferrer\">www.tegut.com<\/a><\/p>\n","protected":false},"excerpt":{"rendered":"<p>Le d\u00e9taillant alimentaire tegut\u2026 c\u00e9l\u00e8bre la pose de la premi\u00e8re pierre pour un nouveau centre logistique \u00e0 H\u00fcnfeld-Michelsrombach. L&rsquo;utilisation finale du centre est pr\u00e9vue pour 2023.<span class=\"excerpt-hellip\"> [\u2026]<\/span><\/p>\n","protected":false},"author":0,"featured_media":0,"comment_status":"open","ping_status":"open","sticky":false,"template":"","format":"standard","meta":{"_acf_changed":false,"footnotes":""},"categories":[1557,1560,1561],"tags":[],"class_list":["post-19758","post","type-post","status-publish","format-standard","hentry","category-forwarding-logistics","category-intralogistics","category-regions"],"acf":[],"yoast_head":"<!-- This site is optimized with the Yoast SEO plugin v27.3 - https:\/\/yoast.com\/product\/yoast-seo-wordpress\/ -->\n<title>tegut pose la premi\u00e8re pierre pour un nouveau centre logistique \u00e0 H\u00fcnfeld - Loginfo24.<\/title>\n<meta name=\"robots\" content=\"index, follow, max-snippet:-1, max-image-preview:large, max-video-preview:-1\" \/>\n<link rel=\"canonical\" href=\"https:\/\/loginfo24.com\/fr\/2020\/09\/13\/tegut-pose-la-premiere-pierre-pour-un-nouveau-centre-logistique-a-hunfeld\/\" \/>\n<meta property=\"og:locale\" content=\"fr_FR\" \/>\n<meta property=\"og:type\" content=\"article\" \/>\n<meta property=\"og:title\" content=\"tegut pose la premi\u00e8re pierre pour un nouveau centre logistique \u00e0 H\u00fcnfeld - Loginfo24.\" \/>\n<meta property=\"og:description\" content=\"Le d\u00e9taillant alimentaire tegut\u2026 c\u00e9l\u00e8bre la pose de la premi\u00e8re pierre pour un nouveau centre logistique \u00e0 H\u00fcnfeld-Michelsrombach. L&rsquo;utilisation finale du centre est pr\u00e9vue pour 2023. [\u2026]\" \/>\n<meta property=\"og:url\" content=\"https:\/\/loginfo24.com\/fr\/2020\/09\/13\/tegut-pose-la-premiere-pierre-pour-un-nouveau-centre-logistique-a-hunfeld\/\" \/>\n<meta property=\"og:site_name\" content=\"Loginfo24\" \/>\n<meta property=\"article:publisher\" content=\"https:\/\/www.facebook.com\/people\/Loginfo24\/100057360583332\/\" \/>\n<meta property=\"article:published_time\" content=\"2020-09-13T16:00:25+00:00\" \/>\n<meta property=\"article:modified_time\" content=\"2025-12-15T11:36:44+00:00\" \/>\n<meta property=\"og:image\" content=\"https:\/\/loginfo24.com\/wp-content\/uploads\/sites\/7\/2025\/12\/tegut_14.9.20_2.jpg\" \/>\n<meta name=\"twitter:card\" content=\"summary_large_image\" \/>\n<meta name=\"twitter:label1\" content=\"Dur\u00e9e de lecture estim\u00e9e\" \/>\n\t<meta name=\"twitter:data1\" content=\"4 minutes\" \/>\n<script type=\"application\/ld+json\" class=\"yoast-schema-graph\">{\"@context\":\"https:\\\/\\\/schema.org\",\"@graph\":[{\"@type\":\"Article\",\"@id\":\"https:\\\/\\\/loginfo24.com\\\/fr\\\/2020\\\/09\\\/13\\\/tegut-pose-la-premiere-pierre-pour-un-nouveau-centre-logistique-a-hunfeld\\\/#article\",\"isPartOf\":{\"@id\":\"https:\\\/\\\/loginfo24.com\\\/fr\\\/2020\\\/09\\\/13\\\/tegut-pose-la-premiere-pierre-pour-un-nouveau-centre-logistique-a-hunfeld\\\/\"},\"author\":{\"name\":\"\",\"@id\":\"\"},\"headline\":\"tegut pose la premi\u00e8re pierre pour un nouveau centre logistique \u00e0 H\u00fcnfeld\",\"datePublished\":\"2020-09-13T16:00:25+00:00\",\"dateModified\":\"2025-12-15T11:36:44+00:00\",\"mainEntityOfPage\":{\"@id\":\"https:\\\/\\\/loginfo24.com\\\/fr\\\/2020\\\/09\\\/13\\\/tegut-pose-la-premiere-pierre-pour-un-nouveau-centre-logistique-a-hunfeld\\\/\"},\"wordCount\":937,\"commentCount\":0,\"publisher\":{\"@id\":\"https:\\\/\\\/loginfo24.com\\\/fr\\\/#organization\"},\"image\":{\"@id\":\"https:\\\/\\\/loginfo24.com\\\/fr\\\/2020\\\/09\\\/13\\\/tegut-pose-la-premiere-pierre-pour-un-nouveau-centre-logistique-a-hunfeld\\\/#primaryimage\"},\"thumbnailUrl\":\"https:\\\/\\\/loginfo24.com\\\/wp-content\\\/uploads\\\/sites\\\/7\\\/2025\\\/12\\\/tegut_14.9.20_2.jpg\",\"articleSection\":[\"Forwarding &amp; Logistics\",\"Intralogistics\",\"Regions\"],\"inLanguage\":\"fr-FR\",\"potentialAction\":[{\"@type\":\"CommentAction\",\"name\":\"Comment\",\"target\":[\"https:\\\/\\\/loginfo24.com\\\/fr\\\/2020\\\/09\\\/13\\\/tegut-pose-la-premiere-pierre-pour-un-nouveau-centre-logistique-a-hunfeld\\\/#respond\"]}]},{\"@type\":\"WebPage\",\"@id\":\"https:\\\/\\\/loginfo24.com\\\/fr\\\/2020\\\/09\\\/13\\\/tegut-pose-la-premiere-pierre-pour-un-nouveau-centre-logistique-a-hunfeld\\\/\",\"url\":\"https:\\\/\\\/loginfo24.com\\\/fr\\\/2020\\\/09\\\/13\\\/tegut-pose-la-premiere-pierre-pour-un-nouveau-centre-logistique-a-hunfeld\\\/\",\"name\":\"tegut pose la premi\u00e8re pierre pour un nouveau centre logistique \u00e0 H\u00fcnfeld - Loginfo24.\",\"isPartOf\":{\"@id\":\"https:\\\/\\\/loginfo24.com\\\/fr\\\/#website\"},\"primaryImageOfPage\":{\"@id\":\"https:\\\/\\\/loginfo24.com\\\/fr\\\/2020\\\/09\\\/13\\\/tegut-pose-la-premiere-pierre-pour-un-nouveau-centre-logistique-a-hunfeld\\\/#primaryimage\"},\"image\":{\"@id\":\"https:\\\/\\\/loginfo24.com\\\/fr\\\/2020\\\/09\\\/13\\\/tegut-pose-la-premiere-pierre-pour-un-nouveau-centre-logistique-a-hunfeld\\\/#primaryimage\"},\"thumbnailUrl\":\"https:\\\/\\\/loginfo24.com\\\/wp-content\\\/uploads\\\/sites\\\/7\\\/2025\\\/12\\\/tegut_14.9.20_2.jpg\",\"datePublished\":\"2020-09-13T16:00:25+00:00\",\"dateModified\":\"2025-12-15T11:36:44+00:00\",\"breadcrumb\":{\"@id\":\"https:\\\/\\\/loginfo24.com\\\/fr\\\/2020\\\/09\\\/13\\\/tegut-pose-la-premiere-pierre-pour-un-nouveau-centre-logistique-a-hunfeld\\\/#breadcrumb\"},\"inLanguage\":\"fr-FR\",\"potentialAction\":[{\"@type\":\"ReadAction\",\"target\":[\"https:\\\/\\\/loginfo24.com\\\/fr\\\/2020\\\/09\\\/13\\\/tegut-pose-la-premiere-pierre-pour-un-nouveau-centre-logistique-a-hunfeld\\\/\"]}]},{\"@type\":\"ImageObject\",\"inLanguage\":\"fr-FR\",\"@id\":\"https:\\\/\\\/loginfo24.com\\\/fr\\\/2020\\\/09\\\/13\\\/tegut-pose-la-premiere-pierre-pour-un-nouveau-centre-logistique-a-hunfeld\\\/#primaryimage\",\"url\":\"https:\\\/\\\/loginfo24.com\\\/wp-content\\\/uploads\\\/sites\\\/7\\\/2025\\\/12\\\/tegut_14.9.20_2.jpg\",\"contentUrl\":\"https:\\\/\\\/loginfo24.com\\\/wp-content\\\/uploads\\\/sites\\\/7\\\/2025\\\/12\\\/tegut_14.9.20_2.jpg\"},{\"@type\":\"BreadcrumbList\",\"@id\":\"https:\\\/\\\/loginfo24.com\\\/fr\\\/2020\\\/09\\\/13\\\/tegut-pose-la-premiere-pierre-pour-un-nouveau-centre-logistique-a-hunfeld\\\/#breadcrumb\",\"itemListElement\":[{\"@type\":\"ListItem\",\"position\":1,\"name\":\"Startseite\",\"item\":\"https:\\\/\\\/loginfo24.com\\\/fr\\\/\"},{\"@type\":\"ListItem\",\"position\":2,\"name\":\"tegut pose la premi\u00e8re pierre pour un nouveau centre logistique \u00e0 H\u00fcnfeld\"}]},{\"@type\":\"WebSite\",\"@id\":\"https:\\\/\\\/loginfo24.com\\\/fr\\\/#website\",\"url\":\"https:\\\/\\\/loginfo24.com\\\/fr\\\/\",\"name\":\"Loginfo24\",\"description\":\"Loginfo24 est la plateforme d\u00e9di\u00e9e \u00e0 la logistique et aux cha\u00eenes d&#039;approvisionnement qui fournit des informations 24 heures sur 24.\",\"publisher\":{\"@id\":\"https:\\\/\\\/loginfo24.com\\\/fr\\\/#organization\"},\"potentialAction\":[{\"@type\":\"SearchAction\",\"target\":{\"@type\":\"EntryPoint\",\"urlTemplate\":\"https:\\\/\\\/loginfo24.com\\\/fr\\\/?s={search_term_string}\"},\"query-input\":{\"@type\":\"PropertyValueSpecification\",\"valueRequired\":true,\"valueName\":\"search_term_string\"}}],\"inLanguage\":\"fr-FR\"},{\"@type\":\"Organization\",\"@id\":\"https:\\\/\\\/loginfo24.com\\\/fr\\\/#organization\",\"name\":\"Groupe Logismedia AG\",\"url\":\"https:\\\/\\\/loginfo24.com\\\/fr\\\/\",\"logo\":{\"@type\":\"ImageObject\",\"inLanguage\":\"fr-FR\",\"@id\":\"https:\\\/\\\/loginfo24.com\\\/fr\\\/#\\\/schema\\\/logo\\\/image\\\/\",\"url\":\"https:\\\/\\\/loginfo24.com\\\/wp-content\\\/uploads\\\/sites\\\/7\\\/2026\\\/01\\\/Logo_LogInfo24.png\",\"contentUrl\":\"https:\\\/\\\/loginfo24.com\\\/wp-content\\\/uploads\\\/sites\\\/7\\\/2026\\\/01\\\/Logo_LogInfo24.png\",\"width\":938,\"height\":351,\"caption\":\"Groupe Logismedia AG\"},\"image\":{\"@id\":\"https:\\\/\\\/loginfo24.com\\\/fr\\\/#\\\/schema\\\/logo\\\/image\\\/\"},\"sameAs\":[\"https:\\\/\\\/www.facebook.com\\\/people\\\/Loginfo24\\\/100057360583332\\\/\",\"https:\\\/\\\/www.linkedin.com\\\/company\\\/lofinfo24\\\/\"]}]}<\/script>\n<!-- \/ Yoast SEO plugin. -->","yoast_head_json":{"title":"tegut pose la premi\u00e8re pierre pour un nouveau centre logistique \u00e0 H\u00fcnfeld - Loginfo24.","robots":{"index":"index","follow":"follow","max-snippet":"max-snippet:-1","max-image-preview":"max-image-preview:large","max-video-preview":"max-video-preview:-1"},"canonical":"https:\/\/loginfo24.com\/fr\/2020\/09\/13\/tegut-pose-la-premiere-pierre-pour-un-nouveau-centre-logistique-a-hunfeld\/","og_locale":"fr_FR","og_type":"article","og_title":"tegut pose la premi\u00e8re pierre pour un nouveau centre logistique \u00e0 H\u00fcnfeld - Loginfo24.","og_description":"Le d\u00e9taillant alimentaire tegut\u2026 c\u00e9l\u00e8bre la pose de la premi\u00e8re pierre pour un nouveau centre logistique \u00e0 H\u00fcnfeld-Michelsrombach. L&rsquo;utilisation finale du centre est pr\u00e9vue pour 2023. [\u2026]","og_url":"https:\/\/loginfo24.com\/fr\/2020\/09\/13\/tegut-pose-la-premiere-pierre-pour-un-nouveau-centre-logistique-a-hunfeld\/","og_site_name":"Loginfo24","article_publisher":"https:\/\/www.facebook.com\/people\/Loginfo24\/100057360583332\/","article_published_time":"2020-09-13T16:00:25+00:00","article_modified_time":"2025-12-15T11:36:44+00:00","og_image":[{"url":"https:\/\/loginfo24.com\/wp-content\/uploads\/sites\/7\/2025\/12\/tegut_14.9.20_2.jpg","type":"","width":"","height":""}],"twitter_card":"summary_large_image","twitter_misc":{"Dur\u00e9e de lecture estim\u00e9e":"4 minutes"},"schema":{"@context":"https:\/\/schema.org","@graph":[{"@type":"Article","@id":"https:\/\/loginfo24.com\/fr\/2020\/09\/13\/tegut-pose-la-premiere-pierre-pour-un-nouveau-centre-logistique-a-hunfeld\/#article","isPartOf":{"@id":"https:\/\/loginfo24.com\/fr\/2020\/09\/13\/tegut-pose-la-premiere-pierre-pour-un-nouveau-centre-logistique-a-hunfeld\/"},"author":{"name":"","@id":""},"headline":"tegut pose la premi\u00e8re pierre pour un nouveau centre logistique \u00e0 H\u00fcnfeld","datePublished":"2020-09-13T16:00:25+00:00","dateModified":"2025-12-15T11:36:44+00:00","mainEntityOfPage":{"@id":"https:\/\/loginfo24.com\/fr\/2020\/09\/13\/tegut-pose-la-premiere-pierre-pour-un-nouveau-centre-logistique-a-hunfeld\/"},"wordCount":937,"commentCount":0,"publisher":{"@id":"https:\/\/loginfo24.com\/fr\/#organization"},"image":{"@id":"https:\/\/loginfo24.com\/fr\/2020\/09\/13\/tegut-pose-la-premiere-pierre-pour-un-nouveau-centre-logistique-a-hunfeld\/#primaryimage"},"thumbnailUrl":"https:\/\/loginfo24.com\/wp-content\/uploads\/sites\/7\/2025\/12\/tegut_14.9.20_2.jpg","articleSection":["Forwarding &amp; Logistics","Intralogistics","Regions"],"inLanguage":"fr-FR","potentialAction":[{"@type":"CommentAction","name":"Comment","target":["https:\/\/loginfo24.com\/fr\/2020\/09\/13\/tegut-pose-la-premiere-pierre-pour-un-nouveau-centre-logistique-a-hunfeld\/#respond"]}]},{"@type":"WebPage","@id":"https:\/\/loginfo24.com\/fr\/2020\/09\/13\/tegut-pose-la-premiere-pierre-pour-un-nouveau-centre-logistique-a-hunfeld\/","url":"https:\/\/loginfo24.com\/fr\/2020\/09\/13\/tegut-pose-la-premiere-pierre-pour-un-nouveau-centre-logistique-a-hunfeld\/","name":"tegut pose la premi\u00e8re pierre pour un nouveau centre logistique \u00e0 H\u00fcnfeld - Loginfo24.","isPartOf":{"@id":"https:\/\/loginfo24.com\/fr\/#website"},"primaryImageOfPage":{"@id":"https:\/\/loginfo24.com\/fr\/2020\/09\/13\/tegut-pose-la-premiere-pierre-pour-un-nouveau-centre-logistique-a-hunfeld\/#primaryimage"},"image":{"@id":"https:\/\/loginfo24.com\/fr\/2020\/09\/13\/tegut-pose-la-premiere-pierre-pour-un-nouveau-centre-logistique-a-hunfeld\/#primaryimage"},"thumbnailUrl":"https:\/\/loginfo24.com\/wp-content\/uploads\/sites\/7\/2025\/12\/tegut_14.9.20_2.jpg","datePublished":"2020-09-13T16:00:25+00:00","dateModified":"2025-12-15T11:36:44+00:00","breadcrumb":{"@id":"https:\/\/loginfo24.com\/fr\/2020\/09\/13\/tegut-pose-la-premiere-pierre-pour-un-nouveau-centre-logistique-a-hunfeld\/#breadcrumb"},"inLanguage":"fr-FR","potentialAction":[{"@type":"ReadAction","target":["https:\/\/loginfo24.com\/fr\/2020\/09\/13\/tegut-pose-la-premiere-pierre-pour-un-nouveau-centre-logistique-a-hunfeld\/"]}]},{"@type":"ImageObject","inLanguage":"fr-FR","@id":"https:\/\/loginfo24.com\/fr\/2020\/09\/13\/tegut-pose-la-premiere-pierre-pour-un-nouveau-centre-logistique-a-hunfeld\/#primaryimage","url":"https:\/\/loginfo24.com\/wp-content\/uploads\/sites\/7\/2025\/12\/tegut_14.9.20_2.jpg","contentUrl":"https:\/\/loginfo24.com\/wp-content\/uploads\/sites\/7\/2025\/12\/tegut_14.9.20_2.jpg"},{"@type":"BreadcrumbList","@id":"https:\/\/loginfo24.com\/fr\/2020\/09\/13\/tegut-pose-la-premiere-pierre-pour-un-nouveau-centre-logistique-a-hunfeld\/#breadcrumb","itemListElement":[{"@type":"ListItem","position":1,"name":"Startseite","item":"https:\/\/loginfo24.com\/fr\/"},{"@type":"ListItem","position":2,"name":"tegut pose la premi\u00e8re pierre pour un nouveau centre logistique \u00e0 H\u00fcnfeld"}]},{"@type":"WebSite","@id":"https:\/\/loginfo24.com\/fr\/#website","url":"https:\/\/loginfo24.com\/fr\/","name":"Loginfo24","description":"Loginfo24 est la plateforme d\u00e9di\u00e9e \u00e0 la logistique et aux cha\u00eenes d&#039;approvisionnement qui fournit des informations 24 heures sur 24.","publisher":{"@id":"https:\/\/loginfo24.com\/fr\/#organization"},"potentialAction":[{"@type":"SearchAction","target":{"@type":"EntryPoint","urlTemplate":"https:\/\/loginfo24.com\/fr\/?s={search_term_string}"},"query-input":{"@type":"PropertyValueSpecification","valueRequired":true,"valueName":"search_term_string"}}],"inLanguage":"fr-FR"},{"@type":"Organization","@id":"https:\/\/loginfo24.com\/fr\/#organization","name":"Groupe Logismedia AG","url":"https:\/\/loginfo24.com\/fr\/","logo":{"@type":"ImageObject","inLanguage":"fr-FR","@id":"https:\/\/loginfo24.com\/fr\/#\/schema\/logo\/image\/","url":"https:\/\/loginfo24.com\/wp-content\/uploads\/sites\/7\/2026\/01\/Logo_LogInfo24.png","contentUrl":"https:\/\/loginfo24.com\/wp-content\/uploads\/sites\/7\/2026\/01\/Logo_LogInfo24.png","width":938,"height":351,"caption":"Groupe Logismedia AG"},"image":{"@id":"https:\/\/loginfo24.com\/fr\/#\/schema\/logo\/image\/"},"sameAs":["https:\/\/www.facebook.com\/people\/Loginfo24\/100057360583332\/","https:\/\/www.linkedin.com\/company\/lofinfo24\/"]}]}},"_links":{"self":[{"href":"https:\/\/loginfo24.com\/fr\/wp-json\/wp\/v2\/posts\/19758","targetHints":{"allow":["GET"]}}],"collection":[{"href":"https:\/\/loginfo24.com\/fr\/wp-json\/wp\/v2\/posts"}],"about":[{"href":"https:\/\/loginfo24.com\/fr\/wp-json\/wp\/v2\/types\/post"}],"replies":[{"embeddable":true,"href":"https:\/\/loginfo24.com\/fr\/wp-json\/wp\/v2\/comments?post=19758"}],"version-history":[{"count":1,"href":"https:\/\/loginfo24.com\/fr\/wp-json\/wp\/v2\/posts\/19758\/revisions"}],"predecessor-version":[{"id":35778,"href":"https:\/\/loginfo24.com\/fr\/wp-json\/wp\/v2\/posts\/19758\/revisions\/35778"}],"wp:attachment":[{"href":"https:\/\/loginfo24.com\/fr\/wp-json\/wp\/v2\/media?parent=19758"}],"wp:term":[{"taxonomy":"category","embeddable":true,"href":"https:\/\/loginfo24.com\/fr\/wp-json\/wp\/v2\/categories?post=19758"},{"taxonomy":"post_tag","embeddable":true,"href":"https:\/\/loginfo24.com\/fr\/wp-json\/wp\/v2\/tags?post=19758"}],"curies":[{"name":"wp","href":"https:\/\/api.w.org\/{rel}","templated":true}]}}