{"id":19728,"date":"2020-06-22T08:00:39","date_gmt":"2020-06-22T06:00:39","guid":{"rendered":"https:\/\/blog.brand-architecture.at\/2020\/06\/22\/gestion-de-marque-dans-la-logistique-encore-plus-important-en-temps-de-crise\/"},"modified":"2025-12-15T12:36:37","modified_gmt":"2025-12-15T11:36:37","slug":"gestion-de-marque-dans-la-logistique-encore-plus-important-en-temps-de-crise","status":"publish","type":"post","link":"https:\/\/loginfo24.com\/fr\/2020\/06\/22\/gestion-de-marque-dans-la-logistique-encore-plus-important-en-temps-de-crise\/","title":{"rendered":"Gestion de marque dans la logistique - Encore plus important en temps de crise"},"content":{"rendered":"<p>La s\u00e9curit\u00e9 est primordiale en ce moment. Non seulement dans nos interactions, mais aussi dans le choix des prestataires. Les clients s&rsquo;appuient sur des marques fortes et famili\u00e8res pour conserver un bon sentiment m\u00eame face \u00e0 des ressources de plus en plus limit\u00e9es et un avenir incertain. Il est dommage que, dans le secteur \u00e9conomique de la logistique, le travail de marque soit souvent n\u00e9glig\u00e9. La n\u00e9cessit\u00e9 d&rsquo;am\u00e9liorer cette situation est mise en \u00e9vidence par l&rsquo;\u00e9tude \u00ab Gestion de marque dans la logistique \u00bb. Lisez le rapport de Clemens Mei\u00df.<\/p>\n<p style=\"text-align: center\">Par Clemens Mei\u00df<\/p>\n<p>Les messages cl\u00e9s de la neuvi\u00e8me \u00e9dition de l&rsquo;indicateur de sentiment* parlent d&rsquo;eux-m\u00eames : les entreprises partenaires et les clients consid\u00e8rent la logistique comme non viable pour l&rsquo;avenir et regrettent l&rsquo;absence d&rsquo;un partenaire \u00e0 \u00e9galit\u00e9. Moins d&rsquo;un tiers des donneurs d&rsquo;ordre pour les services de transport et de logistique croient que le secteur a ce qu&rsquo;il faut pour la transformation num\u00e9rique. C&rsquo;est une image plut\u00f4t d\u00e9sastreuse que le secteur de la logistique pr\u00e9sente lors de l&rsquo;enqu\u00eate sur la gestion de marque, bien qu&rsquo;il soit en r\u00e9alit\u00e9 dans une position tr\u00e8s favorable compte tenu de son importance \u00e9conomique. En particulier, pendant la crise actuelle du coronavirus, le secteur logistique joue un r\u00f4le important pour l&rsquo;ensemble de la soci\u00e9t\u00e9.<\/p>\n<h5>L&rsquo;image de l&rsquo;\u00e9tude en chiffres<\/h5>\n<p>Cependant, la pertinence des logisticiens ne se refl\u00e8te pas dans les valeurs li\u00e9es \u00e0 l&rsquo;image de marque : seulement 10 % des entreprises logistiques estiment que leur propre secteur a une bonne image. C&rsquo;est m\u00eame un point de pourcentage de moins que lors de l&rsquo;enqu\u00eate de l&rsquo;ann\u00e9e pr\u00e9c\u00e9dente. Il est donc urgent d&rsquo;agir. En particulier, la notori\u00e9t\u00e9 de la marque laisse encore beaucoup \u00e0 d\u00e9sirer. Pas moins de 23 % des donneurs d&rsquo;ordre de l&rsquo;industrie et du commerce d\u00e9clarent ne pas conna\u00eetre le prestataire logistique qui travaille pour eux.<\/p>\n<p>Une disparit\u00e9 particuli\u00e8re se manifeste dans l&rsquo;\u00e9valuation de la diff\u00e9renciation. Alors que 81 % des prestataires estiment se d\u00e9marquer de la concurrence, seuls 15 % des donneurs d&rsquo;ordre le confirment, ce qui est d\u00e9sastreux. Fait int\u00e9ressant, pr\u00e8s des trois quarts des entreprises affirment qu&rsquo;une repr\u00e9sentation positive des prestataires a un impact positif sur leur choix.<\/p>\n<p>Le sujet br\u00fblant de la num\u00e9risation joue un r\u00f4le de plus en plus important dans la construction de marque. Bien que 71 % des logisticiens aient d\u00e9j\u00e0 d\u00e9clar\u00e9 pratiquer le marketing en ligne, la n\u00e9cessit\u00e9 d&rsquo;agir concernant leur propre marque n&rsquo;est pas per\u00e7ue comme particuli\u00e8rement urgente. Seuls 59 % des r\u00e9pondants souhaitent r\u00e9orienter leur marque en raison de la num\u00e9risation, soit 10 % de moins que l&rsquo;ann\u00e9e pr\u00e9c\u00e9dente.<\/p>\n<h5>Les employ\u00e9s sont des ambassadeurs de la marque<\/h5>\n<p>Dans la lutte pour attirer de jeunes talents, les marques doivent offrir plus que de simples salaires \u00e9quitables et des conditions attractives, comme l&rsquo;ont d\u00e9j\u00e0 compris de nombreux logisticiens. Pour 77 % des r\u00e9pondants, il est clair que les employ\u00e9s sont des ambassadeurs de leur marque, qui v\u00e9hiculent son image \u00e0 l&rsquo;ext\u00e9rieur. Cependant, seuls 80 % attachent de l&rsquo;importance \u00e0 la communication interne et 14 % l&rsquo;ignorent compl\u00e8tement. L&rsquo;attitude et le but deviennent \u00e9galement de plus en plus importants en tant que composantes de la marque employeur, 65 % mettent d\u00e9j\u00e0 en \u0153uvre des actions de RSE.<\/p>\n<p>Malgr\u00e9 les valeurs d&rsquo;image m\u00e9diocres attest\u00e9es, il y a des raisons d&rsquo;esp\u00e9rer. La prise de conscience qu&rsquo;une am\u00e9lioration du travail d&rsquo;image profite au secteur est pr\u00e9sente : presque 100 % des r\u00e9pondants voient un lien direct entre leur succ\u00e8s sur le march\u00e9 et leur image. Et d\u00e9j\u00e0 82 % des entreprises d\u00e9clarent vouloir prioriser davantage leurs activit\u00e9s marketing et les consid\u00e9rer comme une t\u00e2che strat\u00e9gique.<\/p>\n<h5>Voies vers une meilleure image<\/h5>\n<p>Pour que la construction d&rsquo;image ne repose pas uniquement sur le \u00ab ressenti \u00bb, il est n\u00e9cessaire que les entreprises logistiques suivent des recommandations d&rsquo;action concr\u00e8tes :<\/p>\n<ol>\n<li>Planifier strat\u00e9giquement la publicit\u00e9 et le travail de marque<\/li>\n<li>Prioriser l&rsquo;image en tant que crit\u00e8re de diff\u00e9renciation<\/li>\n<li>Promouvoir la num\u00e9risation globale du marketing<\/li>\n<li>Renforcer la marque employeur<\/li>\n<li>Comparer en permanence l&rsquo;image de soi et l&rsquo;image per\u00e7ue<\/li>\n<\/ol>\n<h5>Le travail de marque comme t\u00e2che collective<\/h5>\n<p>D\u00e9but 2019, une initiative a vu le jour : \u00ab Les Faiseurs d&rsquo;\u00c9conomie - Une initiative de logisticiens allemands \u00bb**. Parmi les premiers participants figuraient des entreprises renomm\u00e9es telles qu&rsquo;Airbus, BMW, Edeka, Geberit ou Volkswagen. Les initiateurs ont r\u00e9ussi pour la premi\u00e8re fois \u00e0 rassembler exp\u00e9diteurs et prestataires logistiques autour d&rsquo;un objectif commun, \u00e0 savoir am\u00e9liorer l&rsquo;image du secteur logistique. En particulier, la marque employeur devait \u00eatre renforc\u00e9e pour faire face \u00e0 la p\u00e9nurie de jeunes talents et de professionnels. Pour cela, \u00ab Les Faiseurs d&rsquo;\u00c9conomie \u00bb ont lanc\u00e9 \u00e0 l&rsquo;\u00e9t\u00e9 2019 une campagne sous le slogan \u00ab H\u00e9ros de la logistique \u00bb, qui a illustr\u00e9 la diversit\u00e9 de ce secteur de mani\u00e8re frappante. Avec un total de 14 motifs de h\u00e9ros, les diff\u00e9rentes facettes des opportunit\u00e9s professionnelles dans la logistique ont \u00e9t\u00e9 mises en lumi\u00e8re et des histoires tr\u00e8s personnelles racont\u00e9es. D\u00e9j\u00e0 apr\u00e8s six mois, la campagne pouvait \u00eatre consid\u00e9r\u00e9e comme un grand succ\u00e8s, car environ 45 millions de personnes ont \u00e9t\u00e9 atteintes via les r\u00e9seaux sociaux et 40 000 ont \u00e9t\u00e9 dirig\u00e9es vers la page de la campagne. En somme, un bel exemple de la mani\u00e8re dont un travail de marque collectif peut r\u00e9ussir.<\/p>\n<h5>Du logisticien \u00e0 la marque<\/h5>\n<p>Les logisticiens comprennent leur m\u00e9tier et sont des professionnels tr\u00e8s respect\u00e9s, surtout en cette p\u00e9riode de crise. Cependant, l&rsquo;attrait pour les jeunes de travailler ici n&rsquo;a pas beaucoup chang\u00e9. Le travail de marque reste un sujet br\u00fblant pour l&rsquo;ensemble du secteur \u00e9conomique. Car ce n&rsquo;est que lorsque des comp\u00e9tences \u00e9lev\u00e9es se combinent avec des arguments de b\u00e9n\u00e9fice clairs et une touche de \u00ab sex-appeal \u00bb et de coolitude que les entreprises deviennent int\u00e9ressantes pour leurs cibles. Et cela concerne non seulement les candidats potentiels, mais aussi les clients. La \u00ab marque \u00bb est un moyen efficace de se pr\u00e9parer \u00e0 cette crise et aux crises \u00e0 venir. Esp\u00e9rons que de plus en plus de logisticiens deviendront de v\u00e9ritables ambassadeurs de marque.<\/p>\n<p>Photo : \u00a9 Get the Point<\/p>\n<p>*Get the Point, l&rsquo;agence de positionnement et de construction de marque de Cologne, interroge chaque ann\u00e9e avec un indicateur de sentiment non repr\u00e9sentatif l&rsquo;importance de la marque et de l&rsquo;image pour la logistique et compare l&rsquo;image de soi et l&rsquo;image per\u00e7ue du secteur. Lien vers l&rsquo;\u00e9tude : <a href=\"https:\/\/www.getthepoint.de\/download\/\" target=\"_blank\" rel=\"noopener noreferrer\"> https:\/\/www.getthepoint.de\/download\/<\/a><\/p>\n<p>** Get the Point est l&rsquo;inventeur et co-fondateur de l&rsquo;initiative \u00ab Les Faiseurs d&rsquo;\u00c9conomie \u00bb ainsi que de la campagne \u00ab H\u00e9ros de la logistique \u00bb.<\/p>\n<blockquote><p><strong>L&rsquo;auteur : <\/strong><\/p>\n<p><img loading=\"lazy\" decoding=\"async\" class=\"alignleft wp-image-3564 size-medium\" src=\"https:\/\/loginfo24.com\/wp-content\/uploads\/sites\/7\/2025\/12\/GTP_Clemens_Meiss_300dpi-216x300.jpg\" alt=\"\" width=\"216\" height=\"300\" \/>Clemens Mei\u00df est associ\u00e9 g\u00e9rant de l&rsquo;agence cologne Get the Point, sp\u00e9cialis\u00e9e dans le positionnement et la construction de marque. En collaboration avec des propri\u00e9taires, des directeurs g\u00e9n\u00e9raux et des responsables de marque, Get the Point d\u00e9veloppe des visions, analyse des groupes cibles, peaufine des messages et \u00e9tablit des plans de communication clairs. En tant qu&rsquo;\u00e9diteur de l&rsquo;\u00e9tude \u00ab Gestion de marque dans la logistique \u00bb ainsi que lors de conf\u00e9rences et de congr\u00e8s, Clemens Mei\u00df partage ses plus de 25 ans d&rsquo;exp\u00e9rience dans le travail quotidien de marque.<\/p>\n<p><a href=\"https:\/\/www.getthepoint.de\">www.getthepoint.de<\/a><\/p><\/blockquote>\n","protected":false},"excerpt":{"rendered":"<p>La s\u00e9curit\u00e9 est primordiale en ce moment. Non seulement dans nos interactions, mais aussi dans le choix des prestataires. Les clients s&rsquo;appuient sur des marques fortes<span class=\"excerpt-hellip\"> [\u2026]<\/span><\/p>\n","protected":false},"author":0,"featured_media":0,"comment_status":"open","ping_status":"open","sticky":false,"template":"","format":"standard","meta":{"_acf_changed":false,"footnotes":""},"categories":[1665,1561],"tags":[],"class_list":["post-19728","post","type-post","status-publish","format-standard","hentry","category-categories","category-regions"],"acf":[],"yoast_head":"<!-- This site is optimized with the Yoast SEO plugin v27.3 - https:\/\/yoast.com\/product\/yoast-seo-wordpress\/ -->\n<title>Gestion de marque dans la logistique - Encore plus important en temps de crise - Loginfo24.<\/title>\n<meta name=\"robots\" content=\"index, follow, max-snippet:-1, max-image-preview:large, max-video-preview:-1\" \/>\n<link rel=\"canonical\" href=\"https:\/\/loginfo24.com\/fr\/2020\/06\/22\/gestion-de-marque-dans-la-logistique-encore-plus-important-en-temps-de-crise\/\" \/>\n<meta property=\"og:locale\" content=\"fr_FR\" \/>\n<meta property=\"og:type\" content=\"article\" \/>\n<meta property=\"og:title\" content=\"Gestion de marque dans la logistique - Encore plus important en temps de crise - Loginfo24.\" \/>\n<meta property=\"og:description\" content=\"La s\u00e9curit\u00e9 est primordiale en ce moment. Non seulement dans nos interactions, mais aussi dans le choix des prestataires. Les clients s&rsquo;appuient sur des marques fortes [\u2026]\" \/>\n<meta property=\"og:url\" content=\"https:\/\/loginfo24.com\/fr\/2020\/06\/22\/gestion-de-marque-dans-la-logistique-encore-plus-important-en-temps-de-crise\/\" \/>\n<meta property=\"og:site_name\" content=\"Loginfo24\" \/>\n<meta property=\"article:publisher\" content=\"https:\/\/www.facebook.com\/people\/Loginfo24\/100057360583332\/\" \/>\n<meta property=\"article:published_time\" content=\"2020-06-22T06:00:39+00:00\" \/>\n<meta property=\"article:modified_time\" content=\"2025-12-15T11:36:37+00:00\" \/>\n<meta property=\"og:image\" content=\"https:\/\/loginfo24.com\/wp-content\/uploads\/sites\/7\/2025\/12\/GTP_Clemens_Meiss_300dpi-216x300.jpg\" \/>\n<meta name=\"twitter:card\" content=\"summary_large_image\" \/>\n<meta name=\"twitter:label1\" content=\"Dur\u00e9e de lecture estim\u00e9e\" \/>\n\t<meta name=\"twitter:data1\" content=\"6 minutes\" \/>\n<script type=\"application\/ld+json\" class=\"yoast-schema-graph\">{\"@context\":\"https:\\\/\\\/schema.org\",\"@graph\":[{\"@type\":\"Article\",\"@id\":\"https:\\\/\\\/loginfo24.com\\\/fr\\\/2020\\\/06\\\/22\\\/gestion-de-marque-dans-la-logistique-encore-plus-important-en-temps-de-crise\\\/#article\",\"isPartOf\":{\"@id\":\"https:\\\/\\\/loginfo24.com\\\/fr\\\/2020\\\/06\\\/22\\\/gestion-de-marque-dans-la-logistique-encore-plus-important-en-temps-de-crise\\\/\"},\"author\":{\"name\":\"\",\"@id\":\"\"},\"headline\":\"Gestion de marque dans la logistique - Encore plus important en temps de crise\",\"datePublished\":\"2020-06-22T06:00:39+00:00\",\"dateModified\":\"2025-12-15T11:36:37+00:00\",\"mainEntityOfPage\":{\"@id\":\"https:\\\/\\\/loginfo24.com\\\/fr\\\/2020\\\/06\\\/22\\\/gestion-de-marque-dans-la-logistique-encore-plus-important-en-temps-de-crise\\\/\"},\"wordCount\":1311,\"commentCount\":0,\"publisher\":{\"@id\":\"https:\\\/\\\/loginfo24.com\\\/fr\\\/#organization\"},\"image\":{\"@id\":\"https:\\\/\\\/loginfo24.com\\\/fr\\\/2020\\\/06\\\/22\\\/gestion-de-marque-dans-la-logistique-encore-plus-important-en-temps-de-crise\\\/#primaryimage\"},\"thumbnailUrl\":\"https:\\\/\\\/loginfo24.com\\\/wp-content\\\/uploads\\\/sites\\\/7\\\/2025\\\/12\\\/GTP_Clemens_Meiss_300dpi-216x300.jpg\",\"articleSection\":[\"Categories\",\"Regions\"],\"inLanguage\":\"fr-FR\",\"potentialAction\":[{\"@type\":\"CommentAction\",\"name\":\"Comment\",\"target\":[\"https:\\\/\\\/loginfo24.com\\\/fr\\\/2020\\\/06\\\/22\\\/gestion-de-marque-dans-la-logistique-encore-plus-important-en-temps-de-crise\\\/#respond\"]}]},{\"@type\":\"WebPage\",\"@id\":\"https:\\\/\\\/loginfo24.com\\\/fr\\\/2020\\\/06\\\/22\\\/gestion-de-marque-dans-la-logistique-encore-plus-important-en-temps-de-crise\\\/\",\"url\":\"https:\\\/\\\/loginfo24.com\\\/fr\\\/2020\\\/06\\\/22\\\/gestion-de-marque-dans-la-logistique-encore-plus-important-en-temps-de-crise\\\/\",\"name\":\"Gestion de marque dans la logistique - Encore plus important en temps de crise - Loginfo24.\",\"isPartOf\":{\"@id\":\"https:\\\/\\\/loginfo24.com\\\/fr\\\/#website\"},\"primaryImageOfPage\":{\"@id\":\"https:\\\/\\\/loginfo24.com\\\/fr\\\/2020\\\/06\\\/22\\\/gestion-de-marque-dans-la-logistique-encore-plus-important-en-temps-de-crise\\\/#primaryimage\"},\"image\":{\"@id\":\"https:\\\/\\\/loginfo24.com\\\/fr\\\/2020\\\/06\\\/22\\\/gestion-de-marque-dans-la-logistique-encore-plus-important-en-temps-de-crise\\\/#primaryimage\"},\"thumbnailUrl\":\"https:\\\/\\\/loginfo24.com\\\/wp-content\\\/uploads\\\/sites\\\/7\\\/2025\\\/12\\\/GTP_Clemens_Meiss_300dpi-216x300.jpg\",\"datePublished\":\"2020-06-22T06:00:39+00:00\",\"dateModified\":\"2025-12-15T11:36:37+00:00\",\"breadcrumb\":{\"@id\":\"https:\\\/\\\/loginfo24.com\\\/fr\\\/2020\\\/06\\\/22\\\/gestion-de-marque-dans-la-logistique-encore-plus-important-en-temps-de-crise\\\/#breadcrumb\"},\"inLanguage\":\"fr-FR\",\"potentialAction\":[{\"@type\":\"ReadAction\",\"target\":[\"https:\\\/\\\/loginfo24.com\\\/fr\\\/2020\\\/06\\\/22\\\/gestion-de-marque-dans-la-logistique-encore-plus-important-en-temps-de-crise\\\/\"]}]},{\"@type\":\"ImageObject\",\"inLanguage\":\"fr-FR\",\"@id\":\"https:\\\/\\\/loginfo24.com\\\/fr\\\/2020\\\/06\\\/22\\\/gestion-de-marque-dans-la-logistique-encore-plus-important-en-temps-de-crise\\\/#primaryimage\",\"url\":\"https:\\\/\\\/loginfo24.com\\\/wp-content\\\/uploads\\\/sites\\\/7\\\/2025\\\/12\\\/GTP_Clemens_Meiss_300dpi-216x300.jpg\",\"contentUrl\":\"https:\\\/\\\/loginfo24.com\\\/wp-content\\\/uploads\\\/sites\\\/7\\\/2025\\\/12\\\/GTP_Clemens_Meiss_300dpi-216x300.jpg\"},{\"@type\":\"BreadcrumbList\",\"@id\":\"https:\\\/\\\/loginfo24.com\\\/fr\\\/2020\\\/06\\\/22\\\/gestion-de-marque-dans-la-logistique-encore-plus-important-en-temps-de-crise\\\/#breadcrumb\",\"itemListElement\":[{\"@type\":\"ListItem\",\"position\":1,\"name\":\"Startseite\",\"item\":\"https:\\\/\\\/loginfo24.com\\\/fr\\\/\"},{\"@type\":\"ListItem\",\"position\":2,\"name\":\"Gestion de marque dans la logistique &#8211; Encore plus important en temps de crise\"}]},{\"@type\":\"WebSite\",\"@id\":\"https:\\\/\\\/loginfo24.com\\\/fr\\\/#website\",\"url\":\"https:\\\/\\\/loginfo24.com\\\/fr\\\/\",\"name\":\"Loginfo24\",\"description\":\"Loginfo24 est la plateforme d\u00e9di\u00e9e \u00e0 la logistique et aux cha\u00eenes d&#039;approvisionnement qui fournit des informations 24 heures sur 24.\",\"publisher\":{\"@id\":\"https:\\\/\\\/loginfo24.com\\\/fr\\\/#organization\"},\"potentialAction\":[{\"@type\":\"SearchAction\",\"target\":{\"@type\":\"EntryPoint\",\"urlTemplate\":\"https:\\\/\\\/loginfo24.com\\\/fr\\\/?s={search_term_string}\"},\"query-input\":{\"@type\":\"PropertyValueSpecification\",\"valueRequired\":true,\"valueName\":\"search_term_string\"}}],\"inLanguage\":\"fr-FR\"},{\"@type\":\"Organization\",\"@id\":\"https:\\\/\\\/loginfo24.com\\\/fr\\\/#organization\",\"name\":\"Groupe Logismedia AG\",\"url\":\"https:\\\/\\\/loginfo24.com\\\/fr\\\/\",\"logo\":{\"@type\":\"ImageObject\",\"inLanguage\":\"fr-FR\",\"@id\":\"https:\\\/\\\/loginfo24.com\\\/fr\\\/#\\\/schema\\\/logo\\\/image\\\/\",\"url\":\"https:\\\/\\\/loginfo24.com\\\/wp-content\\\/uploads\\\/sites\\\/7\\\/2026\\\/01\\\/Logo_LogInfo24.png\",\"contentUrl\":\"https:\\\/\\\/loginfo24.com\\\/wp-content\\\/uploads\\\/sites\\\/7\\\/2026\\\/01\\\/Logo_LogInfo24.png\",\"width\":938,\"height\":351,\"caption\":\"Groupe Logismedia AG\"},\"image\":{\"@id\":\"https:\\\/\\\/loginfo24.com\\\/fr\\\/#\\\/schema\\\/logo\\\/image\\\/\"},\"sameAs\":[\"https:\\\/\\\/www.facebook.com\\\/people\\\/Loginfo24\\\/100057360583332\\\/\",\"https:\\\/\\\/www.linkedin.com\\\/company\\\/lofinfo24\\\/\"]}]}<\/script>\n<!-- \/ Yoast SEO plugin. -->","yoast_head_json":{"title":"Gestion de marque dans la logistique - Encore plus important en temps de crise - Loginfo24.","robots":{"index":"index","follow":"follow","max-snippet":"max-snippet:-1","max-image-preview":"max-image-preview:large","max-video-preview":"max-video-preview:-1"},"canonical":"https:\/\/loginfo24.com\/fr\/2020\/06\/22\/gestion-de-marque-dans-la-logistique-encore-plus-important-en-temps-de-crise\/","og_locale":"fr_FR","og_type":"article","og_title":"Gestion de marque dans la logistique - Encore plus important en temps de crise - Loginfo24.","og_description":"La s\u00e9curit\u00e9 est primordiale en ce moment. Non seulement dans nos interactions, mais aussi dans le choix des prestataires. Les clients s&rsquo;appuient sur des marques fortes [\u2026]","og_url":"https:\/\/loginfo24.com\/fr\/2020\/06\/22\/gestion-de-marque-dans-la-logistique-encore-plus-important-en-temps-de-crise\/","og_site_name":"Loginfo24","article_publisher":"https:\/\/www.facebook.com\/people\/Loginfo24\/100057360583332\/","article_published_time":"2020-06-22T06:00:39+00:00","article_modified_time":"2025-12-15T11:36:37+00:00","og_image":[{"url":"https:\/\/loginfo24.com\/wp-content\/uploads\/sites\/7\/2025\/12\/GTP_Clemens_Meiss_300dpi-216x300.jpg","type":"","width":"","height":""}],"twitter_card":"summary_large_image","twitter_misc":{"Dur\u00e9e de lecture estim\u00e9e":"6 minutes"},"schema":{"@context":"https:\/\/schema.org","@graph":[{"@type":"Article","@id":"https:\/\/loginfo24.com\/fr\/2020\/06\/22\/gestion-de-marque-dans-la-logistique-encore-plus-important-en-temps-de-crise\/#article","isPartOf":{"@id":"https:\/\/loginfo24.com\/fr\/2020\/06\/22\/gestion-de-marque-dans-la-logistique-encore-plus-important-en-temps-de-crise\/"},"author":{"name":"","@id":""},"headline":"Gestion de marque dans la logistique - Encore plus important en temps de crise","datePublished":"2020-06-22T06:00:39+00:00","dateModified":"2025-12-15T11:36:37+00:00","mainEntityOfPage":{"@id":"https:\/\/loginfo24.com\/fr\/2020\/06\/22\/gestion-de-marque-dans-la-logistique-encore-plus-important-en-temps-de-crise\/"},"wordCount":1311,"commentCount":0,"publisher":{"@id":"https:\/\/loginfo24.com\/fr\/#organization"},"image":{"@id":"https:\/\/loginfo24.com\/fr\/2020\/06\/22\/gestion-de-marque-dans-la-logistique-encore-plus-important-en-temps-de-crise\/#primaryimage"},"thumbnailUrl":"https:\/\/loginfo24.com\/wp-content\/uploads\/sites\/7\/2025\/12\/GTP_Clemens_Meiss_300dpi-216x300.jpg","articleSection":["Categories","Regions"],"inLanguage":"fr-FR","potentialAction":[{"@type":"CommentAction","name":"Comment","target":["https:\/\/loginfo24.com\/fr\/2020\/06\/22\/gestion-de-marque-dans-la-logistique-encore-plus-important-en-temps-de-crise\/#respond"]}]},{"@type":"WebPage","@id":"https:\/\/loginfo24.com\/fr\/2020\/06\/22\/gestion-de-marque-dans-la-logistique-encore-plus-important-en-temps-de-crise\/","url":"https:\/\/loginfo24.com\/fr\/2020\/06\/22\/gestion-de-marque-dans-la-logistique-encore-plus-important-en-temps-de-crise\/","name":"Gestion de marque dans la logistique - Encore plus important en temps de crise - Loginfo24.","isPartOf":{"@id":"https:\/\/loginfo24.com\/fr\/#website"},"primaryImageOfPage":{"@id":"https:\/\/loginfo24.com\/fr\/2020\/06\/22\/gestion-de-marque-dans-la-logistique-encore-plus-important-en-temps-de-crise\/#primaryimage"},"image":{"@id":"https:\/\/loginfo24.com\/fr\/2020\/06\/22\/gestion-de-marque-dans-la-logistique-encore-plus-important-en-temps-de-crise\/#primaryimage"},"thumbnailUrl":"https:\/\/loginfo24.com\/wp-content\/uploads\/sites\/7\/2025\/12\/GTP_Clemens_Meiss_300dpi-216x300.jpg","datePublished":"2020-06-22T06:00:39+00:00","dateModified":"2025-12-15T11:36:37+00:00","breadcrumb":{"@id":"https:\/\/loginfo24.com\/fr\/2020\/06\/22\/gestion-de-marque-dans-la-logistique-encore-plus-important-en-temps-de-crise\/#breadcrumb"},"inLanguage":"fr-FR","potentialAction":[{"@type":"ReadAction","target":["https:\/\/loginfo24.com\/fr\/2020\/06\/22\/gestion-de-marque-dans-la-logistique-encore-plus-important-en-temps-de-crise\/"]}]},{"@type":"ImageObject","inLanguage":"fr-FR","@id":"https:\/\/loginfo24.com\/fr\/2020\/06\/22\/gestion-de-marque-dans-la-logistique-encore-plus-important-en-temps-de-crise\/#primaryimage","url":"https:\/\/loginfo24.com\/wp-content\/uploads\/sites\/7\/2025\/12\/GTP_Clemens_Meiss_300dpi-216x300.jpg","contentUrl":"https:\/\/loginfo24.com\/wp-content\/uploads\/sites\/7\/2025\/12\/GTP_Clemens_Meiss_300dpi-216x300.jpg"},{"@type":"BreadcrumbList","@id":"https:\/\/loginfo24.com\/fr\/2020\/06\/22\/gestion-de-marque-dans-la-logistique-encore-plus-important-en-temps-de-crise\/#breadcrumb","itemListElement":[{"@type":"ListItem","position":1,"name":"Startseite","item":"https:\/\/loginfo24.com\/fr\/"},{"@type":"ListItem","position":2,"name":"Gestion de marque dans la logistique &#8211; Encore plus important en temps de crise"}]},{"@type":"WebSite","@id":"https:\/\/loginfo24.com\/fr\/#website","url":"https:\/\/loginfo24.com\/fr\/","name":"Loginfo24","description":"Loginfo24 est la plateforme d\u00e9di\u00e9e \u00e0 la logistique et aux cha\u00eenes d&#039;approvisionnement qui fournit des informations 24 heures sur 24.","publisher":{"@id":"https:\/\/loginfo24.com\/fr\/#organization"},"potentialAction":[{"@type":"SearchAction","target":{"@type":"EntryPoint","urlTemplate":"https:\/\/loginfo24.com\/fr\/?s={search_term_string}"},"query-input":{"@type":"PropertyValueSpecification","valueRequired":true,"valueName":"search_term_string"}}],"inLanguage":"fr-FR"},{"@type":"Organization","@id":"https:\/\/loginfo24.com\/fr\/#organization","name":"Groupe Logismedia AG","url":"https:\/\/loginfo24.com\/fr\/","logo":{"@type":"ImageObject","inLanguage":"fr-FR","@id":"https:\/\/loginfo24.com\/fr\/#\/schema\/logo\/image\/","url":"https:\/\/loginfo24.com\/wp-content\/uploads\/sites\/7\/2026\/01\/Logo_LogInfo24.png","contentUrl":"https:\/\/loginfo24.com\/wp-content\/uploads\/sites\/7\/2026\/01\/Logo_LogInfo24.png","width":938,"height":351,"caption":"Groupe Logismedia AG"},"image":{"@id":"https:\/\/loginfo24.com\/fr\/#\/schema\/logo\/image\/"},"sameAs":["https:\/\/www.facebook.com\/people\/Loginfo24\/100057360583332\/","https:\/\/www.linkedin.com\/company\/lofinfo24\/"]}]}},"_links":{"self":[{"href":"https:\/\/loginfo24.com\/fr\/wp-json\/wp\/v2\/posts\/19728","targetHints":{"allow":["GET"]}}],"collection":[{"href":"https:\/\/loginfo24.com\/fr\/wp-json\/wp\/v2\/posts"}],"about":[{"href":"https:\/\/loginfo24.com\/fr\/wp-json\/wp\/v2\/types\/post"}],"replies":[{"embeddable":true,"href":"https:\/\/loginfo24.com\/fr\/wp-json\/wp\/v2\/comments?post=19728"}],"version-history":[{"count":1,"href":"https:\/\/loginfo24.com\/fr\/wp-json\/wp\/v2\/posts\/19728\/revisions"}],"predecessor-version":[{"id":35720,"href":"https:\/\/loginfo24.com\/fr\/wp-json\/wp\/v2\/posts\/19728\/revisions\/35720"}],"wp:attachment":[{"href":"https:\/\/loginfo24.com\/fr\/wp-json\/wp\/v2\/media?parent=19728"}],"wp:term":[{"taxonomy":"category","embeddable":true,"href":"https:\/\/loginfo24.com\/fr\/wp-json\/wp\/v2\/categories?post=19728"},{"taxonomy":"post_tag","embeddable":true,"href":"https:\/\/loginfo24.com\/fr\/wp-json\/wp\/v2\/tags?post=19728"}],"curies":[{"name":"wp","href":"https:\/\/api.w.org\/{rel}","templated":true}]}}