{"id":19639,"date":"2020-09-10T19:12:09","date_gmt":"2020-09-10T17:12:09","guid":{"rendered":"https:\/\/blog.brand-architecture.at\/2020\/09\/10\/la-poste-suisse-prend-une-participation-majoritaire-dans-klara-business-ag\/"},"modified":"2025-12-15T12:36:12","modified_gmt":"2025-12-15T11:36:12","slug":"la-poste-suisse-prend-une-participation-majoritaire-dans-klara-business-ag","status":"publish","type":"post","link":"https:\/\/loginfo24.com\/fr\/2020\/09\/10\/la-poste-suisse-prend-une-participation-majoritaire-dans-klara-business-ag\/","title":{"rendered":"La Poste suisse prend une participation majoritaire dans Klara Business AG"},"content":{"rendered":"<p>La Poste suisse renforce ses efforts en mati\u00e8re de num\u00e9risation et prend une participation majoritaire de 50,1 % dans Klara Business AG. Klara aide les PME suisses avec des assistants num\u00e9riques \u00e0 simplifier l&rsquo;administration. Cela inclut notamment une solution de boutique en ligne et une solution sectorielle pour le commerce de d\u00e9tail.<\/p>\n<p>(Berne) La Poste souhaite soutenir davantage les PME suisses dans la num\u00e9risation et la simplification des t\u00e2ches administratives. Pour cela, elle intensifie sa collaboration avec Klara Business AG : avec une participation de 50,1 %, elle prend la majorit\u00e9 de l&rsquo;entreprise lucernoise de services num\u00e9riques. Ainsi, la Poste investit dans le d\u00e9veloppement de ses domaines d&rsquo;activit\u00e9 num\u00e9riques et fait avancer la mise en \u0153uvre de la strat\u00e9gie de croissance \u00ab La Poste de demain \u00bb. <\/p>\n<p>Depuis mai 2018, la Poste d\u00e9tient une participation dans Klara Business AG, bas\u00e9e \u00e0 Lucerne. L&rsquo;entreprise est surtout connue pour son assistant num\u00e9rique KLARA, qui aide les PME suisses et les m\u00e9nages \u00e0 simplifier l&rsquo;administration. KLARA automatise enti\u00e8rement les processus administratifs des PME et relie tous les domaines de l&rsquo;entreprise sur une base de donn\u00e9es unifi\u00e9e. KLARA est sur le march\u00e9 depuis 2017. La Poste augmente maintenant sa participation de pr\u00e8s de 9 % \u00e0 50,1 % et prend ainsi la majorit\u00e9 des actions. La Poste est convaincue de la collaboration avec l&rsquo;entreprise lucernoise de services num\u00e9riques et souhaite tirer parti des synergies des deux partenaires avec une coentreprise.<\/p>\n<h5><strong>La Poste investit dans de nouveaux services de communication num\u00e9rique<\/strong><\/h5>\n<p>\u00ab Dans la strat\u00e9gie de croissance de la \u2039La Poste de demain\u203a, la coop\u00e9ration avec Klara Business AG est une nouvelle \u00e9tape. Nous facilitons ainsi la vie quotidienne des entreprises et des personnes en Suisse, \u00e9tape par \u00e9tape, m\u00eame dans le monde num\u00e9rique \u00bb, d\u00e9clare Roberto Cirillo, directeur g\u00e9n\u00e9ral de la Poste. La Poste souhaite soutenir les petites et moyennes entreprises dans leur transformation num\u00e9rique et ainsi renforcer davantage l&rsquo;\u00e9conomie suisse. Pour atteindre cet objectif, la Poste et Klara Business AG proposeront de nouveaux services num\u00e9riques. \u00ab Gr\u00e2ce \u00e0 des solutions bas\u00e9es sur le cloud dans l&rsquo;\u00e9cosyst\u00e8me, les processus administratifs devraient \u00eatre simplifi\u00e9s et l&rsquo;\u00e9change d&rsquo;informations avec les autorit\u00e9s et les entreprises partenaires facilit\u00e9 \u00bb, explique Peter Delfosse, pr\u00e9sident du conseil d&rsquo;administration de Klara Business AG.<\/p>\n<h5><strong>\u00c0 propos de Klara Business AG<\/strong><\/h5>\n<p>La Klara Business AG, bas\u00e9e \u00e0 Lucerne, fait partie du groupe Axon, a \u00e9t\u00e9 fond\u00e9e en 2016 et emploie environ 110 personnes. L&rsquo;entreprise aide les PME et les m\u00e9nages en Suisse \u00e0 num\u00e9riser et \u00e0 simplifier les t\u00e2ches administratives. Pour cela, elle met \u00e0 disposition de ses clients l&rsquo;assistant num\u00e9rique KLARA, une solution de valeur ajout\u00e9e bas\u00e9e sur le cloud pour la num\u00e9risation et la simplification des processus administratifs, tels que l&rsquo;administration des salaires ou la gestion des donn\u00e9es clients. Plus de 25 000 PME utilisent d\u00e9j\u00e0 les services de Klara. Le nombre d&rsquo;utilisateurs de KLARA augmente d&rsquo;environ 4 % par mois.<\/p>\n<p>Photo : \u00a9 La Poste suisse<br \/><a href=\"https:\/\/www.post.ch\" target=\"_blank\" rel=\"noopener noreferrer\">www.post.ch<\/a>\u00a0\u00a0\u00a0 <a href=\"https:\/\/www.klara.ch\" target=\"_blank\" rel=\"noopener noreferrer\">www.klara.ch<\/a><\/p>\n","protected":false},"excerpt":{"rendered":"<p>La Poste suisse renforce ses efforts en mati\u00e8re de num\u00e9risation et prend une participation majoritaire de 50,1 % dans Klara Business AG. Klara aide les PME<span class=\"excerpt-hellip\"> [\u2026]<\/span><\/p>\n","protected":false},"author":0,"featured_media":0,"comment_status":"open","ping_status":"open","sticky":false,"template":"","format":"standard","meta":{"_acf_changed":false,"footnotes":""},"categories":[1557,1561],"tags":[],"class_list":["post-19639","post","type-post","status-publish","format-standard","hentry","category-forwarding-logistics","category-regions"],"acf":[],"yoast_head":"<!-- This site is optimized with the Yoast SEO plugin v27.3 - https:\/\/yoast.com\/product\/yoast-seo-wordpress\/ -->\n<title>La Poste suisse prend une participation majoritaire dans Klara Business AG - Loginfo24.<\/title>\n<meta name=\"robots\" content=\"index, follow, max-snippet:-1, max-image-preview:large, max-video-preview:-1\" \/>\n<link rel=\"canonical\" href=\"https:\/\/loginfo24.com\/fr\/2020\/09\/10\/la-poste-suisse-prend-une-participation-majoritaire-dans-klara-business-ag\/\" \/>\n<meta property=\"og:locale\" content=\"fr_FR\" \/>\n<meta property=\"og:type\" content=\"article\" \/>\n<meta property=\"og:title\" content=\"La Poste suisse prend une participation majoritaire dans Klara Business AG - Loginfo24.\" \/>\n<meta property=\"og:description\" content=\"La Poste suisse renforce ses efforts en mati\u00e8re de num\u00e9risation et prend une participation majoritaire de 50,1 % dans Klara Business AG. Klara aide les PME [\u2026]\" \/>\n<meta property=\"og:url\" content=\"https:\/\/loginfo24.com\/fr\/2020\/09\/10\/la-poste-suisse-prend-une-participation-majoritaire-dans-klara-business-ag\/\" \/>\n<meta property=\"og:site_name\" content=\"Loginfo24\" \/>\n<meta property=\"article:publisher\" content=\"https:\/\/www.facebook.com\/people\/Loginfo24\/100057360583332\/\" \/>\n<meta property=\"article:published_time\" content=\"2020-09-10T17:12:09+00:00\" \/>\n<meta property=\"article:modified_time\" content=\"2025-12-15T11:36:12+00:00\" \/>\n<meta name=\"twitter:card\" content=\"summary_large_image\" \/>\n<meta name=\"twitter:label1\" content=\"Dur\u00e9e de lecture estim\u00e9e\" \/>\n\t<meta name=\"twitter:data1\" content=\"3 minutes\" \/>\n<script type=\"application\/ld+json\" class=\"yoast-schema-graph\">{\"@context\":\"https:\\\/\\\/schema.org\",\"@graph\":[{\"@type\":\"Article\",\"@id\":\"https:\\\/\\\/loginfo24.com\\\/fr\\\/2020\\\/09\\\/10\\\/la-poste-suisse-prend-une-participation-majoritaire-dans-klara-business-ag\\\/#article\",\"isPartOf\":{\"@id\":\"https:\\\/\\\/loginfo24.com\\\/fr\\\/2020\\\/09\\\/10\\\/la-poste-suisse-prend-une-participation-majoritaire-dans-klara-business-ag\\\/\"},\"author\":{\"name\":\"\",\"@id\":\"\"},\"headline\":\"La Poste suisse prend une participation majoritaire dans Klara Business AG\",\"datePublished\":\"2020-09-10T17:12:09+00:00\",\"dateModified\":\"2025-12-15T11:36:12+00:00\",\"mainEntityOfPage\":{\"@id\":\"https:\\\/\\\/loginfo24.com\\\/fr\\\/2020\\\/09\\\/10\\\/la-poste-suisse-prend-une-participation-majoritaire-dans-klara-business-ag\\\/\"},\"wordCount\":531,\"commentCount\":0,\"publisher\":{\"@id\":\"https:\\\/\\\/loginfo24.com\\\/fr\\\/#organization\"},\"articleSection\":[\"Forwarding &amp; Logistics\",\"Regions\"],\"inLanguage\":\"fr-FR\",\"potentialAction\":[{\"@type\":\"CommentAction\",\"name\":\"Comment\",\"target\":[\"https:\\\/\\\/loginfo24.com\\\/fr\\\/2020\\\/09\\\/10\\\/la-poste-suisse-prend-une-participation-majoritaire-dans-klara-business-ag\\\/#respond\"]}]},{\"@type\":\"WebPage\",\"@id\":\"https:\\\/\\\/loginfo24.com\\\/fr\\\/2020\\\/09\\\/10\\\/la-poste-suisse-prend-une-participation-majoritaire-dans-klara-business-ag\\\/\",\"url\":\"https:\\\/\\\/loginfo24.com\\\/fr\\\/2020\\\/09\\\/10\\\/la-poste-suisse-prend-une-participation-majoritaire-dans-klara-business-ag\\\/\",\"name\":\"La Poste suisse prend une participation majoritaire dans Klara Business AG - Loginfo24.\",\"isPartOf\":{\"@id\":\"https:\\\/\\\/loginfo24.com\\\/fr\\\/#website\"},\"datePublished\":\"2020-09-10T17:12:09+00:00\",\"dateModified\":\"2025-12-15T11:36:12+00:00\",\"breadcrumb\":{\"@id\":\"https:\\\/\\\/loginfo24.com\\\/fr\\\/2020\\\/09\\\/10\\\/la-poste-suisse-prend-une-participation-majoritaire-dans-klara-business-ag\\\/#breadcrumb\"},\"inLanguage\":\"fr-FR\",\"potentialAction\":[{\"@type\":\"ReadAction\",\"target\":[\"https:\\\/\\\/loginfo24.com\\\/fr\\\/2020\\\/09\\\/10\\\/la-poste-suisse-prend-une-participation-majoritaire-dans-klara-business-ag\\\/\"]}]},{\"@type\":\"BreadcrumbList\",\"@id\":\"https:\\\/\\\/loginfo24.com\\\/fr\\\/2020\\\/09\\\/10\\\/la-poste-suisse-prend-une-participation-majoritaire-dans-klara-business-ag\\\/#breadcrumb\",\"itemListElement\":[{\"@type\":\"ListItem\",\"position\":1,\"name\":\"Startseite\",\"item\":\"https:\\\/\\\/loginfo24.com\\\/fr\\\/\"},{\"@type\":\"ListItem\",\"position\":2,\"name\":\"La Poste suisse prend une participation majoritaire dans Klara Business AG\"}]},{\"@type\":\"WebSite\",\"@id\":\"https:\\\/\\\/loginfo24.com\\\/fr\\\/#website\",\"url\":\"https:\\\/\\\/loginfo24.com\\\/fr\\\/\",\"name\":\"Loginfo24\",\"description\":\"Loginfo24 est la plateforme d\u00e9di\u00e9e \u00e0 la logistique et aux cha\u00eenes d&#039;approvisionnement qui fournit des informations 24 heures sur 24.\",\"publisher\":{\"@id\":\"https:\\\/\\\/loginfo24.com\\\/fr\\\/#organization\"},\"potentialAction\":[{\"@type\":\"SearchAction\",\"target\":{\"@type\":\"EntryPoint\",\"urlTemplate\":\"https:\\\/\\\/loginfo24.com\\\/fr\\\/?s={search_term_string}\"},\"query-input\":{\"@type\":\"PropertyValueSpecification\",\"valueRequired\":true,\"valueName\":\"search_term_string\"}}],\"inLanguage\":\"fr-FR\"},{\"@type\":\"Organization\",\"@id\":\"https:\\\/\\\/loginfo24.com\\\/fr\\\/#organization\",\"name\":\"Groupe Logismedia AG\",\"url\":\"https:\\\/\\\/loginfo24.com\\\/fr\\\/\",\"logo\":{\"@type\":\"ImageObject\",\"inLanguage\":\"fr-FR\",\"@id\":\"https:\\\/\\\/loginfo24.com\\\/fr\\\/#\\\/schema\\\/logo\\\/image\\\/\",\"url\":\"https:\\\/\\\/loginfo24.com\\\/wp-content\\\/uploads\\\/sites\\\/7\\\/2026\\\/01\\\/Logo_LogInfo24.png\",\"contentUrl\":\"https:\\\/\\\/loginfo24.com\\\/wp-content\\\/uploads\\\/sites\\\/7\\\/2026\\\/01\\\/Logo_LogInfo24.png\",\"width\":938,\"height\":351,\"caption\":\"Groupe Logismedia AG\"},\"image\":{\"@id\":\"https:\\\/\\\/loginfo24.com\\\/fr\\\/#\\\/schema\\\/logo\\\/image\\\/\"},\"sameAs\":[\"https:\\\/\\\/www.facebook.com\\\/people\\\/Loginfo24\\\/100057360583332\\\/\",\"https:\\\/\\\/www.linkedin.com\\\/company\\\/lofinfo24\\\/\"]}]}<\/script>\n<!-- \/ Yoast SEO plugin. -->","yoast_head_json":{"title":"La Poste suisse prend une participation majoritaire dans Klara Business AG - Loginfo24.","robots":{"index":"index","follow":"follow","max-snippet":"max-snippet:-1","max-image-preview":"max-image-preview:large","max-video-preview":"max-video-preview:-1"},"canonical":"https:\/\/loginfo24.com\/fr\/2020\/09\/10\/la-poste-suisse-prend-une-participation-majoritaire-dans-klara-business-ag\/","og_locale":"fr_FR","og_type":"article","og_title":"La Poste suisse prend une participation majoritaire dans Klara Business AG - Loginfo24.","og_description":"La Poste suisse renforce ses efforts en mati\u00e8re de num\u00e9risation et prend une participation majoritaire de 50,1 % dans Klara Business AG. Klara aide les PME [\u2026]","og_url":"https:\/\/loginfo24.com\/fr\/2020\/09\/10\/la-poste-suisse-prend-une-participation-majoritaire-dans-klara-business-ag\/","og_site_name":"Loginfo24","article_publisher":"https:\/\/www.facebook.com\/people\/Loginfo24\/100057360583332\/","article_published_time":"2020-09-10T17:12:09+00:00","article_modified_time":"2025-12-15T11:36:12+00:00","twitter_card":"summary_large_image","twitter_misc":{"Dur\u00e9e de lecture estim\u00e9e":"3 minutes"},"schema":{"@context":"https:\/\/schema.org","@graph":[{"@type":"Article","@id":"https:\/\/loginfo24.com\/fr\/2020\/09\/10\/la-poste-suisse-prend-une-participation-majoritaire-dans-klara-business-ag\/#article","isPartOf":{"@id":"https:\/\/loginfo24.com\/fr\/2020\/09\/10\/la-poste-suisse-prend-une-participation-majoritaire-dans-klara-business-ag\/"},"author":{"name":"","@id":""},"headline":"La Poste suisse prend une participation majoritaire dans Klara Business AG","datePublished":"2020-09-10T17:12:09+00:00","dateModified":"2025-12-15T11:36:12+00:00","mainEntityOfPage":{"@id":"https:\/\/loginfo24.com\/fr\/2020\/09\/10\/la-poste-suisse-prend-une-participation-majoritaire-dans-klara-business-ag\/"},"wordCount":531,"commentCount":0,"publisher":{"@id":"https:\/\/loginfo24.com\/fr\/#organization"},"articleSection":["Forwarding &amp; Logistics","Regions"],"inLanguage":"fr-FR","potentialAction":[{"@type":"CommentAction","name":"Comment","target":["https:\/\/loginfo24.com\/fr\/2020\/09\/10\/la-poste-suisse-prend-une-participation-majoritaire-dans-klara-business-ag\/#respond"]}]},{"@type":"WebPage","@id":"https:\/\/loginfo24.com\/fr\/2020\/09\/10\/la-poste-suisse-prend-une-participation-majoritaire-dans-klara-business-ag\/","url":"https:\/\/loginfo24.com\/fr\/2020\/09\/10\/la-poste-suisse-prend-une-participation-majoritaire-dans-klara-business-ag\/","name":"La Poste suisse prend une participation majoritaire dans Klara Business AG - Loginfo24.","isPartOf":{"@id":"https:\/\/loginfo24.com\/fr\/#website"},"datePublished":"2020-09-10T17:12:09+00:00","dateModified":"2025-12-15T11:36:12+00:00","breadcrumb":{"@id":"https:\/\/loginfo24.com\/fr\/2020\/09\/10\/la-poste-suisse-prend-une-participation-majoritaire-dans-klara-business-ag\/#breadcrumb"},"inLanguage":"fr-FR","potentialAction":[{"@type":"ReadAction","target":["https:\/\/loginfo24.com\/fr\/2020\/09\/10\/la-poste-suisse-prend-une-participation-majoritaire-dans-klara-business-ag\/"]}]},{"@type":"BreadcrumbList","@id":"https:\/\/loginfo24.com\/fr\/2020\/09\/10\/la-poste-suisse-prend-une-participation-majoritaire-dans-klara-business-ag\/#breadcrumb","itemListElement":[{"@type":"ListItem","position":1,"name":"Startseite","item":"https:\/\/loginfo24.com\/fr\/"},{"@type":"ListItem","position":2,"name":"La Poste suisse prend une participation majoritaire dans Klara Business AG"}]},{"@type":"WebSite","@id":"https:\/\/loginfo24.com\/fr\/#website","url":"https:\/\/loginfo24.com\/fr\/","name":"Loginfo24","description":"Loginfo24 est la plateforme d\u00e9di\u00e9e \u00e0 la logistique et aux cha\u00eenes d&#039;approvisionnement qui fournit des informations 24 heures sur 24.","publisher":{"@id":"https:\/\/loginfo24.com\/fr\/#organization"},"potentialAction":[{"@type":"SearchAction","target":{"@type":"EntryPoint","urlTemplate":"https:\/\/loginfo24.com\/fr\/?s={search_term_string}"},"query-input":{"@type":"PropertyValueSpecification","valueRequired":true,"valueName":"search_term_string"}}],"inLanguage":"fr-FR"},{"@type":"Organization","@id":"https:\/\/loginfo24.com\/fr\/#organization","name":"Groupe Logismedia AG","url":"https:\/\/loginfo24.com\/fr\/","logo":{"@type":"ImageObject","inLanguage":"fr-FR","@id":"https:\/\/loginfo24.com\/fr\/#\/schema\/logo\/image\/","url":"https:\/\/loginfo24.com\/wp-content\/uploads\/sites\/7\/2026\/01\/Logo_LogInfo24.png","contentUrl":"https:\/\/loginfo24.com\/wp-content\/uploads\/sites\/7\/2026\/01\/Logo_LogInfo24.png","width":938,"height":351,"caption":"Groupe Logismedia AG"},"image":{"@id":"https:\/\/loginfo24.com\/fr\/#\/schema\/logo\/image\/"},"sameAs":["https:\/\/www.facebook.com\/people\/Loginfo24\/100057360583332\/","https:\/\/www.linkedin.com\/company\/lofinfo24\/"]}]}},"_links":{"self":[{"href":"https:\/\/loginfo24.com\/fr\/wp-json\/wp\/v2\/posts\/19639","targetHints":{"allow":["GET"]}}],"collection":[{"href":"https:\/\/loginfo24.com\/fr\/wp-json\/wp\/v2\/posts"}],"about":[{"href":"https:\/\/loginfo24.com\/fr\/wp-json\/wp\/v2\/types\/post"}],"replies":[{"embeddable":true,"href":"https:\/\/loginfo24.com\/fr\/wp-json\/wp\/v2\/comments?post=19639"}],"version-history":[{"count":1,"href":"https:\/\/loginfo24.com\/fr\/wp-json\/wp\/v2\/posts\/19639\/revisions"}],"predecessor-version":[{"id":35560,"href":"https:\/\/loginfo24.com\/fr\/wp-json\/wp\/v2\/posts\/19639\/revisions\/35560"}],"wp:attachment":[{"href":"https:\/\/loginfo24.com\/fr\/wp-json\/wp\/v2\/media?parent=19639"}],"wp:term":[{"taxonomy":"category","embeddable":true,"href":"https:\/\/loginfo24.com\/fr\/wp-json\/wp\/v2\/categories?post=19639"},{"taxonomy":"post_tag","embeddable":true,"href":"https:\/\/loginfo24.com\/fr\/wp-json\/wp\/v2\/tags?post=19639"}],"curies":[{"name":"wp","href":"https:\/\/api.w.org\/{rel}","templated":true}]}}