{"id":19590,"date":"2020-09-08T11:14:25","date_gmt":"2020-09-08T09:14:25","guid":{"rendered":"https:\/\/blog.brand-architecture.at\/2020\/09\/08\/les-ministres-des-transports-de-lue-se-reunissent-a-hambourg-un-signe-pour-la-navigation\/"},"modified":"2025-12-15T12:36:01","modified_gmt":"2025-12-15T11:36:01","slug":"les-ministres-des-transports-de-lue-se-reunissent-a-hambourg-un-signe-pour-la-navigation","status":"publish","type":"post","link":"https:\/\/loginfo24.com\/fr\/2020\/09\/08\/les-ministres-des-transports-de-lue-se-reunissent-a-hambourg-un-signe-pour-la-navigation\/","title":{"rendered":"Les ministres des Transports de l&rsquo;UE se r\u00e9unissent \u00e0 Hambourg - Un signe pour la navigation"},"content":{"rendered":"<p>Aujourd&rsquo;hui, la conf\u00e9rence des ministres des Transports de l&rsquo;UE se tient \u00e0 Hambourg. L&rsquo;association des armateurs accueille le lieu de la conf\u00e9rence et se r\u00e9jouit de l&rsquo;importance de la navigation. Les armateurs allemands plaident avec insistance pour des objectifs mondiaux de CO2. L&rsquo;h\u00f4te officiel est le ministre f\u00e9d\u00e9ral des Transports Andreas Scheuer.<\/p>\n<p>(Hambourg) Ce mardi, les ministres des Transports de l&rsquo;UE discuteront \u00e0 Hambourg, dans le cadre de la pr\u00e9sidence allemande du Conseil de l&rsquo;UE, de mesures concr\u00e8tes pour une navigation maritime respectueuse du climat et innovante. Le ministre f\u00e9d\u00e9ral des Transports Andreas Scheuer, en tant qu&rsquo;h\u00f4te de cette rencontre de haut niveau, attend, en plus de ses coll\u00e8gues ministres et des repr\u00e9sentants de l&rsquo;industrie, la commissaire europ\u00e9enne aux Transports Adina V\u00e3lean.<\/p>\n<p>Alfred Hartmann, pr\u00e9sident de l&rsquo;Association des armateurs allemands (VDR), qui sera parmi les participants avec le PDG de Hapag-Lloyd, Rolf Habben Jansen, a salu\u00e9 l&rsquo;initiative du gouvernement f\u00e9d\u00e9ral : \u00ab De nombreux \u00e9v\u00e9nements pr\u00e9vus dans le cadre de la pr\u00e9sidence allemande du Conseil ont malheureusement \u00e9t\u00e9 annul\u00e9s en raison de la pand\u00e9mie. Le fait que le ministre f\u00e9d\u00e9ral des Transports invite n\u00e9anmoins \u00e0 Hambourg montre l&rsquo;importance que rev\u00eat la navigation. \u00bb<\/p>\n<h5>Le transport maritime est un pilier de l&rsquo;\u00e9conomie europ\u00e9enne<\/h5>\n<p>Le transport maritime est, selon Hartmann, un pilier de l&rsquo;\u00e9conomie europ\u00e9enne : environ quatre-vingt-dix pour cent du commerce ext\u00e9rieur de l&rsquo;UE et quarante pour cent du trafic de marchandises intra-europ\u00e9en sont trait\u00e9s par voie maritime. Les entreprises de navigation europ\u00e9ennes contr\u00f4lent 40 pour cent de la flotte commerciale mondiale, contribuent \u00e0 hauteur d&rsquo;environ 150 milliards d&rsquo;euros au PIB de l&rsquo;UE et offrent \u00e0 2,1 millions d&rsquo;Europ\u00e9ens, \u00e0 terre et en mer, un emploi tourn\u00e9 vers l&rsquo;avenir.<\/p>\n<p>Le pr\u00e9sident du VDR a soulign\u00e9 l&rsquo;importance d&rsquo;un dialogue constructif entre la politique en Europe et l&rsquo;industrie en mati\u00e8re de protection du climat : \u00ab Pour la navigation maritime allemande, il ne s&rsquo;agit plus de savoir si elle fait partie d&rsquo;une d\u00e9carbonisation, mais de d\u00e9terminer quel est le meilleur moyen de rendre le transport maritime aussi rapidement et compl\u00e8tement que possible significativement plus respectueux du climat \u00bb, a d\u00e9clar\u00e9 Hartmann : \u00ab Le d\u00e9fi pour la navigation et les \u00c9tats est de r\u00e9duire les \u00e9missions de CO2 sans restreindre le commerce maritime n\u00e9cessaire. Nous voulons participer activement et de mani\u00e8re constructive. \u00bb<\/p>\n<h5>L&rsquo;Europe doit devenir un laboratoire pour la navigation climatique neutre<\/h5>\n<p>Dans ce contexte, le VDR consid\u00e8re que la mise en \u0153uvre du \u00ab Green Deal \u00bb de la Commission europ\u00e9enne dans les ann\u00e9es \u00e0 venir repr\u00e9sente un d\u00e9fi pour le secteur \u2013 mais aussi une \u00e9norme opportunit\u00e9 : \u00ab L&rsquo;Europe devrait, gr\u00e2ce au Green Deal, devenir un laboratoire pour une navigation climatique neutre. Des nouveaux combustibles climatiquement neutres pour les navires de mer sont essentiels. L&rsquo;UE sera \u00e0 la pointe de l&rsquo;innovation si ces combustibles sont d\u00e9velopp\u00e9s ici sous haute pression, pr\u00eats \u00e0 l&#8217;emploi et commercialisables. \u00bb<\/p>\n<p>Hartmann a de nouveau soulign\u00e9 l&rsquo;importance des objectifs mondiaux de CO2 : \u00ab Nous devrions nous engager ensemble avec insistance pour des r\u00e8gles climatiques mondiales : La protection du climat ne doit pas \u00eatre un pr\u00e9texte pour inventer simplement de nouveaux imp\u00f4ts afin de redresser les budgets. Les r\u00e9glementations r\u00e9gionales n&rsquo;aident finalement pas suffisamment le climat, mais nuisent \u00e0 l&rsquo;industrie sur le continent dans la dure concurrence mondiale. \u00bb<\/p>\n<p>Le pr\u00e9sident du VDR a conclu en avertissant : \u00ab Le temps presse. Nous avons besoin rapidement de solutions pour atteindre les objectifs de l&rsquo;OMI que nous nous sommes fix\u00e9s ensemble. Nous devons maintenant changer de cap ensemble. \u00bb<\/p>\n<p>Photo : Adobe Stock<\/p>\n<p><a href=\"https:\/\/www.reederverband.de\" target=\"_blank\" rel=\"noopener noreferrer\">www.reederverband.de<\/a><\/p>\n<p>&nbsp;<\/p>\n<p>&nbsp;<\/p>\n","protected":false},"excerpt":{"rendered":"<p>Aujourd&rsquo;hui, la conf\u00e9rence des ministres des Transports de l&rsquo;UE se tient \u00e0 Hambourg. L&rsquo;association des armateurs accueille le lieu de la conf\u00e9rence et se r\u00e9jouit de<span class=\"excerpt-hellip\"> [\u2026]<\/span><\/p>\n","protected":false},"author":0,"featured_media":0,"comment_status":"open","ping_status":"open","sticky":false,"template":"","format":"standard","meta":{"_acf_changed":false,"footnotes":""},"categories":[1557,1561,1559],"tags":[],"class_list":["post-19590","post","type-post","status-publish","format-standard","hentry","category-forwarding-logistics","category-regions","category-shipping-ports"],"acf":[],"yoast_head":"<!-- This site is optimized with the Yoast SEO plugin v27.3 - https:\/\/yoast.com\/product\/yoast-seo-wordpress\/ -->\n<title>Les ministres des Transports de l&#039;UE se r\u00e9unissent \u00e0 Hambourg - Un signe pour la navigation - Loginfo24.<\/title>\n<meta name=\"robots\" content=\"index, follow, max-snippet:-1, max-image-preview:large, max-video-preview:-1\" \/>\n<link rel=\"canonical\" href=\"https:\/\/loginfo24.com\/fr\/2020\/09\/08\/les-ministres-des-transports-de-lue-se-reunissent-a-hambourg-un-signe-pour-la-navigation\/\" \/>\n<meta property=\"og:locale\" content=\"fr_FR\" \/>\n<meta property=\"og:type\" content=\"article\" \/>\n<meta property=\"og:title\" content=\"Les ministres des Transports de l&#039;UE se r\u00e9unissent \u00e0 Hambourg - Un signe pour la navigation - Loginfo24.\" \/>\n<meta property=\"og:description\" content=\"Aujourd&rsquo;hui, la conf\u00e9rence des ministres des Transports de l&rsquo;UE se tient \u00e0 Hambourg. L&rsquo;association des armateurs accueille le lieu de la conf\u00e9rence et se r\u00e9jouit de [\u2026]\" \/>\n<meta property=\"og:url\" content=\"https:\/\/loginfo24.com\/fr\/2020\/09\/08\/les-ministres-des-transports-de-lue-se-reunissent-a-hambourg-un-signe-pour-la-navigation\/\" \/>\n<meta property=\"og:site_name\" content=\"Loginfo24\" \/>\n<meta property=\"article:publisher\" content=\"https:\/\/www.facebook.com\/people\/Loginfo24\/100057360583332\/\" \/>\n<meta property=\"article:published_time\" content=\"2020-09-08T09:14:25+00:00\" \/>\n<meta property=\"article:modified_time\" content=\"2025-12-15T11:36:01+00:00\" \/>\n<meta name=\"twitter:card\" content=\"summary_large_image\" \/>\n<meta name=\"twitter:label1\" content=\"Dur\u00e9e de lecture estim\u00e9e\" \/>\n\t<meta name=\"twitter:data1\" content=\"3 minutes\" \/>\n<script type=\"application\/ld+json\" class=\"yoast-schema-graph\">{\"@context\":\"https:\\\/\\\/schema.org\",\"@graph\":[{\"@type\":\"Article\",\"@id\":\"https:\\\/\\\/loginfo24.com\\\/fr\\\/2020\\\/09\\\/08\\\/les-ministres-des-transports-de-lue-se-reunissent-a-hambourg-un-signe-pour-la-navigation\\\/#article\",\"isPartOf\":{\"@id\":\"https:\\\/\\\/loginfo24.com\\\/fr\\\/2020\\\/09\\\/08\\\/les-ministres-des-transports-de-lue-se-reunissent-a-hambourg-un-signe-pour-la-navigation\\\/\"},\"author\":{\"name\":\"\",\"@id\":\"\"},\"headline\":\"Les ministres des Transports de l&rsquo;UE se r\u00e9unissent \u00e0 Hambourg - Un signe pour la navigation\",\"datePublished\":\"2020-09-08T09:14:25+00:00\",\"dateModified\":\"2025-12-15T11:36:01+00:00\",\"mainEntityOfPage\":{\"@id\":\"https:\\\/\\\/loginfo24.com\\\/fr\\\/2020\\\/09\\\/08\\\/les-ministres-des-transports-de-lue-se-reunissent-a-hambourg-un-signe-pour-la-navigation\\\/\"},\"wordCount\":669,\"commentCount\":0,\"publisher\":{\"@id\":\"https:\\\/\\\/loginfo24.com\\\/fr\\\/#organization\"},\"articleSection\":[\"Forwarding &amp; Logistics\",\"Regions\",\"Shipping &amp; Ports\"],\"inLanguage\":\"fr-FR\",\"potentialAction\":[{\"@type\":\"CommentAction\",\"name\":\"Comment\",\"target\":[\"https:\\\/\\\/loginfo24.com\\\/fr\\\/2020\\\/09\\\/08\\\/les-ministres-des-transports-de-lue-se-reunissent-a-hambourg-un-signe-pour-la-navigation\\\/#respond\"]}]},{\"@type\":\"WebPage\",\"@id\":\"https:\\\/\\\/loginfo24.com\\\/fr\\\/2020\\\/09\\\/08\\\/les-ministres-des-transports-de-lue-se-reunissent-a-hambourg-un-signe-pour-la-navigation\\\/\",\"url\":\"https:\\\/\\\/loginfo24.com\\\/fr\\\/2020\\\/09\\\/08\\\/les-ministres-des-transports-de-lue-se-reunissent-a-hambourg-un-signe-pour-la-navigation\\\/\",\"name\":\"Les ministres des Transports de l'UE se r\u00e9unissent \u00e0 Hambourg - Un signe pour la navigation - Loginfo24.\",\"isPartOf\":{\"@id\":\"https:\\\/\\\/loginfo24.com\\\/fr\\\/#website\"},\"datePublished\":\"2020-09-08T09:14:25+00:00\",\"dateModified\":\"2025-12-15T11:36:01+00:00\",\"breadcrumb\":{\"@id\":\"https:\\\/\\\/loginfo24.com\\\/fr\\\/2020\\\/09\\\/08\\\/les-ministres-des-transports-de-lue-se-reunissent-a-hambourg-un-signe-pour-la-navigation\\\/#breadcrumb\"},\"inLanguage\":\"fr-FR\",\"potentialAction\":[{\"@type\":\"ReadAction\",\"target\":[\"https:\\\/\\\/loginfo24.com\\\/fr\\\/2020\\\/09\\\/08\\\/les-ministres-des-transports-de-lue-se-reunissent-a-hambourg-un-signe-pour-la-navigation\\\/\"]}]},{\"@type\":\"BreadcrumbList\",\"@id\":\"https:\\\/\\\/loginfo24.com\\\/fr\\\/2020\\\/09\\\/08\\\/les-ministres-des-transports-de-lue-se-reunissent-a-hambourg-un-signe-pour-la-navigation\\\/#breadcrumb\",\"itemListElement\":[{\"@type\":\"ListItem\",\"position\":1,\"name\":\"Startseite\",\"item\":\"https:\\\/\\\/loginfo24.com\\\/fr\\\/\"},{\"@type\":\"ListItem\",\"position\":2,\"name\":\"Les ministres des Transports de l&#8217;UE se r\u00e9unissent \u00e0 Hambourg &#8211; Un signe pour la navigation\"}]},{\"@type\":\"WebSite\",\"@id\":\"https:\\\/\\\/loginfo24.com\\\/fr\\\/#website\",\"url\":\"https:\\\/\\\/loginfo24.com\\\/fr\\\/\",\"name\":\"Loginfo24\",\"description\":\"Loginfo24 est la plateforme d\u00e9di\u00e9e \u00e0 la logistique et aux cha\u00eenes d&#039;approvisionnement qui fournit des informations 24 heures sur 24.\",\"publisher\":{\"@id\":\"https:\\\/\\\/loginfo24.com\\\/fr\\\/#organization\"},\"potentialAction\":[{\"@type\":\"SearchAction\",\"target\":{\"@type\":\"EntryPoint\",\"urlTemplate\":\"https:\\\/\\\/loginfo24.com\\\/fr\\\/?s={search_term_string}\"},\"query-input\":{\"@type\":\"PropertyValueSpecification\",\"valueRequired\":true,\"valueName\":\"search_term_string\"}}],\"inLanguage\":\"fr-FR\"},{\"@type\":\"Organization\",\"@id\":\"https:\\\/\\\/loginfo24.com\\\/fr\\\/#organization\",\"name\":\"Groupe Logismedia AG\",\"url\":\"https:\\\/\\\/loginfo24.com\\\/fr\\\/\",\"logo\":{\"@type\":\"ImageObject\",\"inLanguage\":\"fr-FR\",\"@id\":\"https:\\\/\\\/loginfo24.com\\\/fr\\\/#\\\/schema\\\/logo\\\/image\\\/\",\"url\":\"https:\\\/\\\/loginfo24.com\\\/wp-content\\\/uploads\\\/sites\\\/7\\\/2026\\\/01\\\/Logo_LogInfo24.png\",\"contentUrl\":\"https:\\\/\\\/loginfo24.com\\\/wp-content\\\/uploads\\\/sites\\\/7\\\/2026\\\/01\\\/Logo_LogInfo24.png\",\"width\":938,\"height\":351,\"caption\":\"Groupe Logismedia AG\"},\"image\":{\"@id\":\"https:\\\/\\\/loginfo24.com\\\/fr\\\/#\\\/schema\\\/logo\\\/image\\\/\"},\"sameAs\":[\"https:\\\/\\\/www.facebook.com\\\/people\\\/Loginfo24\\\/100057360583332\\\/\",\"https:\\\/\\\/www.linkedin.com\\\/company\\\/lofinfo24\\\/\"]}]}<\/script>\n<!-- \/ Yoast SEO plugin. -->","yoast_head_json":{"title":"Les ministres des Transports de l'UE se r\u00e9unissent \u00e0 Hambourg - Un signe pour la navigation - Loginfo24.","robots":{"index":"index","follow":"follow","max-snippet":"max-snippet:-1","max-image-preview":"max-image-preview:large","max-video-preview":"max-video-preview:-1"},"canonical":"https:\/\/loginfo24.com\/fr\/2020\/09\/08\/les-ministres-des-transports-de-lue-se-reunissent-a-hambourg-un-signe-pour-la-navigation\/","og_locale":"fr_FR","og_type":"article","og_title":"Les ministres des Transports de l'UE se r\u00e9unissent \u00e0 Hambourg - Un signe pour la navigation - Loginfo24.","og_description":"Aujourd&rsquo;hui, la conf\u00e9rence des ministres des Transports de l&rsquo;UE se tient \u00e0 Hambourg. L&rsquo;association des armateurs accueille le lieu de la conf\u00e9rence et se r\u00e9jouit de [\u2026]","og_url":"https:\/\/loginfo24.com\/fr\/2020\/09\/08\/les-ministres-des-transports-de-lue-se-reunissent-a-hambourg-un-signe-pour-la-navigation\/","og_site_name":"Loginfo24","article_publisher":"https:\/\/www.facebook.com\/people\/Loginfo24\/100057360583332\/","article_published_time":"2020-09-08T09:14:25+00:00","article_modified_time":"2025-12-15T11:36:01+00:00","twitter_card":"summary_large_image","twitter_misc":{"Dur\u00e9e de lecture estim\u00e9e":"3 minutes"},"schema":{"@context":"https:\/\/schema.org","@graph":[{"@type":"Article","@id":"https:\/\/loginfo24.com\/fr\/2020\/09\/08\/les-ministres-des-transports-de-lue-se-reunissent-a-hambourg-un-signe-pour-la-navigation\/#article","isPartOf":{"@id":"https:\/\/loginfo24.com\/fr\/2020\/09\/08\/les-ministres-des-transports-de-lue-se-reunissent-a-hambourg-un-signe-pour-la-navigation\/"},"author":{"name":"","@id":""},"headline":"Les ministres des Transports de l&rsquo;UE se r\u00e9unissent \u00e0 Hambourg - Un signe pour la navigation","datePublished":"2020-09-08T09:14:25+00:00","dateModified":"2025-12-15T11:36:01+00:00","mainEntityOfPage":{"@id":"https:\/\/loginfo24.com\/fr\/2020\/09\/08\/les-ministres-des-transports-de-lue-se-reunissent-a-hambourg-un-signe-pour-la-navigation\/"},"wordCount":669,"commentCount":0,"publisher":{"@id":"https:\/\/loginfo24.com\/fr\/#organization"},"articleSection":["Forwarding &amp; Logistics","Regions","Shipping &amp; Ports"],"inLanguage":"fr-FR","potentialAction":[{"@type":"CommentAction","name":"Comment","target":["https:\/\/loginfo24.com\/fr\/2020\/09\/08\/les-ministres-des-transports-de-lue-se-reunissent-a-hambourg-un-signe-pour-la-navigation\/#respond"]}]},{"@type":"WebPage","@id":"https:\/\/loginfo24.com\/fr\/2020\/09\/08\/les-ministres-des-transports-de-lue-se-reunissent-a-hambourg-un-signe-pour-la-navigation\/","url":"https:\/\/loginfo24.com\/fr\/2020\/09\/08\/les-ministres-des-transports-de-lue-se-reunissent-a-hambourg-un-signe-pour-la-navigation\/","name":"Les ministres des Transports de l'UE se r\u00e9unissent \u00e0 Hambourg - Un signe pour la navigation - Loginfo24.","isPartOf":{"@id":"https:\/\/loginfo24.com\/fr\/#website"},"datePublished":"2020-09-08T09:14:25+00:00","dateModified":"2025-12-15T11:36:01+00:00","breadcrumb":{"@id":"https:\/\/loginfo24.com\/fr\/2020\/09\/08\/les-ministres-des-transports-de-lue-se-reunissent-a-hambourg-un-signe-pour-la-navigation\/#breadcrumb"},"inLanguage":"fr-FR","potentialAction":[{"@type":"ReadAction","target":["https:\/\/loginfo24.com\/fr\/2020\/09\/08\/les-ministres-des-transports-de-lue-se-reunissent-a-hambourg-un-signe-pour-la-navigation\/"]}]},{"@type":"BreadcrumbList","@id":"https:\/\/loginfo24.com\/fr\/2020\/09\/08\/les-ministres-des-transports-de-lue-se-reunissent-a-hambourg-un-signe-pour-la-navigation\/#breadcrumb","itemListElement":[{"@type":"ListItem","position":1,"name":"Startseite","item":"https:\/\/loginfo24.com\/fr\/"},{"@type":"ListItem","position":2,"name":"Les ministres des Transports de l&#8217;UE se r\u00e9unissent \u00e0 Hambourg &#8211; Un signe pour la navigation"}]},{"@type":"WebSite","@id":"https:\/\/loginfo24.com\/fr\/#website","url":"https:\/\/loginfo24.com\/fr\/","name":"Loginfo24","description":"Loginfo24 est la plateforme d\u00e9di\u00e9e \u00e0 la logistique et aux cha\u00eenes d&#039;approvisionnement qui fournit des informations 24 heures sur 24.","publisher":{"@id":"https:\/\/loginfo24.com\/fr\/#organization"},"potentialAction":[{"@type":"SearchAction","target":{"@type":"EntryPoint","urlTemplate":"https:\/\/loginfo24.com\/fr\/?s={search_term_string}"},"query-input":{"@type":"PropertyValueSpecification","valueRequired":true,"valueName":"search_term_string"}}],"inLanguage":"fr-FR"},{"@type":"Organization","@id":"https:\/\/loginfo24.com\/fr\/#organization","name":"Groupe Logismedia AG","url":"https:\/\/loginfo24.com\/fr\/","logo":{"@type":"ImageObject","inLanguage":"fr-FR","@id":"https:\/\/loginfo24.com\/fr\/#\/schema\/logo\/image\/","url":"https:\/\/loginfo24.com\/wp-content\/uploads\/sites\/7\/2026\/01\/Logo_LogInfo24.png","contentUrl":"https:\/\/loginfo24.com\/wp-content\/uploads\/sites\/7\/2026\/01\/Logo_LogInfo24.png","width":938,"height":351,"caption":"Groupe Logismedia AG"},"image":{"@id":"https:\/\/loginfo24.com\/fr\/#\/schema\/logo\/image\/"},"sameAs":["https:\/\/www.facebook.com\/people\/Loginfo24\/100057360583332\/","https:\/\/www.linkedin.com\/company\/lofinfo24\/"]}]}},"_links":{"self":[{"href":"https:\/\/loginfo24.com\/fr\/wp-json\/wp\/v2\/posts\/19590","targetHints":{"allow":["GET"]}}],"collection":[{"href":"https:\/\/loginfo24.com\/fr\/wp-json\/wp\/v2\/posts"}],"about":[{"href":"https:\/\/loginfo24.com\/fr\/wp-json\/wp\/v2\/types\/post"}],"replies":[{"embeddable":true,"href":"https:\/\/loginfo24.com\/fr\/wp-json\/wp\/v2\/comments?post=19590"}],"version-history":[{"count":1,"href":"https:\/\/loginfo24.com\/fr\/wp-json\/wp\/v2\/posts\/19590\/revisions"}],"predecessor-version":[{"id":35462,"href":"https:\/\/loginfo24.com\/fr\/wp-json\/wp\/v2\/posts\/19590\/revisions\/35462"}],"wp:attachment":[{"href":"https:\/\/loginfo24.com\/fr\/wp-json\/wp\/v2\/media?parent=19590"}],"wp:term":[{"taxonomy":"category","embeddable":true,"href":"https:\/\/loginfo24.com\/fr\/wp-json\/wp\/v2\/categories?post=19590"},{"taxonomy":"post_tag","embeddable":true,"href":"https:\/\/loginfo24.com\/fr\/wp-json\/wp\/v2\/tags?post=19590"}],"curies":[{"name":"wp","href":"https:\/\/api.w.org\/{rel}","templated":true}]}}